{"id":36582,"date":"2024-09-12T08:19:40","date_gmt":"2024-09-12T06:19:40","guid":{"rendered":"https:\/\/www.electrosuisse.ch\/?p=36582"},"modified":"2024-09-12T16:37:12","modified_gmt":"2024-09-12T14:37:12","slug":"nuovo-direttore","status":"publish","type":"post","link":"https:\/\/www.electrosuisse.ch\/it\/nuovo-direttore\/","title":{"rendered":"Bj\u00f6rn Avak sar\u00e0 il nuovo direttore di Electrosuisse"},"content":{"rendered":"<div class=\"wpb-content-wrapper\"><p>[vc_row][vc_column][vc_column_text css=&#8221;&#8221;]<strong>Bj\u00f6rn Avak lavora per Electrosuisse dal 2017 come responsabile dell&#8217;area Consulenza, Ispezione e Ingegneria. In questo periodo ha digitalizzato con successo la gamma di servizi offerti e, insieme al suo team, ha creato una nuova area di business dedicata all&#8217;ingegneria interdisciplinare.<\/strong><\/p>\n<p>Bj\u00f6rn Avak (44) \u00e8 un ingegnere elettrico. Ha studiato al Georgia Institute of Technology di Atlanta e ha conseguito il dottorato al Politecnico di Zurigo. Prima di entrare in Electrosuisse, ha lavorato per la divisione Building Services di Siemens AG, dove ha ricoperto diverse posizioni tecniche e manageriali nella gestione dei prodotti e nella distribuzione.<\/p>\n<p>&#8220;Sono lieto che, al termine di un processo di selezione in pi\u00f9 fasi, siamo riusciti ad assumere per questa posizione Bj\u00f6rn Avak, una persona di talento proveniente dalle nostre fila. Ha una vasta esperienza nei settori dell&#8217;elettrotecnica e della tecnologia energetica ed \u00e8 molto esperto nelle numerose attivit\u00e0 di Electrosuisse&#8221;, afferma Dr. Dieter Reichelt, Presidente di Electrosuisse.<\/p>\n<p>Bj\u00f6rn Avak succede a Markus Burger, che andr\u00e0 in pensione alla fine di maggio 2025 dopo tredici anni di successi. Il Comitato di Electrosuisse desidera ringraziare Markus Burger per il grande impegno profuso negli ultimi anni. Sotto la sua guida, Electrosuisse ha rafforzato costantemente la sua posizione di partner importante per i clienti e i soci.<\/p>\n<p>Il nuovo direttore, Bj\u00f6rn Avak, afferma: &#8220;Non vedo l&#8217;ora di assumere il mio nuovo ruolo e di lavorare con il team di Electrosuisse. Il settore sta affrontando sfide interessanti. L&#8217;organizzazione di categoria Electrosuisse \u00e8 perfettamente in grado di aiutarci ad affrontarle, offrendo soluzioni complete e ben ponderate.&#8221;[\/vc_column_text]<div class=\"wpb_document_column wpb_content_element\"><div class=\"wpb_wrapper\"><div class=\"document document--pdf\"><a href=\"https:\/\/www.electrosuisse.ch\/wp-content\/uploads\/2024\/09\/24_09_12_Comunicato-stampa.pdf\" target=\"_blank\">Communicato stampa<\/a><\/div><\/div><\/div>[\/vc_column][\/vc_row]<\/p>\n<\/div>","protected":false},"excerpt":{"rendered":"<p>[vc_row][vc_column][vc_column_text css=&#8221;&#8221;]Bj\u00f6rn Avak lavora per Electrosuisse dal 2017 come responsabile dell&#8217;area Consulenza, Ispezione e Ingegneria. In questo periodo ha digitalizzato con successo la gamma di servizi offerti e, insieme al suo team, ha creato una nuova area di business dedicata all&#8217;ingegneria interdisciplinare. Bj\u00f6rn Avak (44) \u00e8 un ingegnere elettrico. Ha studiato al Georgia Institute of [&hellip;]<\/p>\n","protected":false},"author":38,"featured_media":0,"comment_status":"closed","ping_status":"closed","sticky":false,"template":"","format":"standard","meta":{"_acf_changed":false,"_monsterinsights_skip_tracking":false,"_monsterinsights_sitenote_active":false,"_monsterinsights_sitenote_note":"","_monsterinsights_sitenote_category":0,"footnotes":""},"categories":[45],"tags":[],"class_list":["post-36582","post","type-post","status-publish","format-standard","hentry","category-non-categorizzato"],"acf":[],"yoast_head":"<!-- This site is optimized with the Yoast SEO Premium plugin v26.4 (Yoast SEO v27.0) - https:\/\/yoast.com\/product\/yoast-seo-premium-wordpress\/ -->\n<title>Bj\u00f6rn Avak sar\u00e0 il nuovo direttore di Electrosuisse - Electrosuisse<\/title>\n<meta name=\"description\" content=\"Il Comitato di Electrosuisse ha nominato Dr. Bj\u00f6rn Avak prossimo direttore di Electrosuisse. Assumer\u00e0 l&#039;incarico il 1\u00b0 gennaio 2025.\" \/>\n<meta name=\"robots\" content=\"index, follow, max-snippet:-1, max-image-preview:large, max-video-preview:-1\" \/>\n<link rel=\"canonical\" href=\"https:\/\/www.electrosuisse.ch\/it\/nuovo-direttore\/\" \/>\n<meta property=\"og:locale\" content=\"it_IT\" \/>\n<meta property=\"og:type\" content=\"article\" \/>\n<meta property=\"og:title\" content=\"Bj\u00f6rn Avak sar\u00e0 il nuovo direttore di Electrosuisse - Electrosuisse\" \/>\n<meta property=\"og:description\" content=\"Il Comitato di Electrosuisse ha nominato Dr. Bj\u00f6rn Avak prossimo direttore di Electrosuisse. Assumer\u00e0 l&#039;incarico il 1\u00b0 gennaio 2025.\" \/>\n<meta property=\"og:url\" content=\"https:\/\/www.electrosuisse.ch\/it\/nuovo-direttore\/\" \/>\n<meta property=\"og:site_name\" content=\"Electrosuisse\" \/>\n<meta property=\"article:published_time\" content=\"2024-09-12T06:19:40+00:00\" \/>\n<meta property=\"article:modified_time\" content=\"2024-09-12T14:37:12+00:00\" \/>\n<meta property=\"og:image\" content=\"https:\/\/www.electrosuisse.ch\/wp-content\/uploads\/2024\/09\/BjoernAvak_1660x470-neu.png\" \/>\n\t<meta property=\"og:image:width\" content=\"1200\" \/>\n\t<meta property=\"og:image:height\" content=\"675\" \/>\n\t<meta property=\"og:image:type\" content=\"image\/png\" \/>\n<meta name=\"author\" content=\"Sina Joller\" \/>\n<script type=\"application\/ld+json\" class=\"yoast-schema-graph\">{\"@context\":\"https:\/\/schema.org\",\"@graph\":[{\"@type\":\"Article\",\"@id\":\"https:\/\/www.electrosuisse.ch\/it\/nuovo-direttore\/#article\",\"isPartOf\":{\"@id\":\"https:\/\/www.electrosuisse.ch\/it\/nuovo-direttore\/\"},\"author\":{\"name\":\"Sina Joller\",\"@id\":\"https:\/\/www.electrosuisse.ch\/it\/#\/schema\/person\/e8142e4593653cd8447f7f52e1e5379f\"},\"headline\":\"Bj\u00f6rn Avak sar\u00e0 il nuovo direttore di Electrosuisse\",\"datePublished\":\"2024-09-12T06:19:40+00:00\",\"dateModified\":\"2024-09-12T14:37:12+00:00\",\"mainEntityOfPage\":{\"@id\":\"https:\/\/www.electrosuisse.ch\/it\/nuovo-direttore\/\"},\"wordCount\":291,\"publisher\":{\"@id\":\"https:\/\/www.electrosuisse.ch\/it\/#organization\"},\"articleSection\":[\"Non categorizzato\"],\"inLanguage\":\"it-IT\"},{\"@type\":\"WebPage\",\"@id\":\"https:\/\/www.electrosuisse.ch\/it\/nuovo-direttore\/\",\"url\":\"https:\/\/www.electrosuisse.ch\/it\/nuovo-direttore\/\",\"name\":\"Bj\u00f6rn Avak sar\u00e0 il nuovo direttore di Electrosuisse - Electrosuisse\",\"isPartOf\":{\"@id\":\"https:\/\/www.electrosuisse.ch\/it\/#website\"},\"datePublished\":\"2024-09-12T06:19:40+00:00\",\"dateModified\":\"2024-09-12T14:37:12+00:00\",\"description\":\"Il Comitato di Electrosuisse ha nominato Dr. Bj\u00f6rn Avak prossimo direttore di Electrosuisse. Assumer\u00e0 l'incarico il 1\u00b0 gennaio 2025.\",\"inLanguage\":\"it-IT\",\"potentialAction\":[{\"@type\":\"ReadAction\",\"target\":[\"https:\/\/www.electrosuisse.ch\/it\/nuovo-direttore\/\"]}]},{\"@type\":\"WebSite\",\"@id\":\"https:\/\/www.electrosuisse.ch\/it\/#website\",\"url\":\"https:\/\/www.electrosuisse.ch\/it\/\",\"name\":\"Electrosuisse\",\"description\":\"\",\"publisher\":{\"@id\":\"https:\/\/www.electrosuisse.ch\/it\/#organization\"},\"potentialAction\":[{\"@type\":\"SearchAction\",\"target\":{\"@type\":\"EntryPoint\",\"urlTemplate\":\"https:\/\/www.electrosuisse.ch\/it\/?s={search_term_string}\"},\"query-input\":{\"@type\":\"PropertyValueSpecification\",\"valueRequired\":true,\"valueName\":\"search_term_string\"}}],\"inLanguage\":\"it-IT\"},{\"@type\":\"Organization\",\"@id\":\"https:\/\/www.electrosuisse.ch\/it\/#organization\",\"name\":\"Electrosuisse\",\"url\":\"https:\/\/www.electrosuisse.ch\/it\/\",\"logo\":{\"@type\":\"ImageObject\",\"inLanguage\":\"it-IT\",\"@id\":\"https:\/\/www.electrosuisse.ch\/it\/#\/schema\/logo\/image\/\",\"url\":\"https:\/\/www.electrosuisse.ch\/wp-content\/uploads\/2025\/04\/Electrosuisse_Logo_696x696.png\",\"contentUrl\":\"https:\/\/www.electrosuisse.ch\/wp-content\/uploads\/2025\/04\/Electrosuisse_Logo_696x696.png\",\"width\":696,\"height\":696,\"caption\":\"Electrosuisse\"},\"image\":{\"@id\":\"https:\/\/www.electrosuisse.ch\/it\/#\/schema\/logo\/image\/\"},\"sameAs\":[\"https:\/\/www.linkedin.com\/company\/electrosuisse-ag\/posts\/?feedView=all\",\"https:\/\/www.instagram.com\/electrosuisse1889\/\",\"https:\/\/www.youtube.com\/channel\/UCoOxohMiVE0Gjcdis1L09zw\"],\"description\":\"Electrosuisse ist eine anerkannte und unabh\u00e4ngige Fachorganisation, die erstklassige Dienstleistungen und Produkte in den Bereichen Inspektion, Beratung, Pr\u00fcfung, Zertifizierung, Normung und Weiterbildung anbietet. Unsere Expertise umfasst Elektrotechnik, Elektromobilit\u00e4t, Energieberatung, Geb\u00e4udeautomation und Photovoltaik in der Schweiz. Durch die Veranstaltung etablierter Branchen-Events und Fachtagungen f\u00f6rdert Electrosuisse den Wissenstransfer und den fachlichen Austausch. Im Mittelpunkt unserer T\u00e4tigkeiten steht die F\u00f6rderung der sicheren, wirtschaftlichen und umweltgerechten Anwendung der Elektrotechnik.\"},{\"@type\":\"Person\",\"@id\":\"https:\/\/www.electrosuisse.ch\/it\/#\/schema\/person\/e8142e4593653cd8447f7f52e1e5379f\",\"name\":\"Sina Joller\",\"image\":{\"@type\":\"ImageObject\",\"inLanguage\":\"it-IT\",\"@id\":\"https:\/\/www.electrosuisse.ch\/it\/#\/schema\/person\/image\/\",\"url\":\"https:\/\/secure.gravatar.com\/avatar\/f4249260ddfc146ca88a738cc36d33a9064b17699fb30f04ffaa14260da60942?s=96&d=mm&r=g\",\"contentUrl\":\"https:\/\/secure.gravatar.com\/avatar\/f4249260ddfc146ca88a738cc36d33a9064b17699fb30f04ffaa14260da60942?s=96&d=mm&r=g\",\"caption\":\"Sina Joller\"}}]}<\/script>\n<!-- \/ Yoast SEO Premium plugin. -->","yoast_head_json":{"title":"Bj\u00f6rn Avak sar\u00e0 il nuovo direttore di Electrosuisse - Electrosuisse","description":"Il Comitato di Electrosuisse ha nominato Dr. Bj\u00f6rn Avak prossimo direttore di Electrosuisse. Assumer\u00e0 l'incarico il 1\u00b0 gennaio 2025.","robots":{"index":"index","follow":"follow","max-snippet":"max-snippet:-1","max-image-preview":"max-image-preview:large","max-video-preview":"max-video-preview:-1"},"canonical":"https:\/\/www.electrosuisse.ch\/it\/nuovo-direttore\/","og_locale":"it_IT","og_type":"article","og_title":"Bj\u00f6rn Avak sar\u00e0 il nuovo direttore di Electrosuisse - Electrosuisse","og_description":"Il Comitato di Electrosuisse ha nominato Dr. Bj\u00f6rn Avak prossimo direttore di Electrosuisse. Assumer\u00e0 l'incarico il 1\u00b0 gennaio 2025.","og_url":"https:\/\/www.electrosuisse.ch\/it\/nuovo-direttore\/","og_site_name":"Electrosuisse","article_published_time":"2024-09-12T06:19:40+00:00","article_modified_time":"2024-09-12T14:37:12+00:00","og_image":[{"width":1200,"height":675,"url":"https:\/\/www.electrosuisse.ch\/wp-content\/uploads\/2024\/09\/BjoernAvak_1660x470-neu.png","type":"image\/png"}],"author":"Sina Joller","schema":{"@context":"https:\/\/schema.org","@graph":[{"@type":"Article","@id":"https:\/\/www.electrosuisse.ch\/it\/nuovo-direttore\/#article","isPartOf":{"@id":"https:\/\/www.electrosuisse.ch\/it\/nuovo-direttore\/"},"author":{"name":"Sina Joller","@id":"https:\/\/www.electrosuisse.ch\/it\/#\/schema\/person\/e8142e4593653cd8447f7f52e1e5379f"},"headline":"Bj\u00f6rn Avak sar\u00e0 il nuovo direttore di Electrosuisse","datePublished":"2024-09-12T06:19:40+00:00","dateModified":"2024-09-12T14:37:12+00:00","mainEntityOfPage":{"@id":"https:\/\/www.electrosuisse.ch\/it\/nuovo-direttore\/"},"wordCount":291,"publisher":{"@id":"https:\/\/www.electrosuisse.ch\/it\/#organization"},"articleSection":["Non categorizzato"],"inLanguage":"it-IT"},{"@type":"WebPage","@id":"https:\/\/www.electrosuisse.ch\/it\/nuovo-direttore\/","url":"https:\/\/www.electrosuisse.ch\/it\/nuovo-direttore\/","name":"Bj\u00f6rn Avak sar\u00e0 il nuovo direttore di Electrosuisse - Electrosuisse","isPartOf":{"@id":"https:\/\/www.electrosuisse.ch\/it\/#website"},"datePublished":"2024-09-12T06:19:40+00:00","dateModified":"2024-09-12T14:37:12+00:00","description":"Il Comitato di Electrosuisse ha nominato Dr. Bj\u00f6rn Avak prossimo direttore di Electrosuisse. Assumer\u00e0 l'incarico il 1\u00b0 gennaio 2025.","inLanguage":"it-IT","potentialAction":[{"@type":"ReadAction","target":["https:\/\/www.electrosuisse.ch\/it\/nuovo-direttore\/"]}]},{"@type":"WebSite","@id":"https:\/\/www.electrosuisse.ch\/it\/#website","url":"https:\/\/www.electrosuisse.ch\/it\/","name":"Electrosuisse","description":"","publisher":{"@id":"https:\/\/www.electrosuisse.ch\/it\/#organization"},"potentialAction":[{"@type":"SearchAction","target":{"@type":"EntryPoint","urlTemplate":"https:\/\/www.electrosuisse.ch\/it\/?s={search_term_string}"},"query-input":{"@type":"PropertyValueSpecification","valueRequired":true,"valueName":"search_term_string"}}],"inLanguage":"it-IT"},{"@type":"Organization","@id":"https:\/\/www.electrosuisse.ch\/it\/#organization","name":"Electrosuisse","url":"https:\/\/www.electrosuisse.ch\/it\/","logo":{"@type":"ImageObject","inLanguage":"it-IT","@id":"https:\/\/www.electrosuisse.ch\/it\/#\/schema\/logo\/image\/","url":"https:\/\/www.electrosuisse.ch\/wp-content\/uploads\/2025\/04\/Electrosuisse_Logo_696x696.png","contentUrl":"https:\/\/www.electrosuisse.ch\/wp-content\/uploads\/2025\/04\/Electrosuisse_Logo_696x696.png","width":696,"height":696,"caption":"Electrosuisse"},"image":{"@id":"https:\/\/www.electrosuisse.ch\/it\/#\/schema\/logo\/image\/"},"sameAs":["https:\/\/www.linkedin.com\/company\/electrosuisse-ag\/posts\/?feedView=all","https:\/\/www.instagram.com\/electrosuisse1889\/","https:\/\/www.youtube.com\/channel\/UCoOxohMiVE0Gjcdis1L09zw"],"description":"Electrosuisse ist eine anerkannte und unabh\u00e4ngige Fachorganisation, die erstklassige Dienstleistungen und Produkte in den Bereichen Inspektion, Beratung, Pr\u00fcfung, Zertifizierung, Normung und Weiterbildung anbietet. Unsere Expertise umfasst Elektrotechnik, Elektromobilit\u00e4t, Energieberatung, Geb\u00e4udeautomation und Photovoltaik in der Schweiz. Durch die Veranstaltung etablierter Branchen-Events und Fachtagungen f\u00f6rdert Electrosuisse den Wissenstransfer und den fachlichen Austausch. Im Mittelpunkt unserer T\u00e4tigkeiten steht die F\u00f6rderung der sicheren, wirtschaftlichen und umweltgerechten Anwendung der Elektrotechnik."},{"@type":"Person","@id":"https:\/\/www.electrosuisse.ch\/it\/#\/schema\/person\/e8142e4593653cd8447f7f52e1e5379f","name":"Sina Joller","image":{"@type":"ImageObject","inLanguage":"it-IT","@id":"https:\/\/www.electrosuisse.ch\/it\/#\/schema\/person\/image\/","url":"https:\/\/secure.gravatar.com\/avatar\/f4249260ddfc146ca88a738cc36d33a9064b17699fb30f04ffaa14260da60942?s=96&d=mm&r=g","contentUrl":"https:\/\/secure.gravatar.com\/avatar\/f4249260ddfc146ca88a738cc36d33a9064b17699fb30f04ffaa14260da60942?s=96&d=mm&r=g","caption":"Sina Joller"}}]}},"amp_enabled":true,"_links":{"self":[{"href":"https:\/\/www.electrosuisse.ch\/it\/wp-json\/wp\/v2\/posts\/36582","targetHints":{"allow":["GET"]}}],"collection":[{"href":"https:\/\/www.electrosuisse.ch\/it\/wp-json\/wp\/v2\/posts"}],"about":[{"href":"https:\/\/www.electrosuisse.ch\/it\/wp-json\/wp\/v2\/types\/post"}],"author":[{"embeddable":true,"href":"https:\/\/www.electrosuisse.ch\/it\/wp-json\/wp\/v2\/users\/38"}],"replies":[{"embeddable":true,"href":"https:\/\/www.electrosuisse.ch\/it\/wp-json\/wp\/v2\/comments?post=36582"}],"version-history":[{"count":5,"href":"https:\/\/www.electrosuisse.ch\/it\/wp-json\/wp\/v2\/posts\/36582\/revisions"}],"predecessor-version":[{"id":36601,"href":"https:\/\/www.electrosuisse.ch\/it\/wp-json\/wp\/v2\/posts\/36582\/revisions\/36601"}],"wp:attachment":[{"href":"https:\/\/www.electrosuisse.ch\/it\/wp-json\/wp\/v2\/media?parent=36582"}],"wp:term":[{"taxonomy":"category","embeddable":true,"href":"https:\/\/www.electrosuisse.ch\/it\/wp-json\/wp\/v2\/categories?post=36582"},{"taxonomy":"post_tag","embeddable":true,"href":"https:\/\/www.electrosuisse.ch\/it\/wp-json\/wp\/v2\/tags?post=36582"}],"curies":[{"name":"wp","href":"https:\/\/api.w.org\/{rel}","templated":true}]}}