{"id":36372,"date":"2024-08-16T14:27:23","date_gmt":"2024-08-16T12:27:23","guid":{"rendered":"https:\/\/www.electrosuisse.ch\/?p=36372"},"modified":"2024-08-22T12:50:43","modified_gmt":"2024-08-22T10:50:43","slug":"eforceit","status":"publish","type":"post","link":"https:\/\/www.electrosuisse.ch\/it\/eforceit\/","title":{"rendered":"Record mondiale eFORCE al \u00abSeenachtfest\u00bb di Rapperswil"},"content":{"rendered":"<div class=\"wpb-content-wrapper\"><p>[vc_row][vc_column][vc_column_text css=&#8221;&#8221;]Il Festival notturno del Lago di Rapperswil-Jona ha celebrato il suo 100\u00b0 anniversario con 75.000 visitatori e ha presentato una prima mondiale: il primo spettacolo aereo con velivoli elettrici, pilotati da piloti di jet da combattimento svizzeri, \u00e8 stato certificato come record mondiale. Il giorno prima, i membri della rete Electrosuisse Next Generation Network hanno partecipato al primo briefing congiunto e alla prima sessione di addestramento al volo.<\/p>\n<p>Il 10 giugno 2020, il Pipistrel Velis Electro \u00e8 stato il primo aereo completamente elettrico a ricevere la certificazione di tipo dall&#8217;EASA. Poco dopo, i piloti Marco Buholzer e Morell Westermann hanno volato dalle Alpi svizzere al Mare del Nord per dimostrare la nuova tecnologia. Hanno coperto la distanza di 839 km con meno dell&#8217;equivalente energetico di 20 litri di gasolio.<\/p>\n<p>Nel gennaio 2024, Morell Westermann ha contattato gli organizzatori del Lake Night Festival con l&#8217;idea di un volo in formazione elettrico. Westermann, noto anche come Mr E-Flight, mise insieme un team e coordin\u00f2 le necessarie autorizzazioni con l&#8217;UFAC. Per il progetto sono stati reclutati 6 piloti delle Forze aeree svizzere con il necessario addestramento al volo in formazione e la necessaria licenza di pilota privato attivo.<\/p>\n<p>C&#8217;erano anche sfide logistiche: sei dei 12 velivoli elettrici registrati in Svizzera dovevano essere forniti e sufficientemente caricati. Un rimorchio a batteria forniva l&#8217;energia necessaria.<\/p>\n<p>I piloti hanno imparato la sfida in volo: nella prima sessione di addestramento sono state testate varie formazioni e turbolenze per elaborare la sequenza finale.<\/p>\n<p>Il record mondiale \u00e8 stato portato a termine con successo venerd\u00ec 9 agosto alle 18:30, seguito da un&#8217;altra dimostrazione domenica 11 agosto alle 13:00. Electrosuisse era presente come sponsor per l&#8217;energia di ricarica, e Claudio Pfister dell&#8217;organizzazione specializzata in mobilit\u00e0 elettrica Electrosuisse ha commentato in diretta gli spettacoli.<\/p>\n<p><a href=\"https:\/\/www.seenachtfest.ch\/eforce\/\" target=\"_blank\" rel=\"noopener\">Per saperne di pi\u00f9 su eFORCE 2024 <\/a>(in tedesco)<br \/>\n<a href=\"https:\/\/elektro-weltrekordflug.eu\/\" target=\"_blank\" rel=\"noopener\">Maggiori informazioni sul volo elettrico 2020<\/a> (in tedesco)[\/vc_column_text]<div class=\"wpb_video_column wpb_content_element\"><div class=\"wpb_wrapper\"><div class=\"video_container video_container--embed\"><iframe src=\"https:\/\/www.youtube-nocookie.com\/embed\/rtNQP-ZcqTo?modestbranding=1&rel=0&showinfo=0&enablejsapi=1\" frameborder=\"0\" allow=\"accelerometer; autoplay; encrypted-media; gyroscope; picture-in-picture\" allowfullscreen><\/iframe><\/div><\/div><\/div>[vc_column_text css=&#8221;&#8221;]<\/p>\n<h3>Vola con noi il 7-8 settembre a Belp, vicino a Berna<\/h3>\n<p>La nostra associazione partner Electrifly-In ha impressionato i visitatori dal 2017 con espositori innovativi, presentazioni specialistiche, panel e il concorso di avvicinamento eTrophy. Morell Westermann e un pilota di eFORCE racconteranno le loro esperienze a Rapperswil durante l&#8217;inaugurazione di sabato, seguiti dagli aggiornamenti del progetto Cellsius dell&#8217;ETH e del progetto GENESIS dell&#8217;UE. Domenica si parler\u00e0 dello sviluppo di velivoli ad ala inclinata provenienti dalla Svizzera, che permette una partenza verticale, ma anche di fonti energetiche modulari e dei piani di sostenibilit\u00e0 di Swiss International Air Lines. Nell&#8217;area espositiva, i visitatori potranno provare i simulatori ed esplorare gli sviluppi in modo interattivo; inoltre, in entrambi i giorni ci saranno voli di prova con il Pipistrel Velis elettrico a due posti.<\/p>\n<p>Per i soci di Electrosuisse di et\u00e0 inferiore ai 35 anni, in entrambi i giorni si terr\u00e0 un evento &#8220;NGN Backstage&#8221; e ogni giorno saranno messi in palio due voli di degustazione NGN. Gli interessati possono trovare le informazioni per la registrazione alla fine di questo testo.<\/p>\n<p>Siamo lieti di consigliare la nostra associazione personale a chi si interessa di tecnologia, mobilit\u00e0 e sostenibilit\u00e0, con 8 riviste specializzate di alta qualit\u00e0 all&#8217;anno che possono essere lette anche senza una formazione ingegneristica, supportate da una newsletter su eventi, progetti e innovazioni interessanti. Gli articoli sono per lo pi\u00f9 scritti in tedesco e francese.<\/p>\n<p><a href=\"https:\/\/electrifly-in.ch\/de\/mission-de\/\" target=\"_blank\" rel=\"noopener\">Per saperne di pi\u00f9 su Electrifly-in<\/a> (in tedesco, francese o inglese)<br \/>\n<a href=\"https:\/\/www.e-mobile.ch\/de\/\" target=\"_blank\" rel=\"noopener\">Per saperne di pi\u00f9 sull&#8217;elettromobilit\u00e0<\/a> (in tedesco o francese)[\/vc_column_text]<div class=\"wpb_button_column wpb_content_element wpb_content_element--left\"><div class=\"wpb_wrapper\"><div class=\"button button--normal\"><a href=\"https:\/\/www.electrosuisse.ch\/it\/diventare-membro\/adesioni-individuali\/\" target=\"_blank\" >Diventa membro<\/a><\/div><\/div><\/div>[vc_column_text css=&#8221;&#8221;]<\/p>\n<h3>Electrosuisse Next Generation Network: come registrarsi<\/h3>\n<p>Nell&#8217;ambito della rete Electrosuisse Next Generation, offriamo costantemente programmi speciali per apprendisti, studenti e giovani professionisti fino a 35 anni. Il prerequisito \u00e8 l&#8217;appartenenza personale a Electrosuisse e l&#8217;et\u00e0 inferiore ai 35 anni. L&#8217;iscrizione \u00e8 gratuita per gli apprendisti e termina automaticamente al termine della formazione. Il numero di partecipanti per ogni evento \u00e8 limitato e le spese di viaggio e di ristorazione sono a vostro carico. Se desiderate partecipare al prossimo evento ELECTRIFLY, inviateci un&#8217;e-mail a &#x6e;g&#x6e;&#64;&#x65;&#108;&#x65;&#99;t&#x72;o&#x73;&#117;&#x69;&#115;&#x73;&#101;&#46;&#x63;h almeno tre giorni prima dell&#8217;evento con i vostri dati (cognome, nome, e-mail, numero di telefono, data di nascita) e l&#8217;evento desiderato (ELECTRIFLY). Riceverete cos\u00ec ulteriori informazioni sul programma. Il programma di supporto per entrambe le giornate \u00e8 disponibile sul sito web dell&#8217;organizzatore.<\/p>\n<p>Ulteriori informazioni sulla rete Electrosuisse Next Generation Network sono disponibili <a href=\"https:\/\/www.electrosuisse.ch\/de\/werden-sie-mitglied\/nachwuchsfoerderung\/\" target=\"_blank\" rel=\"noopener\">qui<\/a> (in tedesco o francese).<br \/>\nAttendiamo con ansia la vostra iscrizione![\/vc_column_text][\/vc_column][\/vc_row]<\/p>\n<\/div>","protected":false},"excerpt":{"rendered":"<p>[vc_row][vc_column][vc_column_text css=&#8221;&#8221;]Il Festival notturno del Lago di Rapperswil-Jona ha celebrato il suo 100\u00b0 anniversario con 75.000 visitatori e ha presentato una prima mondiale: il primo spettacolo aereo con velivoli elettrici, pilotati da piloti di jet da combattimento svizzeri, \u00e8 stato certificato come record mondiale. Il giorno prima, i membri della rete Electrosuisse Next Generation Network [&hellip;]<\/p>\n","protected":false},"author":38,"featured_media":0,"comment_status":"closed","ping_status":"closed","sticky":false,"template":"","format":"standard","meta":{"_acf_changed":false,"_monsterinsights_skip_tracking":false,"_monsterinsights_sitenote_active":false,"_monsterinsights_sitenote_note":"","_monsterinsights_sitenote_category":0,"footnotes":""},"categories":[45],"tags":[],"class_list":["post-36372","post","type-post","status-publish","format-standard","hentry","category-non-categorizzato"],"acf":[],"yoast_head":"<!-- This site is optimized with the Yoast SEO Premium plugin v26.4 (Yoast SEO v27.0) - https:\/\/yoast.com\/product\/yoast-seo-premium-wordpress\/ -->\n<title>Record mondiale eFORCE al \u00abSeenachtfest\u00bb di Rapperswil - Electrosuisse<\/title>\n<meta name=\"robots\" content=\"index, follow, max-snippet:-1, max-image-preview:large, max-video-preview:-1\" \/>\n<link rel=\"canonical\" href=\"https:\/\/www.electrosuisse.ch\/it\/eforceit\/\" \/>\n<meta property=\"og:locale\" content=\"it_IT\" \/>\n<meta property=\"og:type\" content=\"article\" \/>\n<meta property=\"og:title\" content=\"Record mondiale eFORCE al \u00abSeenachtfest\u00bb di Rapperswil - Electrosuisse\" \/>\n<meta property=\"og:description\" content=\"[vc_row][vc_column][vc_column_text css=&#8221;&#8221;]Il Festival notturno del Lago di Rapperswil-Jona ha celebrato il suo 100\u00b0 anniversario con 75.000 visitatori e ha presentato una prima mondiale: il primo spettacolo aereo con velivoli elettrici, pilotati da piloti di jet da combattimento svizzeri, \u00e8 stato certificato come record mondiale. Il giorno prima, i membri della rete Electrosuisse Next Generation Network [&hellip;]\" \/>\n<meta property=\"og:url\" content=\"https:\/\/www.electrosuisse.ch\/it\/eforceit\/\" \/>\n<meta property=\"og:site_name\" content=\"Electrosuisse\" \/>\n<meta property=\"article:published_time\" content=\"2024-08-16T12:27:23+00:00\" \/>\n<meta property=\"article:modified_time\" content=\"2024-08-22T10:50:43+00:00\" \/>\n<meta property=\"og:image\" content=\"https:\/\/www.electrosuisse.ch\/wp-content\/uploads\/2024\/08\/flugshow_1660x470.png\" \/>\n\t<meta property=\"og:image:width\" content=\"1200\" \/>\n\t<meta property=\"og:image:height\" content=\"675\" \/>\n\t<meta property=\"og:image:type\" content=\"image\/png\" \/>\n<meta name=\"author\" content=\"Sina Joller\" \/>\n<script type=\"application\/ld+json\" class=\"yoast-schema-graph\">{\"@context\":\"https:\/\/schema.org\",\"@graph\":[{\"@type\":\"Article\",\"@id\":\"https:\/\/www.electrosuisse.ch\/it\/eforceit\/#article\",\"isPartOf\":{\"@id\":\"https:\/\/www.electrosuisse.ch\/it\/eforceit\/\"},\"author\":{\"name\":\"Sina Joller\",\"@id\":\"https:\/\/www.electrosuisse.ch\/it\/#\/schema\/person\/e8142e4593653cd8447f7f52e1e5379f\"},\"headline\":\"Record mondiale eFORCE al \u00abSeenachtfest\u00bb di Rapperswil\",\"datePublished\":\"2024-08-16T12:27:23+00:00\",\"dateModified\":\"2024-08-22T10:50:43+00:00\",\"mainEntityOfPage\":{\"@id\":\"https:\/\/www.electrosuisse.ch\/it\/eforceit\/\"},\"wordCount\":768,\"publisher\":{\"@id\":\"https:\/\/www.electrosuisse.ch\/it\/#organization\"},\"articleSection\":[\"Non categorizzato\"],\"inLanguage\":\"it-IT\"},{\"@type\":\"WebPage\",\"@id\":\"https:\/\/www.electrosuisse.ch\/it\/eforceit\/\",\"url\":\"https:\/\/www.electrosuisse.ch\/it\/eforceit\/\",\"name\":\"Record mondiale eFORCE al \u00abSeenachtfest\u00bb di Rapperswil - Electrosuisse\",\"isPartOf\":{\"@id\":\"https:\/\/www.electrosuisse.ch\/it\/#website\"},\"datePublished\":\"2024-08-16T12:27:23+00:00\",\"dateModified\":\"2024-08-22T10:50:43+00:00\",\"inLanguage\":\"it-IT\",\"potentialAction\":[{\"@type\":\"ReadAction\",\"target\":[\"https:\/\/www.electrosuisse.ch\/it\/eforceit\/\"]}]},{\"@type\":\"WebSite\",\"@id\":\"https:\/\/www.electrosuisse.ch\/it\/#website\",\"url\":\"https:\/\/www.electrosuisse.ch\/it\/\",\"name\":\"Electrosuisse\",\"description\":\"\",\"publisher\":{\"@id\":\"https:\/\/www.electrosuisse.ch\/it\/#organization\"},\"potentialAction\":[{\"@type\":\"SearchAction\",\"target\":{\"@type\":\"EntryPoint\",\"urlTemplate\":\"https:\/\/www.electrosuisse.ch\/it\/?s={search_term_string}\"},\"query-input\":{\"@type\":\"PropertyValueSpecification\",\"valueRequired\":true,\"valueName\":\"search_term_string\"}}],\"inLanguage\":\"it-IT\"},{\"@type\":\"Organization\",\"@id\":\"https:\/\/www.electrosuisse.ch\/it\/#organization\",\"name\":\"Electrosuisse\",\"url\":\"https:\/\/www.electrosuisse.ch\/it\/\",\"logo\":{\"@type\":\"ImageObject\",\"inLanguage\":\"it-IT\",\"@id\":\"https:\/\/www.electrosuisse.ch\/it\/#\/schema\/logo\/image\/\",\"url\":\"https:\/\/www.electrosuisse.ch\/wp-content\/uploads\/2025\/04\/Electrosuisse_Logo_696x696.png\",\"contentUrl\":\"https:\/\/www.electrosuisse.ch\/wp-content\/uploads\/2025\/04\/Electrosuisse_Logo_696x696.png\",\"width\":696,\"height\":696,\"caption\":\"Electrosuisse\"},\"image\":{\"@id\":\"https:\/\/www.electrosuisse.ch\/it\/#\/schema\/logo\/image\/\"},\"sameAs\":[\"https:\/\/www.linkedin.com\/company\/electrosuisse-ag\/posts\/?feedView=all\",\"https:\/\/www.instagram.com\/electrosuisse1889\/\",\"https:\/\/www.youtube.com\/channel\/UCoOxohMiVE0Gjcdis1L09zw\"],\"description\":\"Electrosuisse ist eine anerkannte und unabh\u00e4ngige Fachorganisation, die erstklassige Dienstleistungen und Produkte in den Bereichen Inspektion, Beratung, Pr\u00fcfung, Zertifizierung, Normung und Weiterbildung anbietet. Unsere Expertise umfasst Elektrotechnik, Elektromobilit\u00e4t, Energieberatung, Geb\u00e4udeautomation und Photovoltaik in der Schweiz. Durch die Veranstaltung etablierter Branchen-Events und Fachtagungen f\u00f6rdert Electrosuisse den Wissenstransfer und den fachlichen Austausch. Im Mittelpunkt unserer T\u00e4tigkeiten steht die F\u00f6rderung der sicheren, wirtschaftlichen und umweltgerechten Anwendung der Elektrotechnik.\"},{\"@type\":\"Person\",\"@id\":\"https:\/\/www.electrosuisse.ch\/it\/#\/schema\/person\/e8142e4593653cd8447f7f52e1e5379f\",\"name\":\"Sina Joller\",\"image\":{\"@type\":\"ImageObject\",\"inLanguage\":\"it-IT\",\"@id\":\"https:\/\/www.electrosuisse.ch\/it\/#\/schema\/person\/image\/\",\"url\":\"https:\/\/secure.gravatar.com\/avatar\/f4249260ddfc146ca88a738cc36d33a9064b17699fb30f04ffaa14260da60942?s=96&d=mm&r=g\",\"contentUrl\":\"https:\/\/secure.gravatar.com\/avatar\/f4249260ddfc146ca88a738cc36d33a9064b17699fb30f04ffaa14260da60942?s=96&d=mm&r=g\",\"caption\":\"Sina Joller\"}}]}<\/script>\n<!-- \/ Yoast SEO Premium plugin. -->","yoast_head_json":{"title":"Record mondiale eFORCE al \u00abSeenachtfest\u00bb di Rapperswil - Electrosuisse","robots":{"index":"index","follow":"follow","max-snippet":"max-snippet:-1","max-image-preview":"max-image-preview:large","max-video-preview":"max-video-preview:-1"},"canonical":"https:\/\/www.electrosuisse.ch\/it\/eforceit\/","og_locale":"it_IT","og_type":"article","og_title":"Record mondiale eFORCE al \u00abSeenachtfest\u00bb di Rapperswil - Electrosuisse","og_description":"[vc_row][vc_column][vc_column_text css=&#8221;&#8221;]Il Festival notturno del Lago di Rapperswil-Jona ha celebrato il suo 100\u00b0 anniversario con 75.000 visitatori e ha presentato una prima mondiale: il primo spettacolo aereo con velivoli elettrici, pilotati da piloti di jet da combattimento svizzeri, \u00e8 stato certificato come record mondiale. Il giorno prima, i membri della rete Electrosuisse Next Generation Network [&hellip;]","og_url":"https:\/\/www.electrosuisse.ch\/it\/eforceit\/","og_site_name":"Electrosuisse","article_published_time":"2024-08-16T12:27:23+00:00","article_modified_time":"2024-08-22T10:50:43+00:00","og_image":[{"width":1200,"height":675,"url":"https:\/\/www.electrosuisse.ch\/wp-content\/uploads\/2024\/08\/flugshow_1660x470.png","type":"image\/png"}],"author":"Sina Joller","schema":{"@context":"https:\/\/schema.org","@graph":[{"@type":"Article","@id":"https:\/\/www.electrosuisse.ch\/it\/eforceit\/#article","isPartOf":{"@id":"https:\/\/www.electrosuisse.ch\/it\/eforceit\/"},"author":{"name":"Sina Joller","@id":"https:\/\/www.electrosuisse.ch\/it\/#\/schema\/person\/e8142e4593653cd8447f7f52e1e5379f"},"headline":"Record mondiale eFORCE al \u00abSeenachtfest\u00bb di Rapperswil","datePublished":"2024-08-16T12:27:23+00:00","dateModified":"2024-08-22T10:50:43+00:00","mainEntityOfPage":{"@id":"https:\/\/www.electrosuisse.ch\/it\/eforceit\/"},"wordCount":768,"publisher":{"@id":"https:\/\/www.electrosuisse.ch\/it\/#organization"},"articleSection":["Non categorizzato"],"inLanguage":"it-IT"},{"@type":"WebPage","@id":"https:\/\/www.electrosuisse.ch\/it\/eforceit\/","url":"https:\/\/www.electrosuisse.ch\/it\/eforceit\/","name":"Record mondiale eFORCE al \u00abSeenachtfest\u00bb di Rapperswil - Electrosuisse","isPartOf":{"@id":"https:\/\/www.electrosuisse.ch\/it\/#website"},"datePublished":"2024-08-16T12:27:23+00:00","dateModified":"2024-08-22T10:50:43+00:00","inLanguage":"it-IT","potentialAction":[{"@type":"ReadAction","target":["https:\/\/www.electrosuisse.ch\/it\/eforceit\/"]}]},{"@type":"WebSite","@id":"https:\/\/www.electrosuisse.ch\/it\/#website","url":"https:\/\/www.electrosuisse.ch\/it\/","name":"Electrosuisse","description":"","publisher":{"@id":"https:\/\/www.electrosuisse.ch\/it\/#organization"},"potentialAction":[{"@type":"SearchAction","target":{"@type":"EntryPoint","urlTemplate":"https:\/\/www.electrosuisse.ch\/it\/?s={search_term_string}"},"query-input":{"@type":"PropertyValueSpecification","valueRequired":true,"valueName":"search_term_string"}}],"inLanguage":"it-IT"},{"@type":"Organization","@id":"https:\/\/www.electrosuisse.ch\/it\/#organization","name":"Electrosuisse","url":"https:\/\/www.electrosuisse.ch\/it\/","logo":{"@type":"ImageObject","inLanguage":"it-IT","@id":"https:\/\/www.electrosuisse.ch\/it\/#\/schema\/logo\/image\/","url":"https:\/\/www.electrosuisse.ch\/wp-content\/uploads\/2025\/04\/Electrosuisse_Logo_696x696.png","contentUrl":"https:\/\/www.electrosuisse.ch\/wp-content\/uploads\/2025\/04\/Electrosuisse_Logo_696x696.png","width":696,"height":696,"caption":"Electrosuisse"},"image":{"@id":"https:\/\/www.electrosuisse.ch\/it\/#\/schema\/logo\/image\/"},"sameAs":["https:\/\/www.linkedin.com\/company\/electrosuisse-ag\/posts\/?feedView=all","https:\/\/www.instagram.com\/electrosuisse1889\/","https:\/\/www.youtube.com\/channel\/UCoOxohMiVE0Gjcdis1L09zw"],"description":"Electrosuisse ist eine anerkannte und unabh\u00e4ngige Fachorganisation, die erstklassige Dienstleistungen und Produkte in den Bereichen Inspektion, Beratung, Pr\u00fcfung, Zertifizierung, Normung und Weiterbildung anbietet. Unsere Expertise umfasst Elektrotechnik, Elektromobilit\u00e4t, Energieberatung, Geb\u00e4udeautomation und Photovoltaik in der Schweiz. Durch die Veranstaltung etablierter Branchen-Events und Fachtagungen f\u00f6rdert Electrosuisse den Wissenstransfer und den fachlichen Austausch. Im Mittelpunkt unserer T\u00e4tigkeiten steht die F\u00f6rderung der sicheren, wirtschaftlichen und umweltgerechten Anwendung der Elektrotechnik."},{"@type":"Person","@id":"https:\/\/www.electrosuisse.ch\/it\/#\/schema\/person\/e8142e4593653cd8447f7f52e1e5379f","name":"Sina Joller","image":{"@type":"ImageObject","inLanguage":"it-IT","@id":"https:\/\/www.electrosuisse.ch\/it\/#\/schema\/person\/image\/","url":"https:\/\/secure.gravatar.com\/avatar\/f4249260ddfc146ca88a738cc36d33a9064b17699fb30f04ffaa14260da60942?s=96&d=mm&r=g","contentUrl":"https:\/\/secure.gravatar.com\/avatar\/f4249260ddfc146ca88a738cc36d33a9064b17699fb30f04ffaa14260da60942?s=96&d=mm&r=g","caption":"Sina Joller"}}]}},"amp_enabled":true,"_links":{"self":[{"href":"https:\/\/www.electrosuisse.ch\/it\/wp-json\/wp\/v2\/posts\/36372","targetHints":{"allow":["GET"]}}],"collection":[{"href":"https:\/\/www.electrosuisse.ch\/it\/wp-json\/wp\/v2\/posts"}],"about":[{"href":"https:\/\/www.electrosuisse.ch\/it\/wp-json\/wp\/v2\/types\/post"}],"author":[{"embeddable":true,"href":"https:\/\/www.electrosuisse.ch\/it\/wp-json\/wp\/v2\/users\/38"}],"replies":[{"embeddable":true,"href":"https:\/\/www.electrosuisse.ch\/it\/wp-json\/wp\/v2\/comments?post=36372"}],"version-history":[{"count":10,"href":"https:\/\/www.electrosuisse.ch\/it\/wp-json\/wp\/v2\/posts\/36372\/revisions"}],"predecessor-version":[{"id":36444,"href":"https:\/\/www.electrosuisse.ch\/it\/wp-json\/wp\/v2\/posts\/36372\/revisions\/36444"}],"wp:attachment":[{"href":"https:\/\/www.electrosuisse.ch\/it\/wp-json\/wp\/v2\/media?parent=36372"}],"wp:term":[{"taxonomy":"category","embeddable":true,"href":"https:\/\/www.electrosuisse.ch\/it\/wp-json\/wp\/v2\/categories?post=36372"},{"taxonomy":"post_tag","embeddable":true,"href":"https:\/\/www.electrosuisse.ch\/it\/wp-json\/wp\/v2\/tags?post=36372"}],"curies":[{"name":"wp","href":"https:\/\/api.w.org\/{rel}","templated":true}]}}