{"id":36228,"date":"2024-07-16T15:48:27","date_gmt":"2024-07-16T13:48:27","guid":{"rendered":"https:\/\/www.electrosuisse.ch\/?p=36228"},"modified":"2024-07-16T15:48:27","modified_gmt":"2024-07-16T13:48:27","slug":"lia-nel-settore-tecnologico-svizzero","status":"publish","type":"post","link":"https:\/\/www.electrosuisse.ch\/it\/lia-nel-settore-tecnologico-svizzero\/","title":{"rendered":"L&#8217;IA nel settore tecnologico svizzero: la realt\u00e0 \u00e8 in ritardo rispetto alle aspettative"},"content":{"rendered":"<div class=\"wpb-content-wrapper\"><p>[vc_row][vc_column][vc_column_text css=&#8221;&#8221;]<strong>L&#8217;integrazione dell&#8217;intelligenza artificiale (AI) nell&#8217;industria viene salutata in tutto il mondo come un precursore di future innovazioni e guadagni di efficienza.<\/strong> <strong>In Svizzera, tuttavia, la diffusione dell&#8217;AI nel settore tecnologico \u00e8 in ritardo rispetto alle aspettative, in particolare nel settore manifatturiero, come dimostra un recente studio del Politecnico di Zurigo.<\/strong> <strong>Questa discrepanza tra l&#8217;entusiasmo e la realt\u00e0 \u00e8 illustrata da un sondaggio condotto su oltre 200 aziende tecnologiche svizzere, in collaborazione con Swissmem e Next Industries.<\/strong><\/p>\n<p>Lo studio, guidato dal Professor Torbj\u00f8rn Netland del Politecnico di Zurigo, mostra che l&#8217;intelligenza artificiale ha finora tardato a prendere piede nell&#8217;industria tecnologica svizzera. Sebbene l&#8217;AI venga utilizzata con successo in diversi settori, come quello farmaceutico e dei beni di consumo, la sua applicazione nel settore manifatturiero \u00e8 in ritardo. Solo il 10% delle aziende intervistate sta realizzando progetti pilota, mentre pi\u00f9 della met\u00e0 non ha nemmeno preso in considerazione l&#8217;uso dell&#8217;AI nel settore manifatturiero. I motivi sono spesso la mancanza di competenze e le risorse limitate, soprattutto nelle aziende pi\u00f9 piccole e meno redditizie.<\/p>\n<p>Nonostante questi risultati sconfortanti, lo studio rivela anche piani ambiziosi per il futuro: circa il 16% delle aziende sta pianificando di utilizzare l&#8217;AI su larga scala e il 22% vorrebbe realizzare progetti pilota. In altre aree, come la ricerca e lo sviluppo e il servizio clienti, i progetti pilota sono gi\u00e0 pi\u00f9 avanzati, grazie ai dati pi\u00f9 facilmente disponibili e al potenziale delle applicazioni di AI generativa.<\/p>\n<p>L&#8217;aumento dell&#8217;efficienza \u00e8 un fattore chiave per l&#8217;utilizzo dell&#8217;AI nelle aziende svizzere. Allo stesso tempo, \u00e8 chiaro che le aziende che stanno gi\u00e0 implementando l&#8217;IA stanno ottenendo risultati prevalentemente positivi e sono soddisfatte degli aumenti di produttivit\u00e0. Tuttavia, lo studio sottolinea la necessit\u00e0 di una strategia AI coerente e dello sviluppo di competenze interne per sfruttare il pieno potenziale della tecnologia.<\/p>\n<p>I risultati mostrano che, nonostante il clamore che circonda l&#8217;AI, il settore tecnologico svizzero ha ancora molto da recuperare. Tuttavia, il Professor Netland non vede alcun motivo per preoccuparsi che la Svizzera stia rimanendo indietro nel confronto internazionale. La qualit\u00e0 dell&#8217;istruzione e l&#8217;accesso alla manodopera qualificata offrono buone condizioni per padroneggiare le sfide e rafforzare la forza innovativa del settore.<\/p>\n<p><em>Ulteriori informazioni su: <\/em><br \/>\n<em><a href=\"https:\/\/idw-online.de\/de\/news836029\">https:\/\/idw-online.de\/de\/news836029<\/a><\/em>[\/vc_column_text][\/vc_column][\/vc_row]<\/p>\n<\/div>","protected":false},"excerpt":{"rendered":"<p>[vc_row][vc_column][vc_column_text css=&#8221;&#8221;]L&#8217;integrazione dell&#8217;intelligenza artificiale (AI) nell&#8217;industria viene salutata in tutto il mondo come un precursore di future innovazioni e guadagni di efficienza. In Svizzera, tuttavia, la diffusione dell&#8217;AI nel settore tecnologico \u00e8 in ritardo rispetto alle aspettative, in particolare nel settore manifatturiero, come dimostra un recente studio del Politecnico di Zurigo. Questa discrepanza tra l&#8217;entusiasmo [&hellip;]<\/p>\n","protected":false},"author":38,"featured_media":0,"comment_status":"closed","ping_status":"closed","sticky":false,"template":"","format":"standard","meta":{"_acf_changed":false,"_monsterinsights_skip_tracking":false,"_monsterinsights_sitenote_active":false,"_monsterinsights_sitenote_note":"","_monsterinsights_sitenote_category":0,"footnotes":""},"categories":[45],"tags":[],"class_list":["post-36228","post","type-post","status-publish","format-standard","hentry","category-non-categorizzato"],"acf":[],"yoast_head":"<!-- This site is optimized with the Yoast SEO Premium plugin v26.4 (Yoast SEO v27.0) - https:\/\/yoast.com\/product\/yoast-seo-premium-wordpress\/ -->\n<title>L&#039;IA nel settore tecnologico svizzero: la realt\u00e0 \u00e8 in ritardo rispetto alle aspettative - Electrosuisse<\/title>\n<meta name=\"description\" content=\"La diffusione dell&#039;IA nell&#039;industria tecnologica svizzera, in particolare nel settore manifatturiero, \u00e8 in ritardo nonostante il clamore. Le ragioni principali sono la mancanza di competenze e di risorse. Tuttavia, piani ambiziosi e una maggiore efficienza stanno guidando lo sviluppo futuro.\" \/>\n<meta name=\"robots\" content=\"index, follow, max-snippet:-1, max-image-preview:large, max-video-preview:-1\" \/>\n<link rel=\"canonical\" href=\"https:\/\/www.electrosuisse.ch\/it\/lia-nel-settore-tecnologico-svizzero\/\" \/>\n<meta property=\"og:locale\" content=\"it_IT\" \/>\n<meta property=\"og:type\" content=\"article\" \/>\n<meta property=\"og:title\" content=\"L&#039;IA nel settore tecnologico svizzero: la realt\u00e0 \u00e8 in ritardo rispetto alle aspettative - Electrosuisse\" \/>\n<meta property=\"og:description\" content=\"La diffusione dell&#039;IA nell&#039;industria tecnologica svizzera, in particolare nel settore manifatturiero, \u00e8 in ritardo nonostante il clamore. Le ragioni principali sono la mancanza di competenze e di risorse. Tuttavia, piani ambiziosi e una maggiore efficienza stanno guidando lo sviluppo futuro.\" \/>\n<meta property=\"og:url\" content=\"https:\/\/www.electrosuisse.ch\/it\/lia-nel-settore-tecnologico-svizzero\/\" \/>\n<meta property=\"og:site_name\" content=\"Electrosuisse\" \/>\n<meta property=\"article:published_time\" content=\"2024-07-16T13:48:27+00:00\" \/>\n<meta property=\"og:image\" content=\"https:\/\/www.electrosuisse.ch\/wp-content\/uploads\/2025\/04\/electrosuisse-logo-1200x675-1.png\" \/>\n\t<meta property=\"og:image:width\" content=\"1200\" \/>\n\t<meta property=\"og:image:height\" content=\"675\" \/>\n\t<meta property=\"og:image:type\" content=\"image\/png\" \/>\n<meta name=\"author\" content=\"Sina Joller\" \/>\n<script type=\"application\/ld+json\" class=\"yoast-schema-graph\">{\"@context\":\"https:\/\/schema.org\",\"@graph\":[{\"@type\":\"Article\",\"@id\":\"https:\/\/www.electrosuisse.ch\/it\/lia-nel-settore-tecnologico-svizzero\/#article\",\"isPartOf\":{\"@id\":\"https:\/\/www.electrosuisse.ch\/it\/lia-nel-settore-tecnologico-svizzero\/\"},\"author\":{\"name\":\"Sina Joller\",\"@id\":\"https:\/\/www.electrosuisse.ch\/it\/#\/schema\/person\/e8142e4593653cd8447f7f52e1e5379f\"},\"headline\":\"L&#8217;IA nel settore tecnologico svizzero: la realt\u00e0 \u00e8 in ritardo rispetto alle aspettative\",\"datePublished\":\"2024-07-16T13:48:27+00:00\",\"mainEntityOfPage\":{\"@id\":\"https:\/\/www.electrosuisse.ch\/it\/lia-nel-settore-tecnologico-svizzero\/\"},\"wordCount\":406,\"publisher\":{\"@id\":\"https:\/\/www.electrosuisse.ch\/it\/#organization\"},\"articleSection\":[\"Non categorizzato\"],\"inLanguage\":\"it-IT\"},{\"@type\":\"WebPage\",\"@id\":\"https:\/\/www.electrosuisse.ch\/it\/lia-nel-settore-tecnologico-svizzero\/\",\"url\":\"https:\/\/www.electrosuisse.ch\/it\/lia-nel-settore-tecnologico-svizzero\/\",\"name\":\"L'IA nel settore tecnologico svizzero: la realt\u00e0 \u00e8 in ritardo rispetto alle aspettative - Electrosuisse\",\"isPartOf\":{\"@id\":\"https:\/\/www.electrosuisse.ch\/it\/#website\"},\"datePublished\":\"2024-07-16T13:48:27+00:00\",\"description\":\"La diffusione dell'IA nell'industria tecnologica svizzera, in particolare nel settore manifatturiero, \u00e8 in ritardo nonostante il clamore. Le ragioni principali sono la mancanza di competenze e di risorse. Tuttavia, piani ambiziosi e una maggiore efficienza stanno guidando lo sviluppo futuro.\",\"inLanguage\":\"it-IT\",\"potentialAction\":[{\"@type\":\"ReadAction\",\"target\":[\"https:\/\/www.electrosuisse.ch\/it\/lia-nel-settore-tecnologico-svizzero\/\"]}]},{\"@type\":\"WebSite\",\"@id\":\"https:\/\/www.electrosuisse.ch\/it\/#website\",\"url\":\"https:\/\/www.electrosuisse.ch\/it\/\",\"name\":\"Electrosuisse\",\"description\":\"\",\"publisher\":{\"@id\":\"https:\/\/www.electrosuisse.ch\/it\/#organization\"},\"potentialAction\":[{\"@type\":\"SearchAction\",\"target\":{\"@type\":\"EntryPoint\",\"urlTemplate\":\"https:\/\/www.electrosuisse.ch\/it\/?s={search_term_string}\"},\"query-input\":{\"@type\":\"PropertyValueSpecification\",\"valueRequired\":true,\"valueName\":\"search_term_string\"}}],\"inLanguage\":\"it-IT\"},{\"@type\":\"Organization\",\"@id\":\"https:\/\/www.electrosuisse.ch\/it\/#organization\",\"name\":\"Electrosuisse\",\"url\":\"https:\/\/www.electrosuisse.ch\/it\/\",\"logo\":{\"@type\":\"ImageObject\",\"inLanguage\":\"it-IT\",\"@id\":\"https:\/\/www.electrosuisse.ch\/it\/#\/schema\/logo\/image\/\",\"url\":\"https:\/\/www.electrosuisse.ch\/wp-content\/uploads\/2025\/04\/Electrosuisse_Logo_696x696.png\",\"contentUrl\":\"https:\/\/www.electrosuisse.ch\/wp-content\/uploads\/2025\/04\/Electrosuisse_Logo_696x696.png\",\"width\":696,\"height\":696,\"caption\":\"Electrosuisse\"},\"image\":{\"@id\":\"https:\/\/www.electrosuisse.ch\/it\/#\/schema\/logo\/image\/\"},\"sameAs\":[\"https:\/\/www.linkedin.com\/company\/electrosuisse-ag\/posts\/?feedView=all\",\"https:\/\/www.instagram.com\/electrosuisse1889\/\",\"https:\/\/www.youtube.com\/channel\/UCoOxohMiVE0Gjcdis1L09zw\"],\"description\":\"Electrosuisse ist eine anerkannte und unabh\u00e4ngige Fachorganisation, die erstklassige Dienstleistungen und Produkte in den Bereichen Inspektion, Beratung, Pr\u00fcfung, Zertifizierung, Normung und Weiterbildung anbietet. Unsere Expertise umfasst Elektrotechnik, Elektromobilit\u00e4t, Energieberatung, Geb\u00e4udeautomation und Photovoltaik in der Schweiz. Durch die Veranstaltung etablierter Branchen-Events und Fachtagungen f\u00f6rdert Electrosuisse den Wissenstransfer und den fachlichen Austausch. Im Mittelpunkt unserer T\u00e4tigkeiten steht die F\u00f6rderung der sicheren, wirtschaftlichen und umweltgerechten Anwendung der Elektrotechnik.\"},{\"@type\":\"Person\",\"@id\":\"https:\/\/www.electrosuisse.ch\/it\/#\/schema\/person\/e8142e4593653cd8447f7f52e1e5379f\",\"name\":\"Sina Joller\",\"image\":{\"@type\":\"ImageObject\",\"inLanguage\":\"it-IT\",\"@id\":\"https:\/\/www.electrosuisse.ch\/it\/#\/schema\/person\/image\/\",\"url\":\"https:\/\/secure.gravatar.com\/avatar\/f4249260ddfc146ca88a738cc36d33a9064b17699fb30f04ffaa14260da60942?s=96&d=mm&r=g\",\"contentUrl\":\"https:\/\/secure.gravatar.com\/avatar\/f4249260ddfc146ca88a738cc36d33a9064b17699fb30f04ffaa14260da60942?s=96&d=mm&r=g\",\"caption\":\"Sina Joller\"}}]}<\/script>\n<!-- \/ Yoast SEO Premium plugin. -->","yoast_head_json":{"title":"L'IA nel settore tecnologico svizzero: la realt\u00e0 \u00e8 in ritardo rispetto alle aspettative - Electrosuisse","description":"La diffusione dell'IA nell'industria tecnologica svizzera, in particolare nel settore manifatturiero, \u00e8 in ritardo nonostante il clamore. Le ragioni principali sono la mancanza di competenze e di risorse. Tuttavia, piani ambiziosi e una maggiore efficienza stanno guidando lo sviluppo futuro.","robots":{"index":"index","follow":"follow","max-snippet":"max-snippet:-1","max-image-preview":"max-image-preview:large","max-video-preview":"max-video-preview:-1"},"canonical":"https:\/\/www.electrosuisse.ch\/it\/lia-nel-settore-tecnologico-svizzero\/","og_locale":"it_IT","og_type":"article","og_title":"L'IA nel settore tecnologico svizzero: la realt\u00e0 \u00e8 in ritardo rispetto alle aspettative - Electrosuisse","og_description":"La diffusione dell'IA nell'industria tecnologica svizzera, in particolare nel settore manifatturiero, \u00e8 in ritardo nonostante il clamore. Le ragioni principali sono la mancanza di competenze e di risorse. Tuttavia, piani ambiziosi e una maggiore efficienza stanno guidando lo sviluppo futuro.","og_url":"https:\/\/www.electrosuisse.ch\/it\/lia-nel-settore-tecnologico-svizzero\/","og_site_name":"Electrosuisse","article_published_time":"2024-07-16T13:48:27+00:00","og_image":[{"width":1200,"height":675,"url":"https:\/\/www.electrosuisse.ch\/wp-content\/uploads\/2025\/04\/electrosuisse-logo-1200x675-1.png","type":"image\/png"}],"author":"Sina Joller","schema":{"@context":"https:\/\/schema.org","@graph":[{"@type":"Article","@id":"https:\/\/www.electrosuisse.ch\/it\/lia-nel-settore-tecnologico-svizzero\/#article","isPartOf":{"@id":"https:\/\/www.electrosuisse.ch\/it\/lia-nel-settore-tecnologico-svizzero\/"},"author":{"name":"Sina Joller","@id":"https:\/\/www.electrosuisse.ch\/it\/#\/schema\/person\/e8142e4593653cd8447f7f52e1e5379f"},"headline":"L&#8217;IA nel settore tecnologico svizzero: la realt\u00e0 \u00e8 in ritardo rispetto alle aspettative","datePublished":"2024-07-16T13:48:27+00:00","mainEntityOfPage":{"@id":"https:\/\/www.electrosuisse.ch\/it\/lia-nel-settore-tecnologico-svizzero\/"},"wordCount":406,"publisher":{"@id":"https:\/\/www.electrosuisse.ch\/it\/#organization"},"articleSection":["Non categorizzato"],"inLanguage":"it-IT"},{"@type":"WebPage","@id":"https:\/\/www.electrosuisse.ch\/it\/lia-nel-settore-tecnologico-svizzero\/","url":"https:\/\/www.electrosuisse.ch\/it\/lia-nel-settore-tecnologico-svizzero\/","name":"L'IA nel settore tecnologico svizzero: la realt\u00e0 \u00e8 in ritardo rispetto alle aspettative - Electrosuisse","isPartOf":{"@id":"https:\/\/www.electrosuisse.ch\/it\/#website"},"datePublished":"2024-07-16T13:48:27+00:00","description":"La diffusione dell'IA nell'industria tecnologica svizzera, in particolare nel settore manifatturiero, \u00e8 in ritardo nonostante il clamore. Le ragioni principali sono la mancanza di competenze e di risorse. Tuttavia, piani ambiziosi e una maggiore efficienza stanno guidando lo sviluppo futuro.","inLanguage":"it-IT","potentialAction":[{"@type":"ReadAction","target":["https:\/\/www.electrosuisse.ch\/it\/lia-nel-settore-tecnologico-svizzero\/"]}]},{"@type":"WebSite","@id":"https:\/\/www.electrosuisse.ch\/it\/#website","url":"https:\/\/www.electrosuisse.ch\/it\/","name":"Electrosuisse","description":"","publisher":{"@id":"https:\/\/www.electrosuisse.ch\/it\/#organization"},"potentialAction":[{"@type":"SearchAction","target":{"@type":"EntryPoint","urlTemplate":"https:\/\/www.electrosuisse.ch\/it\/?s={search_term_string}"},"query-input":{"@type":"PropertyValueSpecification","valueRequired":true,"valueName":"search_term_string"}}],"inLanguage":"it-IT"},{"@type":"Organization","@id":"https:\/\/www.electrosuisse.ch\/it\/#organization","name":"Electrosuisse","url":"https:\/\/www.electrosuisse.ch\/it\/","logo":{"@type":"ImageObject","inLanguage":"it-IT","@id":"https:\/\/www.electrosuisse.ch\/it\/#\/schema\/logo\/image\/","url":"https:\/\/www.electrosuisse.ch\/wp-content\/uploads\/2025\/04\/Electrosuisse_Logo_696x696.png","contentUrl":"https:\/\/www.electrosuisse.ch\/wp-content\/uploads\/2025\/04\/Electrosuisse_Logo_696x696.png","width":696,"height":696,"caption":"Electrosuisse"},"image":{"@id":"https:\/\/www.electrosuisse.ch\/it\/#\/schema\/logo\/image\/"},"sameAs":["https:\/\/www.linkedin.com\/company\/electrosuisse-ag\/posts\/?feedView=all","https:\/\/www.instagram.com\/electrosuisse1889\/","https:\/\/www.youtube.com\/channel\/UCoOxohMiVE0Gjcdis1L09zw"],"description":"Electrosuisse ist eine anerkannte und unabh\u00e4ngige Fachorganisation, die erstklassige Dienstleistungen und Produkte in den Bereichen Inspektion, Beratung, Pr\u00fcfung, Zertifizierung, Normung und Weiterbildung anbietet. Unsere Expertise umfasst Elektrotechnik, Elektromobilit\u00e4t, Energieberatung, Geb\u00e4udeautomation und Photovoltaik in der Schweiz. Durch die Veranstaltung etablierter Branchen-Events und Fachtagungen f\u00f6rdert Electrosuisse den Wissenstransfer und den fachlichen Austausch. Im Mittelpunkt unserer T\u00e4tigkeiten steht die F\u00f6rderung der sicheren, wirtschaftlichen und umweltgerechten Anwendung der Elektrotechnik."},{"@type":"Person","@id":"https:\/\/www.electrosuisse.ch\/it\/#\/schema\/person\/e8142e4593653cd8447f7f52e1e5379f","name":"Sina Joller","image":{"@type":"ImageObject","inLanguage":"it-IT","@id":"https:\/\/www.electrosuisse.ch\/it\/#\/schema\/person\/image\/","url":"https:\/\/secure.gravatar.com\/avatar\/f4249260ddfc146ca88a738cc36d33a9064b17699fb30f04ffaa14260da60942?s=96&d=mm&r=g","contentUrl":"https:\/\/secure.gravatar.com\/avatar\/f4249260ddfc146ca88a738cc36d33a9064b17699fb30f04ffaa14260da60942?s=96&d=mm&r=g","caption":"Sina Joller"}}]}},"amp_enabled":true,"_links":{"self":[{"href":"https:\/\/www.electrosuisse.ch\/it\/wp-json\/wp\/v2\/posts\/36228","targetHints":{"allow":["GET"]}}],"collection":[{"href":"https:\/\/www.electrosuisse.ch\/it\/wp-json\/wp\/v2\/posts"}],"about":[{"href":"https:\/\/www.electrosuisse.ch\/it\/wp-json\/wp\/v2\/types\/post"}],"author":[{"embeddable":true,"href":"https:\/\/www.electrosuisse.ch\/it\/wp-json\/wp\/v2\/users\/38"}],"replies":[{"embeddable":true,"href":"https:\/\/www.electrosuisse.ch\/it\/wp-json\/wp\/v2\/comments?post=36228"}],"version-history":[{"count":1,"href":"https:\/\/www.electrosuisse.ch\/it\/wp-json\/wp\/v2\/posts\/36228\/revisions"}],"predecessor-version":[{"id":36229,"href":"https:\/\/www.electrosuisse.ch\/it\/wp-json\/wp\/v2\/posts\/36228\/revisions\/36229"}],"wp:attachment":[{"href":"https:\/\/www.electrosuisse.ch\/it\/wp-json\/wp\/v2\/media?parent=36228"}],"wp:term":[{"taxonomy":"category","embeddable":true,"href":"https:\/\/www.electrosuisse.ch\/it\/wp-json\/wp\/v2\/categories?post=36228"},{"taxonomy":"post_tag","embeddable":true,"href":"https:\/\/www.electrosuisse.ch\/it\/wp-json\/wp\/v2\/tags?post=36228"}],"curies":[{"name":"wp","href":"https:\/\/api.w.org\/{rel}","templated":true}]}}