{"id":36194,"date":"2024-07-11T14:46:39","date_gmt":"2024-07-11T12:46:39","guid":{"rendered":"https:\/\/www.electrosuisse.ch\/?p=36194"},"modified":"2024-07-11T15:07:21","modified_gmt":"2024-07-11T13:07:21","slug":"tre-eventi-estivi-sul-futuro-della-mobilita","status":"publish","type":"post","link":"https:\/\/www.electrosuisse.ch\/it\/tre-eventi-estivi-sul-futuro-della-mobilita\/","title":{"rendered":"Tre eventi estivi sul futuro della mobilit\u00e0"},"content":{"rendered":"<div class=\"wpb-content-wrapper\"><p>[vc_row][vc_column][vc_column_text css=&#8221;&#8221;]La mobilit\u00e0 di nuova generazione potr\u00e0 essere sperimentata da vicino per tre volte quest&#8217;estate: A Zurigo in luglio, a Rapperswil in agosto e a Berna-Belp in settembre. Electrosuisse offre un accesso esclusivo al \u00abBackstage\u00bb di ogni evento per i membri del Next Generation &#8211; iscrivetevi subito![\/vc_column_text][vc_column_text css=&#8221;&#8221;]<\/p>\n<h3><strong>EUROPEAN HYPERLOOP WEEK: 19-21 <\/strong><strong>luglio a Zurigo<\/strong><\/h3>\n<p>Il consumo energetico dei veicoli aumenta notevolmente alle alte velocit\u00e0. La tecnologia Hyperloop sfrutta questo aspetto: le capsule galleggiano a oltre 1000 km\/h in tubi quasi privi di aria e in futuro potrebbero sostituire il trasporto ferroviario e aereo in modo ecologico. Ma c&#8217;\u00e8 ancora molto da fare prima di allora: Ogni anno, in occasione della Settimana europea dell&#8217;Hyperloop, si riuniscono gruppi di ingegneri di varie universit\u00e0 per scambiarsi conoscenze, tra cui swissloop del Politecnico di Zurigo. Quest&#8217;estate la Svizzera ospiter\u00e0 24 team tecnologici.<\/p>\n<p>Le dimostrazioni gratuite per il pubblico si terranno <strong>sabato 20 luglio<\/strong> a D\u00fcbendorf e <strong>domenica 21 luglio<\/strong> a Zurigo.\u00a0 Per i soci di Electrosuisse di et\u00e0 inferiore ai 35 anni, <strong>venerd\u00ec 19 luglio<\/strong> si terr\u00e0 anche un esclusivo tour \u00abNGN Backstage\u00bb.<\/p>\n<p><a href=\"http:\/\/www.hyperloopweek.com\/tickets\">EHW 2024<\/a><\/p>\n<p><a href=\"http:\/\/www.swissloop.ch\/en\">SWISSLOOP<\/a>[\/vc_column_text][\/vc_column][\/vc_row][vc_row][vc_column][vc_column_text css=&#8221;&#8221;]<\/p>\n<h3><strong>eFORCE AIRSHOW: 8-11 agosto a Rapperswil<\/strong><\/h3>\n<p>La Festa della Notte del Lago di Rapperswil-Jona festeggia il suo 100\u00b0 anniversario con una prima assoluta: il primo airshow di aerei elettrici pilotati da piloti di caccia svizzeri. Electrosuisse \u00e8 orgogliosa di sostenere i costi energetici dei sei aeroplani elettrici.<\/p>\n<p>I voli in formazione possono essere visti <strong>venerd\u00ec 9 agosto alle 18:30<\/strong> e <strong>domenica 11 agosto alle 13:00<\/strong> nel porto di Rapperswil. <strong>Gioved\u00ec 8 agosto<\/strong> si terr\u00e0 un evento esclusivo \u00abNGN Backstage\u00bb per i soci di Electrosuisse di et\u00e0 inferiore ai 35 anni.<\/p>\n<p><a href=\"http:\/\/www.seenachtsfest.ch\/programm\">FESTA DEL LAGO<\/a>[\/vc_column_text]<div class=\"wpb_video_column wpb_content_element\"><div class=\"wpb_wrapper\"><div class=\"video_container video_container--embed\"><iframe src=\"https:\/\/www.youtube-nocookie.com\/embed\/yncQrBZlUfY?si=kkRUXMitBm097CBO%3Fmodestbranding%3D1&rel=0&showinfo=0&enablejsapi=1\" frameborder=\"0\" allow=\"accelerometer; autoplay; encrypted-media; gyroscope; picture-in-picture\" allowfullscreen><\/iframe><\/div><\/div><\/div>[\/vc_column][\/vc_row][vc_row][vc_column][vc_column_text css=&#8221;&#8221;]<\/p>\n<h3><strong>ELECTRIFLY-IN: 7-8 settembre a Belp, vicino a Berna<\/strong><\/h3>\n<p>Dal 2017, l&#8217;Electrifly-In attira espositori innovativi, presentazioni specialistiche nell&#8217;ambito dell&#8217;eTalk e del concorso di avvicinamento eTrophy. Quest&#8217;anno saranno presenti all&#8217;aeroporto di Berna i team di sviluppo svizzeri di Dufour Aerospace e del progetto Cellsius dell&#8217;ETH, nonch\u00e9 AeroDelft dai Paesi Bassi con il progetto Phoenix e Flux Aviation da Warwick UK. Verranno inoltre riproposti voli di prova con il Pipistrel Velis Electro elettrico a due posti.<\/p>\n<p>In entrambi i giorni si terr\u00e0 un evento \u00abNGN Backstage\u00bb per i membri di Electrosuisse di et\u00e0 inferiore ai 35 anni e ogni giorno sar\u00e0 messo in palio un volo di prova.<\/p>\n<p><a href=\"http:\/\/www.electrifly-in.ch\/en\">ELECTRIFLY-IN<\/a><\/p>\n<p><a href=\"http:\/\/www.e-mobile.ch\">ELETTROMOBILIT\u00c0<\/a>[\/vc_column_text][\/vc_column][\/vc_row][vc_row][vc_column][vc_column_text css=&#8221;&#8221;]<\/p>\n<h3>ELECTROSUISSE Next Generation Network: come iscriversi<\/h3>\n<p>Per tutti gli eventi estivi sono previste offerte speciali per apprendisti, studenti e giovani professionisti fino a 35 anni. Il prerequisito \u00e8 l&#8217;iscrizione personale a Electrosuisse e l&#8217;et\u00e0 inferiore ai 35 anni. Per gli apprendisti l&#8217;iscrizione \u00e8 gratuita e termina automaticamente al termine della formazione. Il numero di partecipanti \u00e8 limitato e le spese di viaggio e di ristorazione sono al tuo carico. Se desideri partecipare a uno o pi\u00f9 \u00abeventi backstage\u00bb, inviaci un&#8217;e-mail a &#x6e;g&#x6e;&#64;&#x65;&#x6c;e&#x63;&#116;&#x72;&#x6f;s&#x75;&#105;&#x73;&#x73;e&#x2e;&#99;&#x68; almeno tre giorni prima dell&#8217;evento con i tuoi dati (cognome, nome, e-mail, numero di telefono, data di nascita) e l&#8217;evento desiderato (HYPERLOOP, EFORCE, ELECTRIFLY). Riceverete poi ulteriori informazioni sulla procedura.<\/p>\n<p>Ulteriori informazioni sulla rete <a href=\"https:\/\/www.electrosuisse.ch\/it\/diventare-membro\/promozione-delle-giovani-leve\/\">Electrosuisse Next Generation Network<\/a> sono disponibili all&#8217;indirizzo.<\/p>\n<p>Attendiamo con ansia la tua iscrizione![\/vc_column_text][\/vc_column][\/vc_row]<\/p>\n<\/div>","protected":false},"excerpt":{"rendered":"<p>[vc_row][vc_column][vc_column_text css=&#8221;&#8221;]La mobilit\u00e0 di nuova generazione potr\u00e0 essere sperimentata da vicino per tre volte quest&#8217;estate: A Zurigo in luglio, a Rapperswil in agosto e a Berna-Belp in settembre. Electrosuisse offre un accesso esclusivo al \u00abBackstage\u00bb di ogni evento per i membri del Next Generation &#8211; iscrivetevi subito![\/vc_column_text][vc_column_text css=&#8221;&#8221;] EUROPEAN HYPERLOOP WEEK: 19-21 luglio a Zurigo [&hellip;]<\/p>\n","protected":false},"author":28,"featured_media":0,"comment_status":"closed","ping_status":"closed","sticky":false,"template":"","format":"standard","meta":{"_acf_changed":false,"_monsterinsights_skip_tracking":false,"_monsterinsights_sitenote_active":false,"_monsterinsights_sitenote_note":"","_monsterinsights_sitenote_category":0,"footnotes":""},"categories":[45],"tags":[],"class_list":["post-36194","post","type-post","status-publish","format-standard","hentry","category-non-categorizzato"],"acf":[],"yoast_head":"<!-- This site is optimized with the Yoast SEO Premium plugin v26.4 (Yoast SEO v27.0) - https:\/\/yoast.com\/product\/yoast-seo-premium-wordpress\/ -->\n<title>Tre eventi estivi sul futuro della mobilit\u00e0 - Electrosuisse<\/title>\n<meta name=\"robots\" content=\"index, follow, max-snippet:-1, max-image-preview:large, max-video-preview:-1\" \/>\n<link rel=\"canonical\" href=\"https:\/\/www.electrosuisse.ch\/it\/tre-eventi-estivi-sul-futuro-della-mobilita\/\" \/>\n<meta property=\"og:locale\" content=\"it_IT\" \/>\n<meta property=\"og:type\" content=\"article\" \/>\n<meta property=\"og:title\" content=\"Tre eventi estivi sul futuro della mobilit\u00e0 - Electrosuisse\" \/>\n<meta property=\"og:description\" content=\"[vc_row][vc_column][vc_column_text css=&#8221;&#8221;]La mobilit\u00e0 di nuova generazione potr\u00e0 essere sperimentata da vicino per tre volte quest&#8217;estate: A Zurigo in luglio, a Rapperswil in agosto e a Berna-Belp in settembre. Electrosuisse offre un accesso esclusivo al \u00abBackstage\u00bb di ogni evento per i membri del Next Generation &#8211; iscrivetevi subito![\/vc_column_text][vc_column_text css=&#8221;&#8221;] EUROPEAN HYPERLOOP WEEK: 19-21 luglio a Zurigo [&hellip;]\" \/>\n<meta property=\"og:url\" content=\"https:\/\/www.electrosuisse.ch\/it\/tre-eventi-estivi-sul-futuro-della-mobilita\/\" \/>\n<meta property=\"og:site_name\" content=\"Electrosuisse\" \/>\n<meta property=\"article:published_time\" content=\"2024-07-11T12:46:39+00:00\" \/>\n<meta property=\"article:modified_time\" content=\"2024-07-11T13:07:21+00:00\" \/>\n<meta property=\"og:image\" content=\"https:\/\/www.electrosuisse.ch\/wp-content\/uploads\/2024\/07\/eforce-1660x585-1.png\" \/>\n\t<meta property=\"og:image:width\" content=\"1200\" \/>\n\t<meta property=\"og:image:height\" content=\"675\" \/>\n\t<meta property=\"og:image:type\" content=\"image\/png\" \/>\n<meta name=\"author\" content=\"Andrea Hinterm\u00fcller\" \/>\n<script type=\"application\/ld+json\" class=\"yoast-schema-graph\">{\"@context\":\"https:\/\/schema.org\",\"@graph\":[{\"@type\":\"Article\",\"@id\":\"https:\/\/www.electrosuisse.ch\/it\/tre-eventi-estivi-sul-futuro-della-mobilita\/#article\",\"isPartOf\":{\"@id\":\"https:\/\/www.electrosuisse.ch\/it\/tre-eventi-estivi-sul-futuro-della-mobilita\/\"},\"author\":{\"name\":\"Andrea Hinterm\u00fcller\",\"@id\":\"https:\/\/www.electrosuisse.ch\/it\/#\/schema\/person\/4511b20b7baa8bd28a362b20c15b659f\"},\"headline\":\"Tre eventi estivi sul futuro della mobilit\u00e0\",\"datePublished\":\"2024-07-11T12:46:39+00:00\",\"dateModified\":\"2024-07-11T13:07:21+00:00\",\"mainEntityOfPage\":{\"@id\":\"https:\/\/www.electrosuisse.ch\/it\/tre-eventi-estivi-sul-futuro-della-mobilita\/\"},\"wordCount\":589,\"publisher\":{\"@id\":\"https:\/\/www.electrosuisse.ch\/it\/#organization\"},\"articleSection\":[\"Non categorizzato\"],\"inLanguage\":\"it-IT\"},{\"@type\":\"WebPage\",\"@id\":\"https:\/\/www.electrosuisse.ch\/it\/tre-eventi-estivi-sul-futuro-della-mobilita\/\",\"url\":\"https:\/\/www.electrosuisse.ch\/it\/tre-eventi-estivi-sul-futuro-della-mobilita\/\",\"name\":\"Tre eventi estivi sul futuro della mobilit\u00e0 - Electrosuisse\",\"isPartOf\":{\"@id\":\"https:\/\/www.electrosuisse.ch\/it\/#website\"},\"datePublished\":\"2024-07-11T12:46:39+00:00\",\"dateModified\":\"2024-07-11T13:07:21+00:00\",\"inLanguage\":\"it-IT\",\"potentialAction\":[{\"@type\":\"ReadAction\",\"target\":[\"https:\/\/www.electrosuisse.ch\/it\/tre-eventi-estivi-sul-futuro-della-mobilita\/\"]}]},{\"@type\":\"WebSite\",\"@id\":\"https:\/\/www.electrosuisse.ch\/it\/#website\",\"url\":\"https:\/\/www.electrosuisse.ch\/it\/\",\"name\":\"Electrosuisse\",\"description\":\"\",\"publisher\":{\"@id\":\"https:\/\/www.electrosuisse.ch\/it\/#organization\"},\"potentialAction\":[{\"@type\":\"SearchAction\",\"target\":{\"@type\":\"EntryPoint\",\"urlTemplate\":\"https:\/\/www.electrosuisse.ch\/it\/?s={search_term_string}\"},\"query-input\":{\"@type\":\"PropertyValueSpecification\",\"valueRequired\":true,\"valueName\":\"search_term_string\"}}],\"inLanguage\":\"it-IT\"},{\"@type\":\"Organization\",\"@id\":\"https:\/\/www.electrosuisse.ch\/it\/#organization\",\"name\":\"Electrosuisse\",\"url\":\"https:\/\/www.electrosuisse.ch\/it\/\",\"logo\":{\"@type\":\"ImageObject\",\"inLanguage\":\"it-IT\",\"@id\":\"https:\/\/www.electrosuisse.ch\/it\/#\/schema\/logo\/image\/\",\"url\":\"https:\/\/www.electrosuisse.ch\/wp-content\/uploads\/2025\/04\/Electrosuisse_Logo_696x696.png\",\"contentUrl\":\"https:\/\/www.electrosuisse.ch\/wp-content\/uploads\/2025\/04\/Electrosuisse_Logo_696x696.png\",\"width\":696,\"height\":696,\"caption\":\"Electrosuisse\"},\"image\":{\"@id\":\"https:\/\/www.electrosuisse.ch\/it\/#\/schema\/logo\/image\/\"},\"sameAs\":[\"https:\/\/www.linkedin.com\/company\/electrosuisse-ag\/posts\/?feedView=all\",\"https:\/\/www.instagram.com\/electrosuisse1889\/\",\"https:\/\/www.youtube.com\/channel\/UCoOxohMiVE0Gjcdis1L09zw\"],\"description\":\"Electrosuisse ist eine anerkannte und unabh\u00e4ngige Fachorganisation, die erstklassige Dienstleistungen und Produkte in den Bereichen Inspektion, Beratung, Pr\u00fcfung, Zertifizierung, Normung und Weiterbildung anbietet. Unsere Expertise umfasst Elektrotechnik, Elektromobilit\u00e4t, Energieberatung, Geb\u00e4udeautomation und Photovoltaik in der Schweiz. Durch die Veranstaltung etablierter Branchen-Events und Fachtagungen f\u00f6rdert Electrosuisse den Wissenstransfer und den fachlichen Austausch. Im Mittelpunkt unserer T\u00e4tigkeiten steht die F\u00f6rderung der sicheren, wirtschaftlichen und umweltgerechten Anwendung der Elektrotechnik.\"},{\"@type\":\"Person\",\"@id\":\"https:\/\/www.electrosuisse.ch\/it\/#\/schema\/person\/4511b20b7baa8bd28a362b20c15b659f\",\"name\":\"Andrea Hinterm\u00fcller\",\"image\":{\"@type\":\"ImageObject\",\"inLanguage\":\"it-IT\",\"@id\":\"https:\/\/www.electrosuisse.ch\/it\/#\/schema\/person\/image\/\",\"url\":\"https:\/\/secure.gravatar.com\/avatar\/65ca707900a8dbd7105786d9eb76eb2875a966e7545a220ad2b769e589c780e5?s=96&d=mm&r=g\",\"contentUrl\":\"https:\/\/secure.gravatar.com\/avatar\/65ca707900a8dbd7105786d9eb76eb2875a966e7545a220ad2b769e589c780e5?s=96&d=mm&r=g\",\"caption\":\"Andrea Hinterm\u00fcller\"}}]}<\/script>\n<!-- \/ Yoast SEO Premium plugin. -->","yoast_head_json":{"title":"Tre eventi estivi sul futuro della mobilit\u00e0 - Electrosuisse","robots":{"index":"index","follow":"follow","max-snippet":"max-snippet:-1","max-image-preview":"max-image-preview:large","max-video-preview":"max-video-preview:-1"},"canonical":"https:\/\/www.electrosuisse.ch\/it\/tre-eventi-estivi-sul-futuro-della-mobilita\/","og_locale":"it_IT","og_type":"article","og_title":"Tre eventi estivi sul futuro della mobilit\u00e0 - Electrosuisse","og_description":"[vc_row][vc_column][vc_column_text css=&#8221;&#8221;]La mobilit\u00e0 di nuova generazione potr\u00e0 essere sperimentata da vicino per tre volte quest&#8217;estate: A Zurigo in luglio, a Rapperswil in agosto e a Berna-Belp in settembre. Electrosuisse offre un accesso esclusivo al \u00abBackstage\u00bb di ogni evento per i membri del Next Generation &#8211; iscrivetevi subito![\/vc_column_text][vc_column_text css=&#8221;&#8221;] EUROPEAN HYPERLOOP WEEK: 19-21 luglio a Zurigo [&hellip;]","og_url":"https:\/\/www.electrosuisse.ch\/it\/tre-eventi-estivi-sul-futuro-della-mobilita\/","og_site_name":"Electrosuisse","article_published_time":"2024-07-11T12:46:39+00:00","article_modified_time":"2024-07-11T13:07:21+00:00","og_image":[{"width":1200,"height":675,"url":"https:\/\/www.electrosuisse.ch\/wp-content\/uploads\/2024\/07\/eforce-1660x585-1.png","type":"image\/png"}],"author":"Andrea Hinterm\u00fcller","schema":{"@context":"https:\/\/schema.org","@graph":[{"@type":"Article","@id":"https:\/\/www.electrosuisse.ch\/it\/tre-eventi-estivi-sul-futuro-della-mobilita\/#article","isPartOf":{"@id":"https:\/\/www.electrosuisse.ch\/it\/tre-eventi-estivi-sul-futuro-della-mobilita\/"},"author":{"name":"Andrea Hinterm\u00fcller","@id":"https:\/\/www.electrosuisse.ch\/it\/#\/schema\/person\/4511b20b7baa8bd28a362b20c15b659f"},"headline":"Tre eventi estivi sul futuro della mobilit\u00e0","datePublished":"2024-07-11T12:46:39+00:00","dateModified":"2024-07-11T13:07:21+00:00","mainEntityOfPage":{"@id":"https:\/\/www.electrosuisse.ch\/it\/tre-eventi-estivi-sul-futuro-della-mobilita\/"},"wordCount":589,"publisher":{"@id":"https:\/\/www.electrosuisse.ch\/it\/#organization"},"articleSection":["Non categorizzato"],"inLanguage":"it-IT"},{"@type":"WebPage","@id":"https:\/\/www.electrosuisse.ch\/it\/tre-eventi-estivi-sul-futuro-della-mobilita\/","url":"https:\/\/www.electrosuisse.ch\/it\/tre-eventi-estivi-sul-futuro-della-mobilita\/","name":"Tre eventi estivi sul futuro della mobilit\u00e0 - Electrosuisse","isPartOf":{"@id":"https:\/\/www.electrosuisse.ch\/it\/#website"},"datePublished":"2024-07-11T12:46:39+00:00","dateModified":"2024-07-11T13:07:21+00:00","inLanguage":"it-IT","potentialAction":[{"@type":"ReadAction","target":["https:\/\/www.electrosuisse.ch\/it\/tre-eventi-estivi-sul-futuro-della-mobilita\/"]}]},{"@type":"WebSite","@id":"https:\/\/www.electrosuisse.ch\/it\/#website","url":"https:\/\/www.electrosuisse.ch\/it\/","name":"Electrosuisse","description":"","publisher":{"@id":"https:\/\/www.electrosuisse.ch\/it\/#organization"},"potentialAction":[{"@type":"SearchAction","target":{"@type":"EntryPoint","urlTemplate":"https:\/\/www.electrosuisse.ch\/it\/?s={search_term_string}"},"query-input":{"@type":"PropertyValueSpecification","valueRequired":true,"valueName":"search_term_string"}}],"inLanguage":"it-IT"},{"@type":"Organization","@id":"https:\/\/www.electrosuisse.ch\/it\/#organization","name":"Electrosuisse","url":"https:\/\/www.electrosuisse.ch\/it\/","logo":{"@type":"ImageObject","inLanguage":"it-IT","@id":"https:\/\/www.electrosuisse.ch\/it\/#\/schema\/logo\/image\/","url":"https:\/\/www.electrosuisse.ch\/wp-content\/uploads\/2025\/04\/Electrosuisse_Logo_696x696.png","contentUrl":"https:\/\/www.electrosuisse.ch\/wp-content\/uploads\/2025\/04\/Electrosuisse_Logo_696x696.png","width":696,"height":696,"caption":"Electrosuisse"},"image":{"@id":"https:\/\/www.electrosuisse.ch\/it\/#\/schema\/logo\/image\/"},"sameAs":["https:\/\/www.linkedin.com\/company\/electrosuisse-ag\/posts\/?feedView=all","https:\/\/www.instagram.com\/electrosuisse1889\/","https:\/\/www.youtube.com\/channel\/UCoOxohMiVE0Gjcdis1L09zw"],"description":"Electrosuisse ist eine anerkannte und unabh\u00e4ngige Fachorganisation, die erstklassige Dienstleistungen und Produkte in den Bereichen Inspektion, Beratung, Pr\u00fcfung, Zertifizierung, Normung und Weiterbildung anbietet. Unsere Expertise umfasst Elektrotechnik, Elektromobilit\u00e4t, Energieberatung, Geb\u00e4udeautomation und Photovoltaik in der Schweiz. Durch die Veranstaltung etablierter Branchen-Events und Fachtagungen f\u00f6rdert Electrosuisse den Wissenstransfer und den fachlichen Austausch. Im Mittelpunkt unserer T\u00e4tigkeiten steht die F\u00f6rderung der sicheren, wirtschaftlichen und umweltgerechten Anwendung der Elektrotechnik."},{"@type":"Person","@id":"https:\/\/www.electrosuisse.ch\/it\/#\/schema\/person\/4511b20b7baa8bd28a362b20c15b659f","name":"Andrea Hinterm\u00fcller","image":{"@type":"ImageObject","inLanguage":"it-IT","@id":"https:\/\/www.electrosuisse.ch\/it\/#\/schema\/person\/image\/","url":"https:\/\/secure.gravatar.com\/avatar\/65ca707900a8dbd7105786d9eb76eb2875a966e7545a220ad2b769e589c780e5?s=96&d=mm&r=g","contentUrl":"https:\/\/secure.gravatar.com\/avatar\/65ca707900a8dbd7105786d9eb76eb2875a966e7545a220ad2b769e589c780e5?s=96&d=mm&r=g","caption":"Andrea Hinterm\u00fcller"}}]}},"amp_enabled":true,"_links":{"self":[{"href":"https:\/\/www.electrosuisse.ch\/it\/wp-json\/wp\/v2\/posts\/36194","targetHints":{"allow":["GET"]}}],"collection":[{"href":"https:\/\/www.electrosuisse.ch\/it\/wp-json\/wp\/v2\/posts"}],"about":[{"href":"https:\/\/www.electrosuisse.ch\/it\/wp-json\/wp\/v2\/types\/post"}],"author":[{"embeddable":true,"href":"https:\/\/www.electrosuisse.ch\/it\/wp-json\/wp\/v2\/users\/28"}],"replies":[{"embeddable":true,"href":"https:\/\/www.electrosuisse.ch\/it\/wp-json\/wp\/v2\/comments?post=36194"}],"version-history":[{"count":6,"href":"https:\/\/www.electrosuisse.ch\/it\/wp-json\/wp\/v2\/posts\/36194\/revisions"}],"predecessor-version":[{"id":36207,"href":"https:\/\/www.electrosuisse.ch\/it\/wp-json\/wp\/v2\/posts\/36194\/revisions\/36207"}],"wp:attachment":[{"href":"https:\/\/www.electrosuisse.ch\/it\/wp-json\/wp\/v2\/media?parent=36194"}],"wp:term":[{"taxonomy":"category","embeddable":true,"href":"https:\/\/www.electrosuisse.ch\/it\/wp-json\/wp\/v2\/categories?post=36194"},{"taxonomy":"post_tag","embeddable":true,"href":"https:\/\/www.electrosuisse.ch\/it\/wp-json\/wp\/v2\/tags?post=36194"}],"curies":[{"name":"wp","href":"https:\/\/api.w.org\/{rel}","templated":true}]}}