{"id":35637,"date":"2024-05-22T08:05:15","date_gmt":"2024-05-22T06:05:15","guid":{"rendered":"https:\/\/www.electrosuisse.ch\/?p=35637"},"modified":"2024-05-22T08:05:15","modified_gmt":"2024-05-22T06:05:15","slug":"comunicazioni-mobili-6g-nelle-alpi-luniversita-di-stoccarda-raggiunge-una-connessione-record","status":"publish","type":"post","link":"https:\/\/www.electrosuisse.ch\/it\/comunicazioni-mobili-6g-nelle-alpi-luniversita-di-stoccarda-raggiunge-una-connessione-record\/","title":{"rendered":"Comunicazioni mobili 6G nelle Alpi: l&#8217;Universit\u00e0 di Stoccarda raggiunge una connessione record"},"content":{"rendered":"<div class=\"wpb-content-wrapper\"><p>[vc_row][vc_column][vc_column_text css=&#8221;&#8221;]<strong>I ricercatori dell&#8217;Universit\u00e0 di Stoccarda hanno mostrato il pi\u00f9 potente collegamento radio 6G finora realizzato nelle Alpi. Questa tecnologia innovativa promette di rivoluzionare le comunicazioni anche nelle aree remote.<\/strong><\/p>\n<p>In un esperimento, ricercatori e studenti dell&#8217;Universit\u00e0 di Stoccarda hanno mostrato il pi\u00f9 potente collegamento radio 6G nelle Alpi austriache. Il progetto, noto come EIVE-T, mira a realizzare la prossima generazione di comunicazioni mobili. \u00c8 stato stabilito un collegamento radio a banda larga tra la valle di G\u00f6tzens e la cima dell&#8217;Hafelekar su una distanza di 2 x 10,5 chilometri, trasmettendo dati a una velocit\u00e0 di 25 Gb\/s. Queste prestazioni superano in modo significativo gli standard convenzionali, sia in termini di portata che di velocit\u00e0 dei dati.<\/p>\n<p>Il professor Ingmar Kallfass dell&#8217;Institute for Robust Power Semiconductor Systems (ILH) sottolinea l&#8217;importanza di questa tecnologia per il futuro: &#8220;Una rete 6G potrebbe cambiare radicalmente il modo in cui comunichiamo e interagiamo con il mondo, creando un&#8217;infrastruttura di comunicazione ad alta velocit\u00e0 affidabile e onnipresente&#8221;. Combinando le comunicazioni satellitari e a banda larga, le aree remote e gli ambienti urbani potrebbero essere coperti allo stesso modo, consentendo, ad esempio, lo streaming ad alta definizione, i voli di droni controllati a distanza e le chiamate di emergenza in regioni remote.<\/p>\n<p>L&#8217;esperimento nelle Alpi ha presentato notevoli sfide tecniche, in particolare a causa delle condizioni invernali estreme e della necessit\u00e0 di penetrare in densi strati di nuvole. Un cercatore di direzione appositamente sviluppato ha permesso di allineare con precisione l&#8217;antenna del riflettore sulla montagna, fornendo una connessione robusta senza linea di vista diretta.<\/p>\n<p>Il progetto EIVE-T, sostenuto dal Centro Aerospaziale Tedesco (DLR) e dal Ministero Federale dell&#8217;Economia e della Protezione del Clima (BMWK), nonch\u00e9 dal supporto scientifico dell&#8217;Istituto Fraunhofer per la Fisica Applicata allo Stato Solido (IAF) e di Radiometer Physics GmbH, mira a sviluppare un componente chiave per una rete mobile 6G globale e ad alte prestazioni. La dimostrazione nelle Alpi mostra l&#8217;enorme potenziale di questa tecnologia per fornire connessioni dati affidabili e veloci anche nelle regioni pi\u00f9 remote del mondo.<\/p>\n<p>Ulteriori informazioni sono disponibili all&#8217;indirizzo:<br \/>\n<a href=\"https:\/\/idw-online.de\/de\/news832082\">https:\/\/idw-online.de\/de\/news832082\u00a0<\/a>[\/vc_column_text][\/vc_column][\/vc_row]<\/p>\n<\/div>","protected":false},"excerpt":{"rendered":"<p>[vc_row][vc_column][vc_column_text css=&#8221;&#8221;]I ricercatori dell&#8217;Universit\u00e0 di Stoccarda hanno mostrato il pi\u00f9 potente collegamento radio 6G finora realizzato nelle Alpi. Questa tecnologia innovativa promette di rivoluzionare le comunicazioni anche nelle aree remote. In un esperimento, ricercatori e studenti dell&#8217;Universit\u00e0 di Stoccarda hanno mostrato il pi\u00f9 potente collegamento radio 6G nelle Alpi austriache. Il progetto, noto come EIVE-T, [&hellip;]<\/p>\n","protected":false},"author":38,"featured_media":0,"comment_status":"closed","ping_status":"closed","sticky":false,"template":"","format":"standard","meta":{"_acf_changed":false,"_monsterinsights_skip_tracking":false,"_monsterinsights_sitenote_active":false,"_monsterinsights_sitenote_note":"","_monsterinsights_sitenote_category":0,"footnotes":""},"categories":[45],"tags":[],"class_list":["post-35637","post","type-post","status-publish","format-standard","hentry","category-non-categorizzato"],"acf":[],"yoast_head":"<!-- This site is optimized with the Yoast SEO Premium plugin v26.4 (Yoast SEO v27.0) - https:\/\/yoast.com\/product\/yoast-seo-premium-wordpress\/ -->\n<title>Comunicazioni mobili 6G nelle Alpi: l&#039;Universit\u00e0 di Stoccarda raggiunge una connessione record - Electrosuisse<\/title>\n<meta name=\"robots\" content=\"index, follow, max-snippet:-1, max-image-preview:large, max-video-preview:-1\" \/>\n<link rel=\"canonical\" href=\"https:\/\/www.electrosuisse.ch\/it\/comunicazioni-mobili-6g-nelle-alpi-luniversita-di-stoccarda-raggiunge-una-connessione-record\/\" \/>\n<meta property=\"og:locale\" content=\"it_IT\" \/>\n<meta property=\"og:type\" content=\"article\" \/>\n<meta property=\"og:title\" content=\"Comunicazioni mobili 6G nelle Alpi: l&#039;Universit\u00e0 di Stoccarda raggiunge una connessione record - Electrosuisse\" \/>\n<meta property=\"og:description\" content=\"[vc_row][vc_column][vc_column_text css=&#8221;&#8221;]I ricercatori dell&#8217;Universit\u00e0 di Stoccarda hanno mostrato il pi\u00f9 potente collegamento radio 6G finora realizzato nelle Alpi. Questa tecnologia innovativa promette di rivoluzionare le comunicazioni anche nelle aree remote. In un esperimento, ricercatori e studenti dell&#8217;Universit\u00e0 di Stoccarda hanno mostrato il pi\u00f9 potente collegamento radio 6G nelle Alpi austriache. Il progetto, noto come EIVE-T, [&hellip;]\" \/>\n<meta property=\"og:url\" content=\"https:\/\/www.electrosuisse.ch\/it\/comunicazioni-mobili-6g-nelle-alpi-luniversita-di-stoccarda-raggiunge-una-connessione-record\/\" \/>\n<meta property=\"og:site_name\" content=\"Electrosuisse\" \/>\n<meta property=\"article:published_time\" content=\"2024-05-22T06:05:15+00:00\" \/>\n<meta property=\"og:image\" content=\"https:\/\/www.electrosuisse.ch\/wp-content\/uploads\/2024\/05\/6G_1660x470.png\" \/>\n\t<meta property=\"og:image:width\" content=\"1200\" \/>\n\t<meta property=\"og:image:height\" content=\"675\" \/>\n\t<meta property=\"og:image:type\" content=\"image\/png\" \/>\n<meta name=\"author\" content=\"Sina Joller\" \/>\n<script type=\"application\/ld+json\" class=\"yoast-schema-graph\">{\"@context\":\"https:\/\/schema.org\",\"@graph\":[{\"@type\":\"Article\",\"@id\":\"https:\/\/www.electrosuisse.ch\/it\/comunicazioni-mobili-6g-nelle-alpi-luniversita-di-stoccarda-raggiunge-una-connessione-record\/#article\",\"isPartOf\":{\"@id\":\"https:\/\/www.electrosuisse.ch\/it\/comunicazioni-mobili-6g-nelle-alpi-luniversita-di-stoccarda-raggiunge-una-connessione-record\/\"},\"author\":{\"name\":\"Sina Joller\",\"@id\":\"https:\/\/www.electrosuisse.ch\/it\/#\/schema\/person\/e8142e4593653cd8447f7f52e1e5379f\"},\"headline\":\"Comunicazioni mobili 6G nelle Alpi: l&#8217;Universit\u00e0 di Stoccarda raggiunge una connessione record\",\"datePublished\":\"2024-05-22T06:05:15+00:00\",\"mainEntityOfPage\":{\"@id\":\"https:\/\/www.electrosuisse.ch\/it\/comunicazioni-mobili-6g-nelle-alpi-luniversita-di-stoccarda-raggiunge-una-connessione-record\/\"},\"wordCount\":384,\"publisher\":{\"@id\":\"https:\/\/www.electrosuisse.ch\/it\/#organization\"},\"articleSection\":[\"Non categorizzato\"],\"inLanguage\":\"it-IT\"},{\"@type\":\"WebPage\",\"@id\":\"https:\/\/www.electrosuisse.ch\/it\/comunicazioni-mobili-6g-nelle-alpi-luniversita-di-stoccarda-raggiunge-una-connessione-record\/\",\"url\":\"https:\/\/www.electrosuisse.ch\/it\/comunicazioni-mobili-6g-nelle-alpi-luniversita-di-stoccarda-raggiunge-una-connessione-record\/\",\"name\":\"Comunicazioni mobili 6G nelle Alpi: l'Universit\u00e0 di Stoccarda raggiunge una connessione record - Electrosuisse\",\"isPartOf\":{\"@id\":\"https:\/\/www.electrosuisse.ch\/it\/#website\"},\"datePublished\":\"2024-05-22T06:05:15+00:00\",\"inLanguage\":\"it-IT\",\"potentialAction\":[{\"@type\":\"ReadAction\",\"target\":[\"https:\/\/www.electrosuisse.ch\/it\/comunicazioni-mobili-6g-nelle-alpi-luniversita-di-stoccarda-raggiunge-una-connessione-record\/\"]}]},{\"@type\":\"WebSite\",\"@id\":\"https:\/\/www.electrosuisse.ch\/it\/#website\",\"url\":\"https:\/\/www.electrosuisse.ch\/it\/\",\"name\":\"Electrosuisse\",\"description\":\"\",\"publisher\":{\"@id\":\"https:\/\/www.electrosuisse.ch\/it\/#organization\"},\"potentialAction\":[{\"@type\":\"SearchAction\",\"target\":{\"@type\":\"EntryPoint\",\"urlTemplate\":\"https:\/\/www.electrosuisse.ch\/it\/?s={search_term_string}\"},\"query-input\":{\"@type\":\"PropertyValueSpecification\",\"valueRequired\":true,\"valueName\":\"search_term_string\"}}],\"inLanguage\":\"it-IT\"},{\"@type\":\"Organization\",\"@id\":\"https:\/\/www.electrosuisse.ch\/it\/#organization\",\"name\":\"Electrosuisse\",\"url\":\"https:\/\/www.electrosuisse.ch\/it\/\",\"logo\":{\"@type\":\"ImageObject\",\"inLanguage\":\"it-IT\",\"@id\":\"https:\/\/www.electrosuisse.ch\/it\/#\/schema\/logo\/image\/\",\"url\":\"https:\/\/www.electrosuisse.ch\/wp-content\/uploads\/2025\/04\/Electrosuisse_Logo_696x696.png\",\"contentUrl\":\"https:\/\/www.electrosuisse.ch\/wp-content\/uploads\/2025\/04\/Electrosuisse_Logo_696x696.png\",\"width\":696,\"height\":696,\"caption\":\"Electrosuisse\"},\"image\":{\"@id\":\"https:\/\/www.electrosuisse.ch\/it\/#\/schema\/logo\/image\/\"},\"sameAs\":[\"https:\/\/www.linkedin.com\/company\/electrosuisse-ag\/posts\/?feedView=all\",\"https:\/\/www.instagram.com\/electrosuisse1889\/\",\"https:\/\/www.youtube.com\/channel\/UCoOxohMiVE0Gjcdis1L09zw\"],\"description\":\"Electrosuisse ist eine anerkannte und unabh\u00e4ngige Fachorganisation, die erstklassige Dienstleistungen und Produkte in den Bereichen Inspektion, Beratung, Pr\u00fcfung, Zertifizierung, Normung und Weiterbildung anbietet. Unsere Expertise umfasst Elektrotechnik, Elektromobilit\u00e4t, Energieberatung, Geb\u00e4udeautomation und Photovoltaik in der Schweiz. Durch die Veranstaltung etablierter Branchen-Events und Fachtagungen f\u00f6rdert Electrosuisse den Wissenstransfer und den fachlichen Austausch. Im Mittelpunkt unserer T\u00e4tigkeiten steht die F\u00f6rderung der sicheren, wirtschaftlichen und umweltgerechten Anwendung der Elektrotechnik.\"},{\"@type\":\"Person\",\"@id\":\"https:\/\/www.electrosuisse.ch\/it\/#\/schema\/person\/e8142e4593653cd8447f7f52e1e5379f\",\"name\":\"Sina Joller\",\"image\":{\"@type\":\"ImageObject\",\"inLanguage\":\"it-IT\",\"@id\":\"https:\/\/www.electrosuisse.ch\/it\/#\/schema\/person\/image\/\",\"url\":\"https:\/\/secure.gravatar.com\/avatar\/f4249260ddfc146ca88a738cc36d33a9064b17699fb30f04ffaa14260da60942?s=96&d=mm&r=g\",\"contentUrl\":\"https:\/\/secure.gravatar.com\/avatar\/f4249260ddfc146ca88a738cc36d33a9064b17699fb30f04ffaa14260da60942?s=96&d=mm&r=g\",\"caption\":\"Sina Joller\"}}]}<\/script>\n<!-- \/ Yoast SEO Premium plugin. -->","yoast_head_json":{"title":"Comunicazioni mobili 6G nelle Alpi: l'Universit\u00e0 di Stoccarda raggiunge una connessione record - Electrosuisse","robots":{"index":"index","follow":"follow","max-snippet":"max-snippet:-1","max-image-preview":"max-image-preview:large","max-video-preview":"max-video-preview:-1"},"canonical":"https:\/\/www.electrosuisse.ch\/it\/comunicazioni-mobili-6g-nelle-alpi-luniversita-di-stoccarda-raggiunge-una-connessione-record\/","og_locale":"it_IT","og_type":"article","og_title":"Comunicazioni mobili 6G nelle Alpi: l'Universit\u00e0 di Stoccarda raggiunge una connessione record - Electrosuisse","og_description":"[vc_row][vc_column][vc_column_text css=&#8221;&#8221;]I ricercatori dell&#8217;Universit\u00e0 di Stoccarda hanno mostrato il pi\u00f9 potente collegamento radio 6G finora realizzato nelle Alpi. Questa tecnologia innovativa promette di rivoluzionare le comunicazioni anche nelle aree remote. In un esperimento, ricercatori e studenti dell&#8217;Universit\u00e0 di Stoccarda hanno mostrato il pi\u00f9 potente collegamento radio 6G nelle Alpi austriache. Il progetto, noto come EIVE-T, [&hellip;]","og_url":"https:\/\/www.electrosuisse.ch\/it\/comunicazioni-mobili-6g-nelle-alpi-luniversita-di-stoccarda-raggiunge-una-connessione-record\/","og_site_name":"Electrosuisse","article_published_time":"2024-05-22T06:05:15+00:00","og_image":[{"width":1200,"height":675,"url":"https:\/\/www.electrosuisse.ch\/wp-content\/uploads\/2024\/05\/6G_1660x470.png","type":"image\/png"}],"author":"Sina Joller","schema":{"@context":"https:\/\/schema.org","@graph":[{"@type":"Article","@id":"https:\/\/www.electrosuisse.ch\/it\/comunicazioni-mobili-6g-nelle-alpi-luniversita-di-stoccarda-raggiunge-una-connessione-record\/#article","isPartOf":{"@id":"https:\/\/www.electrosuisse.ch\/it\/comunicazioni-mobili-6g-nelle-alpi-luniversita-di-stoccarda-raggiunge-una-connessione-record\/"},"author":{"name":"Sina Joller","@id":"https:\/\/www.electrosuisse.ch\/it\/#\/schema\/person\/e8142e4593653cd8447f7f52e1e5379f"},"headline":"Comunicazioni mobili 6G nelle Alpi: l&#8217;Universit\u00e0 di Stoccarda raggiunge una connessione record","datePublished":"2024-05-22T06:05:15+00:00","mainEntityOfPage":{"@id":"https:\/\/www.electrosuisse.ch\/it\/comunicazioni-mobili-6g-nelle-alpi-luniversita-di-stoccarda-raggiunge-una-connessione-record\/"},"wordCount":384,"publisher":{"@id":"https:\/\/www.electrosuisse.ch\/it\/#organization"},"articleSection":["Non categorizzato"],"inLanguage":"it-IT"},{"@type":"WebPage","@id":"https:\/\/www.electrosuisse.ch\/it\/comunicazioni-mobili-6g-nelle-alpi-luniversita-di-stoccarda-raggiunge-una-connessione-record\/","url":"https:\/\/www.electrosuisse.ch\/it\/comunicazioni-mobili-6g-nelle-alpi-luniversita-di-stoccarda-raggiunge-una-connessione-record\/","name":"Comunicazioni mobili 6G nelle Alpi: l'Universit\u00e0 di Stoccarda raggiunge una connessione record - Electrosuisse","isPartOf":{"@id":"https:\/\/www.electrosuisse.ch\/it\/#website"},"datePublished":"2024-05-22T06:05:15+00:00","inLanguage":"it-IT","potentialAction":[{"@type":"ReadAction","target":["https:\/\/www.electrosuisse.ch\/it\/comunicazioni-mobili-6g-nelle-alpi-luniversita-di-stoccarda-raggiunge-una-connessione-record\/"]}]},{"@type":"WebSite","@id":"https:\/\/www.electrosuisse.ch\/it\/#website","url":"https:\/\/www.electrosuisse.ch\/it\/","name":"Electrosuisse","description":"","publisher":{"@id":"https:\/\/www.electrosuisse.ch\/it\/#organization"},"potentialAction":[{"@type":"SearchAction","target":{"@type":"EntryPoint","urlTemplate":"https:\/\/www.electrosuisse.ch\/it\/?s={search_term_string}"},"query-input":{"@type":"PropertyValueSpecification","valueRequired":true,"valueName":"search_term_string"}}],"inLanguage":"it-IT"},{"@type":"Organization","@id":"https:\/\/www.electrosuisse.ch\/it\/#organization","name":"Electrosuisse","url":"https:\/\/www.electrosuisse.ch\/it\/","logo":{"@type":"ImageObject","inLanguage":"it-IT","@id":"https:\/\/www.electrosuisse.ch\/it\/#\/schema\/logo\/image\/","url":"https:\/\/www.electrosuisse.ch\/wp-content\/uploads\/2025\/04\/Electrosuisse_Logo_696x696.png","contentUrl":"https:\/\/www.electrosuisse.ch\/wp-content\/uploads\/2025\/04\/Electrosuisse_Logo_696x696.png","width":696,"height":696,"caption":"Electrosuisse"},"image":{"@id":"https:\/\/www.electrosuisse.ch\/it\/#\/schema\/logo\/image\/"},"sameAs":["https:\/\/www.linkedin.com\/company\/electrosuisse-ag\/posts\/?feedView=all","https:\/\/www.instagram.com\/electrosuisse1889\/","https:\/\/www.youtube.com\/channel\/UCoOxohMiVE0Gjcdis1L09zw"],"description":"Electrosuisse ist eine anerkannte und unabh\u00e4ngige Fachorganisation, die erstklassige Dienstleistungen und Produkte in den Bereichen Inspektion, Beratung, Pr\u00fcfung, Zertifizierung, Normung und Weiterbildung anbietet. Unsere Expertise umfasst Elektrotechnik, Elektromobilit\u00e4t, Energieberatung, Geb\u00e4udeautomation und Photovoltaik in der Schweiz. Durch die Veranstaltung etablierter Branchen-Events und Fachtagungen f\u00f6rdert Electrosuisse den Wissenstransfer und den fachlichen Austausch. Im Mittelpunkt unserer T\u00e4tigkeiten steht die F\u00f6rderung der sicheren, wirtschaftlichen und umweltgerechten Anwendung der Elektrotechnik."},{"@type":"Person","@id":"https:\/\/www.electrosuisse.ch\/it\/#\/schema\/person\/e8142e4593653cd8447f7f52e1e5379f","name":"Sina Joller","image":{"@type":"ImageObject","inLanguage":"it-IT","@id":"https:\/\/www.electrosuisse.ch\/it\/#\/schema\/person\/image\/","url":"https:\/\/secure.gravatar.com\/avatar\/f4249260ddfc146ca88a738cc36d33a9064b17699fb30f04ffaa14260da60942?s=96&d=mm&r=g","contentUrl":"https:\/\/secure.gravatar.com\/avatar\/f4249260ddfc146ca88a738cc36d33a9064b17699fb30f04ffaa14260da60942?s=96&d=mm&r=g","caption":"Sina Joller"}}]}},"amp_enabled":true,"_links":{"self":[{"href":"https:\/\/www.electrosuisse.ch\/it\/wp-json\/wp\/v2\/posts\/35637","targetHints":{"allow":["GET"]}}],"collection":[{"href":"https:\/\/www.electrosuisse.ch\/it\/wp-json\/wp\/v2\/posts"}],"about":[{"href":"https:\/\/www.electrosuisse.ch\/it\/wp-json\/wp\/v2\/types\/post"}],"author":[{"embeddable":true,"href":"https:\/\/www.electrosuisse.ch\/it\/wp-json\/wp\/v2\/users\/38"}],"replies":[{"embeddable":true,"href":"https:\/\/www.electrosuisse.ch\/it\/wp-json\/wp\/v2\/comments?post=35637"}],"version-history":[{"count":1,"href":"https:\/\/www.electrosuisse.ch\/it\/wp-json\/wp\/v2\/posts\/35637\/revisions"}],"predecessor-version":[{"id":35638,"href":"https:\/\/www.electrosuisse.ch\/it\/wp-json\/wp\/v2\/posts\/35637\/revisions\/35638"}],"wp:attachment":[{"href":"https:\/\/www.electrosuisse.ch\/it\/wp-json\/wp\/v2\/media?parent=35637"}],"wp:term":[{"taxonomy":"category","embeddable":true,"href":"https:\/\/www.electrosuisse.ch\/it\/wp-json\/wp\/v2\/categories?post=35637"},{"taxonomy":"post_tag","embeddable":true,"href":"https:\/\/www.electrosuisse.ch\/it\/wp-json\/wp\/v2\/tags?post=35637"}],"curies":[{"name":"wp","href":"https:\/\/api.w.org\/{rel}","templated":true}]}}