{"id":34773,"date":"2024-04-04T09:52:20","date_gmt":"2024-04-04T07:52:20","guid":{"rendered":"https:\/\/www.electrosuisse.ch\/?p=34773"},"modified":"2024-04-04T09:52:20","modified_gmt":"2024-04-04T07:52:20","slug":"energie-rinnovabili","status":"publish","type":"post","link":"https:\/\/www.electrosuisse.ch\/it\/energie-rinnovabili\/","title":{"rendered":"Il decreto quadro e il futuro delle energie rinnovabili"},"content":{"rendered":"<div class=\"wpb-content-wrapper\"><p>[vc_row][vc_column][vc_column_text]Il decreto quadro, ora denominato &#8220;Attuazione della legge federale per un approvvigionamento elettrico sicuro con le energie rinnovabili&#8221;, \u00e8 attualmente in consultazione per le associazioni fino al 28 maggio 2024. Gli elettori svizzeri avranno quindi la possibilit\u00e0 di votare sul progetto di legge il 9 giugno 2024.<\/p>\n<p>Il pacchetto di ordinanze contiene diverse misure mirate a favorire un&#8217;espansione accelerata delle energie rinnovabili, specialmente durante il periodo invernale, e delle reti elettriche. Le modifiche e i contenuti principali includono:<\/p>\n<p><strong>Ordinanza sull&#8217;energia (OEn):<\/strong> Miglioramento dello status degli impianti fotovoltaici e idroelettrici nella pianificazione territoriale e introdurre obblighi di efficienza per le aziende fornitrici di energia. Quest&#8217;ultimi mirano a generare guadagni di efficienza pari a 2 TWh all&#8217;anno entro il 2035, offrendo programmi di efficienza energetica finanziati attraverso il prezzo dell&#8217;elettricit\u00e0 ai consumatori di energia. Verranno inoltre ampliate le opportunit\u00e0 per i raggruppamenti ai fini del consumo proprio (RCP) e le comunit\u00e0 elettriche locali (CEL), che saranno ampiamente indipendenti dal fornitore di energia locale.<\/p>\n<p><strong>Ordinanza sulla promozione dell&#8217;energia (OPEn):<\/strong> Sar\u00e0 istituito un fondo di compensazione attraverso il nuovo strumento di sovvenzione &#8220;Premio di mercato fluttuante&#8221; per il funzionamento degli impianti di produzione di energia rinnovabile. Gli investitori riceveranno un credito per il deficit tra il prezzo di vendita previsto al momento dell&#8217;investimento e il prezzo effettivo di mercato al momento della produzione, oppure verr\u00e0 detratto un surplus di rendimento. Il &#8220;premio di mercato&#8221; sar\u00e0 calcolato secondo modelli diversi a seconda del tipo di produzione rinnovabile.<\/p>\n<p><strong>Ordinanza sull\u2019approvvigionamento elettrico (OAEl):<\/strong> Si introdurr\u00e0 una quantit\u00e0 minima di energia rinnovabile che le aziende fornitrici di energia dovranno fornire ai clienti impegnati. Inoltre, i fornitori di energia potranno trasferire i costi dei necessari potenziamenti della rete per le energie rinnovabili a Swissgrid e quindi alla tariffa di utilizzo della rete nazionale.<\/p>\n<p><strong>Ordinanza sulla riserva invernale (OREI):<\/strong> Sar\u00e0 richiesto un livello minimo di riempimento dei serbatoi. Le riserve provenienti da altri impianti di stoccaggio dell&#8217;energia o da riduzioni del carico da parte di grandi consumatori continueranno ad essere acquistate tramite gare d&#8217;appalto.<\/p>\n<p><strong>Ordinanza sull\u2019organizzazione del settore dell\u2019energia elettrica per garantire l\u2019approvvigionamento economico del Paese (OOSE): <\/strong>Swissgrid sar\u00e0 ora responsabile anche del monitoraggio dei livelli dei serbatoi. La supervisione di Swissgrid in questa funzione sar\u00e0 affidata al settore specializzato Energia dell\u2019Approvvigionamento Economico del Paese.<\/p>\n<p><strong>Ordinanza del DATEC sulla garanzia di origine per combustibili e carburanti (OGOCC):<\/strong> Si tratta di una nuova ordinanza che \u00e8 stata integrata nel pacchetto. Estende il sistema di garanzie di origine dall&#8217;elettricit\u00e0 ai combustibili e ai carburanti, sostituendo l&#8217;attuale centro di compensazione del biogas.[\/vc_column_text][\/vc_column][\/vc_row]<\/p>\n<\/div>","protected":false},"excerpt":{"rendered":"<p>[vc_row][vc_column][vc_column_text]Il decreto quadro, ora denominato &#8220;Attuazione della legge federale per un approvvigionamento elettrico sicuro con le energie rinnovabili&#8221;, \u00e8 attualmente in consultazione per le associazioni fino al 28 maggio 2024. Gli elettori svizzeri avranno quindi la possibilit\u00e0 di votare sul progetto di legge il 9 giugno 2024. Il pacchetto di ordinanze contiene diverse misure mirate [&hellip;]<\/p>\n","protected":false},"author":38,"featured_media":0,"comment_status":"closed","ping_status":"closed","sticky":false,"template":"","format":"standard","meta":{"_acf_changed":false,"_monsterinsights_skip_tracking":false,"_monsterinsights_sitenote_active":false,"_monsterinsights_sitenote_note":"","_monsterinsights_sitenote_category":0,"footnotes":""},"categories":[45],"tags":[],"class_list":["post-34773","post","type-post","status-publish","format-standard","hentry","category-non-categorizzato"],"acf":[],"yoast_head":"<!-- This site is optimized with the Yoast SEO Premium plugin v26.4 (Yoast SEO v27.0) - https:\/\/yoast.com\/product\/yoast-seo-premium-wordpress\/ -->\n<title>Il decreto quadro e il futuro delle energie rinnovabili - Electrosuisse<\/title>\n<meta name=\"description\" content=\"Il decreto quadro, ora denominato &quot;Attuazione della legge federale per un approvvigionamento elettrico sicuro con le energie rinnovabili&quot;, \u00e8 attualmente in consultazione per le associazioni fino al 28 maggio 2024. Gli elettori svizzeri avranno quindi la possibilit\u00e0 di votare sul progetto di legge il 9 giugno 2024.\" \/>\n<meta name=\"robots\" content=\"index, follow, max-snippet:-1, max-image-preview:large, max-video-preview:-1\" \/>\n<link rel=\"canonical\" href=\"https:\/\/www.electrosuisse.ch\/it\/energie-rinnovabili\/\" \/>\n<meta property=\"og:locale\" content=\"it_IT\" \/>\n<meta property=\"og:type\" content=\"article\" \/>\n<meta property=\"og:title\" content=\"Il decreto quadro e il futuro delle energie rinnovabili - Electrosuisse\" \/>\n<meta property=\"og:description\" content=\"Il decreto quadro, ora denominato &quot;Attuazione della legge federale per un approvvigionamento elettrico sicuro con le energie rinnovabili&quot;, \u00e8 attualmente in consultazione per le associazioni fino al 28 maggio 2024. Gli elettori svizzeri avranno quindi la possibilit\u00e0 di votare sul progetto di legge il 9 giugno 2024.\" \/>\n<meta property=\"og:url\" content=\"https:\/\/www.electrosuisse.ch\/it\/energie-rinnovabili\/\" \/>\n<meta property=\"og:site_name\" content=\"Electrosuisse\" \/>\n<meta property=\"article:published_time\" content=\"2024-04-04T07:52:20+00:00\" \/>\n<meta property=\"og:image\" content=\"https:\/\/www.electrosuisse.ch\/wp-content\/uploads\/2024\/03\/Vernehmlassung_1660x470.png\" \/>\n\t<meta property=\"og:image:width\" content=\"1200\" \/>\n\t<meta property=\"og:image:height\" content=\"675\" \/>\n\t<meta property=\"og:image:type\" content=\"image\/png\" \/>\n<meta name=\"author\" content=\"Sina Joller\" \/>\n<script type=\"application\/ld+json\" class=\"yoast-schema-graph\">{\"@context\":\"https:\/\/schema.org\",\"@graph\":[{\"@type\":\"Article\",\"@id\":\"https:\/\/www.electrosuisse.ch\/it\/energie-rinnovabili\/#article\",\"isPartOf\":{\"@id\":\"https:\/\/www.electrosuisse.ch\/it\/energie-rinnovabili\/\"},\"author\":{\"name\":\"Sina Joller\",\"@id\":\"https:\/\/www.electrosuisse.ch\/it\/#\/schema\/person\/e8142e4593653cd8447f7f52e1e5379f\"},\"headline\":\"Il decreto quadro e il futuro delle energie rinnovabili\",\"datePublished\":\"2024-04-04T07:52:20+00:00\",\"mainEntityOfPage\":{\"@id\":\"https:\/\/www.electrosuisse.ch\/it\/energie-rinnovabili\/\"},\"wordCount\":450,\"publisher\":{\"@id\":\"https:\/\/www.electrosuisse.ch\/it\/#organization\"},\"articleSection\":[\"Non categorizzato\"],\"inLanguage\":\"it-IT\"},{\"@type\":\"WebPage\",\"@id\":\"https:\/\/www.electrosuisse.ch\/it\/energie-rinnovabili\/\",\"url\":\"https:\/\/www.electrosuisse.ch\/it\/energie-rinnovabili\/\",\"name\":\"Il decreto quadro e il futuro delle energie rinnovabili - Electrosuisse\",\"isPartOf\":{\"@id\":\"https:\/\/www.electrosuisse.ch\/it\/#website\"},\"datePublished\":\"2024-04-04T07:52:20+00:00\",\"description\":\"Il decreto quadro, ora denominato \\\"Attuazione della legge federale per un approvvigionamento elettrico sicuro con le energie rinnovabili\\\", \u00e8 attualmente in consultazione per le associazioni fino al 28 maggio 2024. Gli elettori svizzeri avranno quindi la possibilit\u00e0 di votare sul progetto di legge il 9 giugno 2024.\",\"inLanguage\":\"it-IT\",\"potentialAction\":[{\"@type\":\"ReadAction\",\"target\":[\"https:\/\/www.electrosuisse.ch\/it\/energie-rinnovabili\/\"]}]},{\"@type\":\"WebSite\",\"@id\":\"https:\/\/www.electrosuisse.ch\/it\/#website\",\"url\":\"https:\/\/www.electrosuisse.ch\/it\/\",\"name\":\"Electrosuisse\",\"description\":\"\",\"publisher\":{\"@id\":\"https:\/\/www.electrosuisse.ch\/it\/#organization\"},\"potentialAction\":[{\"@type\":\"SearchAction\",\"target\":{\"@type\":\"EntryPoint\",\"urlTemplate\":\"https:\/\/www.electrosuisse.ch\/it\/?s={search_term_string}\"},\"query-input\":{\"@type\":\"PropertyValueSpecification\",\"valueRequired\":true,\"valueName\":\"search_term_string\"}}],\"inLanguage\":\"it-IT\"},{\"@type\":\"Organization\",\"@id\":\"https:\/\/www.electrosuisse.ch\/it\/#organization\",\"name\":\"Electrosuisse\",\"url\":\"https:\/\/www.electrosuisse.ch\/it\/\",\"logo\":{\"@type\":\"ImageObject\",\"inLanguage\":\"it-IT\",\"@id\":\"https:\/\/www.electrosuisse.ch\/it\/#\/schema\/logo\/image\/\",\"url\":\"https:\/\/www.electrosuisse.ch\/wp-content\/uploads\/2025\/04\/Electrosuisse_Logo_696x696.png\",\"contentUrl\":\"https:\/\/www.electrosuisse.ch\/wp-content\/uploads\/2025\/04\/Electrosuisse_Logo_696x696.png\",\"width\":696,\"height\":696,\"caption\":\"Electrosuisse\"},\"image\":{\"@id\":\"https:\/\/www.electrosuisse.ch\/it\/#\/schema\/logo\/image\/\"},\"sameAs\":[\"https:\/\/www.linkedin.com\/company\/electrosuisse-ag\/posts\/?feedView=all\",\"https:\/\/www.instagram.com\/electrosuisse1889\/\",\"https:\/\/www.youtube.com\/channel\/UCoOxohMiVE0Gjcdis1L09zw\"],\"description\":\"Electrosuisse ist eine anerkannte und unabh\u00e4ngige Fachorganisation, die erstklassige Dienstleistungen und Produkte in den Bereichen Inspektion, Beratung, Pr\u00fcfung, Zertifizierung, Normung und Weiterbildung anbietet. Unsere Expertise umfasst Elektrotechnik, Elektromobilit\u00e4t, Energieberatung, Geb\u00e4udeautomation und Photovoltaik in der Schweiz. Durch die Veranstaltung etablierter Branchen-Events und Fachtagungen f\u00f6rdert Electrosuisse den Wissenstransfer und den fachlichen Austausch. Im Mittelpunkt unserer T\u00e4tigkeiten steht die F\u00f6rderung der sicheren, wirtschaftlichen und umweltgerechten Anwendung der Elektrotechnik.\"},{\"@type\":\"Person\",\"@id\":\"https:\/\/www.electrosuisse.ch\/it\/#\/schema\/person\/e8142e4593653cd8447f7f52e1e5379f\",\"name\":\"Sina Joller\",\"image\":{\"@type\":\"ImageObject\",\"inLanguage\":\"it-IT\",\"@id\":\"https:\/\/www.electrosuisse.ch\/it\/#\/schema\/person\/image\/\",\"url\":\"https:\/\/secure.gravatar.com\/avatar\/f4249260ddfc146ca88a738cc36d33a9064b17699fb30f04ffaa14260da60942?s=96&d=mm&r=g\",\"contentUrl\":\"https:\/\/secure.gravatar.com\/avatar\/f4249260ddfc146ca88a738cc36d33a9064b17699fb30f04ffaa14260da60942?s=96&d=mm&r=g\",\"caption\":\"Sina Joller\"}}]}<\/script>\n<!-- \/ Yoast SEO Premium plugin. -->","yoast_head_json":{"title":"Il decreto quadro e il futuro delle energie rinnovabili - Electrosuisse","description":"Il decreto quadro, ora denominato \"Attuazione della legge federale per un approvvigionamento elettrico sicuro con le energie rinnovabili\", \u00e8 attualmente in consultazione per le associazioni fino al 28 maggio 2024. Gli elettori svizzeri avranno quindi la possibilit\u00e0 di votare sul progetto di legge il 9 giugno 2024.","robots":{"index":"index","follow":"follow","max-snippet":"max-snippet:-1","max-image-preview":"max-image-preview:large","max-video-preview":"max-video-preview:-1"},"canonical":"https:\/\/www.electrosuisse.ch\/it\/energie-rinnovabili\/","og_locale":"it_IT","og_type":"article","og_title":"Il decreto quadro e il futuro delle energie rinnovabili - Electrosuisse","og_description":"Il decreto quadro, ora denominato \"Attuazione della legge federale per un approvvigionamento elettrico sicuro con le energie rinnovabili\", \u00e8 attualmente in consultazione per le associazioni fino al 28 maggio 2024. Gli elettori svizzeri avranno quindi la possibilit\u00e0 di votare sul progetto di legge il 9 giugno 2024.","og_url":"https:\/\/www.electrosuisse.ch\/it\/energie-rinnovabili\/","og_site_name":"Electrosuisse","article_published_time":"2024-04-04T07:52:20+00:00","og_image":[{"width":1200,"height":675,"url":"https:\/\/www.electrosuisse.ch\/wp-content\/uploads\/2024\/03\/Vernehmlassung_1660x470.png","type":"image\/png"}],"author":"Sina Joller","schema":{"@context":"https:\/\/schema.org","@graph":[{"@type":"Article","@id":"https:\/\/www.electrosuisse.ch\/it\/energie-rinnovabili\/#article","isPartOf":{"@id":"https:\/\/www.electrosuisse.ch\/it\/energie-rinnovabili\/"},"author":{"name":"Sina Joller","@id":"https:\/\/www.electrosuisse.ch\/it\/#\/schema\/person\/e8142e4593653cd8447f7f52e1e5379f"},"headline":"Il decreto quadro e il futuro delle energie rinnovabili","datePublished":"2024-04-04T07:52:20+00:00","mainEntityOfPage":{"@id":"https:\/\/www.electrosuisse.ch\/it\/energie-rinnovabili\/"},"wordCount":450,"publisher":{"@id":"https:\/\/www.electrosuisse.ch\/it\/#organization"},"articleSection":["Non categorizzato"],"inLanguage":"it-IT"},{"@type":"WebPage","@id":"https:\/\/www.electrosuisse.ch\/it\/energie-rinnovabili\/","url":"https:\/\/www.electrosuisse.ch\/it\/energie-rinnovabili\/","name":"Il decreto quadro e il futuro delle energie rinnovabili - Electrosuisse","isPartOf":{"@id":"https:\/\/www.electrosuisse.ch\/it\/#website"},"datePublished":"2024-04-04T07:52:20+00:00","description":"Il decreto quadro, ora denominato \"Attuazione della legge federale per un approvvigionamento elettrico sicuro con le energie rinnovabili\", \u00e8 attualmente in consultazione per le associazioni fino al 28 maggio 2024. Gli elettori svizzeri avranno quindi la possibilit\u00e0 di votare sul progetto di legge il 9 giugno 2024.","inLanguage":"it-IT","potentialAction":[{"@type":"ReadAction","target":["https:\/\/www.electrosuisse.ch\/it\/energie-rinnovabili\/"]}]},{"@type":"WebSite","@id":"https:\/\/www.electrosuisse.ch\/it\/#website","url":"https:\/\/www.electrosuisse.ch\/it\/","name":"Electrosuisse","description":"","publisher":{"@id":"https:\/\/www.electrosuisse.ch\/it\/#organization"},"potentialAction":[{"@type":"SearchAction","target":{"@type":"EntryPoint","urlTemplate":"https:\/\/www.electrosuisse.ch\/it\/?s={search_term_string}"},"query-input":{"@type":"PropertyValueSpecification","valueRequired":true,"valueName":"search_term_string"}}],"inLanguage":"it-IT"},{"@type":"Organization","@id":"https:\/\/www.electrosuisse.ch\/it\/#organization","name":"Electrosuisse","url":"https:\/\/www.electrosuisse.ch\/it\/","logo":{"@type":"ImageObject","inLanguage":"it-IT","@id":"https:\/\/www.electrosuisse.ch\/it\/#\/schema\/logo\/image\/","url":"https:\/\/www.electrosuisse.ch\/wp-content\/uploads\/2025\/04\/Electrosuisse_Logo_696x696.png","contentUrl":"https:\/\/www.electrosuisse.ch\/wp-content\/uploads\/2025\/04\/Electrosuisse_Logo_696x696.png","width":696,"height":696,"caption":"Electrosuisse"},"image":{"@id":"https:\/\/www.electrosuisse.ch\/it\/#\/schema\/logo\/image\/"},"sameAs":["https:\/\/www.linkedin.com\/company\/electrosuisse-ag\/posts\/?feedView=all","https:\/\/www.instagram.com\/electrosuisse1889\/","https:\/\/www.youtube.com\/channel\/UCoOxohMiVE0Gjcdis1L09zw"],"description":"Electrosuisse ist eine anerkannte und unabh\u00e4ngige Fachorganisation, die erstklassige Dienstleistungen und Produkte in den Bereichen Inspektion, Beratung, Pr\u00fcfung, Zertifizierung, Normung und Weiterbildung anbietet. Unsere Expertise umfasst Elektrotechnik, Elektromobilit\u00e4t, Energieberatung, Geb\u00e4udeautomation und Photovoltaik in der Schweiz. Durch die Veranstaltung etablierter Branchen-Events und Fachtagungen f\u00f6rdert Electrosuisse den Wissenstransfer und den fachlichen Austausch. Im Mittelpunkt unserer T\u00e4tigkeiten steht die F\u00f6rderung der sicheren, wirtschaftlichen und umweltgerechten Anwendung der Elektrotechnik."},{"@type":"Person","@id":"https:\/\/www.electrosuisse.ch\/it\/#\/schema\/person\/e8142e4593653cd8447f7f52e1e5379f","name":"Sina Joller","image":{"@type":"ImageObject","inLanguage":"it-IT","@id":"https:\/\/www.electrosuisse.ch\/it\/#\/schema\/person\/image\/","url":"https:\/\/secure.gravatar.com\/avatar\/f4249260ddfc146ca88a738cc36d33a9064b17699fb30f04ffaa14260da60942?s=96&d=mm&r=g","contentUrl":"https:\/\/secure.gravatar.com\/avatar\/f4249260ddfc146ca88a738cc36d33a9064b17699fb30f04ffaa14260da60942?s=96&d=mm&r=g","caption":"Sina Joller"}}]}},"amp_enabled":true,"_links":{"self":[{"href":"https:\/\/www.electrosuisse.ch\/it\/wp-json\/wp\/v2\/posts\/34773","targetHints":{"allow":["GET"]}}],"collection":[{"href":"https:\/\/www.electrosuisse.ch\/it\/wp-json\/wp\/v2\/posts"}],"about":[{"href":"https:\/\/www.electrosuisse.ch\/it\/wp-json\/wp\/v2\/types\/post"}],"author":[{"embeddable":true,"href":"https:\/\/www.electrosuisse.ch\/it\/wp-json\/wp\/v2\/users\/38"}],"replies":[{"embeddable":true,"href":"https:\/\/www.electrosuisse.ch\/it\/wp-json\/wp\/v2\/comments?post=34773"}],"version-history":[{"count":1,"href":"https:\/\/www.electrosuisse.ch\/it\/wp-json\/wp\/v2\/posts\/34773\/revisions"}],"predecessor-version":[{"id":34774,"href":"https:\/\/www.electrosuisse.ch\/it\/wp-json\/wp\/v2\/posts\/34773\/revisions\/34774"}],"wp:attachment":[{"href":"https:\/\/www.electrosuisse.ch\/it\/wp-json\/wp\/v2\/media?parent=34773"}],"wp:term":[{"taxonomy":"category","embeddable":true,"href":"https:\/\/www.electrosuisse.ch\/it\/wp-json\/wp\/v2\/categories?post=34773"},{"taxonomy":"post_tag","embeddable":true,"href":"https:\/\/www.electrosuisse.ch\/it\/wp-json\/wp\/v2\/tags?post=34773"}],"curies":[{"name":"wp","href":"https:\/\/api.w.org\/{rel}","templated":true}]}}