{"id":33913,"date":"2024-02-08T16:03:14","date_gmt":"2024-02-08T15:03:14","guid":{"rendered":"https:\/\/www.electrosuisse.ch\/?p=33913"},"modified":"2024-02-08T16:03:14","modified_gmt":"2024-02-08T15:03:14","slug":"lo-smaltimento-delle-lampade-al-mercurio","status":"publish","type":"post","link":"https:\/\/www.electrosuisse.ch\/it\/lo-smaltimento-delle-lampade-al-mercurio\/","title":{"rendered":"Lo smaltimento delle lampade al mercurio"},"content":{"rendered":"<div class=\"wpb-content-wrapper\"><p>[vc_row][vc_column][vc_column_text]<strong>Dal mese di agosto 2023, le lampade fluorescenti non possono pi\u00f9 essere fabbricate o importate in Svizzera. Questa decisione \u00e8 dovuta alla tossicit\u00e0 del mercurio in esse contenuto. Ecco perch\u00e9 al termine del loro ciclo di vita devono essere riciclate. Inoltre, contengono materiali riutilizzabili che rientrano nel ciclo delle materie prime.<\/strong><\/p>\n<p>Attualmente sono disponibili sufficienti alternative con la stessa funzione: la moderna tecnologia LED ha conquistato da tempo il mercato dell&#8217;illuminazione. I diodi a emissione di luce sono considerati due volte pi\u00f9 efficienti delle lampade a risparmio energetico e hanno una lunga durata. Quando esauriscono la loro funzione, si possono anche riciclare perch\u00e9 essendo semiconduttori, contengono non solo vetro, ma anche metalli preziosi che rientrano nel ciclo di riciclaggio.<\/p>\n<p>Nonostante il divieto di importazione e di produzione, non occorre sostituire immediatamente le lampade fluorescenti con luci a LED. Piuttosto, dovrebbero continuare a essere utilizzate fino a quando non si esauriscono da sole. Anche i commercianti possono continuare a vendere le loro scorte d\u2019inventario. Pertanto l&#8217;industria del riciclaggio dovr\u00e0 ancora occuparsi a lungo dello smaltimento delle lampadine al mercurio: secondo le stime dell&#8217;Ufficio federale per l&#8217;ambiente, in Svizzera ce ne sono ancora in circolazione circa 100 milioni che lentamente si esauriranno e dovranno essere smaltite. E poich\u00e9 contengono mercurio, devono assolutamente essere riciclate. In tal modo si garantisce che questa sostanza tossica venga accuratamente rimossa dalle lampade fluorescenti e, a seconda del processo, recuperata o smaltita, in forma insolubile, al sicuro nelle discariche. Le parti in alluminio dei dispositivi d\u2019illuminazione vengono interamente riciclati e il vetro viene trasformato in lana di vetro, che a sua volta viene utilizzata in edilizia come materiale d&#8217;isolamento contribuendo cos\u00ec a rafforzare l&#8217;economia circolare svizzera.<\/p>\n<p>Analogamente a quello di altri apparecchi elettrici, anche lo smaltimento di lampade, dispositivi d\u2019illuminazione e dei relativi telecomandi e cavi \u00e8 disciplinato dall&#8217;Ordinanza concernente la restituzione, la ripresa e lo smaltimento degli apparecchi elettrici ed elettronici (ORSAE) secondo cui i consumatori sono obbligati a restituire i dispositivi d\u2019illuminazione o le lampade in disuso ai negozi o a un punto di raccolta ufficiale SENS (obbligo di restituzione). In cambio, i commercianti che vendono dispositivi d\u2019illuminazione o lampade sono tenuti a prenderle in consegna gratuitamente e a smaltirle in modo appropriato. Questo perch\u00e9, grazie al contributo di riciclaggio anticipato (CRA), al momento dell&#8217;acquisto di apparecchi di illuminazione e lampade, i consumatori ne pagano gi\u00e0 lo smaltimento conforme, come nel caso degli apparecchi elettrici.[\/vc_column_text][\/vc_column][\/vc_row]<\/p>\n<\/div>","protected":false},"excerpt":{"rendered":"<p>[vc_row][vc_column][vc_column_text]Dal mese di agosto 2023, le lampade fluorescenti non possono pi\u00f9 essere fabbricate o importate in Svizzera. Questa decisione \u00e8 dovuta alla tossicit\u00e0 del mercurio in esse contenuto. Ecco perch\u00e9 al termine del loro ciclo di vita devono essere riciclate. Inoltre, contengono materiali riutilizzabili che rientrano nel ciclo delle materie prime. Attualmente sono disponibili sufficienti [&hellip;]<\/p>\n","protected":false},"author":38,"featured_media":0,"comment_status":"closed","ping_status":"closed","sticky":false,"template":"","format":"standard","meta":{"_acf_changed":false,"_monsterinsights_skip_tracking":false,"_monsterinsights_sitenote_active":false,"_monsterinsights_sitenote_note":"","_monsterinsights_sitenote_category":0,"footnotes":""},"categories":[45],"tags":[204,170],"class_list":["post-33913","post","type-post","status-publish","format-standard","hentry","category-non-categorizzato","tag-elektroinstallation","tag-gebaeudetechnik"],"acf":[],"yoast_head":"<!-- This site is optimized with the Yoast SEO Premium plugin v26.4 (Yoast SEO v27.0) - https:\/\/yoast.com\/product\/yoast-seo-premium-wordpress\/ -->\n<title>Lo smaltimento delle lampade al mercurio - Electrosuisse<\/title>\n<meta name=\"robots\" content=\"index, follow, max-snippet:-1, max-image-preview:large, max-video-preview:-1\" \/>\n<link rel=\"canonical\" href=\"https:\/\/www.electrosuisse.ch\/it\/lo-smaltimento-delle-lampade-al-mercurio\/\" \/>\n<meta property=\"og:locale\" content=\"it_IT\" \/>\n<meta property=\"og:type\" content=\"article\" \/>\n<meta property=\"og:title\" content=\"Lo smaltimento delle lampade al mercurio - Electrosuisse\" \/>\n<meta property=\"og:description\" content=\"[vc_row][vc_column][vc_column_text]Dal mese di agosto 2023, le lampade fluorescenti non possono pi\u00f9 essere fabbricate o importate in Svizzera. Questa decisione \u00e8 dovuta alla tossicit\u00e0 del mercurio in esse contenuto. Ecco perch\u00e9 al termine del loro ciclo di vita devono essere riciclate. Inoltre, contengono materiali riutilizzabili che rientrano nel ciclo delle materie prime. Attualmente sono disponibili sufficienti [&hellip;]\" \/>\n<meta property=\"og:url\" content=\"https:\/\/www.electrosuisse.ch\/it\/lo-smaltimento-delle-lampade-al-mercurio\/\" \/>\n<meta property=\"og:site_name\" content=\"Electrosuisse\" \/>\n<meta property=\"article:published_time\" content=\"2024-02-08T15:03:14+00:00\" \/>\n<meta property=\"og:image\" content=\"https:\/\/www.electrosuisse.ch\/wp-content\/uploads\/2023\/12\/Leuchtstofflampen-1660x470-1.jpg\" \/>\n\t<meta property=\"og:image:width\" content=\"1200\" \/>\n\t<meta property=\"og:image:height\" content=\"675\" \/>\n\t<meta property=\"og:image:type\" content=\"image\/png\" \/>\n<meta name=\"author\" content=\"Sina Joller\" \/>\n<script type=\"application\/ld+json\" class=\"yoast-schema-graph\">{\"@context\":\"https:\/\/schema.org\",\"@graph\":[{\"@type\":\"Article\",\"@id\":\"https:\/\/www.electrosuisse.ch\/it\/lo-smaltimento-delle-lampade-al-mercurio\/#article\",\"isPartOf\":{\"@id\":\"https:\/\/www.electrosuisse.ch\/it\/lo-smaltimento-delle-lampade-al-mercurio\/\"},\"author\":{\"name\":\"Sina Joller\",\"@id\":\"https:\/\/www.electrosuisse.ch\/it\/#\/schema\/person\/e8142e4593653cd8447f7f52e1e5379f\"},\"headline\":\"Lo smaltimento delle lampade al mercurio\",\"datePublished\":\"2024-02-08T15:03:14+00:00\",\"mainEntityOfPage\":{\"@id\":\"https:\/\/www.electrosuisse.ch\/it\/lo-smaltimento-delle-lampade-al-mercurio\/\"},\"wordCount\":429,\"publisher\":{\"@id\":\"https:\/\/www.electrosuisse.ch\/it\/#organization\"},\"keywords\":[\"Elektroinstallation\",\"Gebaeudetechnik\"],\"articleSection\":[\"Non categorizzato\"],\"inLanguage\":\"it-IT\"},{\"@type\":\"WebPage\",\"@id\":\"https:\/\/www.electrosuisse.ch\/it\/lo-smaltimento-delle-lampade-al-mercurio\/\",\"url\":\"https:\/\/www.electrosuisse.ch\/it\/lo-smaltimento-delle-lampade-al-mercurio\/\",\"name\":\"Lo smaltimento delle lampade al mercurio - Electrosuisse\",\"isPartOf\":{\"@id\":\"https:\/\/www.electrosuisse.ch\/it\/#website\"},\"datePublished\":\"2024-02-08T15:03:14+00:00\",\"inLanguage\":\"it-IT\",\"potentialAction\":[{\"@type\":\"ReadAction\",\"target\":[\"https:\/\/www.electrosuisse.ch\/it\/lo-smaltimento-delle-lampade-al-mercurio\/\"]}]},{\"@type\":\"WebSite\",\"@id\":\"https:\/\/www.electrosuisse.ch\/it\/#website\",\"url\":\"https:\/\/www.electrosuisse.ch\/it\/\",\"name\":\"Electrosuisse\",\"description\":\"\",\"publisher\":{\"@id\":\"https:\/\/www.electrosuisse.ch\/it\/#organization\"},\"potentialAction\":[{\"@type\":\"SearchAction\",\"target\":{\"@type\":\"EntryPoint\",\"urlTemplate\":\"https:\/\/www.electrosuisse.ch\/it\/?s={search_term_string}\"},\"query-input\":{\"@type\":\"PropertyValueSpecification\",\"valueRequired\":true,\"valueName\":\"search_term_string\"}}],\"inLanguage\":\"it-IT\"},{\"@type\":\"Organization\",\"@id\":\"https:\/\/www.electrosuisse.ch\/it\/#organization\",\"name\":\"Electrosuisse\",\"url\":\"https:\/\/www.electrosuisse.ch\/it\/\",\"logo\":{\"@type\":\"ImageObject\",\"inLanguage\":\"it-IT\",\"@id\":\"https:\/\/www.electrosuisse.ch\/it\/#\/schema\/logo\/image\/\",\"url\":\"https:\/\/www.electrosuisse.ch\/wp-content\/uploads\/2025\/04\/Electrosuisse_Logo_696x696.png\",\"contentUrl\":\"https:\/\/www.electrosuisse.ch\/wp-content\/uploads\/2025\/04\/Electrosuisse_Logo_696x696.png\",\"width\":696,\"height\":696,\"caption\":\"Electrosuisse\"},\"image\":{\"@id\":\"https:\/\/www.electrosuisse.ch\/it\/#\/schema\/logo\/image\/\"},\"sameAs\":[\"https:\/\/www.linkedin.com\/company\/electrosuisse-ag\/posts\/?feedView=all\",\"https:\/\/www.instagram.com\/electrosuisse1889\/\",\"https:\/\/www.youtube.com\/channel\/UCoOxohMiVE0Gjcdis1L09zw\"],\"description\":\"Electrosuisse ist eine anerkannte und unabh\u00e4ngige Fachorganisation, die erstklassige Dienstleistungen und Produkte in den Bereichen Inspektion, Beratung, Pr\u00fcfung, Zertifizierung, Normung und Weiterbildung anbietet. Unsere Expertise umfasst Elektrotechnik, Elektromobilit\u00e4t, Energieberatung, Geb\u00e4udeautomation und Photovoltaik in der Schweiz. Durch die Veranstaltung etablierter Branchen-Events und Fachtagungen f\u00f6rdert Electrosuisse den Wissenstransfer und den fachlichen Austausch. Im Mittelpunkt unserer T\u00e4tigkeiten steht die F\u00f6rderung der sicheren, wirtschaftlichen und umweltgerechten Anwendung der Elektrotechnik.\"},{\"@type\":\"Person\",\"@id\":\"https:\/\/www.electrosuisse.ch\/it\/#\/schema\/person\/e8142e4593653cd8447f7f52e1e5379f\",\"name\":\"Sina Joller\",\"image\":{\"@type\":\"ImageObject\",\"inLanguage\":\"it-IT\",\"@id\":\"https:\/\/www.electrosuisse.ch\/it\/#\/schema\/person\/image\/\",\"url\":\"https:\/\/secure.gravatar.com\/avatar\/f4249260ddfc146ca88a738cc36d33a9064b17699fb30f04ffaa14260da60942?s=96&d=mm&r=g\",\"contentUrl\":\"https:\/\/secure.gravatar.com\/avatar\/f4249260ddfc146ca88a738cc36d33a9064b17699fb30f04ffaa14260da60942?s=96&d=mm&r=g\",\"caption\":\"Sina Joller\"}}]}<\/script>\n<!-- \/ Yoast SEO Premium plugin. -->","yoast_head_json":{"title":"Lo smaltimento delle lampade al mercurio - Electrosuisse","robots":{"index":"index","follow":"follow","max-snippet":"max-snippet:-1","max-image-preview":"max-image-preview:large","max-video-preview":"max-video-preview:-1"},"canonical":"https:\/\/www.electrosuisse.ch\/it\/lo-smaltimento-delle-lampade-al-mercurio\/","og_locale":"it_IT","og_type":"article","og_title":"Lo smaltimento delle lampade al mercurio - Electrosuisse","og_description":"[vc_row][vc_column][vc_column_text]Dal mese di agosto 2023, le lampade fluorescenti non possono pi\u00f9 essere fabbricate o importate in Svizzera. Questa decisione \u00e8 dovuta alla tossicit\u00e0 del mercurio in esse contenuto. Ecco perch\u00e9 al termine del loro ciclo di vita devono essere riciclate. Inoltre, contengono materiali riutilizzabili che rientrano nel ciclo delle materie prime. Attualmente sono disponibili sufficienti [&hellip;]","og_url":"https:\/\/www.electrosuisse.ch\/it\/lo-smaltimento-delle-lampade-al-mercurio\/","og_site_name":"Electrosuisse","article_published_time":"2024-02-08T15:03:14+00:00","og_image":[{"width":1200,"height":675,"url":"https:\/\/www.electrosuisse.ch\/wp-content\/uploads\/2023\/12\/Leuchtstofflampen-1660x470-1.jpg","type":"image\/png"}],"author":"Sina Joller","schema":{"@context":"https:\/\/schema.org","@graph":[{"@type":"Article","@id":"https:\/\/www.electrosuisse.ch\/it\/lo-smaltimento-delle-lampade-al-mercurio\/#article","isPartOf":{"@id":"https:\/\/www.electrosuisse.ch\/it\/lo-smaltimento-delle-lampade-al-mercurio\/"},"author":{"name":"Sina Joller","@id":"https:\/\/www.electrosuisse.ch\/it\/#\/schema\/person\/e8142e4593653cd8447f7f52e1e5379f"},"headline":"Lo smaltimento delle lampade al mercurio","datePublished":"2024-02-08T15:03:14+00:00","mainEntityOfPage":{"@id":"https:\/\/www.electrosuisse.ch\/it\/lo-smaltimento-delle-lampade-al-mercurio\/"},"wordCount":429,"publisher":{"@id":"https:\/\/www.electrosuisse.ch\/it\/#organization"},"keywords":["Elektroinstallation","Gebaeudetechnik"],"articleSection":["Non categorizzato"],"inLanguage":"it-IT"},{"@type":"WebPage","@id":"https:\/\/www.electrosuisse.ch\/it\/lo-smaltimento-delle-lampade-al-mercurio\/","url":"https:\/\/www.electrosuisse.ch\/it\/lo-smaltimento-delle-lampade-al-mercurio\/","name":"Lo smaltimento delle lampade al mercurio - Electrosuisse","isPartOf":{"@id":"https:\/\/www.electrosuisse.ch\/it\/#website"},"datePublished":"2024-02-08T15:03:14+00:00","inLanguage":"it-IT","potentialAction":[{"@type":"ReadAction","target":["https:\/\/www.electrosuisse.ch\/it\/lo-smaltimento-delle-lampade-al-mercurio\/"]}]},{"@type":"WebSite","@id":"https:\/\/www.electrosuisse.ch\/it\/#website","url":"https:\/\/www.electrosuisse.ch\/it\/","name":"Electrosuisse","description":"","publisher":{"@id":"https:\/\/www.electrosuisse.ch\/it\/#organization"},"potentialAction":[{"@type":"SearchAction","target":{"@type":"EntryPoint","urlTemplate":"https:\/\/www.electrosuisse.ch\/it\/?s={search_term_string}"},"query-input":{"@type":"PropertyValueSpecification","valueRequired":true,"valueName":"search_term_string"}}],"inLanguage":"it-IT"},{"@type":"Organization","@id":"https:\/\/www.electrosuisse.ch\/it\/#organization","name":"Electrosuisse","url":"https:\/\/www.electrosuisse.ch\/it\/","logo":{"@type":"ImageObject","inLanguage":"it-IT","@id":"https:\/\/www.electrosuisse.ch\/it\/#\/schema\/logo\/image\/","url":"https:\/\/www.electrosuisse.ch\/wp-content\/uploads\/2025\/04\/Electrosuisse_Logo_696x696.png","contentUrl":"https:\/\/www.electrosuisse.ch\/wp-content\/uploads\/2025\/04\/Electrosuisse_Logo_696x696.png","width":696,"height":696,"caption":"Electrosuisse"},"image":{"@id":"https:\/\/www.electrosuisse.ch\/it\/#\/schema\/logo\/image\/"},"sameAs":["https:\/\/www.linkedin.com\/company\/electrosuisse-ag\/posts\/?feedView=all","https:\/\/www.instagram.com\/electrosuisse1889\/","https:\/\/www.youtube.com\/channel\/UCoOxohMiVE0Gjcdis1L09zw"],"description":"Electrosuisse ist eine anerkannte und unabh\u00e4ngige Fachorganisation, die erstklassige Dienstleistungen und Produkte in den Bereichen Inspektion, Beratung, Pr\u00fcfung, Zertifizierung, Normung und Weiterbildung anbietet. Unsere Expertise umfasst Elektrotechnik, Elektromobilit\u00e4t, Energieberatung, Geb\u00e4udeautomation und Photovoltaik in der Schweiz. Durch die Veranstaltung etablierter Branchen-Events und Fachtagungen f\u00f6rdert Electrosuisse den Wissenstransfer und den fachlichen Austausch. Im Mittelpunkt unserer T\u00e4tigkeiten steht die F\u00f6rderung der sicheren, wirtschaftlichen und umweltgerechten Anwendung der Elektrotechnik."},{"@type":"Person","@id":"https:\/\/www.electrosuisse.ch\/it\/#\/schema\/person\/e8142e4593653cd8447f7f52e1e5379f","name":"Sina Joller","image":{"@type":"ImageObject","inLanguage":"it-IT","@id":"https:\/\/www.electrosuisse.ch\/it\/#\/schema\/person\/image\/","url":"https:\/\/secure.gravatar.com\/avatar\/f4249260ddfc146ca88a738cc36d33a9064b17699fb30f04ffaa14260da60942?s=96&d=mm&r=g","contentUrl":"https:\/\/secure.gravatar.com\/avatar\/f4249260ddfc146ca88a738cc36d33a9064b17699fb30f04ffaa14260da60942?s=96&d=mm&r=g","caption":"Sina Joller"}}]}},"amp_enabled":true,"_links":{"self":[{"href":"https:\/\/www.electrosuisse.ch\/it\/wp-json\/wp\/v2\/posts\/33913","targetHints":{"allow":["GET"]}}],"collection":[{"href":"https:\/\/www.electrosuisse.ch\/it\/wp-json\/wp\/v2\/posts"}],"about":[{"href":"https:\/\/www.electrosuisse.ch\/it\/wp-json\/wp\/v2\/types\/post"}],"author":[{"embeddable":true,"href":"https:\/\/www.electrosuisse.ch\/it\/wp-json\/wp\/v2\/users\/38"}],"replies":[{"embeddable":true,"href":"https:\/\/www.electrosuisse.ch\/it\/wp-json\/wp\/v2\/comments?post=33913"}],"version-history":[{"count":2,"href":"https:\/\/www.electrosuisse.ch\/it\/wp-json\/wp\/v2\/posts\/33913\/revisions"}],"predecessor-version":[{"id":33915,"href":"https:\/\/www.electrosuisse.ch\/it\/wp-json\/wp\/v2\/posts\/33913\/revisions\/33915"}],"wp:attachment":[{"href":"https:\/\/www.electrosuisse.ch\/it\/wp-json\/wp\/v2\/media?parent=33913"}],"wp:term":[{"taxonomy":"category","embeddable":true,"href":"https:\/\/www.electrosuisse.ch\/it\/wp-json\/wp\/v2\/categories?post=33913"},{"taxonomy":"post_tag","embeddable":true,"href":"https:\/\/www.electrosuisse.ch\/it\/wp-json\/wp\/v2\/tags?post=33913"}],"curies":[{"name":"wp","href":"https:\/\/api.w.org\/{rel}","templated":true}]}}