{"id":26242,"date":"2022-03-21T10:00:22","date_gmt":"2022-03-21T09:00:22","guid":{"rendered":"https:\/\/www.electrosuisse.ch\/?p=26242"},"modified":"2022-12-02T17:26:10","modified_gmt":"2022-12-02T16:26:10","slug":"come-si-riconosce-un-apparecchio-elettrico","status":"publish","type":"post","link":"https:\/\/www.electrosuisse.ch\/it\/come-si-riconosce-un-apparecchio-elettrico\/","title":{"rendered":"Come si riconosce un \u00abapparecchio elettrico\u00bb?"},"content":{"rendered":"<div class=\"wpb-content-wrapper\"><p>[vc_row][vc_column][vc_column_text]<strong>Una cosa \u00e8 certa: il frigorifero rotto o il vecchio aspirapolvere non vanno gettati via. Ma che dire della bambola parlante di vostra figlia? Pu\u00f2 finire nel sacco della spazzatura dopo aver rimosso le batterie?<\/strong><\/p>\n<p>Per molti svizzeri \u00e8 difficile classificare chiaramente gli oggetti come apparecchi elettrici. Questo vale soprattutto per gli elettrodomestici o i giocattoli in cui i componenti elettrici ed elettronici sono meno visibili o svolgono un ruolo secondario nel loro utilizzo. Lo dimostrano i risultati dello studio SENS eRecycling, recentemente pubblicato sull&#8217;argomento: per l&#8217;85% degli intervistati era chiaro che un&#8217;auto telecomandata doveva essere smaltita separatamente. Nel caso di una bambola parlante, invece, dove parlare \u00e8 solo una funzione secondaria per il piacere di giocare, poco meno di un quinto degli intervistati \u00e8 convinto che non vada smaltita fra i rifiuti speciali, ma possa essere gettata fra i rifiuti normali dopo aver rimosso la batteria.<\/p>\n<h3>Nuove tecnologie, nuove materie prime<\/h3>\n<p>Con la crescente tecnologizzazione degli oggetti (parola chiave: internet delle cose), per la maggior parte della popolazione in futuro sar\u00e0 ancora pi\u00f9 difficile identificare chiaramente gli oggetti come apparecchi elettrici. Perch\u00e9 anche se oggi indossiamo \u00a0ancora lo smartwatch al polso, in futuro piccoli sistemi informatici (i cosiddetti wearables) o sensori saranno cuciti direttamente nei nostri vestiti per supportarci nella vita quotidiana. E questo senza distrarci o attirare la nostra attenzione. Inoltre, esistono nuove tecnologie per la produzione di elettricit\u00e0, come le celle solari. Tutti questi nuovi oggetti, per quanto piccoli e poco appariscenti, contengono materie prime preziose come l&#8217;alluminio, il ferro, il rame o persino l&#8217;oro che possono essere riciclate. Per garantirne il riciclo e quindi reintrudurne l\u2019uso nell&#8217;economia circolare, \u00e8 importante che ognuno di noi conosca le caratteristiche dei dispositivi elettronici.<\/p>\n<h3>5 caratteristiche per riconoscere un apparecchio elettrico<\/h3>\n<ol>\n<li>Il mio oggetto \u00e8 dotato di un cavo o di una spina che consente di collegarlo direttamente alla rete elettrica?<\/li>\n<li>Il mio oggetto contiene una o pi\u00f9 batterie ricaricabili?<\/li>\n<li>Il mio oggetto viene utilizzato per illuminare?<\/li>\n<li>Il mio oggetto viene utilizzato per il raffreddamento?<\/li>\n<li>Il mio oggetto pu\u00f2 generare o immagazzinare elettricit\u00e0?<\/li>\n<\/ol>\n<h3>Dove posso smaltire il mio apparecchio elettrico?<\/h3>\n<p>Gli apparecchi elettrici ed elettronici in disuso possono essere restituiti gratuitamente ovunque siano stati acquistati o anche presso i punti di raccolta della SENS.<\/p>\n<p>Maggiori informazioni su <a href=\"https:\/\/www.erecycling.ch\/\" target=\"_blank\" rel=\"noopener\">SENS Recycling<\/a>.[\/vc_column_text][\/vc_column][\/vc_row]<\/p>\n<\/div>","protected":false},"excerpt":{"rendered":"<p>[vc_row][vc_column][vc_column_text]Una cosa \u00e8 certa: il frigorifero rotto o il vecchio aspirapolvere non vanno gettati via. Ma che dire della bambola parlante di vostra figlia? Pu\u00f2 finire nel sacco della spazzatura dopo aver rimosso le batterie? Per molti svizzeri \u00e8 difficile classificare chiaramente gli oggetti come apparecchi elettrici. Questo vale soprattutto per gli elettrodomestici o i [&hellip;]<\/p>\n","protected":false},"author":20,"featured_media":0,"comment_status":"closed","ping_status":"closed","sticky":false,"template":"","format":"standard","meta":{"_acf_changed":false,"_monsterinsights_skip_tracking":false,"_monsterinsights_sitenote_active":false,"_monsterinsights_sitenote_note":"","_monsterinsights_sitenote_category":0,"footnotes":""},"categories":[45],"tags":[245],"class_list":["post-26242","post","type-post","status-publish","format-standard","hentry","category-non-categorizzato","tag-energia-e-reti"],"acf":[],"yoast_head":"<!-- This site is optimized with the Yoast SEO Premium plugin v26.4 (Yoast SEO v27.0) - https:\/\/yoast.com\/product\/yoast-seo-premium-wordpress\/ -->\n<title>Come si riconosce un \u00abapparecchio elettrico\u00bb? - Electrosuisse<\/title>\n<meta name=\"robots\" content=\"index, follow, max-snippet:-1, max-image-preview:large, max-video-preview:-1\" \/>\n<link rel=\"canonical\" href=\"https:\/\/www.electrosuisse.ch\/it\/come-si-riconosce-un-apparecchio-elettrico\/\" \/>\n<meta property=\"og:locale\" content=\"it_IT\" \/>\n<meta property=\"og:type\" content=\"article\" \/>\n<meta property=\"og:title\" content=\"Come si riconosce un \u00abapparecchio elettrico\u00bb? - Electrosuisse\" \/>\n<meta property=\"og:description\" content=\"[vc_row][vc_column][vc_column_text]Una cosa \u00e8 certa: il frigorifero rotto o il vecchio aspirapolvere non vanno gettati via. Ma che dire della bambola parlante di vostra figlia? Pu\u00f2 finire nel sacco della spazzatura dopo aver rimosso le batterie? Per molti svizzeri \u00e8 difficile classificare chiaramente gli oggetti come apparecchi elettrici. Questo vale soprattutto per gli elettrodomestici o i [&hellip;]\" \/>\n<meta property=\"og:url\" content=\"https:\/\/www.electrosuisse.ch\/it\/come-si-riconosce-un-apparecchio-elettrico\/\" \/>\n<meta property=\"og:site_name\" content=\"Electrosuisse\" \/>\n<meta property=\"article:published_time\" content=\"2022-03-21T09:00:22+00:00\" \/>\n<meta property=\"article:modified_time\" content=\"2022-12-02T16:26:10+00:00\" \/>\n<meta property=\"og:image\" content=\"https:\/\/www.electrosuisse.ch\/wp-content\/uploads\/2022\/12\/Elektrogeraet_1660x470.jpg\" \/>\n\t<meta property=\"og:image:width\" content=\"1200\" \/>\n\t<meta property=\"og:image:height\" content=\"675\" \/>\n\t<meta property=\"og:image:type\" content=\"image\/png\" \/>\n<meta name=\"author\" content=\"Nalini Schempp\" \/>\n<script type=\"application\/ld+json\" class=\"yoast-schema-graph\">{\"@context\":\"https:\/\/schema.org\",\"@graph\":[{\"@type\":\"Article\",\"@id\":\"https:\/\/www.electrosuisse.ch\/it\/come-si-riconosce-un-apparecchio-elettrico\/#article\",\"isPartOf\":{\"@id\":\"https:\/\/www.electrosuisse.ch\/it\/come-si-riconosce-un-apparecchio-elettrico\/\"},\"author\":{\"name\":\"Nalini Schempp\",\"@id\":\"https:\/\/www.electrosuisse.ch\/it\/#\/schema\/person\/8770e16f2c82936b086c9d1c1c004c08\"},\"headline\":\"Come si riconosce un \u00abapparecchio elettrico\u00bb?\",\"datePublished\":\"2022-03-21T09:00:22+00:00\",\"dateModified\":\"2022-12-02T16:26:10+00:00\",\"mainEntityOfPage\":{\"@id\":\"https:\/\/www.electrosuisse.ch\/it\/come-si-riconosce-un-apparecchio-elettrico\/\"},\"wordCount\":398,\"publisher\":{\"@id\":\"https:\/\/www.electrosuisse.ch\/it\/#organization\"},\"keywords\":[\"Elektroinstallation IT\"],\"articleSection\":[\"Non categorizzato\"],\"inLanguage\":\"it-IT\"},{\"@type\":\"WebPage\",\"@id\":\"https:\/\/www.electrosuisse.ch\/it\/come-si-riconosce-un-apparecchio-elettrico\/\",\"url\":\"https:\/\/www.electrosuisse.ch\/it\/come-si-riconosce-un-apparecchio-elettrico\/\",\"name\":\"Come si riconosce un \u00abapparecchio elettrico\u00bb? - Electrosuisse\",\"isPartOf\":{\"@id\":\"https:\/\/www.electrosuisse.ch\/it\/#website\"},\"datePublished\":\"2022-03-21T09:00:22+00:00\",\"dateModified\":\"2022-12-02T16:26:10+00:00\",\"inLanguage\":\"it-IT\",\"potentialAction\":[{\"@type\":\"ReadAction\",\"target\":[\"https:\/\/www.electrosuisse.ch\/it\/come-si-riconosce-un-apparecchio-elettrico\/\"]}]},{\"@type\":\"WebSite\",\"@id\":\"https:\/\/www.electrosuisse.ch\/it\/#website\",\"url\":\"https:\/\/www.electrosuisse.ch\/it\/\",\"name\":\"Electrosuisse\",\"description\":\"\",\"publisher\":{\"@id\":\"https:\/\/www.electrosuisse.ch\/it\/#organization\"},\"potentialAction\":[{\"@type\":\"SearchAction\",\"target\":{\"@type\":\"EntryPoint\",\"urlTemplate\":\"https:\/\/www.electrosuisse.ch\/it\/?s={search_term_string}\"},\"query-input\":{\"@type\":\"PropertyValueSpecification\",\"valueRequired\":true,\"valueName\":\"search_term_string\"}}],\"inLanguage\":\"it-IT\"},{\"@type\":\"Organization\",\"@id\":\"https:\/\/www.electrosuisse.ch\/it\/#organization\",\"name\":\"Electrosuisse\",\"url\":\"https:\/\/www.electrosuisse.ch\/it\/\",\"logo\":{\"@type\":\"ImageObject\",\"inLanguage\":\"it-IT\",\"@id\":\"https:\/\/www.electrosuisse.ch\/it\/#\/schema\/logo\/image\/\",\"url\":\"https:\/\/www.electrosuisse.ch\/wp-content\/uploads\/2025\/04\/Electrosuisse_Logo_696x696.png\",\"contentUrl\":\"https:\/\/www.electrosuisse.ch\/wp-content\/uploads\/2025\/04\/Electrosuisse_Logo_696x696.png\",\"width\":696,\"height\":696,\"caption\":\"Electrosuisse\"},\"image\":{\"@id\":\"https:\/\/www.electrosuisse.ch\/it\/#\/schema\/logo\/image\/\"},\"sameAs\":[\"https:\/\/www.linkedin.com\/company\/electrosuisse-ag\/posts\/?feedView=all\",\"https:\/\/www.instagram.com\/electrosuisse1889\/\",\"https:\/\/www.youtube.com\/channel\/UCoOxohMiVE0Gjcdis1L09zw\"],\"description\":\"Electrosuisse ist eine anerkannte und unabh\u00e4ngige Fachorganisation, die erstklassige Dienstleistungen und Produkte in den Bereichen Inspektion, Beratung, Pr\u00fcfung, Zertifizierung, Normung und Weiterbildung anbietet. Unsere Expertise umfasst Elektrotechnik, Elektromobilit\u00e4t, Energieberatung, Geb\u00e4udeautomation und Photovoltaik in der Schweiz. Durch die Veranstaltung etablierter Branchen-Events und Fachtagungen f\u00f6rdert Electrosuisse den Wissenstransfer und den fachlichen Austausch. Im Mittelpunkt unserer T\u00e4tigkeiten steht die F\u00f6rderung der sicheren, wirtschaftlichen und umweltgerechten Anwendung der Elektrotechnik.\"},{\"@type\":\"Person\",\"@id\":\"https:\/\/www.electrosuisse.ch\/it\/#\/schema\/person\/8770e16f2c82936b086c9d1c1c004c08\",\"name\":\"Nalini Schempp\",\"image\":{\"@type\":\"ImageObject\",\"inLanguage\":\"it-IT\",\"@id\":\"https:\/\/www.electrosuisse.ch\/it\/#\/schema\/person\/image\/\",\"url\":\"https:\/\/secure.gravatar.com\/avatar\/f2e8b75d6e8fb1fd661220d625f7823d02404773b42d5decd9a0b3dd5a2a1fe6?s=96&d=mm&r=g\",\"contentUrl\":\"https:\/\/secure.gravatar.com\/avatar\/f2e8b75d6e8fb1fd661220d625f7823d02404773b42d5decd9a0b3dd5a2a1fe6?s=96&d=mm&r=g\",\"caption\":\"Nalini Schempp\"}}]}<\/script>\n<!-- \/ Yoast SEO Premium plugin. -->","yoast_head_json":{"title":"Come si riconosce un \u00abapparecchio elettrico\u00bb? - Electrosuisse","robots":{"index":"index","follow":"follow","max-snippet":"max-snippet:-1","max-image-preview":"max-image-preview:large","max-video-preview":"max-video-preview:-1"},"canonical":"https:\/\/www.electrosuisse.ch\/it\/come-si-riconosce-un-apparecchio-elettrico\/","og_locale":"it_IT","og_type":"article","og_title":"Come si riconosce un \u00abapparecchio elettrico\u00bb? - Electrosuisse","og_description":"[vc_row][vc_column][vc_column_text]Una cosa \u00e8 certa: il frigorifero rotto o il vecchio aspirapolvere non vanno gettati via. Ma che dire della bambola parlante di vostra figlia? Pu\u00f2 finire nel sacco della spazzatura dopo aver rimosso le batterie? Per molti svizzeri \u00e8 difficile classificare chiaramente gli oggetti come apparecchi elettrici. Questo vale soprattutto per gli elettrodomestici o i [&hellip;]","og_url":"https:\/\/www.electrosuisse.ch\/it\/come-si-riconosce-un-apparecchio-elettrico\/","og_site_name":"Electrosuisse","article_published_time":"2022-03-21T09:00:22+00:00","article_modified_time":"2022-12-02T16:26:10+00:00","og_image":[{"width":1200,"height":675,"url":"https:\/\/www.electrosuisse.ch\/wp-content\/uploads\/2022\/12\/Elektrogeraet_1660x470.jpg","type":"image\/png"}],"author":"Nalini Schempp","schema":{"@context":"https:\/\/schema.org","@graph":[{"@type":"Article","@id":"https:\/\/www.electrosuisse.ch\/it\/come-si-riconosce-un-apparecchio-elettrico\/#article","isPartOf":{"@id":"https:\/\/www.electrosuisse.ch\/it\/come-si-riconosce-un-apparecchio-elettrico\/"},"author":{"name":"Nalini Schempp","@id":"https:\/\/www.electrosuisse.ch\/it\/#\/schema\/person\/8770e16f2c82936b086c9d1c1c004c08"},"headline":"Come si riconosce un \u00abapparecchio elettrico\u00bb?","datePublished":"2022-03-21T09:00:22+00:00","dateModified":"2022-12-02T16:26:10+00:00","mainEntityOfPage":{"@id":"https:\/\/www.electrosuisse.ch\/it\/come-si-riconosce-un-apparecchio-elettrico\/"},"wordCount":398,"publisher":{"@id":"https:\/\/www.electrosuisse.ch\/it\/#organization"},"keywords":["Elektroinstallation IT"],"articleSection":["Non categorizzato"],"inLanguage":"it-IT"},{"@type":"WebPage","@id":"https:\/\/www.electrosuisse.ch\/it\/come-si-riconosce-un-apparecchio-elettrico\/","url":"https:\/\/www.electrosuisse.ch\/it\/come-si-riconosce-un-apparecchio-elettrico\/","name":"Come si riconosce un \u00abapparecchio elettrico\u00bb? - Electrosuisse","isPartOf":{"@id":"https:\/\/www.electrosuisse.ch\/it\/#website"},"datePublished":"2022-03-21T09:00:22+00:00","dateModified":"2022-12-02T16:26:10+00:00","inLanguage":"it-IT","potentialAction":[{"@type":"ReadAction","target":["https:\/\/www.electrosuisse.ch\/it\/come-si-riconosce-un-apparecchio-elettrico\/"]}]},{"@type":"WebSite","@id":"https:\/\/www.electrosuisse.ch\/it\/#website","url":"https:\/\/www.electrosuisse.ch\/it\/","name":"Electrosuisse","description":"","publisher":{"@id":"https:\/\/www.electrosuisse.ch\/it\/#organization"},"potentialAction":[{"@type":"SearchAction","target":{"@type":"EntryPoint","urlTemplate":"https:\/\/www.electrosuisse.ch\/it\/?s={search_term_string}"},"query-input":{"@type":"PropertyValueSpecification","valueRequired":true,"valueName":"search_term_string"}}],"inLanguage":"it-IT"},{"@type":"Organization","@id":"https:\/\/www.electrosuisse.ch\/it\/#organization","name":"Electrosuisse","url":"https:\/\/www.electrosuisse.ch\/it\/","logo":{"@type":"ImageObject","inLanguage":"it-IT","@id":"https:\/\/www.electrosuisse.ch\/it\/#\/schema\/logo\/image\/","url":"https:\/\/www.electrosuisse.ch\/wp-content\/uploads\/2025\/04\/Electrosuisse_Logo_696x696.png","contentUrl":"https:\/\/www.electrosuisse.ch\/wp-content\/uploads\/2025\/04\/Electrosuisse_Logo_696x696.png","width":696,"height":696,"caption":"Electrosuisse"},"image":{"@id":"https:\/\/www.electrosuisse.ch\/it\/#\/schema\/logo\/image\/"},"sameAs":["https:\/\/www.linkedin.com\/company\/electrosuisse-ag\/posts\/?feedView=all","https:\/\/www.instagram.com\/electrosuisse1889\/","https:\/\/www.youtube.com\/channel\/UCoOxohMiVE0Gjcdis1L09zw"],"description":"Electrosuisse ist eine anerkannte und unabh\u00e4ngige Fachorganisation, die erstklassige Dienstleistungen und Produkte in den Bereichen Inspektion, Beratung, Pr\u00fcfung, Zertifizierung, Normung und Weiterbildung anbietet. Unsere Expertise umfasst Elektrotechnik, Elektromobilit\u00e4t, Energieberatung, Geb\u00e4udeautomation und Photovoltaik in der Schweiz. Durch die Veranstaltung etablierter Branchen-Events und Fachtagungen f\u00f6rdert Electrosuisse den Wissenstransfer und den fachlichen Austausch. Im Mittelpunkt unserer T\u00e4tigkeiten steht die F\u00f6rderung der sicheren, wirtschaftlichen und umweltgerechten Anwendung der Elektrotechnik."},{"@type":"Person","@id":"https:\/\/www.electrosuisse.ch\/it\/#\/schema\/person\/8770e16f2c82936b086c9d1c1c004c08","name":"Nalini Schempp","image":{"@type":"ImageObject","inLanguage":"it-IT","@id":"https:\/\/www.electrosuisse.ch\/it\/#\/schema\/person\/image\/","url":"https:\/\/secure.gravatar.com\/avatar\/f2e8b75d6e8fb1fd661220d625f7823d02404773b42d5decd9a0b3dd5a2a1fe6?s=96&d=mm&r=g","contentUrl":"https:\/\/secure.gravatar.com\/avatar\/f2e8b75d6e8fb1fd661220d625f7823d02404773b42d5decd9a0b3dd5a2a1fe6?s=96&d=mm&r=g","caption":"Nalini Schempp"}}]}},"amp_enabled":true,"_links":{"self":[{"href":"https:\/\/www.electrosuisse.ch\/it\/wp-json\/wp\/v2\/posts\/26242","targetHints":{"allow":["GET"]}}],"collection":[{"href":"https:\/\/www.electrosuisse.ch\/it\/wp-json\/wp\/v2\/posts"}],"about":[{"href":"https:\/\/www.electrosuisse.ch\/it\/wp-json\/wp\/v2\/types\/post"}],"author":[{"embeddable":true,"href":"https:\/\/www.electrosuisse.ch\/it\/wp-json\/wp\/v2\/users\/20"}],"replies":[{"embeddable":true,"href":"https:\/\/www.electrosuisse.ch\/it\/wp-json\/wp\/v2\/comments?post=26242"}],"version-history":[{"count":0,"href":"https:\/\/www.electrosuisse.ch\/it\/wp-json\/wp\/v2\/posts\/26242\/revisions"}],"wp:attachment":[{"href":"https:\/\/www.electrosuisse.ch\/it\/wp-json\/wp\/v2\/media?parent=26242"}],"wp:term":[{"taxonomy":"category","embeddable":true,"href":"https:\/\/www.electrosuisse.ch\/it\/wp-json\/wp\/v2\/categories?post=26242"},{"taxonomy":"post_tag","embeddable":true,"href":"https:\/\/www.electrosuisse.ch\/it\/wp-json\/wp\/v2\/tags?post=26242"}],"curies":[{"name":"wp","href":"https:\/\/api.w.org\/{rel}","templated":true}]}}