{"id":25461,"date":"2022-01-18T10:00:29","date_gmt":"2022-01-18T09:00:29","guid":{"rendered":"https:\/\/www.electrosuisse.ch\/?p=25461"},"modified":"2022-12-14T12:57:28","modified_gmt":"2022-12-14T11:57:28","slug":"quando-lalgoritmo-attiva-il-termostato","status":"publish","type":"post","link":"https:\/\/www.electrosuisse.ch\/it\/quando-lalgoritmo-attiva-il-termostato\/","title":{"rendered":"Quando l&#8217;algoritmo attiva il termostato"},"content":{"rendered":"<div class=\"wpb-content-wrapper\"><p>[vc_row][vc_column][vc_column_text]<strong>L\u2019azienda \u00abViboo\u00bb, una spin-off dell\u2019Empa, ha sviluppato un algoritmo di autoapprendimento per controllare il clima interno. Ci\u00f2 consente di raffreddare o riscaldare gli edifici in anticipo, risparmiando circa un terzo dell&#8217;energia.<\/strong><\/p>\n<p>I termostati convenzionali, installati oggi in molti edifici residenziali, reagiscono solo quando la temperatura scende o supera una certa soglia. La reazione \u00e8 quindi sempre troppo tardiva e, inoltre, molto brusca e violenta, poich\u00e9 la temperatura desiderata deve essere raggiunta di nuovo il pi\u00f9 rapidamente possibile. Questa procedura costa energia e, in ultima analisi, denaro. Ed ecco la soluzione: un termostato che guarda al futuro e regola la temperatura con lungimiranza.<\/p>\n<p>A rendere possibile questo passo avveniristico \u00e8 \u00abViboo\u00bb, \u00a0una spin-off dell\u2019Empa, attualmente in fase di avvio. Nel corso delle loro ricerche, i fondatori Felix B\u00fcnning e Benjamin Huber hanno sviluppato un algoritmo che consente di controllare gli edifici in modo predittivo. I dati dell&#8217;edificio, come le posizioni delle valvole e le misurazioni della temperatura ambiente, raccolti in sole due settimane, sono sufficienti per creare un modello dell&#8217;edificio. In combinazione con le previsioni della temperatura esterna locale e della radiazione solare globale, l&#8217;algoritmo calcola autonomamente l&#8217;apporto energetico ideale per riscaldare o raffreddare l&#8217;edificio fino a dodici ore prima. In questo modo si elimina la necessit\u00e0 di dover regolare in fretta la temperatura risparmiando fino al 49% di energia.<\/p>\n<p>Dopo gli egli esperimenti conclusi con successo, i due ricercatori vogliono ora portare il loro algoritmo sul mercato e aiutare cos\u00ec il maggior numero possibile di famiglie a risparmiare energia e a contribuire alla riduzione delle emissioni. Sono sostenuti da iniziative di promozione da parte di Venture Kick, del Fondo Nazionale Svizzero e di Innosuisse, che vedono un grande potenziale in questo progetto innovativo.[\/vc_column_text][\/vc_column][\/vc_row]<\/p>\n<\/div>","protected":false},"excerpt":{"rendered":"<p>[vc_row][vc_column][vc_column_text]L\u2019azienda \u00abViboo\u00bb, una spin-off dell\u2019Empa, ha sviluppato un algoritmo di autoapprendimento per controllare il clima interno. Ci\u00f2 consente di raffreddare o riscaldare gli edifici in anticipo, risparmiando circa un terzo dell&#8217;energia. I termostati convenzionali, installati oggi in molti edifici residenziali, reagiscono solo quando la temperatura scende o supera una certa soglia. La reazione \u00e8 quindi [&hellip;]<\/p>\n","protected":false},"author":20,"featured_media":0,"comment_status":"closed","ping_status":"closed","sticky":false,"template":"","format":"standard","meta":{"_acf_changed":false,"_monsterinsights_skip_tracking":false,"_monsterinsights_sitenote_active":false,"_monsterinsights_sitenote_note":"","_monsterinsights_sitenote_category":0,"footnotes":""},"categories":[45],"tags":[249],"class_list":["post-25461","post","type-post","status-publish","format-standard","hentry","category-non-categorizzato","tag-ingegneria-degli-edifici"],"acf":[],"yoast_head":"<!-- This site is optimized with the Yoast SEO Premium plugin v26.4 (Yoast SEO v27.0) - https:\/\/yoast.com\/product\/yoast-seo-premium-wordpress\/ -->\n<title>Quando l&#039;algoritmo attiva il termostato - Electrosuisse<\/title>\n<meta name=\"robots\" content=\"index, follow, max-snippet:-1, max-image-preview:large, max-video-preview:-1\" \/>\n<link rel=\"canonical\" href=\"https:\/\/www.electrosuisse.ch\/it\/quando-lalgoritmo-attiva-il-termostato\/\" \/>\n<meta property=\"og:locale\" content=\"it_IT\" \/>\n<meta property=\"og:type\" content=\"article\" \/>\n<meta property=\"og:title\" content=\"Quando l&#039;algoritmo attiva il termostato - Electrosuisse\" \/>\n<meta property=\"og:description\" content=\"[vc_row][vc_column][vc_column_text]L\u2019azienda \u00abViboo\u00bb, una spin-off dell\u2019Empa, ha sviluppato un algoritmo di autoapprendimento per controllare il clima interno. Ci\u00f2 consente di raffreddare o riscaldare gli edifici in anticipo, risparmiando circa un terzo dell&#8217;energia. I termostati convenzionali, installati oggi in molti edifici residenziali, reagiscono solo quando la temperatura scende o supera una certa soglia. La reazione \u00e8 quindi [&hellip;]\" \/>\n<meta property=\"og:url\" content=\"https:\/\/www.electrosuisse.ch\/it\/quando-lalgoritmo-attiva-il-termostato\/\" \/>\n<meta property=\"og:site_name\" content=\"Electrosuisse\" \/>\n<meta property=\"article:published_time\" content=\"2022-01-18T09:00:29+00:00\" \/>\n<meta property=\"article:modified_time\" content=\"2022-12-14T11:57:28+00:00\" \/>\n<meta property=\"og:image\" content=\"https:\/\/www.electrosuisse.ch\/wp-content\/uploads\/2022\/11\/Thermostat_1660x470.jpg\" \/>\n\t<meta property=\"og:image:width\" content=\"1200\" \/>\n\t<meta property=\"og:image:height\" content=\"675\" \/>\n\t<meta property=\"og:image:type\" content=\"image\/png\" \/>\n<meta name=\"author\" content=\"Nalini Schempp\" \/>\n<script type=\"application\/ld+json\" class=\"yoast-schema-graph\">{\"@context\":\"https:\/\/schema.org\",\"@graph\":[{\"@type\":\"Article\",\"@id\":\"https:\/\/www.electrosuisse.ch\/it\/quando-lalgoritmo-attiva-il-termostato\/#article\",\"isPartOf\":{\"@id\":\"https:\/\/www.electrosuisse.ch\/it\/quando-lalgoritmo-attiva-il-termostato\/\"},\"author\":{\"name\":\"Nalini Schempp\",\"@id\":\"https:\/\/www.electrosuisse.ch\/it\/#\/schema\/person\/8770e16f2c82936b086c9d1c1c004c08\"},\"headline\":\"Quando l&#8217;algoritmo attiva il termostato\",\"datePublished\":\"2022-01-18T09:00:29+00:00\",\"dateModified\":\"2022-12-14T11:57:28+00:00\",\"mainEntityOfPage\":{\"@id\":\"https:\/\/www.electrosuisse.ch\/it\/quando-lalgoritmo-attiva-il-termostato\/\"},\"wordCount\":310,\"publisher\":{\"@id\":\"https:\/\/www.electrosuisse.ch\/it\/#organization\"},\"keywords\":[\"Geb\u00e4udetechnik IT\"],\"articleSection\":[\"Non categorizzato\"],\"inLanguage\":\"it-IT\"},{\"@type\":\"WebPage\",\"@id\":\"https:\/\/www.electrosuisse.ch\/it\/quando-lalgoritmo-attiva-il-termostato\/\",\"url\":\"https:\/\/www.electrosuisse.ch\/it\/quando-lalgoritmo-attiva-il-termostato\/\",\"name\":\"Quando l'algoritmo attiva il termostato - Electrosuisse\",\"isPartOf\":{\"@id\":\"https:\/\/www.electrosuisse.ch\/it\/#website\"},\"datePublished\":\"2022-01-18T09:00:29+00:00\",\"dateModified\":\"2022-12-14T11:57:28+00:00\",\"inLanguage\":\"it-IT\",\"potentialAction\":[{\"@type\":\"ReadAction\",\"target\":[\"https:\/\/www.electrosuisse.ch\/it\/quando-lalgoritmo-attiva-il-termostato\/\"]}]},{\"@type\":\"WebSite\",\"@id\":\"https:\/\/www.electrosuisse.ch\/it\/#website\",\"url\":\"https:\/\/www.electrosuisse.ch\/it\/\",\"name\":\"Electrosuisse\",\"description\":\"\",\"publisher\":{\"@id\":\"https:\/\/www.electrosuisse.ch\/it\/#organization\"},\"potentialAction\":[{\"@type\":\"SearchAction\",\"target\":{\"@type\":\"EntryPoint\",\"urlTemplate\":\"https:\/\/www.electrosuisse.ch\/it\/?s={search_term_string}\"},\"query-input\":{\"@type\":\"PropertyValueSpecification\",\"valueRequired\":true,\"valueName\":\"search_term_string\"}}],\"inLanguage\":\"it-IT\"},{\"@type\":\"Organization\",\"@id\":\"https:\/\/www.electrosuisse.ch\/it\/#organization\",\"name\":\"Electrosuisse\",\"url\":\"https:\/\/www.electrosuisse.ch\/it\/\",\"logo\":{\"@type\":\"ImageObject\",\"inLanguage\":\"it-IT\",\"@id\":\"https:\/\/www.electrosuisse.ch\/it\/#\/schema\/logo\/image\/\",\"url\":\"https:\/\/www.electrosuisse.ch\/wp-content\/uploads\/2025\/04\/Electrosuisse_Logo_696x696.png\",\"contentUrl\":\"https:\/\/www.electrosuisse.ch\/wp-content\/uploads\/2025\/04\/Electrosuisse_Logo_696x696.png\",\"width\":696,\"height\":696,\"caption\":\"Electrosuisse\"},\"image\":{\"@id\":\"https:\/\/www.electrosuisse.ch\/it\/#\/schema\/logo\/image\/\"},\"sameAs\":[\"https:\/\/www.linkedin.com\/company\/electrosuisse-ag\/posts\/?feedView=all\",\"https:\/\/www.instagram.com\/electrosuisse1889\/\",\"https:\/\/www.youtube.com\/channel\/UCoOxohMiVE0Gjcdis1L09zw\"],\"description\":\"Electrosuisse ist eine anerkannte und unabh\u00e4ngige Fachorganisation, die erstklassige Dienstleistungen und Produkte in den Bereichen Inspektion, Beratung, Pr\u00fcfung, Zertifizierung, Normung und Weiterbildung anbietet. Unsere Expertise umfasst Elektrotechnik, Elektromobilit\u00e4t, Energieberatung, Geb\u00e4udeautomation und Photovoltaik in der Schweiz. Durch die Veranstaltung etablierter Branchen-Events und Fachtagungen f\u00f6rdert Electrosuisse den Wissenstransfer und den fachlichen Austausch. Im Mittelpunkt unserer T\u00e4tigkeiten steht die F\u00f6rderung der sicheren, wirtschaftlichen und umweltgerechten Anwendung der Elektrotechnik.\"},{\"@type\":\"Person\",\"@id\":\"https:\/\/www.electrosuisse.ch\/it\/#\/schema\/person\/8770e16f2c82936b086c9d1c1c004c08\",\"name\":\"Nalini Schempp\",\"image\":{\"@type\":\"ImageObject\",\"inLanguage\":\"it-IT\",\"@id\":\"https:\/\/www.electrosuisse.ch\/it\/#\/schema\/person\/image\/\",\"url\":\"https:\/\/secure.gravatar.com\/avatar\/f2e8b75d6e8fb1fd661220d625f7823d02404773b42d5decd9a0b3dd5a2a1fe6?s=96&d=mm&r=g\",\"contentUrl\":\"https:\/\/secure.gravatar.com\/avatar\/f2e8b75d6e8fb1fd661220d625f7823d02404773b42d5decd9a0b3dd5a2a1fe6?s=96&d=mm&r=g\",\"caption\":\"Nalini Schempp\"}}]}<\/script>\n<!-- \/ Yoast SEO Premium plugin. -->","yoast_head_json":{"title":"Quando l'algoritmo attiva il termostato - Electrosuisse","robots":{"index":"index","follow":"follow","max-snippet":"max-snippet:-1","max-image-preview":"max-image-preview:large","max-video-preview":"max-video-preview:-1"},"canonical":"https:\/\/www.electrosuisse.ch\/it\/quando-lalgoritmo-attiva-il-termostato\/","og_locale":"it_IT","og_type":"article","og_title":"Quando l'algoritmo attiva il termostato - Electrosuisse","og_description":"[vc_row][vc_column][vc_column_text]L\u2019azienda \u00abViboo\u00bb, una spin-off dell\u2019Empa, ha sviluppato un algoritmo di autoapprendimento per controllare il clima interno. Ci\u00f2 consente di raffreddare o riscaldare gli edifici in anticipo, risparmiando circa un terzo dell&#8217;energia. I termostati convenzionali, installati oggi in molti edifici residenziali, reagiscono solo quando la temperatura scende o supera una certa soglia. La reazione \u00e8 quindi [&hellip;]","og_url":"https:\/\/www.electrosuisse.ch\/it\/quando-lalgoritmo-attiva-il-termostato\/","og_site_name":"Electrosuisse","article_published_time":"2022-01-18T09:00:29+00:00","article_modified_time":"2022-12-14T11:57:28+00:00","og_image":[{"width":1200,"height":675,"url":"https:\/\/www.electrosuisse.ch\/wp-content\/uploads\/2022\/11\/Thermostat_1660x470.jpg","type":"image\/png"}],"author":"Nalini Schempp","schema":{"@context":"https:\/\/schema.org","@graph":[{"@type":"Article","@id":"https:\/\/www.electrosuisse.ch\/it\/quando-lalgoritmo-attiva-il-termostato\/#article","isPartOf":{"@id":"https:\/\/www.electrosuisse.ch\/it\/quando-lalgoritmo-attiva-il-termostato\/"},"author":{"name":"Nalini Schempp","@id":"https:\/\/www.electrosuisse.ch\/it\/#\/schema\/person\/8770e16f2c82936b086c9d1c1c004c08"},"headline":"Quando l&#8217;algoritmo attiva il termostato","datePublished":"2022-01-18T09:00:29+00:00","dateModified":"2022-12-14T11:57:28+00:00","mainEntityOfPage":{"@id":"https:\/\/www.electrosuisse.ch\/it\/quando-lalgoritmo-attiva-il-termostato\/"},"wordCount":310,"publisher":{"@id":"https:\/\/www.electrosuisse.ch\/it\/#organization"},"keywords":["Geb\u00e4udetechnik IT"],"articleSection":["Non categorizzato"],"inLanguage":"it-IT"},{"@type":"WebPage","@id":"https:\/\/www.electrosuisse.ch\/it\/quando-lalgoritmo-attiva-il-termostato\/","url":"https:\/\/www.electrosuisse.ch\/it\/quando-lalgoritmo-attiva-il-termostato\/","name":"Quando l'algoritmo attiva il termostato - Electrosuisse","isPartOf":{"@id":"https:\/\/www.electrosuisse.ch\/it\/#website"},"datePublished":"2022-01-18T09:00:29+00:00","dateModified":"2022-12-14T11:57:28+00:00","inLanguage":"it-IT","potentialAction":[{"@type":"ReadAction","target":["https:\/\/www.electrosuisse.ch\/it\/quando-lalgoritmo-attiva-il-termostato\/"]}]},{"@type":"WebSite","@id":"https:\/\/www.electrosuisse.ch\/it\/#website","url":"https:\/\/www.electrosuisse.ch\/it\/","name":"Electrosuisse","description":"","publisher":{"@id":"https:\/\/www.electrosuisse.ch\/it\/#organization"},"potentialAction":[{"@type":"SearchAction","target":{"@type":"EntryPoint","urlTemplate":"https:\/\/www.electrosuisse.ch\/it\/?s={search_term_string}"},"query-input":{"@type":"PropertyValueSpecification","valueRequired":true,"valueName":"search_term_string"}}],"inLanguage":"it-IT"},{"@type":"Organization","@id":"https:\/\/www.electrosuisse.ch\/it\/#organization","name":"Electrosuisse","url":"https:\/\/www.electrosuisse.ch\/it\/","logo":{"@type":"ImageObject","inLanguage":"it-IT","@id":"https:\/\/www.electrosuisse.ch\/it\/#\/schema\/logo\/image\/","url":"https:\/\/www.electrosuisse.ch\/wp-content\/uploads\/2025\/04\/Electrosuisse_Logo_696x696.png","contentUrl":"https:\/\/www.electrosuisse.ch\/wp-content\/uploads\/2025\/04\/Electrosuisse_Logo_696x696.png","width":696,"height":696,"caption":"Electrosuisse"},"image":{"@id":"https:\/\/www.electrosuisse.ch\/it\/#\/schema\/logo\/image\/"},"sameAs":["https:\/\/www.linkedin.com\/company\/electrosuisse-ag\/posts\/?feedView=all","https:\/\/www.instagram.com\/electrosuisse1889\/","https:\/\/www.youtube.com\/channel\/UCoOxohMiVE0Gjcdis1L09zw"],"description":"Electrosuisse ist eine anerkannte und unabh\u00e4ngige Fachorganisation, die erstklassige Dienstleistungen und Produkte in den Bereichen Inspektion, Beratung, Pr\u00fcfung, Zertifizierung, Normung und Weiterbildung anbietet. Unsere Expertise umfasst Elektrotechnik, Elektromobilit\u00e4t, Energieberatung, Geb\u00e4udeautomation und Photovoltaik in der Schweiz. Durch die Veranstaltung etablierter Branchen-Events und Fachtagungen f\u00f6rdert Electrosuisse den Wissenstransfer und den fachlichen Austausch. Im Mittelpunkt unserer T\u00e4tigkeiten steht die F\u00f6rderung der sicheren, wirtschaftlichen und umweltgerechten Anwendung der Elektrotechnik."},{"@type":"Person","@id":"https:\/\/www.electrosuisse.ch\/it\/#\/schema\/person\/8770e16f2c82936b086c9d1c1c004c08","name":"Nalini Schempp","image":{"@type":"ImageObject","inLanguage":"it-IT","@id":"https:\/\/www.electrosuisse.ch\/it\/#\/schema\/person\/image\/","url":"https:\/\/secure.gravatar.com\/avatar\/f2e8b75d6e8fb1fd661220d625f7823d02404773b42d5decd9a0b3dd5a2a1fe6?s=96&d=mm&r=g","contentUrl":"https:\/\/secure.gravatar.com\/avatar\/f2e8b75d6e8fb1fd661220d625f7823d02404773b42d5decd9a0b3dd5a2a1fe6?s=96&d=mm&r=g","caption":"Nalini Schempp"}}]}},"amp_enabled":true,"_links":{"self":[{"href":"https:\/\/www.electrosuisse.ch\/it\/wp-json\/wp\/v2\/posts\/25461","targetHints":{"allow":["GET"]}}],"collection":[{"href":"https:\/\/www.electrosuisse.ch\/it\/wp-json\/wp\/v2\/posts"}],"about":[{"href":"https:\/\/www.electrosuisse.ch\/it\/wp-json\/wp\/v2\/types\/post"}],"author":[{"embeddable":true,"href":"https:\/\/www.electrosuisse.ch\/it\/wp-json\/wp\/v2\/users\/20"}],"replies":[{"embeddable":true,"href":"https:\/\/www.electrosuisse.ch\/it\/wp-json\/wp\/v2\/comments?post=25461"}],"version-history":[{"count":0,"href":"https:\/\/www.electrosuisse.ch\/it\/wp-json\/wp\/v2\/posts\/25461\/revisions"}],"wp:attachment":[{"href":"https:\/\/www.electrosuisse.ch\/it\/wp-json\/wp\/v2\/media?parent=25461"}],"wp:term":[{"taxonomy":"category","embeddable":true,"href":"https:\/\/www.electrosuisse.ch\/it\/wp-json\/wp\/v2\/categories?post=25461"},{"taxonomy":"post_tag","embeddable":true,"href":"https:\/\/www.electrosuisse.ch\/it\/wp-json\/wp\/v2\/tags?post=25461"}],"curies":[{"name":"wp","href":"https:\/\/api.w.org\/{rel}","templated":true}]}}