{"id":20115,"date":"2021-12-15T08:30:35","date_gmt":"2021-12-15T07:30:35","guid":{"rendered":"https:\/\/www.electrosuisse.ch\/?p=20115"},"modified":"2022-11-25T14:25:25","modified_gmt":"2022-11-25T13:25:25","slug":"sovranita-tecnologica-lo-studio-vde-mostra-nuovi-percorsi","status":"publish","type":"post","link":"https:\/\/www.electrosuisse.ch\/it\/sovranita-tecnologica-lo-studio-vde-mostra-nuovi-percorsi\/","title":{"rendered":"Sovranit\u00e0 tecnologica &#8211; lo studio VDE mostra nuovi percorsi"},"content":{"rendered":"<div class=\"wpb-content-wrapper\"><p>[vc_row][vc_column][vc_column_text]La sovranit\u00e0 tecnologica \u00e8 un importante obiettivo centrale dell&#8217;UE, come dichiarato dal presidente della Commissione UE von der Leyen nel 2019.<\/p>\n<p>Con l&#8217;insorgere della pandemia, il sistema economico globale \u00e8 stato sottoposto a una massiccia pressione attraverso i problemi della catena di approvvigionamento in tutto il mondo, e i paesi europei si sono resi conto della loro grande dipendenza dai paesi al di fuori dell&#8217;UE. Ci ha mostrato quanto sia cruciale aumentare significativamente l&#8217;autonomia strategica del continente in alcune aree tecnologiche specifiche. Oltre ai fattori generali, il raggiungimento degli obiettivi di protezione dell&#8217;ambiente e del clima, tra gli altri, dipende anche dalla disponibilit\u00e0 e dall&#8217;applicazione sicura di tecnologie adeguate, in particolare la competenza per la digitalizzazione, garantendo allo stesso tempo la protezione dei dati.<\/p>\n<p>EUREL, una rete professionale indipendente di diversi stati europei e delle loro associazioni professionali, ha pubblicato uno studio sulle tecnologie dell&#8217;informazione guidato da VDE nel 2021. Questo studio analizza i prerequisiti per la sovranit\u00e0 tecnologica e definisce raccomandazioni specifiche, specialmente per il campo tecnologico essenziale della tecnologia dell&#8217;informazione e della comunicazione (ICT).<\/p>\n<p>Il 27 gennaio 2022 dalle 14.00, i risultati dello studio saranno presentati nel formato ONLINE &#8220;EUREL eMeetup&#8221;. Dopo il discorso principale del Prof. Dr. Ing. Hans Dieter SCHOTTEN, Centro di ricerca tedesco per l&#8217;intelligenza artificiale (DFKI), l&#8217;argomento sar\u00e0 ulteriormente esplorato in una tavola rotonda. La lingua del formato \u00e8 l&#8217;inglese a causa del pubblico internazionale.<\/p>\n<p>Hans Schotten \u00e8 direttore scientifico dell&#8217;area di ricerca sulle reti intelligenti presso il Centro di ricerca tedesco per l&#8217;intelligenza artificiale (DFKI) e detiene la cattedra di comunicazione radio e navigazione presso l&#8217;Universit\u00e0 tecnica di Kaiserslautern (TUK). \u00c8 presidente della VDE Informationstechnische Gesellschaft (VDE ITG) e membro del consiglio della Verband der Elektrotechnik (VDE). Come parte della sua ricerca, il professor Schotten si occupa di tecnologie radio mobili e di comunicazione radio e sviluppa nuove tecnologie di sicurezza e infrastrutture di comunicazione per l&#8217;industria.<\/p>\n<p>Aggiungeremo qui il link per la registrazione del vde non appena sar\u00e0 disponibile.[\/vc_column_text]<div class=\"wpb_button_column wpb_content_element wpb_content_element--left\"><div class=\"wpb_wrapper\"><div class=\"button button--normal\"><a href=\"https:\/\/www.vde.com\/resource\/blob\/2013656\/66f71138ba34b7b3ad0e2aa248b71abd\/vde-position-paper-technological-sovereignty-data.pdf\" target=\"_blank\" >Allo studio (in tedesco)<\/a><\/div><\/div><\/div><div class=\"wpb_button_column wpb_content_element wpb_content_element--left\"><div class=\"wpb_wrapper\"><div class=\"button button--normal\"><a href=\"https:\/\/zoom.us\/webinar\/register\/WN_9dEyf0KaTO2kbgb6ffAWIQ\" target=\"_blank\" >Registrazione<\/a><\/div><\/div><\/div>[\/vc_column][\/vc_row]<\/p>\n<\/div>","protected":false},"excerpt":{"rendered":"<p>[vc_row][vc_column][vc_column_text]La sovranit\u00e0 tecnologica \u00e8 un importante obiettivo centrale dell&#8217;UE, come dichiarato dal presidente della Commissione UE von der Leyen nel 2019. Con l&#8217;insorgere della pandemia, il sistema economico globale \u00e8 stato sottoposto a una massiccia pressione attraverso i problemi della catena di approvvigionamento in tutto il mondo, e i paesi europei si sono resi conto [&hellip;]<\/p>\n","protected":false},"author":6,"featured_media":0,"comment_status":"closed","ping_status":"closed","sticky":false,"template":"","format":"standard","meta":{"_acf_changed":false,"_monsterinsights_skip_tracking":false,"_monsterinsights_sitenote_active":false,"_monsterinsights_sitenote_note":"","_monsterinsights_sitenote_category":0,"footnotes":""},"categories":[45],"tags":[],"class_list":["post-20115","post","type-post","status-publish","format-standard","hentry","category-non-categorizzato"],"acf":[],"yoast_head":"<!-- This site is optimized with the Yoast SEO Premium plugin v26.4 (Yoast SEO v27.0) - https:\/\/yoast.com\/product\/yoast-seo-premium-wordpress\/ -->\n<title>Sovranit\u00e0 tecnologica - lo studio VDE mostra nuovi percorsi - Electrosuisse<\/title>\n<meta name=\"robots\" content=\"index, follow, max-snippet:-1, max-image-preview:large, max-video-preview:-1\" \/>\n<link rel=\"canonical\" href=\"https:\/\/www.electrosuisse.ch\/it\/sovranita-tecnologica-lo-studio-vde-mostra-nuovi-percorsi\/\" \/>\n<meta property=\"og:locale\" content=\"it_IT\" \/>\n<meta property=\"og:type\" content=\"article\" \/>\n<meta property=\"og:title\" content=\"Sovranit\u00e0 tecnologica - lo studio VDE mostra nuovi percorsi - Electrosuisse\" \/>\n<meta property=\"og:description\" content=\"[vc_row][vc_column][vc_column_text]La sovranit\u00e0 tecnologica \u00e8 un importante obiettivo centrale dell&#8217;UE, come dichiarato dal presidente della Commissione UE von der Leyen nel 2019. Con l&#8217;insorgere della pandemia, il sistema economico globale \u00e8 stato sottoposto a una massiccia pressione attraverso i problemi della catena di approvvigionamento in tutto il mondo, e i paesi europei si sono resi conto [&hellip;]\" \/>\n<meta property=\"og:url\" content=\"https:\/\/www.electrosuisse.ch\/it\/sovranita-tecnologica-lo-studio-vde-mostra-nuovi-percorsi\/\" \/>\n<meta property=\"og:site_name\" content=\"Electrosuisse\" \/>\n<meta property=\"article:published_time\" content=\"2021-12-15T07:30:35+00:00\" \/>\n<meta property=\"article:modified_time\" content=\"2022-11-25T13:25:25+00:00\" \/>\n<meta property=\"og:image\" content=\"https:\/\/www.electrosuisse.ch\/wp-content\/uploads\/2021\/12\/Eurel-eMeetup-1660X440.jpg\" \/>\n\t<meta property=\"og:image:width\" content=\"1200\" \/>\n\t<meta property=\"og:image:height\" content=\"675\" \/>\n\t<meta property=\"og:image:type\" content=\"image\/png\" \/>\n<meta name=\"author\" content=\"Anita Serafini\" \/>\n<script type=\"application\/ld+json\" class=\"yoast-schema-graph\">{\"@context\":\"https:\/\/schema.org\",\"@graph\":[{\"@type\":\"Article\",\"@id\":\"https:\/\/www.electrosuisse.ch\/it\/sovranita-tecnologica-lo-studio-vde-mostra-nuovi-percorsi\/#article\",\"isPartOf\":{\"@id\":\"https:\/\/www.electrosuisse.ch\/it\/sovranita-tecnologica-lo-studio-vde-mostra-nuovi-percorsi\/\"},\"author\":{\"name\":\"Anita Serafini\",\"@id\":\"https:\/\/www.electrosuisse.ch\/it\/#\/schema\/person\/0ef69aac34185528f3a6d17888410caf\"},\"headline\":\"Sovranit\u00e0 tecnologica &#8211; lo studio VDE mostra nuovi percorsi\",\"datePublished\":\"2021-12-15T07:30:35+00:00\",\"dateModified\":\"2022-11-25T13:25:25+00:00\",\"mainEntityOfPage\":{\"@id\":\"https:\/\/www.electrosuisse.ch\/it\/sovranita-tecnologica-lo-studio-vde-mostra-nuovi-percorsi\/\"},\"wordCount\":411,\"publisher\":{\"@id\":\"https:\/\/www.electrosuisse.ch\/it\/#organization\"},\"articleSection\":[\"Non categorizzato\"],\"inLanguage\":\"it-IT\"},{\"@type\":\"WebPage\",\"@id\":\"https:\/\/www.electrosuisse.ch\/it\/sovranita-tecnologica-lo-studio-vde-mostra-nuovi-percorsi\/\",\"url\":\"https:\/\/www.electrosuisse.ch\/it\/sovranita-tecnologica-lo-studio-vde-mostra-nuovi-percorsi\/\",\"name\":\"Sovranit\u00e0 tecnologica - lo studio VDE mostra nuovi percorsi - Electrosuisse\",\"isPartOf\":{\"@id\":\"https:\/\/www.electrosuisse.ch\/it\/#website\"},\"datePublished\":\"2021-12-15T07:30:35+00:00\",\"dateModified\":\"2022-11-25T13:25:25+00:00\",\"inLanguage\":\"it-IT\",\"potentialAction\":[{\"@type\":\"ReadAction\",\"target\":[\"https:\/\/www.electrosuisse.ch\/it\/sovranita-tecnologica-lo-studio-vde-mostra-nuovi-percorsi\/\"]}]},{\"@type\":\"WebSite\",\"@id\":\"https:\/\/www.electrosuisse.ch\/it\/#website\",\"url\":\"https:\/\/www.electrosuisse.ch\/it\/\",\"name\":\"Electrosuisse\",\"description\":\"\",\"publisher\":{\"@id\":\"https:\/\/www.electrosuisse.ch\/it\/#organization\"},\"potentialAction\":[{\"@type\":\"SearchAction\",\"target\":{\"@type\":\"EntryPoint\",\"urlTemplate\":\"https:\/\/www.electrosuisse.ch\/it\/?s={search_term_string}\"},\"query-input\":{\"@type\":\"PropertyValueSpecification\",\"valueRequired\":true,\"valueName\":\"search_term_string\"}}],\"inLanguage\":\"it-IT\"},{\"@type\":\"Organization\",\"@id\":\"https:\/\/www.electrosuisse.ch\/it\/#organization\",\"name\":\"Electrosuisse\",\"url\":\"https:\/\/www.electrosuisse.ch\/it\/\",\"logo\":{\"@type\":\"ImageObject\",\"inLanguage\":\"it-IT\",\"@id\":\"https:\/\/www.electrosuisse.ch\/it\/#\/schema\/logo\/image\/\",\"url\":\"https:\/\/www.electrosuisse.ch\/wp-content\/uploads\/2025\/04\/Electrosuisse_Logo_696x696.png\",\"contentUrl\":\"https:\/\/www.electrosuisse.ch\/wp-content\/uploads\/2025\/04\/Electrosuisse_Logo_696x696.png\",\"width\":696,\"height\":696,\"caption\":\"Electrosuisse\"},\"image\":{\"@id\":\"https:\/\/www.electrosuisse.ch\/it\/#\/schema\/logo\/image\/\"},\"sameAs\":[\"https:\/\/www.linkedin.com\/company\/electrosuisse-ag\/posts\/?feedView=all\",\"https:\/\/www.instagram.com\/electrosuisse1889\/\",\"https:\/\/www.youtube.com\/channel\/UCoOxohMiVE0Gjcdis1L09zw\"],\"description\":\"Electrosuisse ist eine anerkannte und unabh\u00e4ngige Fachorganisation, die erstklassige Dienstleistungen und Produkte in den Bereichen Inspektion, Beratung, Pr\u00fcfung, Zertifizierung, Normung und Weiterbildung anbietet. Unsere Expertise umfasst Elektrotechnik, Elektromobilit\u00e4t, Energieberatung, Geb\u00e4udeautomation und Photovoltaik in der Schweiz. Durch die Veranstaltung etablierter Branchen-Events und Fachtagungen f\u00f6rdert Electrosuisse den Wissenstransfer und den fachlichen Austausch. Im Mittelpunkt unserer T\u00e4tigkeiten steht die F\u00f6rderung der sicheren, wirtschaftlichen und umweltgerechten Anwendung der Elektrotechnik.\"},{\"@type\":\"Person\",\"@id\":\"https:\/\/www.electrosuisse.ch\/it\/#\/schema\/person\/0ef69aac34185528f3a6d17888410caf\",\"name\":\"Anita Serafini\",\"image\":{\"@type\":\"ImageObject\",\"inLanguage\":\"it-IT\",\"@id\":\"https:\/\/www.electrosuisse.ch\/it\/#\/schema\/person\/image\/\",\"url\":\"https:\/\/secure.gravatar.com\/avatar\/1b7b417c5e262b4d5423cd3f96595e0b5e8bacff15771d8b388b51c84ed55a54?s=96&d=mm&r=g\",\"contentUrl\":\"https:\/\/secure.gravatar.com\/avatar\/1b7b417c5e262b4d5423cd3f96595e0b5e8bacff15771d8b388b51c84ed55a54?s=96&d=mm&r=g\",\"caption\":\"Anita Serafini\"}}]}<\/script>\n<!-- \/ Yoast SEO Premium plugin. -->","yoast_head_json":{"title":"Sovranit\u00e0 tecnologica - lo studio VDE mostra nuovi percorsi - Electrosuisse","robots":{"index":"index","follow":"follow","max-snippet":"max-snippet:-1","max-image-preview":"max-image-preview:large","max-video-preview":"max-video-preview:-1"},"canonical":"https:\/\/www.electrosuisse.ch\/it\/sovranita-tecnologica-lo-studio-vde-mostra-nuovi-percorsi\/","og_locale":"it_IT","og_type":"article","og_title":"Sovranit\u00e0 tecnologica - lo studio VDE mostra nuovi percorsi - Electrosuisse","og_description":"[vc_row][vc_column][vc_column_text]La sovranit\u00e0 tecnologica \u00e8 un importante obiettivo centrale dell&#8217;UE, come dichiarato dal presidente della Commissione UE von der Leyen nel 2019. Con l&#8217;insorgere della pandemia, il sistema economico globale \u00e8 stato sottoposto a una massiccia pressione attraverso i problemi della catena di approvvigionamento in tutto il mondo, e i paesi europei si sono resi conto [&hellip;]","og_url":"https:\/\/www.electrosuisse.ch\/it\/sovranita-tecnologica-lo-studio-vde-mostra-nuovi-percorsi\/","og_site_name":"Electrosuisse","article_published_time":"2021-12-15T07:30:35+00:00","article_modified_time":"2022-11-25T13:25:25+00:00","og_image":[{"width":1200,"height":675,"url":"https:\/\/www.electrosuisse.ch\/wp-content\/uploads\/2021\/12\/Eurel-eMeetup-1660X440.jpg","type":"image\/png"}],"author":"Anita Serafini","schema":{"@context":"https:\/\/schema.org","@graph":[{"@type":"Article","@id":"https:\/\/www.electrosuisse.ch\/it\/sovranita-tecnologica-lo-studio-vde-mostra-nuovi-percorsi\/#article","isPartOf":{"@id":"https:\/\/www.electrosuisse.ch\/it\/sovranita-tecnologica-lo-studio-vde-mostra-nuovi-percorsi\/"},"author":{"name":"Anita Serafini","@id":"https:\/\/www.electrosuisse.ch\/it\/#\/schema\/person\/0ef69aac34185528f3a6d17888410caf"},"headline":"Sovranit\u00e0 tecnologica &#8211; lo studio VDE mostra nuovi percorsi","datePublished":"2021-12-15T07:30:35+00:00","dateModified":"2022-11-25T13:25:25+00:00","mainEntityOfPage":{"@id":"https:\/\/www.electrosuisse.ch\/it\/sovranita-tecnologica-lo-studio-vde-mostra-nuovi-percorsi\/"},"wordCount":411,"publisher":{"@id":"https:\/\/www.electrosuisse.ch\/it\/#organization"},"articleSection":["Non categorizzato"],"inLanguage":"it-IT"},{"@type":"WebPage","@id":"https:\/\/www.electrosuisse.ch\/it\/sovranita-tecnologica-lo-studio-vde-mostra-nuovi-percorsi\/","url":"https:\/\/www.electrosuisse.ch\/it\/sovranita-tecnologica-lo-studio-vde-mostra-nuovi-percorsi\/","name":"Sovranit\u00e0 tecnologica - lo studio VDE mostra nuovi percorsi - Electrosuisse","isPartOf":{"@id":"https:\/\/www.electrosuisse.ch\/it\/#website"},"datePublished":"2021-12-15T07:30:35+00:00","dateModified":"2022-11-25T13:25:25+00:00","inLanguage":"it-IT","potentialAction":[{"@type":"ReadAction","target":["https:\/\/www.electrosuisse.ch\/it\/sovranita-tecnologica-lo-studio-vde-mostra-nuovi-percorsi\/"]}]},{"@type":"WebSite","@id":"https:\/\/www.electrosuisse.ch\/it\/#website","url":"https:\/\/www.electrosuisse.ch\/it\/","name":"Electrosuisse","description":"","publisher":{"@id":"https:\/\/www.electrosuisse.ch\/it\/#organization"},"potentialAction":[{"@type":"SearchAction","target":{"@type":"EntryPoint","urlTemplate":"https:\/\/www.electrosuisse.ch\/it\/?s={search_term_string}"},"query-input":{"@type":"PropertyValueSpecification","valueRequired":true,"valueName":"search_term_string"}}],"inLanguage":"it-IT"},{"@type":"Organization","@id":"https:\/\/www.electrosuisse.ch\/it\/#organization","name":"Electrosuisse","url":"https:\/\/www.electrosuisse.ch\/it\/","logo":{"@type":"ImageObject","inLanguage":"it-IT","@id":"https:\/\/www.electrosuisse.ch\/it\/#\/schema\/logo\/image\/","url":"https:\/\/www.electrosuisse.ch\/wp-content\/uploads\/2025\/04\/Electrosuisse_Logo_696x696.png","contentUrl":"https:\/\/www.electrosuisse.ch\/wp-content\/uploads\/2025\/04\/Electrosuisse_Logo_696x696.png","width":696,"height":696,"caption":"Electrosuisse"},"image":{"@id":"https:\/\/www.electrosuisse.ch\/it\/#\/schema\/logo\/image\/"},"sameAs":["https:\/\/www.linkedin.com\/company\/electrosuisse-ag\/posts\/?feedView=all","https:\/\/www.instagram.com\/electrosuisse1889\/","https:\/\/www.youtube.com\/channel\/UCoOxohMiVE0Gjcdis1L09zw"],"description":"Electrosuisse ist eine anerkannte und unabh\u00e4ngige Fachorganisation, die erstklassige Dienstleistungen und Produkte in den Bereichen Inspektion, Beratung, Pr\u00fcfung, Zertifizierung, Normung und Weiterbildung anbietet. Unsere Expertise umfasst Elektrotechnik, Elektromobilit\u00e4t, Energieberatung, Geb\u00e4udeautomation und Photovoltaik in der Schweiz. Durch die Veranstaltung etablierter Branchen-Events und Fachtagungen f\u00f6rdert Electrosuisse den Wissenstransfer und den fachlichen Austausch. Im Mittelpunkt unserer T\u00e4tigkeiten steht die F\u00f6rderung der sicheren, wirtschaftlichen und umweltgerechten Anwendung der Elektrotechnik."},{"@type":"Person","@id":"https:\/\/www.electrosuisse.ch\/it\/#\/schema\/person\/0ef69aac34185528f3a6d17888410caf","name":"Anita Serafini","image":{"@type":"ImageObject","inLanguage":"it-IT","@id":"https:\/\/www.electrosuisse.ch\/it\/#\/schema\/person\/image\/","url":"https:\/\/secure.gravatar.com\/avatar\/1b7b417c5e262b4d5423cd3f96595e0b5e8bacff15771d8b388b51c84ed55a54?s=96&d=mm&r=g","contentUrl":"https:\/\/secure.gravatar.com\/avatar\/1b7b417c5e262b4d5423cd3f96595e0b5e8bacff15771d8b388b51c84ed55a54?s=96&d=mm&r=g","caption":"Anita Serafini"}}]}},"amp_enabled":true,"_links":{"self":[{"href":"https:\/\/www.electrosuisse.ch\/it\/wp-json\/wp\/v2\/posts\/20115","targetHints":{"allow":["GET"]}}],"collection":[{"href":"https:\/\/www.electrosuisse.ch\/it\/wp-json\/wp\/v2\/posts"}],"about":[{"href":"https:\/\/www.electrosuisse.ch\/it\/wp-json\/wp\/v2\/types\/post"}],"author":[{"embeddable":true,"href":"https:\/\/www.electrosuisse.ch\/it\/wp-json\/wp\/v2\/users\/6"}],"replies":[{"embeddable":true,"href":"https:\/\/www.electrosuisse.ch\/it\/wp-json\/wp\/v2\/comments?post=20115"}],"version-history":[{"count":0,"href":"https:\/\/www.electrosuisse.ch\/it\/wp-json\/wp\/v2\/posts\/20115\/revisions"}],"wp:attachment":[{"href":"https:\/\/www.electrosuisse.ch\/it\/wp-json\/wp\/v2\/media?parent=20115"}],"wp:term":[{"taxonomy":"category","embeddable":true,"href":"https:\/\/www.electrosuisse.ch\/it\/wp-json\/wp\/v2\/categories?post=20115"},{"taxonomy":"post_tag","embeddable":true,"href":"https:\/\/www.electrosuisse.ch\/it\/wp-json\/wp\/v2\/tags?post=20115"}],"curies":[{"name":"wp","href":"https:\/\/api.w.org\/{rel}","templated":true}]}}