{"id":15149,"date":"2021-02-01T13:57:10","date_gmt":"2021-02-01T12:57:10","guid":{"rendered":"https:\/\/www.electrosuisse.ch\/?p=15149"},"modified":"2022-11-25T14:45:18","modified_gmt":"2022-11-25T13:45:18","slug":"portale-clienti-myelectrosuisse-per-i-nostri-clienti","status":"publish","type":"post","link":"https:\/\/www.electrosuisse.ch\/it\/portale-clienti-myelectrosuisse-per-i-nostri-clienti\/","title":{"rendered":"Portale clienti \u00abmyElectrosuisse\u00bb per i nostri clienti"},"content":{"rendered":"<div class=\"wpb-content-wrapper\"><p>[vc_row][vc_column][vc_column_text]I vostri vantaggi con il portale myElectrosuisse:<br \/>\n\u2013 La vostra documentazione sulla sicurezza sempre a portata di mano, rapporti di sicurezza e certificati dell\u2019 assistenza tecnica. \u2013 Dati attuali delle vostre sedi \u2013 I vostri dati rimangono in Svizzera<br \/>\nE:<br \/>\n\u2013 Caricamento diretto degli avvisi di eliminazione dei difetti da parte del vostro installatore elettrico \u2013 Statistica dei difetti in sintesi \u2013 Panoramica della sorveglianza portatori di autorizzazione art. 13 OIBT \u2013 Visualizzazione e download di norme e prodotti correlati \u2013 Panoramica degli eventi di formazione pianificati e frequentati \u2013 Backup regolare dei vostri dati<br \/>\nDesiderate maggiori informazioni?<br \/>\nLasciateci i vostri dati di contatto <a href=\"https:\/\/www.electrosuisse.ch\/it\/contatto\/\" target=\"_blank\" rel=\"noopener\">qui<\/a>.<br \/>\nIl nostro personale amministrativo vi contatter\u00e0 per una consulenza personale.[\/vc_column_text][\/vc_column][\/vc_row]<\/p>\n<\/div>","protected":false},"excerpt":{"rendered":"<p>[vc_row][vc_column][vc_column_text]I vostri vantaggi con il portale myElectrosuisse: \u2013 La vostra documentazione sulla sicurezza sempre a portata di mano, rapporti di sicurezza e certificati dell\u2019 assistenza tecnica. \u2013 Dati attuali delle vostre sedi \u2013 I vostri dati rimangono in Svizzera E: \u2013 Caricamento diretto degli avvisi di eliminazione dei difetti da parte del vostro installatore elettrico [&hellip;]<\/p>\n","protected":false},"author":6,"featured_media":0,"comment_status":"closed","ping_status":"closed","sticky":false,"template":"","format":"standard","meta":{"_acf_changed":false,"_monsterinsights_skip_tracking":false,"_monsterinsights_sitenote_active":false,"_monsterinsights_sitenote_note":"","_monsterinsights_sitenote_category":0,"footnotes":""},"categories":[45],"tags":[],"class_list":["post-15149","post","type-post","status-publish","format-standard","hentry","category-non-categorizzato"],"acf":[],"yoast_head":"<!-- This site is optimized with the Yoast SEO Premium plugin v26.4 (Yoast SEO v27.0) - https:\/\/yoast.com\/product\/yoast-seo-premium-wordpress\/ -->\n<title>Portale clienti \u00abmyElectrosuisse\u00bb per i nostri clienti - Electrosuisse<\/title>\n<meta name=\"description\" content=\"Vi solleviamo dal lavoro amministrativo. Il portale clienti di Electrosuisse vi offre diversi vantaggi.\" \/>\n<meta name=\"robots\" content=\"index, follow, max-snippet:-1, max-image-preview:large, max-video-preview:-1\" \/>\n<link rel=\"canonical\" href=\"https:\/\/www.electrosuisse.ch\/it\/portale-clienti-myelectrosuisse-per-i-nostri-clienti\/\" \/>\n<meta property=\"og:locale\" content=\"it_IT\" \/>\n<meta property=\"og:type\" content=\"article\" \/>\n<meta property=\"og:title\" content=\"Portale clienti \u00abmyElectrosuisse\u00bb per i nostri clienti - Electrosuisse\" \/>\n<meta property=\"og:description\" content=\"Vi solleviamo dal lavoro amministrativo. Il portale clienti di Electrosuisse vi offre diversi vantaggi.\" \/>\n<meta property=\"og:url\" content=\"https:\/\/www.electrosuisse.ch\/it\/portale-clienti-myelectrosuisse-per-i-nostri-clienti\/\" \/>\n<meta property=\"og:site_name\" content=\"Electrosuisse\" \/>\n<meta property=\"article:published_time\" content=\"2021-02-01T12:57:10+00:00\" \/>\n<meta property=\"article:modified_time\" content=\"2022-11-25T13:45:18+00:00\" \/>\n<meta property=\"og:image\" content=\"https:\/\/www.electrosuisse.ch\/wp-content\/uploads\/2021\/02\/Kundenportal-1660x585-1.jpg\" \/>\n\t<meta property=\"og:image:width\" content=\"1200\" \/>\n\t<meta property=\"og:image:height\" content=\"675\" \/>\n\t<meta property=\"og:image:type\" content=\"image\/png\" \/>\n<meta name=\"author\" content=\"Anita Serafini\" \/>\n<script type=\"application\/ld+json\" class=\"yoast-schema-graph\">{\"@context\":\"https:\/\/schema.org\",\"@graph\":[{\"@type\":\"Article\",\"@id\":\"https:\/\/www.electrosuisse.ch\/it\/portale-clienti-myelectrosuisse-per-i-nostri-clienti\/#article\",\"isPartOf\":{\"@id\":\"https:\/\/www.electrosuisse.ch\/it\/portale-clienti-myelectrosuisse-per-i-nostri-clienti\/\"},\"author\":{\"name\":\"Anita Serafini\",\"@id\":\"https:\/\/www.electrosuisse.ch\/it\/#\/schema\/person\/0ef69aac34185528f3a6d17888410caf\"},\"headline\":\"Portale clienti \u00abmyElectrosuisse\u00bb per i nostri clienti\",\"datePublished\":\"2021-02-01T12:57:10+00:00\",\"dateModified\":\"2022-11-25T13:45:18+00:00\",\"mainEntityOfPage\":{\"@id\":\"https:\/\/www.electrosuisse.ch\/it\/portale-clienti-myelectrosuisse-per-i-nostri-clienti\/\"},\"wordCount\":126,\"publisher\":{\"@id\":\"https:\/\/www.electrosuisse.ch\/it\/#organization\"},\"articleSection\":[\"Non categorizzato\"],\"inLanguage\":\"it-IT\"},{\"@type\":\"WebPage\",\"@id\":\"https:\/\/www.electrosuisse.ch\/it\/portale-clienti-myelectrosuisse-per-i-nostri-clienti\/\",\"url\":\"https:\/\/www.electrosuisse.ch\/it\/portale-clienti-myelectrosuisse-per-i-nostri-clienti\/\",\"name\":\"Portale clienti \u00abmyElectrosuisse\u00bb per i nostri clienti - Electrosuisse\",\"isPartOf\":{\"@id\":\"https:\/\/www.electrosuisse.ch\/it\/#website\"},\"datePublished\":\"2021-02-01T12:57:10+00:00\",\"dateModified\":\"2022-11-25T13:45:18+00:00\",\"description\":\"Vi solleviamo dal lavoro amministrativo. Il portale clienti di Electrosuisse vi offre diversi vantaggi.\",\"inLanguage\":\"it-IT\",\"potentialAction\":[{\"@type\":\"ReadAction\",\"target\":[\"https:\/\/www.electrosuisse.ch\/it\/portale-clienti-myelectrosuisse-per-i-nostri-clienti\/\"]}]},{\"@type\":\"WebSite\",\"@id\":\"https:\/\/www.electrosuisse.ch\/it\/#website\",\"url\":\"https:\/\/www.electrosuisse.ch\/it\/\",\"name\":\"Electrosuisse\",\"description\":\"\",\"publisher\":{\"@id\":\"https:\/\/www.electrosuisse.ch\/it\/#organization\"},\"potentialAction\":[{\"@type\":\"SearchAction\",\"target\":{\"@type\":\"EntryPoint\",\"urlTemplate\":\"https:\/\/www.electrosuisse.ch\/it\/?s={search_term_string}\"},\"query-input\":{\"@type\":\"PropertyValueSpecification\",\"valueRequired\":true,\"valueName\":\"search_term_string\"}}],\"inLanguage\":\"it-IT\"},{\"@type\":\"Organization\",\"@id\":\"https:\/\/www.electrosuisse.ch\/it\/#organization\",\"name\":\"Electrosuisse\",\"url\":\"https:\/\/www.electrosuisse.ch\/it\/\",\"logo\":{\"@type\":\"ImageObject\",\"inLanguage\":\"it-IT\",\"@id\":\"https:\/\/www.electrosuisse.ch\/it\/#\/schema\/logo\/image\/\",\"url\":\"https:\/\/www.electrosuisse.ch\/wp-content\/uploads\/2025\/04\/Electrosuisse_Logo_696x696.png\",\"contentUrl\":\"https:\/\/www.electrosuisse.ch\/wp-content\/uploads\/2025\/04\/Electrosuisse_Logo_696x696.png\",\"width\":696,\"height\":696,\"caption\":\"Electrosuisse\"},\"image\":{\"@id\":\"https:\/\/www.electrosuisse.ch\/it\/#\/schema\/logo\/image\/\"},\"sameAs\":[\"https:\/\/www.linkedin.com\/company\/electrosuisse-ag\/posts\/?feedView=all\",\"https:\/\/www.instagram.com\/electrosuisse1889\/\",\"https:\/\/www.youtube.com\/channel\/UCoOxohMiVE0Gjcdis1L09zw\"],\"description\":\"Electrosuisse ist eine anerkannte und unabh\u00e4ngige Fachorganisation, die erstklassige Dienstleistungen und Produkte in den Bereichen Inspektion, Beratung, Pr\u00fcfung, Zertifizierung, Normung und Weiterbildung anbietet. Unsere Expertise umfasst Elektrotechnik, Elektromobilit\u00e4t, Energieberatung, Geb\u00e4udeautomation und Photovoltaik in der Schweiz. Durch die Veranstaltung etablierter Branchen-Events und Fachtagungen f\u00f6rdert Electrosuisse den Wissenstransfer und den fachlichen Austausch. Im Mittelpunkt unserer T\u00e4tigkeiten steht die F\u00f6rderung der sicheren, wirtschaftlichen und umweltgerechten Anwendung der Elektrotechnik.\"},{\"@type\":\"Person\",\"@id\":\"https:\/\/www.electrosuisse.ch\/it\/#\/schema\/person\/0ef69aac34185528f3a6d17888410caf\",\"name\":\"Anita Serafini\",\"image\":{\"@type\":\"ImageObject\",\"inLanguage\":\"it-IT\",\"@id\":\"https:\/\/www.electrosuisse.ch\/it\/#\/schema\/person\/image\/\",\"url\":\"https:\/\/secure.gravatar.com\/avatar\/1b7b417c5e262b4d5423cd3f96595e0b5e8bacff15771d8b388b51c84ed55a54?s=96&d=mm&r=g\",\"contentUrl\":\"https:\/\/secure.gravatar.com\/avatar\/1b7b417c5e262b4d5423cd3f96595e0b5e8bacff15771d8b388b51c84ed55a54?s=96&d=mm&r=g\",\"caption\":\"Anita Serafini\"}}]}<\/script>\n<!-- \/ Yoast SEO Premium plugin. -->","yoast_head_json":{"title":"Portale clienti \u00abmyElectrosuisse\u00bb per i nostri clienti - Electrosuisse","description":"Vi solleviamo dal lavoro amministrativo. Il portale clienti di Electrosuisse vi offre diversi vantaggi.","robots":{"index":"index","follow":"follow","max-snippet":"max-snippet:-1","max-image-preview":"max-image-preview:large","max-video-preview":"max-video-preview:-1"},"canonical":"https:\/\/www.electrosuisse.ch\/it\/portale-clienti-myelectrosuisse-per-i-nostri-clienti\/","og_locale":"it_IT","og_type":"article","og_title":"Portale clienti \u00abmyElectrosuisse\u00bb per i nostri clienti - Electrosuisse","og_description":"Vi solleviamo dal lavoro amministrativo. Il portale clienti di Electrosuisse vi offre diversi vantaggi.","og_url":"https:\/\/www.electrosuisse.ch\/it\/portale-clienti-myelectrosuisse-per-i-nostri-clienti\/","og_site_name":"Electrosuisse","article_published_time":"2021-02-01T12:57:10+00:00","article_modified_time":"2022-11-25T13:45:18+00:00","og_image":[{"width":1200,"height":675,"url":"https:\/\/www.electrosuisse.ch\/wp-content\/uploads\/2021\/02\/Kundenportal-1660x585-1.jpg","type":"image\/png"}],"author":"Anita Serafini","schema":{"@context":"https:\/\/schema.org","@graph":[{"@type":"Article","@id":"https:\/\/www.electrosuisse.ch\/it\/portale-clienti-myelectrosuisse-per-i-nostri-clienti\/#article","isPartOf":{"@id":"https:\/\/www.electrosuisse.ch\/it\/portale-clienti-myelectrosuisse-per-i-nostri-clienti\/"},"author":{"name":"Anita Serafini","@id":"https:\/\/www.electrosuisse.ch\/it\/#\/schema\/person\/0ef69aac34185528f3a6d17888410caf"},"headline":"Portale clienti \u00abmyElectrosuisse\u00bb per i nostri clienti","datePublished":"2021-02-01T12:57:10+00:00","dateModified":"2022-11-25T13:45:18+00:00","mainEntityOfPage":{"@id":"https:\/\/www.electrosuisse.ch\/it\/portale-clienti-myelectrosuisse-per-i-nostri-clienti\/"},"wordCount":126,"publisher":{"@id":"https:\/\/www.electrosuisse.ch\/it\/#organization"},"articleSection":["Non categorizzato"],"inLanguage":"it-IT"},{"@type":"WebPage","@id":"https:\/\/www.electrosuisse.ch\/it\/portale-clienti-myelectrosuisse-per-i-nostri-clienti\/","url":"https:\/\/www.electrosuisse.ch\/it\/portale-clienti-myelectrosuisse-per-i-nostri-clienti\/","name":"Portale clienti \u00abmyElectrosuisse\u00bb per i nostri clienti - Electrosuisse","isPartOf":{"@id":"https:\/\/www.electrosuisse.ch\/it\/#website"},"datePublished":"2021-02-01T12:57:10+00:00","dateModified":"2022-11-25T13:45:18+00:00","description":"Vi solleviamo dal lavoro amministrativo. Il portale clienti di Electrosuisse vi offre diversi vantaggi.","inLanguage":"it-IT","potentialAction":[{"@type":"ReadAction","target":["https:\/\/www.electrosuisse.ch\/it\/portale-clienti-myelectrosuisse-per-i-nostri-clienti\/"]}]},{"@type":"WebSite","@id":"https:\/\/www.electrosuisse.ch\/it\/#website","url":"https:\/\/www.electrosuisse.ch\/it\/","name":"Electrosuisse","description":"","publisher":{"@id":"https:\/\/www.electrosuisse.ch\/it\/#organization"},"potentialAction":[{"@type":"SearchAction","target":{"@type":"EntryPoint","urlTemplate":"https:\/\/www.electrosuisse.ch\/it\/?s={search_term_string}"},"query-input":{"@type":"PropertyValueSpecification","valueRequired":true,"valueName":"search_term_string"}}],"inLanguage":"it-IT"},{"@type":"Organization","@id":"https:\/\/www.electrosuisse.ch\/it\/#organization","name":"Electrosuisse","url":"https:\/\/www.electrosuisse.ch\/it\/","logo":{"@type":"ImageObject","inLanguage":"it-IT","@id":"https:\/\/www.electrosuisse.ch\/it\/#\/schema\/logo\/image\/","url":"https:\/\/www.electrosuisse.ch\/wp-content\/uploads\/2025\/04\/Electrosuisse_Logo_696x696.png","contentUrl":"https:\/\/www.electrosuisse.ch\/wp-content\/uploads\/2025\/04\/Electrosuisse_Logo_696x696.png","width":696,"height":696,"caption":"Electrosuisse"},"image":{"@id":"https:\/\/www.electrosuisse.ch\/it\/#\/schema\/logo\/image\/"},"sameAs":["https:\/\/www.linkedin.com\/company\/electrosuisse-ag\/posts\/?feedView=all","https:\/\/www.instagram.com\/electrosuisse1889\/","https:\/\/www.youtube.com\/channel\/UCoOxohMiVE0Gjcdis1L09zw"],"description":"Electrosuisse ist eine anerkannte und unabh\u00e4ngige Fachorganisation, die erstklassige Dienstleistungen und Produkte in den Bereichen Inspektion, Beratung, Pr\u00fcfung, Zertifizierung, Normung und Weiterbildung anbietet. Unsere Expertise umfasst Elektrotechnik, Elektromobilit\u00e4t, Energieberatung, Geb\u00e4udeautomation und Photovoltaik in der Schweiz. Durch die Veranstaltung etablierter Branchen-Events und Fachtagungen f\u00f6rdert Electrosuisse den Wissenstransfer und den fachlichen Austausch. Im Mittelpunkt unserer T\u00e4tigkeiten steht die F\u00f6rderung der sicheren, wirtschaftlichen und umweltgerechten Anwendung der Elektrotechnik."},{"@type":"Person","@id":"https:\/\/www.electrosuisse.ch\/it\/#\/schema\/person\/0ef69aac34185528f3a6d17888410caf","name":"Anita Serafini","image":{"@type":"ImageObject","inLanguage":"it-IT","@id":"https:\/\/www.electrosuisse.ch\/it\/#\/schema\/person\/image\/","url":"https:\/\/secure.gravatar.com\/avatar\/1b7b417c5e262b4d5423cd3f96595e0b5e8bacff15771d8b388b51c84ed55a54?s=96&d=mm&r=g","contentUrl":"https:\/\/secure.gravatar.com\/avatar\/1b7b417c5e262b4d5423cd3f96595e0b5e8bacff15771d8b388b51c84ed55a54?s=96&d=mm&r=g","caption":"Anita Serafini"}}]}},"amp_enabled":true,"_links":{"self":[{"href":"https:\/\/www.electrosuisse.ch\/it\/wp-json\/wp\/v2\/posts\/15149","targetHints":{"allow":["GET"]}}],"collection":[{"href":"https:\/\/www.electrosuisse.ch\/it\/wp-json\/wp\/v2\/posts"}],"about":[{"href":"https:\/\/www.electrosuisse.ch\/it\/wp-json\/wp\/v2\/types\/post"}],"author":[{"embeddable":true,"href":"https:\/\/www.electrosuisse.ch\/it\/wp-json\/wp\/v2\/users\/6"}],"replies":[{"embeddable":true,"href":"https:\/\/www.electrosuisse.ch\/it\/wp-json\/wp\/v2\/comments?post=15149"}],"version-history":[{"count":0,"href":"https:\/\/www.electrosuisse.ch\/it\/wp-json\/wp\/v2\/posts\/15149\/revisions"}],"wp:attachment":[{"href":"https:\/\/www.electrosuisse.ch\/it\/wp-json\/wp\/v2\/media?parent=15149"}],"wp:term":[{"taxonomy":"category","embeddable":true,"href":"https:\/\/www.electrosuisse.ch\/it\/wp-json\/wp\/v2\/categories?post=15149"},{"taxonomy":"post_tag","embeddable":true,"href":"https:\/\/www.electrosuisse.ch\/it\/wp-json\/wp\/v2\/tags?post=15149"}],"curies":[{"name":"wp","href":"https:\/\/api.w.org\/{rel}","templated":true}]}}