{"id":15076,"date":"2021-01-13T11:07:16","date_gmt":"2021-01-13T10:07:16","guid":{"rendered":"https:\/\/www.electrosuisse.ch\/?p=15076"},"modified":"2021-02-01T14:05:27","modified_gmt":"2021-02-01T13:05:27","slug":"cifre-della-disoccupazione-nel-settore-elettrico-in-aumento-del-50","status":"publish","type":"post","link":"https:\/\/www.electrosuisse.ch\/it\/cifre-della-disoccupazione-nel-settore-elettrico-in-aumento-del-50\/","title":{"rendered":"Cifre della disoccupazione nel settore elettrico in aumento del 50%"},"content":{"rendered":"<div class=\"wpb-content-wrapper\"><p>[vc_row][vc_column][vc_column_text]La Seco ha pubblicato gli ultimi dati relativi al mercato del lavoro svizzero nel 2020. Nel 2020 l&#8217;andamento del mercato del lavoro \u00e8 stato caratterizzato dalla crisi della Covid-19. Grazie al massiccio ricorso all\u2019indennit\u00e0 per lavoro ridotto (ILR), gli effetti negativi della crisi sono stati attenuati. Ciononostante, le cifre relative alla disoccupazione sono aumentate in tutti i settori. L&#8217;industria elettrica \u00e8 stata colpita pi\u00f9 duramente della media svizzera.<\/p>\n<p>A partire da met\u00e0 marzo 2020 il numero di persone in cerca di lavoro e dei disoccupati registrati \u00e8 aumentato sensibilmente rispetto al basso livello di partenza. Secondo i rilevamenti della Seco, nel 2020 il tasso medio di disoccupazione in Svizzera era del 3,1%. Da giugno in poi, il numero di persone in cerca di lavoro \u00e8 aumentato solo leggermente e si sono talvolta registrati leggeri cali tra i disoccupati. A fine dicembre 2020 il numero di disoccupati era di 163.545, con un aumento di 46.268 unit\u00e0, pari al 39,5% rispetto all&#8217;anno precedente.\u00a0\u00a0 Il numero di persone in cerca di lavoro, pari a 260.318, \u00e8 aumentato di 67.363 unit\u00e0, ovvero del 34,9% rispetto al dicembre 2019; un dato altrettanto elevato \u00e8 stato registrato l&#8217;ultima volta nel febbraio 1997 con 251.377 persone in cerca di lavoro.<\/p>\n<p><strong>Il settore elettrico pi\u00f9 duramente colpito rispetto alla media<\/strong><\/p>\n<p>Il settore elettrico ha registrato un aumento superiore alla media del tasso di disoccupazione: a dicembre 2020, il numero di persone in cerca di lavoro era di 5028 unit\u00e0, con un aumento di 1715 persone, pari al 51,8% rispetto a dicembre 2019, portando l&#8217;attuale tasso di disoccupazione nel settore al 4,7%.<\/p>\n<p>La media annua di disoccupati nel settore elettrico \u00e8 stata di 4405 persone, con un aumento del 1510 o del 52,1% rispetto al 2019.<\/p>\n<p><strong>Impiego storico del lavoro ridotto<\/strong><\/p>\n<p>In un 2020 caratterizzato dal Covid-19 il numero di disoccupati in Svizzera, \u00e8 aumentato relativamente poco rispetto al massiccio calo di valore aggiunto della prima met\u00e0 del 2020. Ci\u00f2 \u00e8 dovuto principalmente al massiccio ricorso alla all\u2019indennit\u00e0 per lavoro ridotto (ILR).<\/p>\n<p>Partendo da un livello molto basso a febbraio (5045), il numero di dipendenti con lavoro a tempo parziale \u00e8 salito a 1,0 milioni a marzo e a un massimo storico di circa 1,3 milioni ad aprile. Nei mesi da maggio a settembre, questo dato \u00e8 poi sceso nuovamente in modo significativo in seguito all&#8217;allentamento delle misure di politica sanitaria; in ottobre sono stati finora 219.388 i dipendenti che hanno usufruito dell\u2019ILR. Nei mesi invernali, questo dato sarebbe destinato ad aumentare di nuovo in modo significativo, soprattutto a causa della seconda ondata della pandemia di Covid 19 e delle misure correlate. A novembre, 645.493 dipendenti hanno avviato la procedura di preannuncio per poter riscuotere l\u2019ILR.[\/vc_column_text][\/vc_column][\/vc_row]<\/p>\n<\/div>","protected":false},"excerpt":{"rendered":"<p>[vc_row][vc_column][vc_column_text]La Seco ha pubblicato gli ultimi dati relativi al mercato del lavoro svizzero nel 2020. Nel 2020 l&#8217;andamento del mercato del lavoro \u00e8 stato caratterizzato dalla crisi della Covid-19. Grazie al massiccio ricorso all\u2019indennit\u00e0 per lavoro ridotto (ILR), gli effetti negativi della crisi sono stati attenuati. Ciononostante, le cifre relative alla disoccupazione sono aumentate in [&hellip;]<\/p>\n","protected":false},"author":6,"featured_media":0,"comment_status":"closed","ping_status":"closed","sticky":false,"template":"","format":"standard","meta":{"_acf_changed":false,"_monsterinsights_skip_tracking":false,"_monsterinsights_sitenote_active":false,"_monsterinsights_sitenote_note":"","_monsterinsights_sitenote_category":0,"footnotes":""},"categories":[45],"tags":[245],"class_list":["post-15076","post","type-post","status-publish","format-standard","hentry","category-non-categorizzato","tag-energia-e-reti"],"acf":[],"yoast_head":"<!-- This site is optimized with the Yoast SEO Premium plugin v26.4 (Yoast SEO v27.0) - https:\/\/yoast.com\/product\/yoast-seo-premium-wordpress\/ -->\n<title>Cifre della disoccupazione nel settore elettrico in aumento del 50% - Electrosuisse<\/title>\n<meta name=\"description\" content=\"La Seco ha pubblicato gli ultimi dati relativi al mercato del lavoro svizzero nel 2020. L&#039;industria elettrica \u00e8 stata colpita pi\u00f9 duramente.\" \/>\n<meta name=\"robots\" content=\"index, follow, max-snippet:-1, max-image-preview:large, max-video-preview:-1\" \/>\n<link rel=\"canonical\" href=\"https:\/\/www.electrosuisse.ch\/it\/cifre-della-disoccupazione-nel-settore-elettrico-in-aumento-del-50\/\" \/>\n<meta property=\"og:locale\" content=\"it_IT\" \/>\n<meta property=\"og:type\" content=\"article\" \/>\n<meta property=\"og:title\" content=\"Cifre della disoccupazione nel settore elettrico in aumento del 50% - Electrosuisse\" \/>\n<meta property=\"og:description\" content=\"La Seco ha pubblicato gli ultimi dati relativi al mercato del lavoro svizzero nel 2020. L&#039;industria elettrica \u00e8 stata colpita pi\u00f9 duramente.\" \/>\n<meta property=\"og:url\" content=\"https:\/\/www.electrosuisse.ch\/it\/cifre-della-disoccupazione-nel-settore-elettrico-in-aumento-del-50\/\" \/>\n<meta property=\"og:site_name\" content=\"Electrosuisse\" \/>\n<meta property=\"article:published_time\" content=\"2021-01-13T10:07:16+00:00\" \/>\n<meta property=\"article:modified_time\" content=\"2021-02-01T13:05:27+00:00\" \/>\n<meta property=\"og:image\" content=\"https:\/\/www.electrosuisse.ch\/wp-content\/uploads\/2021\/01\/Arbeitslosenzahlen-1160x585-1.jpg\" \/>\n\t<meta property=\"og:image:width\" content=\"1200\" \/>\n\t<meta property=\"og:image:height\" content=\"675\" \/>\n\t<meta property=\"og:image:type\" content=\"image\/png\" \/>\n<meta name=\"author\" content=\"Anita Serafini\" \/>\n<script type=\"application\/ld+json\" class=\"yoast-schema-graph\">{\"@context\":\"https:\/\/schema.org\",\"@graph\":[{\"@type\":\"Article\",\"@id\":\"https:\/\/www.electrosuisse.ch\/it\/cifre-della-disoccupazione-nel-settore-elettrico-in-aumento-del-50\/#article\",\"isPartOf\":{\"@id\":\"https:\/\/www.electrosuisse.ch\/it\/cifre-della-disoccupazione-nel-settore-elettrico-in-aumento-del-50\/\"},\"author\":{\"name\":\"Anita Serafini\",\"@id\":\"https:\/\/www.electrosuisse.ch\/it\/#\/schema\/person\/0ef69aac34185528f3a6d17888410caf\"},\"headline\":\"Cifre della disoccupazione nel settore elettrico in aumento del 50%\",\"datePublished\":\"2021-01-13T10:07:16+00:00\",\"dateModified\":\"2021-02-01T13:05:27+00:00\",\"mainEntityOfPage\":{\"@id\":\"https:\/\/www.electrosuisse.ch\/it\/cifre-della-disoccupazione-nel-settore-elettrico-in-aumento-del-50\/\"},\"wordCount\":436,\"publisher\":{\"@id\":\"https:\/\/www.electrosuisse.ch\/it\/#organization\"},\"keywords\":[\"Elektroinstallation IT\"],\"articleSection\":[\"Non categorizzato\"],\"inLanguage\":\"it-IT\"},{\"@type\":\"WebPage\",\"@id\":\"https:\/\/www.electrosuisse.ch\/it\/cifre-della-disoccupazione-nel-settore-elettrico-in-aumento-del-50\/\",\"url\":\"https:\/\/www.electrosuisse.ch\/it\/cifre-della-disoccupazione-nel-settore-elettrico-in-aumento-del-50\/\",\"name\":\"Cifre della disoccupazione nel settore elettrico in aumento del 50% - Electrosuisse\",\"isPartOf\":{\"@id\":\"https:\/\/www.electrosuisse.ch\/it\/#website\"},\"datePublished\":\"2021-01-13T10:07:16+00:00\",\"dateModified\":\"2021-02-01T13:05:27+00:00\",\"description\":\"La Seco ha pubblicato gli ultimi dati relativi al mercato del lavoro svizzero nel 2020. L'industria elettrica \u00e8 stata colpita pi\u00f9 duramente.\",\"inLanguage\":\"it-IT\",\"potentialAction\":[{\"@type\":\"ReadAction\",\"target\":[\"https:\/\/www.electrosuisse.ch\/it\/cifre-della-disoccupazione-nel-settore-elettrico-in-aumento-del-50\/\"]}]},{\"@type\":\"WebSite\",\"@id\":\"https:\/\/www.electrosuisse.ch\/it\/#website\",\"url\":\"https:\/\/www.electrosuisse.ch\/it\/\",\"name\":\"Electrosuisse\",\"description\":\"\",\"publisher\":{\"@id\":\"https:\/\/www.electrosuisse.ch\/it\/#organization\"},\"potentialAction\":[{\"@type\":\"SearchAction\",\"target\":{\"@type\":\"EntryPoint\",\"urlTemplate\":\"https:\/\/www.electrosuisse.ch\/it\/?s={search_term_string}\"},\"query-input\":{\"@type\":\"PropertyValueSpecification\",\"valueRequired\":true,\"valueName\":\"search_term_string\"}}],\"inLanguage\":\"it-IT\"},{\"@type\":\"Organization\",\"@id\":\"https:\/\/www.electrosuisse.ch\/it\/#organization\",\"name\":\"Electrosuisse\",\"url\":\"https:\/\/www.electrosuisse.ch\/it\/\",\"logo\":{\"@type\":\"ImageObject\",\"inLanguage\":\"it-IT\",\"@id\":\"https:\/\/www.electrosuisse.ch\/it\/#\/schema\/logo\/image\/\",\"url\":\"https:\/\/www.electrosuisse.ch\/wp-content\/uploads\/2025\/04\/Electrosuisse_Logo_696x696.png\",\"contentUrl\":\"https:\/\/www.electrosuisse.ch\/wp-content\/uploads\/2025\/04\/Electrosuisse_Logo_696x696.png\",\"width\":696,\"height\":696,\"caption\":\"Electrosuisse\"},\"image\":{\"@id\":\"https:\/\/www.electrosuisse.ch\/it\/#\/schema\/logo\/image\/\"},\"sameAs\":[\"https:\/\/www.linkedin.com\/company\/electrosuisse-ag\/posts\/?feedView=all\",\"https:\/\/www.instagram.com\/electrosuisse1889\/\",\"https:\/\/www.youtube.com\/channel\/UCoOxohMiVE0Gjcdis1L09zw\"],\"description\":\"Electrosuisse ist eine anerkannte und unabh\u00e4ngige Fachorganisation, die erstklassige Dienstleistungen und Produkte in den Bereichen Inspektion, Beratung, Pr\u00fcfung, Zertifizierung, Normung und Weiterbildung anbietet. Unsere Expertise umfasst Elektrotechnik, Elektromobilit\u00e4t, Energieberatung, Geb\u00e4udeautomation und Photovoltaik in der Schweiz. Durch die Veranstaltung etablierter Branchen-Events und Fachtagungen f\u00f6rdert Electrosuisse den Wissenstransfer und den fachlichen Austausch. Im Mittelpunkt unserer T\u00e4tigkeiten steht die F\u00f6rderung der sicheren, wirtschaftlichen und umweltgerechten Anwendung der Elektrotechnik.\"},{\"@type\":\"Person\",\"@id\":\"https:\/\/www.electrosuisse.ch\/it\/#\/schema\/person\/0ef69aac34185528f3a6d17888410caf\",\"name\":\"Anita Serafini\",\"image\":{\"@type\":\"ImageObject\",\"inLanguage\":\"it-IT\",\"@id\":\"https:\/\/www.electrosuisse.ch\/it\/#\/schema\/person\/image\/\",\"url\":\"https:\/\/secure.gravatar.com\/avatar\/1b7b417c5e262b4d5423cd3f96595e0b5e8bacff15771d8b388b51c84ed55a54?s=96&d=mm&r=g\",\"contentUrl\":\"https:\/\/secure.gravatar.com\/avatar\/1b7b417c5e262b4d5423cd3f96595e0b5e8bacff15771d8b388b51c84ed55a54?s=96&d=mm&r=g\",\"caption\":\"Anita Serafini\"}}]}<\/script>\n<!-- \/ Yoast SEO Premium plugin. -->","yoast_head_json":{"title":"Cifre della disoccupazione nel settore elettrico in aumento del 50% - Electrosuisse","description":"La Seco ha pubblicato gli ultimi dati relativi al mercato del lavoro svizzero nel 2020. L'industria elettrica \u00e8 stata colpita pi\u00f9 duramente.","robots":{"index":"index","follow":"follow","max-snippet":"max-snippet:-1","max-image-preview":"max-image-preview:large","max-video-preview":"max-video-preview:-1"},"canonical":"https:\/\/www.electrosuisse.ch\/it\/cifre-della-disoccupazione-nel-settore-elettrico-in-aumento-del-50\/","og_locale":"it_IT","og_type":"article","og_title":"Cifre della disoccupazione nel settore elettrico in aumento del 50% - Electrosuisse","og_description":"La Seco ha pubblicato gli ultimi dati relativi al mercato del lavoro svizzero nel 2020. L'industria elettrica \u00e8 stata colpita pi\u00f9 duramente.","og_url":"https:\/\/www.electrosuisse.ch\/it\/cifre-della-disoccupazione-nel-settore-elettrico-in-aumento-del-50\/","og_site_name":"Electrosuisse","article_published_time":"2021-01-13T10:07:16+00:00","article_modified_time":"2021-02-01T13:05:27+00:00","og_image":[{"width":1200,"height":675,"url":"https:\/\/www.electrosuisse.ch\/wp-content\/uploads\/2021\/01\/Arbeitslosenzahlen-1160x585-1.jpg","type":"image\/png"}],"author":"Anita Serafini","schema":{"@context":"https:\/\/schema.org","@graph":[{"@type":"Article","@id":"https:\/\/www.electrosuisse.ch\/it\/cifre-della-disoccupazione-nel-settore-elettrico-in-aumento-del-50\/#article","isPartOf":{"@id":"https:\/\/www.electrosuisse.ch\/it\/cifre-della-disoccupazione-nel-settore-elettrico-in-aumento-del-50\/"},"author":{"name":"Anita Serafini","@id":"https:\/\/www.electrosuisse.ch\/it\/#\/schema\/person\/0ef69aac34185528f3a6d17888410caf"},"headline":"Cifre della disoccupazione nel settore elettrico in aumento del 50%","datePublished":"2021-01-13T10:07:16+00:00","dateModified":"2021-02-01T13:05:27+00:00","mainEntityOfPage":{"@id":"https:\/\/www.electrosuisse.ch\/it\/cifre-della-disoccupazione-nel-settore-elettrico-in-aumento-del-50\/"},"wordCount":436,"publisher":{"@id":"https:\/\/www.electrosuisse.ch\/it\/#organization"},"keywords":["Elektroinstallation IT"],"articleSection":["Non categorizzato"],"inLanguage":"it-IT"},{"@type":"WebPage","@id":"https:\/\/www.electrosuisse.ch\/it\/cifre-della-disoccupazione-nel-settore-elettrico-in-aumento-del-50\/","url":"https:\/\/www.electrosuisse.ch\/it\/cifre-della-disoccupazione-nel-settore-elettrico-in-aumento-del-50\/","name":"Cifre della disoccupazione nel settore elettrico in aumento del 50% - Electrosuisse","isPartOf":{"@id":"https:\/\/www.electrosuisse.ch\/it\/#website"},"datePublished":"2021-01-13T10:07:16+00:00","dateModified":"2021-02-01T13:05:27+00:00","description":"La Seco ha pubblicato gli ultimi dati relativi al mercato del lavoro svizzero nel 2020. L'industria elettrica \u00e8 stata colpita pi\u00f9 duramente.","inLanguage":"it-IT","potentialAction":[{"@type":"ReadAction","target":["https:\/\/www.electrosuisse.ch\/it\/cifre-della-disoccupazione-nel-settore-elettrico-in-aumento-del-50\/"]}]},{"@type":"WebSite","@id":"https:\/\/www.electrosuisse.ch\/it\/#website","url":"https:\/\/www.electrosuisse.ch\/it\/","name":"Electrosuisse","description":"","publisher":{"@id":"https:\/\/www.electrosuisse.ch\/it\/#organization"},"potentialAction":[{"@type":"SearchAction","target":{"@type":"EntryPoint","urlTemplate":"https:\/\/www.electrosuisse.ch\/it\/?s={search_term_string}"},"query-input":{"@type":"PropertyValueSpecification","valueRequired":true,"valueName":"search_term_string"}}],"inLanguage":"it-IT"},{"@type":"Organization","@id":"https:\/\/www.electrosuisse.ch\/it\/#organization","name":"Electrosuisse","url":"https:\/\/www.electrosuisse.ch\/it\/","logo":{"@type":"ImageObject","inLanguage":"it-IT","@id":"https:\/\/www.electrosuisse.ch\/it\/#\/schema\/logo\/image\/","url":"https:\/\/www.electrosuisse.ch\/wp-content\/uploads\/2025\/04\/Electrosuisse_Logo_696x696.png","contentUrl":"https:\/\/www.electrosuisse.ch\/wp-content\/uploads\/2025\/04\/Electrosuisse_Logo_696x696.png","width":696,"height":696,"caption":"Electrosuisse"},"image":{"@id":"https:\/\/www.electrosuisse.ch\/it\/#\/schema\/logo\/image\/"},"sameAs":["https:\/\/www.linkedin.com\/company\/electrosuisse-ag\/posts\/?feedView=all","https:\/\/www.instagram.com\/electrosuisse1889\/","https:\/\/www.youtube.com\/channel\/UCoOxohMiVE0Gjcdis1L09zw"],"description":"Electrosuisse ist eine anerkannte und unabh\u00e4ngige Fachorganisation, die erstklassige Dienstleistungen und Produkte in den Bereichen Inspektion, Beratung, Pr\u00fcfung, Zertifizierung, Normung und Weiterbildung anbietet. Unsere Expertise umfasst Elektrotechnik, Elektromobilit\u00e4t, Energieberatung, Geb\u00e4udeautomation und Photovoltaik in der Schweiz. Durch die Veranstaltung etablierter Branchen-Events und Fachtagungen f\u00f6rdert Electrosuisse den Wissenstransfer und den fachlichen Austausch. Im Mittelpunkt unserer T\u00e4tigkeiten steht die F\u00f6rderung der sicheren, wirtschaftlichen und umweltgerechten Anwendung der Elektrotechnik."},{"@type":"Person","@id":"https:\/\/www.electrosuisse.ch\/it\/#\/schema\/person\/0ef69aac34185528f3a6d17888410caf","name":"Anita Serafini","image":{"@type":"ImageObject","inLanguage":"it-IT","@id":"https:\/\/www.electrosuisse.ch\/it\/#\/schema\/person\/image\/","url":"https:\/\/secure.gravatar.com\/avatar\/1b7b417c5e262b4d5423cd3f96595e0b5e8bacff15771d8b388b51c84ed55a54?s=96&d=mm&r=g","contentUrl":"https:\/\/secure.gravatar.com\/avatar\/1b7b417c5e262b4d5423cd3f96595e0b5e8bacff15771d8b388b51c84ed55a54?s=96&d=mm&r=g","caption":"Anita Serafini"}}]}},"amp_enabled":true,"_links":{"self":[{"href":"https:\/\/www.electrosuisse.ch\/it\/wp-json\/wp\/v2\/posts\/15076","targetHints":{"allow":["GET"]}}],"collection":[{"href":"https:\/\/www.electrosuisse.ch\/it\/wp-json\/wp\/v2\/posts"}],"about":[{"href":"https:\/\/www.electrosuisse.ch\/it\/wp-json\/wp\/v2\/types\/post"}],"author":[{"embeddable":true,"href":"https:\/\/www.electrosuisse.ch\/it\/wp-json\/wp\/v2\/users\/6"}],"replies":[{"embeddable":true,"href":"https:\/\/www.electrosuisse.ch\/it\/wp-json\/wp\/v2\/comments?post=15076"}],"version-history":[{"count":0,"href":"https:\/\/www.electrosuisse.ch\/it\/wp-json\/wp\/v2\/posts\/15076\/revisions"}],"wp:attachment":[{"href":"https:\/\/www.electrosuisse.ch\/it\/wp-json\/wp\/v2\/media?parent=15076"}],"wp:term":[{"taxonomy":"category","embeddable":true,"href":"https:\/\/www.electrosuisse.ch\/it\/wp-json\/wp\/v2\/categories?post=15076"},{"taxonomy":"post_tag","embeddable":true,"href":"https:\/\/www.electrosuisse.ch\/it\/wp-json\/wp\/v2\/tags?post=15076"}],"curies":[{"name":"wp","href":"https:\/\/api.w.org\/{rel}","templated":true}]}}