{"id":38956,"date":"2025-05-12T10:55:27","date_gmt":"2025-05-12T08:55:27","guid":{"rendered":"https:\/\/www.electrosuisse.ch\/?p=38956"},"modified":"2025-05-12T11:03:50","modified_gmt":"2025-05-12T09:03:50","slug":"loptimisation-du-systeme-une-condition-prealable","status":"publish","type":"post","link":"https:\/\/www.electrosuisse.ch\/fr\/loptimisation-du-systeme-une-condition-prealable\/","title":{"rendered":"L\u2019optimisation du syst\u00e8me, une condition pr\u00e9alable"},"content":{"rendered":"","protected":false},"excerpt":{"rendered":"","protected":false},"author":38,"featured_media":0,"comment_status":"closed","ping_status":"closed","sticky":false,"template":"","format":"standard","meta":{"_acf_changed":false,"_monsterinsights_skip_tracking":false,"_monsterinsights_sitenote_active":false,"_monsterinsights_sitenote_note":"","_monsterinsights_sitenote_category":0,"footnotes":""},"categories":[44],"tags":[371,257],"class_list":["post-38956","post","type-post","status-publish","format-standard","hentry","category-non-classifie","tag-energieversorgung-fr","tag-mobilite-infrastructure"],"acf":[],"yoast_head":"<!-- This site is optimized with the Yoast SEO Premium plugin v26.4 (Yoast SEO v27.0) - https:\/\/yoast.com\/product\/yoast-seo-premium-wordpress\/ -->\n<title>L\u2019optimisation du syst\u00e8me, une condition pr\u00e9alable - Electrosuisse<\/title>\n<meta name=\"robots\" content=\"index, follow, max-snippet:-1, max-image-preview:large, max-video-preview:-1\" \/>\n<link rel=\"canonical\" href=\"https:\/\/www.electrosuisse.ch\/fr\/loptimisation-du-systeme-une-condition-prealable\/\" \/>\n<meta property=\"og:locale\" content=\"fr_FR\" \/>\n<meta property=\"og:type\" content=\"article\" \/>\n<meta property=\"og:title\" content=\"L\u2019optimisation du syst\u00e8me, une condition pr\u00e9alable - Electrosuisse\" \/>\n<meta property=\"og:url\" content=\"https:\/\/www.electrosuisse.ch\/fr\/loptimisation-du-systeme-une-condition-prealable\/\" \/>\n<meta property=\"og:site_name\" content=\"Electrosuisse\" \/>\n<meta property=\"article:published_time\" content=\"2025-05-12T08:55:27+00:00\" \/>\n<meta property=\"article:modified_time\" content=\"2025-05-12T09:03:50+00:00\" \/>\n<meta property=\"og:image\" content=\"https:\/\/www.electrosuisse.ch\/wp-content\/uploads\/2025\/04\/electrosuisse-logo-1200x675-1.png\" \/>\n\t<meta property=\"og:image:width\" content=\"1200\" \/>\n\t<meta property=\"og:image:height\" content=\"675\" \/>\n\t<meta property=\"og:image:type\" content=\"image\/png\" \/>\n<meta name=\"author\" content=\"Sina Joller\" \/>\n<script type=\"application\/ld+json\" class=\"yoast-schema-graph\">{\"@context\":\"https:\/\/schema.org\",\"@graph\":[{\"@type\":\"Article\",\"@id\":\"https:\/\/www.electrosuisse.ch\/fr\/loptimisation-du-systeme-une-condition-prealable\/#article\",\"isPartOf\":{\"@id\":\"https:\/\/www.electrosuisse.ch\/fr\/loptimisation-du-systeme-une-condition-prealable\/\"},\"author\":{\"name\":\"Sina Joller\",\"@id\":\"https:\/\/www.electrosuisse.ch\/fr\/#\/schema\/person\/e8142e4593653cd8447f7f52e1e5379f\"},\"headline\":\"L\u2019optimisation du syst\u00e8me, une condition pr\u00e9alable\",\"datePublished\":\"2025-05-12T08:55:27+00:00\",\"dateModified\":\"2025-05-12T09:03:50+00:00\",\"mainEntityOfPage\":{\"@id\":\"https:\/\/www.electrosuisse.ch\/fr\/loptimisation-du-systeme-une-condition-prealable\/\"},\"wordCount\":9,\"publisher\":{\"@id\":\"https:\/\/www.electrosuisse.ch\/fr\/#organization\"},\"keywords\":[\"Energieversorgung\",\"Mobilit\u00e4t FR\"],\"articleSection\":[\"Non classifi\u00e9(e)\"],\"inLanguage\":\"fr-FR\"},{\"@type\":\"WebPage\",\"@id\":\"https:\/\/www.electrosuisse.ch\/fr\/loptimisation-du-systeme-une-condition-prealable\/\",\"url\":\"https:\/\/www.electrosuisse.ch\/fr\/loptimisation-du-systeme-une-condition-prealable\/\",\"name\":\"L\u2019optimisation du syst\u00e8me, une condition pr\u00e9alable - Electrosuisse\",\"isPartOf\":{\"@id\":\"https:\/\/www.electrosuisse.ch\/fr\/#website\"},\"datePublished\":\"2025-05-12T08:55:27+00:00\",\"dateModified\":\"2025-05-12T09:03:50+00:00\",\"inLanguage\":\"fr-FR\",\"potentialAction\":[{\"@type\":\"ReadAction\",\"target\":[\"https:\/\/www.electrosuisse.ch\/fr\/loptimisation-du-systeme-une-condition-prealable\/\"]}]},{\"@type\":\"WebSite\",\"@id\":\"https:\/\/www.electrosuisse.ch\/fr\/#website\",\"url\":\"https:\/\/www.electrosuisse.ch\/fr\/\",\"name\":\"Electrosuisse\",\"description\":\"\",\"publisher\":{\"@id\":\"https:\/\/www.electrosuisse.ch\/fr\/#organization\"},\"potentialAction\":[{\"@type\":\"SearchAction\",\"target\":{\"@type\":\"EntryPoint\",\"urlTemplate\":\"https:\/\/www.electrosuisse.ch\/fr\/?s={search_term_string}\"},\"query-input\":{\"@type\":\"PropertyValueSpecification\",\"valueRequired\":true,\"valueName\":\"search_term_string\"}}],\"inLanguage\":\"fr-FR\"},{\"@type\":\"Organization\",\"@id\":\"https:\/\/www.electrosuisse.ch\/fr\/#organization\",\"name\":\"Electrosuisse\",\"url\":\"https:\/\/www.electrosuisse.ch\/fr\/\",\"logo\":{\"@type\":\"ImageObject\",\"inLanguage\":\"fr-FR\",\"@id\":\"https:\/\/www.electrosuisse.ch\/fr\/#\/schema\/logo\/image\/\",\"url\":\"https:\/\/www.electrosuisse.ch\/wp-content\/uploads\/2025\/04\/Electrosuisse_Logo_696x696.png\",\"contentUrl\":\"https:\/\/www.electrosuisse.ch\/wp-content\/uploads\/2025\/04\/Electrosuisse_Logo_696x696.png\",\"width\":696,\"height\":696,\"caption\":\"Electrosuisse\"},\"image\":{\"@id\":\"https:\/\/www.electrosuisse.ch\/fr\/#\/schema\/logo\/image\/\"},\"sameAs\":[\"https:\/\/www.linkedin.com\/company\/electrosuisse-ag\/posts\/?feedView=all\",\"https:\/\/www.instagram.com\/electrosuisse1889\/\",\"https:\/\/www.youtube.com\/channel\/UCoOxohMiVE0Gjcdis1L09zw\"],\"description\":\"Electrosuisse ist eine anerkannte und unabh\u00e4ngige Fachorganisation, die erstklassige Dienstleistungen und Produkte in den Bereichen Inspektion, Beratung, Pr\u00fcfung, Zertifizierung, Normung und Weiterbildung anbietet. Unsere Expertise umfasst Elektrotechnik, Elektromobilit\u00e4t, Energieberatung, Geb\u00e4udeautomation und Photovoltaik in der Schweiz. Durch die Veranstaltung etablierter Branchen-Events und Fachtagungen f\u00f6rdert Electrosuisse den Wissenstransfer und den fachlichen Austausch. Im Mittelpunkt unserer T\u00e4tigkeiten steht die F\u00f6rderung der sicheren, wirtschaftlichen und umweltgerechten Anwendung der Elektrotechnik.\"},{\"@type\":\"Person\",\"@id\":\"https:\/\/www.electrosuisse.ch\/fr\/#\/schema\/person\/e8142e4593653cd8447f7f52e1e5379f\",\"name\":\"Sina Joller\",\"image\":{\"@type\":\"ImageObject\",\"inLanguage\":\"fr-FR\",\"@id\":\"https:\/\/www.electrosuisse.ch\/fr\/#\/schema\/person\/image\/\",\"url\":\"https:\/\/secure.gravatar.com\/avatar\/f4249260ddfc146ca88a738cc36d33a9064b17699fb30f04ffaa14260da60942?s=96&d=mm&r=g\",\"contentUrl\":\"https:\/\/secure.gravatar.com\/avatar\/f4249260ddfc146ca88a738cc36d33a9064b17699fb30f04ffaa14260da60942?s=96&d=mm&r=g\",\"caption\":\"Sina Joller\"}}]}<\/script>\n<!-- \/ Yoast SEO Premium plugin. -->","yoast_head_json":{"title":"L\u2019optimisation du syst\u00e8me, une condition pr\u00e9alable - Electrosuisse","robots":{"index":"index","follow":"follow","max-snippet":"max-snippet:-1","max-image-preview":"max-image-preview:large","max-video-preview":"max-video-preview:-1"},"canonical":"https:\/\/www.electrosuisse.ch\/fr\/loptimisation-du-systeme-une-condition-prealable\/","og_locale":"fr_FR","og_type":"article","og_title":"L\u2019optimisation du syst\u00e8me, une condition pr\u00e9alable - Electrosuisse","og_url":"https:\/\/www.electrosuisse.ch\/fr\/loptimisation-du-systeme-une-condition-prealable\/","og_site_name":"Electrosuisse","article_published_time":"2025-05-12T08:55:27+00:00","article_modified_time":"2025-05-12T09:03:50+00:00","og_image":[{"width":1200,"height":675,"url":"https:\/\/www.electrosuisse.ch\/wp-content\/uploads\/2025\/04\/electrosuisse-logo-1200x675-1.png","type":"image\/png"}],"author":"Sina Joller","schema":{"@context":"https:\/\/schema.org","@graph":[{"@type":"Article","@id":"https:\/\/www.electrosuisse.ch\/fr\/loptimisation-du-systeme-une-condition-prealable\/#article","isPartOf":{"@id":"https:\/\/www.electrosuisse.ch\/fr\/loptimisation-du-systeme-une-condition-prealable\/"},"author":{"name":"Sina Joller","@id":"https:\/\/www.electrosuisse.ch\/fr\/#\/schema\/person\/e8142e4593653cd8447f7f52e1e5379f"},"headline":"L\u2019optimisation du syst\u00e8me, une condition pr\u00e9alable","datePublished":"2025-05-12T08:55:27+00:00","dateModified":"2025-05-12T09:03:50+00:00","mainEntityOfPage":{"@id":"https:\/\/www.electrosuisse.ch\/fr\/loptimisation-du-systeme-une-condition-prealable\/"},"wordCount":9,"publisher":{"@id":"https:\/\/www.electrosuisse.ch\/fr\/#organization"},"keywords":["Energieversorgung","Mobilit\u00e4t FR"],"articleSection":["Non classifi\u00e9(e)"],"inLanguage":"fr-FR"},{"@type":"WebPage","@id":"https:\/\/www.electrosuisse.ch\/fr\/loptimisation-du-systeme-une-condition-prealable\/","url":"https:\/\/www.electrosuisse.ch\/fr\/loptimisation-du-systeme-une-condition-prealable\/","name":"L\u2019optimisation du syst\u00e8me, une condition pr\u00e9alable - Electrosuisse","isPartOf":{"@id":"https:\/\/www.electrosuisse.ch\/fr\/#website"},"datePublished":"2025-05-12T08:55:27+00:00","dateModified":"2025-05-12T09:03:50+00:00","inLanguage":"fr-FR","potentialAction":[{"@type":"ReadAction","target":["https:\/\/www.electrosuisse.ch\/fr\/loptimisation-du-systeme-une-condition-prealable\/"]}]},{"@type":"WebSite","@id":"https:\/\/www.electrosuisse.ch\/fr\/#website","url":"https:\/\/www.electrosuisse.ch\/fr\/","name":"Electrosuisse","description":"","publisher":{"@id":"https:\/\/www.electrosuisse.ch\/fr\/#organization"},"potentialAction":[{"@type":"SearchAction","target":{"@type":"EntryPoint","urlTemplate":"https:\/\/www.electrosuisse.ch\/fr\/?s={search_term_string}"},"query-input":{"@type":"PropertyValueSpecification","valueRequired":true,"valueName":"search_term_string"}}],"inLanguage":"fr-FR"},{"@type":"Organization","@id":"https:\/\/www.electrosuisse.ch\/fr\/#organization","name":"Electrosuisse","url":"https:\/\/www.electrosuisse.ch\/fr\/","logo":{"@type":"ImageObject","inLanguage":"fr-FR","@id":"https:\/\/www.electrosuisse.ch\/fr\/#\/schema\/logo\/image\/","url":"https:\/\/www.electrosuisse.ch\/wp-content\/uploads\/2025\/04\/Electrosuisse_Logo_696x696.png","contentUrl":"https:\/\/www.electrosuisse.ch\/wp-content\/uploads\/2025\/04\/Electrosuisse_Logo_696x696.png","width":696,"height":696,"caption":"Electrosuisse"},"image":{"@id":"https:\/\/www.electrosuisse.ch\/fr\/#\/schema\/logo\/image\/"},"sameAs":["https:\/\/www.linkedin.com\/company\/electrosuisse-ag\/posts\/?feedView=all","https:\/\/www.instagram.com\/electrosuisse1889\/","https:\/\/www.youtube.com\/channel\/UCoOxohMiVE0Gjcdis1L09zw"],"description":"Electrosuisse ist eine anerkannte und unabh\u00e4ngige Fachorganisation, die erstklassige Dienstleistungen und Produkte in den Bereichen Inspektion, Beratung, Pr\u00fcfung, Zertifizierung, Normung und Weiterbildung anbietet. Unsere Expertise umfasst Elektrotechnik, Elektromobilit\u00e4t, Energieberatung, Geb\u00e4udeautomation und Photovoltaik in der Schweiz. Durch die Veranstaltung etablierter Branchen-Events und Fachtagungen f\u00f6rdert Electrosuisse den Wissenstransfer und den fachlichen Austausch. Im Mittelpunkt unserer T\u00e4tigkeiten steht die F\u00f6rderung der sicheren, wirtschaftlichen und umweltgerechten Anwendung der Elektrotechnik."},{"@type":"Person","@id":"https:\/\/www.electrosuisse.ch\/fr\/#\/schema\/person\/e8142e4593653cd8447f7f52e1e5379f","name":"Sina Joller","image":{"@type":"ImageObject","inLanguage":"fr-FR","@id":"https:\/\/www.electrosuisse.ch\/fr\/#\/schema\/person\/image\/","url":"https:\/\/secure.gravatar.com\/avatar\/f4249260ddfc146ca88a738cc36d33a9064b17699fb30f04ffaa14260da60942?s=96&d=mm&r=g","contentUrl":"https:\/\/secure.gravatar.com\/avatar\/f4249260ddfc146ca88a738cc36d33a9064b17699fb30f04ffaa14260da60942?s=96&d=mm&r=g","caption":"Sina Joller"}}]}},"amp_enabled":true,"_links":{"self":[{"href":"https:\/\/www.electrosuisse.ch\/fr\/wp-json\/wp\/v2\/posts\/38956","targetHints":{"allow":["GET"]}}],"collection":[{"href":"https:\/\/www.electrosuisse.ch\/fr\/wp-json\/wp\/v2\/posts"}],"about":[{"href":"https:\/\/www.electrosuisse.ch\/fr\/wp-json\/wp\/v2\/types\/post"}],"author":[{"embeddable":true,"href":"https:\/\/www.electrosuisse.ch\/fr\/wp-json\/wp\/v2\/users\/38"}],"replies":[{"embeddable":true,"href":"https:\/\/www.electrosuisse.ch\/fr\/wp-json\/wp\/v2\/comments?post=38956"}],"version-history":[{"count":2,"href":"https:\/\/www.electrosuisse.ch\/fr\/wp-json\/wp\/v2\/posts\/38956\/revisions"}],"predecessor-version":[{"id":38958,"href":"https:\/\/www.electrosuisse.ch\/fr\/wp-json\/wp\/v2\/posts\/38956\/revisions\/38958"}],"wp:attachment":[{"href":"https:\/\/www.electrosuisse.ch\/fr\/wp-json\/wp\/v2\/media?parent=38956"}],"wp:term":[{"taxonomy":"category","embeddable":true,"href":"https:\/\/www.electrosuisse.ch\/fr\/wp-json\/wp\/v2\/categories?post=38956"},{"taxonomy":"post_tag","embeddable":true,"href":"https:\/\/www.electrosuisse.ch\/fr\/wp-json\/wp\/v2\/tags?post=38956"}],"curies":[{"name":"wp","href":"https:\/\/api.w.org\/{rel}","templated":true}]}}