{"id":36936,"date":"2024-11-18T07:00:05","date_gmt":"2024-11-18T06:00:05","guid":{"rendered":"https:\/\/www.electrosuisse.ch\/?p=36936"},"modified":"2024-11-15T16:18:54","modified_gmt":"2024-11-15T15:18:54","slug":"focus-salaire-electrosuisse-2024","status":"publish","type":"post","link":"https:\/\/www.electrosuisse.ch\/fr\/focus-salaire-electrosuisse-2024\/","title":{"rendered":"Focus Salaire Electrosuisse 2024"},"content":{"rendered":"<div class=\"wpb-content-wrapper\"><p>[vc_row][vc_column][vc_column_text css=&#8221;&#8221;]La cinqui\u00e8me \u00e9dition de notre magazine \u00ab Focus Salaire \u00bb vient de para\u00eetre. Elle montre clairement que la formation initiale, la formation continue et l\u2019exp\u00e9rience professionnelle sont payantes. Les avantages d\u2019une formation continue en gestion d\u2019entreprise sont particuli\u00e8rement manifestes. L\u2019\u00e9tude fournit \u00e9galement des informations int\u00e9ressantes sur le th\u00e8me de l\u2019internationalit\u00e9.<\/p>\n<p>Focus Salaire comprend une \u00e9tude approfondie du march\u00e9 du travail avec des articles r\u00e9dactionnels captivants sur des th\u00e8mes tels que l\u2019internationalit\u00e9, la transparence des salaires et la promotion des MINT. L\u2019\u00e9tude propose des \u00e9valuations graphiques et des interpr\u00e9tations d\u00e9taill\u00e9es sur les diff\u00e9rences de<br \/>\nsalaire en fonction du niveau de formation, de l\u2019\u00e2ge et de l\u2019\u00e9chelon hi\u00e9rarchique. Il appara\u00eet notamment clairement qu\u2019une formation continue en gestion d\u2019entreprise vaut la peine, tant sur le plan financier qu\u2019\u00e9motionnel.<\/p>\n<p>Le <strong>th\u00e8me central de l\u2019internationalit\u00e9<\/strong> met en lumi\u00e8re la valeur ajout\u00e9e des s\u00e9jours \u00e0 l\u2019\u00e9tranger et de la collaboration avec des coll\u00e8gues internationaux. Les principales raisons d\u2019un s\u00e9jour \u00e0 l\u2019\u00e9tranger sont l\u2019am\u00e9lioration des connaissances linguistiques, les opportunit\u00e9s professionnelles et la d\u00e9couverte de nouvelles cultures. Les exp\u00e9riences internationales \u00e9largissent les perspectives et constituent, dans notre secteur mondialement interconnect\u00e9, un aspect important du d\u00e9veloppement personnel et professionnel.<\/p>\n<p><em>Plus d&#8217;informations sur:<\/em><br \/>\n<em>www.electrosuisse.ch\/focussalaire<\/em><\/p>\n<p>[\/vc_column_text][\/vc_column][\/vc_row]<\/p>\n<\/div>","protected":false},"excerpt":{"rendered":"<p>[vc_row][vc_column][vc_column_text css=&#8221;&#8221;]La cinqui\u00e8me \u00e9dition de notre magazine \u00ab Focus Salaire \u00bb vient de para\u00eetre. Elle montre clairement que la formation initiale, la formation continue et l\u2019exp\u00e9rience professionnelle sont payantes. Les avantages d\u2019une formation continue en gestion d\u2019entreprise sont particuli\u00e8rement manifestes. L\u2019\u00e9tude fournit \u00e9galement des informations int\u00e9ressantes sur le th\u00e8me de l\u2019internationalit\u00e9. Focus Salaire comprend une [&hellip;]<\/p>\n","protected":false},"author":28,"featured_media":0,"comment_status":"closed","ping_status":"closed","sticky":false,"template":"","format":"standard","meta":{"_acf_changed":false,"_monsterinsights_skip_tracking":false,"_monsterinsights_sitenote_active":false,"_monsterinsights_sitenote_note":"","_monsterinsights_sitenote_category":0,"footnotes":""},"categories":[44],"tags":[260,371,248,257,252],"class_list":["post-36936","post","type-post","status-publish","format-standard","hentry","category-non-classifie","tag-installation-electrique","tag-energieversorgung-fr","tag-technique-du-batiment","tag-mobilite-infrastructure","tag-efficacite-energetique"],"acf":[],"yoast_head":"<!-- This site is optimized with the Yoast SEO Premium plugin v26.4 (Yoast SEO v27.0) - https:\/\/yoast.com\/product\/yoast-seo-premium-wordpress\/ -->\n<title>Focus Salaire Electrosuisse 2024 - Electrosuisse<\/title>\n<meta name=\"description\" content=\"Elle montre clairement que la formation initiale, la formation continue et l\u2019exp\u00e9rience professionnelle sont payantes.\" \/>\n<meta name=\"robots\" content=\"index, follow, max-snippet:-1, max-image-preview:large, max-video-preview:-1\" \/>\n<link rel=\"canonical\" href=\"https:\/\/www.electrosuisse.ch\/fr\/focus-salaire-electrosuisse-2024\/\" \/>\n<meta property=\"og:locale\" content=\"fr_FR\" \/>\n<meta property=\"og:type\" content=\"article\" \/>\n<meta property=\"og:title\" content=\"Focus Salaire Electrosuisse 2024 - Electrosuisse\" \/>\n<meta property=\"og:description\" content=\"Elle montre clairement que la formation initiale, la formation continue et l\u2019exp\u00e9rience professionnelle sont payantes.\" \/>\n<meta property=\"og:url\" content=\"https:\/\/www.electrosuisse.ch\/fr\/focus-salaire-electrosuisse-2024\/\" \/>\n<meta property=\"og:site_name\" content=\"Electrosuisse\" \/>\n<meta property=\"article:published_time\" content=\"2024-11-18T06:00:05+00:00\" \/>\n<meta property=\"og:image\" content=\"https:\/\/www.electrosuisse.ch\/wp-content\/uploads\/2024\/11\/Lohnradar-1660x470-1.png\" \/>\n\t<meta property=\"og:image:width\" content=\"1200\" \/>\n\t<meta property=\"og:image:height\" content=\"675\" \/>\n\t<meta property=\"og:image:type\" content=\"image\/png\" \/>\n<meta name=\"author\" content=\"Andrea Hinterm\u00fcller\" \/>\n<script type=\"application\/ld+json\" class=\"yoast-schema-graph\">{\"@context\":\"https:\/\/schema.org\",\"@graph\":[{\"@type\":\"Article\",\"@id\":\"https:\/\/www.electrosuisse.ch\/fr\/focus-salaire-electrosuisse-2024\/#article\",\"isPartOf\":{\"@id\":\"https:\/\/www.electrosuisse.ch\/fr\/focus-salaire-electrosuisse-2024\/\"},\"author\":{\"name\":\"Andrea Hinterm\u00fcller\",\"@id\":\"https:\/\/www.electrosuisse.ch\/fr\/#\/schema\/person\/4511b20b7baa8bd28a362b20c15b659f\"},\"headline\":\"Focus Salaire Electrosuisse 2024\",\"datePublished\":\"2024-11-18T06:00:05+00:00\",\"mainEntityOfPage\":{\"@id\":\"https:\/\/www.electrosuisse.ch\/fr\/focus-salaire-electrosuisse-2024\/\"},\"wordCount\":254,\"publisher\":{\"@id\":\"https:\/\/www.electrosuisse.ch\/fr\/#organization\"},\"keywords\":[\"Elektroinstallation FR\",\"Energieversorgung\",\"Geb\u00e4udetechnik FR\",\"Mobilit\u00e4t FR\",\"Produktion und Dienstleistung FR\"],\"articleSection\":[\"Non classifi\u00e9(e)\"],\"inLanguage\":\"fr-FR\"},{\"@type\":\"WebPage\",\"@id\":\"https:\/\/www.electrosuisse.ch\/fr\/focus-salaire-electrosuisse-2024\/\",\"url\":\"https:\/\/www.electrosuisse.ch\/fr\/focus-salaire-electrosuisse-2024\/\",\"name\":\"Focus Salaire Electrosuisse 2024 - Electrosuisse\",\"isPartOf\":{\"@id\":\"https:\/\/www.electrosuisse.ch\/fr\/#website\"},\"datePublished\":\"2024-11-18T06:00:05+00:00\",\"description\":\"Elle montre clairement que la formation initiale, la formation continue et l\u2019exp\u00e9rience professionnelle sont payantes.\",\"inLanguage\":\"fr-FR\",\"potentialAction\":[{\"@type\":\"ReadAction\",\"target\":[\"https:\/\/www.electrosuisse.ch\/fr\/focus-salaire-electrosuisse-2024\/\"]}]},{\"@type\":\"WebSite\",\"@id\":\"https:\/\/www.electrosuisse.ch\/fr\/#website\",\"url\":\"https:\/\/www.electrosuisse.ch\/fr\/\",\"name\":\"Electrosuisse\",\"description\":\"\",\"publisher\":{\"@id\":\"https:\/\/www.electrosuisse.ch\/fr\/#organization\"},\"potentialAction\":[{\"@type\":\"SearchAction\",\"target\":{\"@type\":\"EntryPoint\",\"urlTemplate\":\"https:\/\/www.electrosuisse.ch\/fr\/?s={search_term_string}\"},\"query-input\":{\"@type\":\"PropertyValueSpecification\",\"valueRequired\":true,\"valueName\":\"search_term_string\"}}],\"inLanguage\":\"fr-FR\"},{\"@type\":\"Organization\",\"@id\":\"https:\/\/www.electrosuisse.ch\/fr\/#organization\",\"name\":\"Electrosuisse\",\"url\":\"https:\/\/www.electrosuisse.ch\/fr\/\",\"logo\":{\"@type\":\"ImageObject\",\"inLanguage\":\"fr-FR\",\"@id\":\"https:\/\/www.electrosuisse.ch\/fr\/#\/schema\/logo\/image\/\",\"url\":\"https:\/\/www.electrosuisse.ch\/wp-content\/uploads\/2025\/04\/Electrosuisse_Logo_696x696.png\",\"contentUrl\":\"https:\/\/www.electrosuisse.ch\/wp-content\/uploads\/2025\/04\/Electrosuisse_Logo_696x696.png\",\"width\":696,\"height\":696,\"caption\":\"Electrosuisse\"},\"image\":{\"@id\":\"https:\/\/www.electrosuisse.ch\/fr\/#\/schema\/logo\/image\/\"},\"sameAs\":[\"https:\/\/www.linkedin.com\/company\/electrosuisse-ag\/posts\/?feedView=all\",\"https:\/\/www.instagram.com\/electrosuisse1889\/\",\"https:\/\/www.youtube.com\/channel\/UCoOxohMiVE0Gjcdis1L09zw\"],\"description\":\"Electrosuisse ist eine anerkannte und unabh\u00e4ngige Fachorganisation, die erstklassige Dienstleistungen und Produkte in den Bereichen Inspektion, Beratung, Pr\u00fcfung, Zertifizierung, Normung und Weiterbildung anbietet. Unsere Expertise umfasst Elektrotechnik, Elektromobilit\u00e4t, Energieberatung, Geb\u00e4udeautomation und Photovoltaik in der Schweiz. Durch die Veranstaltung etablierter Branchen-Events und Fachtagungen f\u00f6rdert Electrosuisse den Wissenstransfer und den fachlichen Austausch. Im Mittelpunkt unserer T\u00e4tigkeiten steht die F\u00f6rderung der sicheren, wirtschaftlichen und umweltgerechten Anwendung der Elektrotechnik.\"},{\"@type\":\"Person\",\"@id\":\"https:\/\/www.electrosuisse.ch\/fr\/#\/schema\/person\/4511b20b7baa8bd28a362b20c15b659f\",\"name\":\"Andrea Hinterm\u00fcller\",\"image\":{\"@type\":\"ImageObject\",\"inLanguage\":\"fr-FR\",\"@id\":\"https:\/\/www.electrosuisse.ch\/fr\/#\/schema\/person\/image\/\",\"url\":\"https:\/\/secure.gravatar.com\/avatar\/65ca707900a8dbd7105786d9eb76eb2875a966e7545a220ad2b769e589c780e5?s=96&d=mm&r=g\",\"contentUrl\":\"https:\/\/secure.gravatar.com\/avatar\/65ca707900a8dbd7105786d9eb76eb2875a966e7545a220ad2b769e589c780e5?s=96&d=mm&r=g\",\"caption\":\"Andrea Hinterm\u00fcller\"}}]}<\/script>\n<!-- \/ Yoast SEO Premium plugin. -->","yoast_head_json":{"title":"Focus Salaire Electrosuisse 2024 - Electrosuisse","description":"Elle montre clairement que la formation initiale, la formation continue et l\u2019exp\u00e9rience professionnelle sont payantes.","robots":{"index":"index","follow":"follow","max-snippet":"max-snippet:-1","max-image-preview":"max-image-preview:large","max-video-preview":"max-video-preview:-1"},"canonical":"https:\/\/www.electrosuisse.ch\/fr\/focus-salaire-electrosuisse-2024\/","og_locale":"fr_FR","og_type":"article","og_title":"Focus Salaire Electrosuisse 2024 - Electrosuisse","og_description":"Elle montre clairement que la formation initiale, la formation continue et l\u2019exp\u00e9rience professionnelle sont payantes.","og_url":"https:\/\/www.electrosuisse.ch\/fr\/focus-salaire-electrosuisse-2024\/","og_site_name":"Electrosuisse","article_published_time":"2024-11-18T06:00:05+00:00","og_image":[{"width":1200,"height":675,"url":"https:\/\/www.electrosuisse.ch\/wp-content\/uploads\/2024\/11\/Lohnradar-1660x470-1.png","type":"image\/png"}],"author":"Andrea Hinterm\u00fcller","schema":{"@context":"https:\/\/schema.org","@graph":[{"@type":"Article","@id":"https:\/\/www.electrosuisse.ch\/fr\/focus-salaire-electrosuisse-2024\/#article","isPartOf":{"@id":"https:\/\/www.electrosuisse.ch\/fr\/focus-salaire-electrosuisse-2024\/"},"author":{"name":"Andrea Hinterm\u00fcller","@id":"https:\/\/www.electrosuisse.ch\/fr\/#\/schema\/person\/4511b20b7baa8bd28a362b20c15b659f"},"headline":"Focus Salaire Electrosuisse 2024","datePublished":"2024-11-18T06:00:05+00:00","mainEntityOfPage":{"@id":"https:\/\/www.electrosuisse.ch\/fr\/focus-salaire-electrosuisse-2024\/"},"wordCount":254,"publisher":{"@id":"https:\/\/www.electrosuisse.ch\/fr\/#organization"},"keywords":["Elektroinstallation FR","Energieversorgung","Geb\u00e4udetechnik FR","Mobilit\u00e4t FR","Produktion und Dienstleistung FR"],"articleSection":["Non classifi\u00e9(e)"],"inLanguage":"fr-FR"},{"@type":"WebPage","@id":"https:\/\/www.electrosuisse.ch\/fr\/focus-salaire-electrosuisse-2024\/","url":"https:\/\/www.electrosuisse.ch\/fr\/focus-salaire-electrosuisse-2024\/","name":"Focus Salaire Electrosuisse 2024 - Electrosuisse","isPartOf":{"@id":"https:\/\/www.electrosuisse.ch\/fr\/#website"},"datePublished":"2024-11-18T06:00:05+00:00","description":"Elle montre clairement que la formation initiale, la formation continue et l\u2019exp\u00e9rience professionnelle sont payantes.","inLanguage":"fr-FR","potentialAction":[{"@type":"ReadAction","target":["https:\/\/www.electrosuisse.ch\/fr\/focus-salaire-electrosuisse-2024\/"]}]},{"@type":"WebSite","@id":"https:\/\/www.electrosuisse.ch\/fr\/#website","url":"https:\/\/www.electrosuisse.ch\/fr\/","name":"Electrosuisse","description":"","publisher":{"@id":"https:\/\/www.electrosuisse.ch\/fr\/#organization"},"potentialAction":[{"@type":"SearchAction","target":{"@type":"EntryPoint","urlTemplate":"https:\/\/www.electrosuisse.ch\/fr\/?s={search_term_string}"},"query-input":{"@type":"PropertyValueSpecification","valueRequired":true,"valueName":"search_term_string"}}],"inLanguage":"fr-FR"},{"@type":"Organization","@id":"https:\/\/www.electrosuisse.ch\/fr\/#organization","name":"Electrosuisse","url":"https:\/\/www.electrosuisse.ch\/fr\/","logo":{"@type":"ImageObject","inLanguage":"fr-FR","@id":"https:\/\/www.electrosuisse.ch\/fr\/#\/schema\/logo\/image\/","url":"https:\/\/www.electrosuisse.ch\/wp-content\/uploads\/2025\/04\/Electrosuisse_Logo_696x696.png","contentUrl":"https:\/\/www.electrosuisse.ch\/wp-content\/uploads\/2025\/04\/Electrosuisse_Logo_696x696.png","width":696,"height":696,"caption":"Electrosuisse"},"image":{"@id":"https:\/\/www.electrosuisse.ch\/fr\/#\/schema\/logo\/image\/"},"sameAs":["https:\/\/www.linkedin.com\/company\/electrosuisse-ag\/posts\/?feedView=all","https:\/\/www.instagram.com\/electrosuisse1889\/","https:\/\/www.youtube.com\/channel\/UCoOxohMiVE0Gjcdis1L09zw"],"description":"Electrosuisse ist eine anerkannte und unabh\u00e4ngige Fachorganisation, die erstklassige Dienstleistungen und Produkte in den Bereichen Inspektion, Beratung, Pr\u00fcfung, Zertifizierung, Normung und Weiterbildung anbietet. Unsere Expertise umfasst Elektrotechnik, Elektromobilit\u00e4t, Energieberatung, Geb\u00e4udeautomation und Photovoltaik in der Schweiz. Durch die Veranstaltung etablierter Branchen-Events und Fachtagungen f\u00f6rdert Electrosuisse den Wissenstransfer und den fachlichen Austausch. Im Mittelpunkt unserer T\u00e4tigkeiten steht die F\u00f6rderung der sicheren, wirtschaftlichen und umweltgerechten Anwendung der Elektrotechnik."},{"@type":"Person","@id":"https:\/\/www.electrosuisse.ch\/fr\/#\/schema\/person\/4511b20b7baa8bd28a362b20c15b659f","name":"Andrea Hinterm\u00fcller","image":{"@type":"ImageObject","inLanguage":"fr-FR","@id":"https:\/\/www.electrosuisse.ch\/fr\/#\/schema\/person\/image\/","url":"https:\/\/secure.gravatar.com\/avatar\/65ca707900a8dbd7105786d9eb76eb2875a966e7545a220ad2b769e589c780e5?s=96&d=mm&r=g","contentUrl":"https:\/\/secure.gravatar.com\/avatar\/65ca707900a8dbd7105786d9eb76eb2875a966e7545a220ad2b769e589c780e5?s=96&d=mm&r=g","caption":"Andrea Hinterm\u00fcller"}}]}},"amp_enabled":true,"_links":{"self":[{"href":"https:\/\/www.electrosuisse.ch\/fr\/wp-json\/wp\/v2\/posts\/36936","targetHints":{"allow":["GET"]}}],"collection":[{"href":"https:\/\/www.electrosuisse.ch\/fr\/wp-json\/wp\/v2\/posts"}],"about":[{"href":"https:\/\/www.electrosuisse.ch\/fr\/wp-json\/wp\/v2\/types\/post"}],"author":[{"embeddable":true,"href":"https:\/\/www.electrosuisse.ch\/fr\/wp-json\/wp\/v2\/users\/28"}],"replies":[{"embeddable":true,"href":"https:\/\/www.electrosuisse.ch\/fr\/wp-json\/wp\/v2\/comments?post=36936"}],"version-history":[{"count":1,"href":"https:\/\/www.electrosuisse.ch\/fr\/wp-json\/wp\/v2\/posts\/36936\/revisions"}],"predecessor-version":[{"id":36937,"href":"https:\/\/www.electrosuisse.ch\/fr\/wp-json\/wp\/v2\/posts\/36936\/revisions\/36937"}],"wp:attachment":[{"href":"https:\/\/www.electrosuisse.ch\/fr\/wp-json\/wp\/v2\/media?parent=36936"}],"wp:term":[{"taxonomy":"category","embeddable":true,"href":"https:\/\/www.electrosuisse.ch\/fr\/wp-json\/wp\/v2\/categories?post=36936"},{"taxonomy":"post_tag","embeddable":true,"href":"https:\/\/www.electrosuisse.ch\/fr\/wp-json\/wp\/v2\/tags?post=36936"}],"curies":[{"name":"wp","href":"https:\/\/api.w.org\/{rel}","templated":true}]}}