{"id":33094,"date":"2023-09-15T10:00:03","date_gmt":"2023-09-15T08:00:03","guid":{"rendered":"https:\/\/www.electrosuisse.ch\/?p=33094"},"modified":"2023-12-05T15:01:05","modified_gmt":"2023-12-05T14:01:05","slug":"79-de-lelectricite-consommee-en-suisse-en-2022-a-ete-produite-a-partir-denergies-renouvelables","status":"publish","type":"post","link":"https:\/\/www.electrosuisse.ch\/fr\/79-de-lelectricite-consommee-en-suisse-en-2022-a-ete-produite-a-partir-denergies-renouvelables\/","title":{"rendered":"79% de l&#8217;\u00e9lectricit\u00e9 consomm\u00e9e en Suisse en 2022 a \u00e9t\u00e9 produite \u00e0 partir d&#8217;\u00e9nergies renouvelables"},"content":{"rendered":"<div class=\"wpb-content-wrapper\"><p>[vc_row][vc_column][vc_column_text]En 2022, l&#8217;\u00e9lectricit\u00e9 consomm\u00e9e en Suisse a \u00e9t\u00e9 produite \u00e0 pr\u00e8s de 79% \u00e0 partir d&#8217;\u00e9nergies renouvelables: 65% gr\u00e2ce \u00e0 l\u2019\u00e9nergie hydraulique et pr\u00e8s de 14% par le biais du photovolta\u00efque, de l&#8217;\u00e9olien, de la petite hydraulique et de la biomasse, ce qui correspond \u00e0 une augmentation de 2 points de pourcentage par rapport \u00e0 2021. Pr\u00e8s de 20% ont \u00e9t\u00e9 produits \u00e0 partir d&#8217;\u00e9nergie nucl\u00e9aire et pr\u00e8s de 2% par le biais d\u2019agents \u00e9nerg\u00e9tiques fossiles.<\/p>\n<p>Les donn\u00e9es relatives au mix d&#8217;\u00e9lectricit\u00e9 suisse sont collect\u00e9es chaque ann\u00e9e et publi\u00e9es dans le cockpit du marquage de l&#8217;\u00e9lectricit\u00e9, sur <a href=\"http:\/\/www.marquage-electricite.ch\" target=\"_blank\" rel=\"noopener\">www.marquage-electricite.ch<\/a>. Les donn\u00e9es publi\u00e9es donnent des indications sur l\u2019\u00e9lectricit\u00e9 fournie en 2022. Depuis 2018, le marquage de l&#8217;\u00e9lectricit\u00e9 est soumis \u00e0 l&#8217;obligation de d\u00e9claration int\u00e9grale. Cela signifie que l&#8217;\u00e9lectricit\u00e9 d&#8217;origine inconnue (\u00ab\u00e9lectricit\u00e9 grise\u00bb) n\u2019est plus admise depuis l&#8217;ann\u00e9e de livraison 2021. Comme la plupart des pays voisins ne d\u00e9livrent pas de garanties d&#8217;origine pour l&#8217;\u00e9lectricit\u00e9 produite par des centrales conventionnelles, la Suisse a introduit ce que l&#8217;on appelle des garanties de remplacement. Ainsi, l&#8217;\u00e9lectricit\u00e9 produite \u00e0 partir de charbon \u00e0 l&#8217;\u00e9tranger peut \u00eatre d\u00e9clar\u00e9e comme telle et n&#8217;est plus assimil\u00e9e \u00e0 la cat\u00e9gorie de l&#8217;\u00e9lectricit\u00e9 grise. La part d&#8217;\u00e9lectricit\u00e9 produite \u00e0 partir de charbon import\u00e9e via de telles garanties de remplacement est stable et inf\u00e9rieure \u00e0 1%.<\/p>\n<p>&#8211; 65% de l&#8217;\u00e9lectricit\u00e9 fournie en 2022 a \u00e9t\u00e9 produite par de grandes centrales hydro\u00e9lectriques et par de petites centrales hydro\u00e9lectriques ne b\u00e9n\u00e9ficiant pas du syst\u00e8me de r\u00e9tribution de l&#8217;injection (l\u00e9g\u00e8rement moins qu\u2019en 2021: 68%). Cette \u00e9lectricit\u00e9 a \u00e9t\u00e9 produite \u00e0 68% en Suisse (76% en 2021). L&#8217;ann\u00e9e 2022 a \u00e9t\u00e9 tr\u00e8s s\u00e8che, ce qui a entra\u00een\u00e9 une baisse correspondante de la production hydro\u00e9lectrique nationale.<\/p>\n<p>&#8211; 19,6% (18,5% en 2021) de l&#8217;\u00e9lectricit\u00e9 fournie a \u00e9t\u00e9 produite dans des centrales nucl\u00e9aires. Ce chiffre est inf\u00e9rieur \u00e0 la part de l&#8217;\u00e9nergie nucl\u00e9aire dans le mix de production suisse (36,4%). Comme l&#8217;ann\u00e9e pr\u00e9c\u00e9dente, l&#8217;\u00e9nergie d\u2019origine nucl\u00e9aire fournie provenait presque exclusivement de Suisse.<\/p>\n<p>&#8211; La part des nouvelles sources d&#8217;\u00e9nergie renouvelables (photovolta\u00efque, \u00e9olien, biomasse et petite hydraulique b\u00e9n\u00e9ficiant du syst\u00e8me de r\u00e9tribution de l&#8217;injection) a continu\u00e9 d&#8217;augmenter, passant de 11,2% en 2021 \u00e0 13,7% en 2022. Environ 68% ont \u00e9t\u00e9 produits en Suisse et 45% ont b\u00e9n\u00e9fici\u00e9 du syst\u00e8me de r\u00e9tribution de l&#8217;injection.<\/p>\n<p>&#8211; Une faible part de l\u2019\u00e9lectricit\u00e9 fournie en 2022 a \u00e9t\u00e9 produite \u00e0 partir d\u2019agents \u00e9nerg\u00e9tiques fossiles (1,9%, sans changement par rapport \u00e0 l&#8217;ann\u00e9e pr\u00e9c\u00e9dente).[\/vc_column_text][\/vc_column][\/vc_row]<\/p>\n<\/div>","protected":false},"excerpt":{"rendered":"<p>[vc_row][vc_column][vc_column_text]En 2022, l&#8217;\u00e9lectricit\u00e9 consomm\u00e9e en Suisse a \u00e9t\u00e9 produite \u00e0 pr\u00e8s de 79% \u00e0 partir d&#8217;\u00e9nergies renouvelables: 65% gr\u00e2ce \u00e0 l\u2019\u00e9nergie hydraulique et pr\u00e8s de 14% par le biais du photovolta\u00efque, de l&#8217;\u00e9olien, de la petite hydraulique et de la biomasse, ce qui correspond \u00e0 une augmentation de 2 points de pourcentage par rapport \u00e0 [&hellip;]<\/p>\n","protected":false},"author":20,"featured_media":0,"comment_status":"closed","ping_status":"closed","sticky":false,"template":"","format":"standard","meta":{"_acf_changed":false,"_monsterinsights_skip_tracking":false,"_monsterinsights_sitenote_active":false,"_monsterinsights_sitenote_note":"","_monsterinsights_sitenote_category":0,"footnotes":""},"categories":[44],"tags":[244],"class_list":["post-33094","post","type-post","status-publish","format-standard","hentry","category-non-classifie","tag-energie-et-reseaux"],"acf":[],"yoast_head":"<!-- This site is optimized with the Yoast SEO Premium plugin v26.4 (Yoast SEO v27.0) - https:\/\/yoast.com\/product\/yoast-seo-premium-wordpress\/ -->\n<title>79% de l&#039;\u00e9lectricit\u00e9 consomm\u00e9e en Suisse en 2022 a \u00e9t\u00e9 produite \u00e0 partir d&#039;\u00e9nergies renouvelables - Electrosuisse<\/title>\n<meta name=\"robots\" content=\"index, follow, max-snippet:-1, max-image-preview:large, max-video-preview:-1\" \/>\n<link rel=\"canonical\" href=\"https:\/\/www.electrosuisse.ch\/fr\/79-de-lelectricite-consommee-en-suisse-en-2022-a-ete-produite-a-partir-denergies-renouvelables\/\" \/>\n<meta property=\"og:locale\" content=\"fr_FR\" \/>\n<meta property=\"og:type\" content=\"article\" \/>\n<meta property=\"og:title\" content=\"79% de l&#039;\u00e9lectricit\u00e9 consomm\u00e9e en Suisse en 2022 a \u00e9t\u00e9 produite \u00e0 partir d&#039;\u00e9nergies renouvelables - Electrosuisse\" \/>\n<meta property=\"og:description\" content=\"[vc_row][vc_column][vc_column_text]En 2022, l&#8217;\u00e9lectricit\u00e9 consomm\u00e9e en Suisse a \u00e9t\u00e9 produite \u00e0 pr\u00e8s de 79% \u00e0 partir d&#8217;\u00e9nergies renouvelables: 65% gr\u00e2ce \u00e0 l\u2019\u00e9nergie hydraulique et pr\u00e8s de 14% par le biais du photovolta\u00efque, de l&#8217;\u00e9olien, de la petite hydraulique et de la biomasse, ce qui correspond \u00e0 une augmentation de 2 points de pourcentage par rapport \u00e0 [&hellip;]\" \/>\n<meta property=\"og:url\" content=\"https:\/\/www.electrosuisse.ch\/fr\/79-de-lelectricite-consommee-en-suisse-en-2022-a-ete-produite-a-partir-denergies-renouvelables\/\" \/>\n<meta property=\"og:site_name\" content=\"Electrosuisse\" \/>\n<meta property=\"article:published_time\" content=\"2023-09-15T08:00:03+00:00\" \/>\n<meta property=\"article:modified_time\" content=\"2023-12-05T14:01:05+00:00\" \/>\n<meta property=\"og:image\" content=\"https:\/\/www.electrosuisse.ch\/wp-content\/uploads\/2023\/09\/Wasserwerk_1660x470.jpg\" \/>\n\t<meta property=\"og:image:width\" content=\"1200\" \/>\n\t<meta property=\"og:image:height\" content=\"675\" \/>\n\t<meta property=\"og:image:type\" content=\"image\/png\" \/>\n<meta name=\"author\" content=\"Nalini Schempp\" \/>\n<script type=\"application\/ld+json\" class=\"yoast-schema-graph\">{\"@context\":\"https:\/\/schema.org\",\"@graph\":[{\"@type\":\"Article\",\"@id\":\"https:\/\/www.electrosuisse.ch\/fr\/79-de-lelectricite-consommee-en-suisse-en-2022-a-ete-produite-a-partir-denergies-renouvelables\/#article\",\"isPartOf\":{\"@id\":\"https:\/\/www.electrosuisse.ch\/fr\/79-de-lelectricite-consommee-en-suisse-en-2022-a-ete-produite-a-partir-denergies-renouvelables\/\"},\"author\":{\"name\":\"Nalini Schempp\",\"@id\":\"https:\/\/www.electrosuisse.ch\/fr\/#\/schema\/person\/8770e16f2c82936b086c9d1c1c004c08\"},\"headline\":\"79% de l&#8217;\u00e9lectricit\u00e9 consomm\u00e9e en Suisse en 2022 a \u00e9t\u00e9 produite \u00e0 partir d&#8217;\u00e9nergies renouvelables\",\"datePublished\":\"2023-09-15T08:00:03+00:00\",\"dateModified\":\"2023-12-05T14:01:05+00:00\",\"mainEntityOfPage\":{\"@id\":\"https:\/\/www.electrosuisse.ch\/fr\/79-de-lelectricite-consommee-en-suisse-en-2022-a-ete-produite-a-partir-denergies-renouvelables\/\"},\"wordCount\":477,\"publisher\":{\"@id\":\"https:\/\/www.electrosuisse.ch\/fr\/#organization\"},\"keywords\":[\"Energieversorgung FR\"],\"articleSection\":[\"Non classifi\u00e9(e)\"],\"inLanguage\":\"fr-FR\"},{\"@type\":\"WebPage\",\"@id\":\"https:\/\/www.electrosuisse.ch\/fr\/79-de-lelectricite-consommee-en-suisse-en-2022-a-ete-produite-a-partir-denergies-renouvelables\/\",\"url\":\"https:\/\/www.electrosuisse.ch\/fr\/79-de-lelectricite-consommee-en-suisse-en-2022-a-ete-produite-a-partir-denergies-renouvelables\/\",\"name\":\"79% de l'\u00e9lectricit\u00e9 consomm\u00e9e en Suisse en 2022 a \u00e9t\u00e9 produite \u00e0 partir d'\u00e9nergies renouvelables - Electrosuisse\",\"isPartOf\":{\"@id\":\"https:\/\/www.electrosuisse.ch\/fr\/#website\"},\"datePublished\":\"2023-09-15T08:00:03+00:00\",\"dateModified\":\"2023-12-05T14:01:05+00:00\",\"inLanguage\":\"fr-FR\",\"potentialAction\":[{\"@type\":\"ReadAction\",\"target\":[\"https:\/\/www.electrosuisse.ch\/fr\/79-de-lelectricite-consommee-en-suisse-en-2022-a-ete-produite-a-partir-denergies-renouvelables\/\"]}]},{\"@type\":\"WebSite\",\"@id\":\"https:\/\/www.electrosuisse.ch\/fr\/#website\",\"url\":\"https:\/\/www.electrosuisse.ch\/fr\/\",\"name\":\"Electrosuisse\",\"description\":\"\",\"publisher\":{\"@id\":\"https:\/\/www.electrosuisse.ch\/fr\/#organization\"},\"potentialAction\":[{\"@type\":\"SearchAction\",\"target\":{\"@type\":\"EntryPoint\",\"urlTemplate\":\"https:\/\/www.electrosuisse.ch\/fr\/?s={search_term_string}\"},\"query-input\":{\"@type\":\"PropertyValueSpecification\",\"valueRequired\":true,\"valueName\":\"search_term_string\"}}],\"inLanguage\":\"fr-FR\"},{\"@type\":\"Organization\",\"@id\":\"https:\/\/www.electrosuisse.ch\/fr\/#organization\",\"name\":\"Electrosuisse\",\"url\":\"https:\/\/www.electrosuisse.ch\/fr\/\",\"logo\":{\"@type\":\"ImageObject\",\"inLanguage\":\"fr-FR\",\"@id\":\"https:\/\/www.electrosuisse.ch\/fr\/#\/schema\/logo\/image\/\",\"url\":\"https:\/\/www.electrosuisse.ch\/wp-content\/uploads\/2025\/04\/Electrosuisse_Logo_696x696.png\",\"contentUrl\":\"https:\/\/www.electrosuisse.ch\/wp-content\/uploads\/2025\/04\/Electrosuisse_Logo_696x696.png\",\"width\":696,\"height\":696,\"caption\":\"Electrosuisse\"},\"image\":{\"@id\":\"https:\/\/www.electrosuisse.ch\/fr\/#\/schema\/logo\/image\/\"},\"sameAs\":[\"https:\/\/www.linkedin.com\/company\/electrosuisse-ag\/posts\/?feedView=all\",\"https:\/\/www.instagram.com\/electrosuisse1889\/\",\"https:\/\/www.youtube.com\/channel\/UCoOxohMiVE0Gjcdis1L09zw\"],\"description\":\"Electrosuisse ist eine anerkannte und unabh\u00e4ngige Fachorganisation, die erstklassige Dienstleistungen und Produkte in den Bereichen Inspektion, Beratung, Pr\u00fcfung, Zertifizierung, Normung und Weiterbildung anbietet. Unsere Expertise umfasst Elektrotechnik, Elektromobilit\u00e4t, Energieberatung, Geb\u00e4udeautomation und Photovoltaik in der Schweiz. Durch die Veranstaltung etablierter Branchen-Events und Fachtagungen f\u00f6rdert Electrosuisse den Wissenstransfer und den fachlichen Austausch. Im Mittelpunkt unserer T\u00e4tigkeiten steht die F\u00f6rderung der sicheren, wirtschaftlichen und umweltgerechten Anwendung der Elektrotechnik.\"},{\"@type\":\"Person\",\"@id\":\"https:\/\/www.electrosuisse.ch\/fr\/#\/schema\/person\/8770e16f2c82936b086c9d1c1c004c08\",\"name\":\"Nalini Schempp\",\"image\":{\"@type\":\"ImageObject\",\"inLanguage\":\"fr-FR\",\"@id\":\"https:\/\/www.electrosuisse.ch\/fr\/#\/schema\/person\/image\/\",\"url\":\"https:\/\/secure.gravatar.com\/avatar\/f2e8b75d6e8fb1fd661220d625f7823d02404773b42d5decd9a0b3dd5a2a1fe6?s=96&d=mm&r=g\",\"contentUrl\":\"https:\/\/secure.gravatar.com\/avatar\/f2e8b75d6e8fb1fd661220d625f7823d02404773b42d5decd9a0b3dd5a2a1fe6?s=96&d=mm&r=g\",\"caption\":\"Nalini Schempp\"}}]}<\/script>\n<!-- \/ Yoast SEO Premium plugin. -->","yoast_head_json":{"title":"79% de l'\u00e9lectricit\u00e9 consomm\u00e9e en Suisse en 2022 a \u00e9t\u00e9 produite \u00e0 partir d'\u00e9nergies renouvelables - Electrosuisse","robots":{"index":"index","follow":"follow","max-snippet":"max-snippet:-1","max-image-preview":"max-image-preview:large","max-video-preview":"max-video-preview:-1"},"canonical":"https:\/\/www.electrosuisse.ch\/fr\/79-de-lelectricite-consommee-en-suisse-en-2022-a-ete-produite-a-partir-denergies-renouvelables\/","og_locale":"fr_FR","og_type":"article","og_title":"79% de l'\u00e9lectricit\u00e9 consomm\u00e9e en Suisse en 2022 a \u00e9t\u00e9 produite \u00e0 partir d'\u00e9nergies renouvelables - Electrosuisse","og_description":"[vc_row][vc_column][vc_column_text]En 2022, l&#8217;\u00e9lectricit\u00e9 consomm\u00e9e en Suisse a \u00e9t\u00e9 produite \u00e0 pr\u00e8s de 79% \u00e0 partir d&#8217;\u00e9nergies renouvelables: 65% gr\u00e2ce \u00e0 l\u2019\u00e9nergie hydraulique et pr\u00e8s de 14% par le biais du photovolta\u00efque, de l&#8217;\u00e9olien, de la petite hydraulique et de la biomasse, ce qui correspond \u00e0 une augmentation de 2 points de pourcentage par rapport \u00e0 [&hellip;]","og_url":"https:\/\/www.electrosuisse.ch\/fr\/79-de-lelectricite-consommee-en-suisse-en-2022-a-ete-produite-a-partir-denergies-renouvelables\/","og_site_name":"Electrosuisse","article_published_time":"2023-09-15T08:00:03+00:00","article_modified_time":"2023-12-05T14:01:05+00:00","og_image":[{"width":1200,"height":675,"url":"https:\/\/www.electrosuisse.ch\/wp-content\/uploads\/2023\/09\/Wasserwerk_1660x470.jpg","type":"image\/png"}],"author":"Nalini Schempp","schema":{"@context":"https:\/\/schema.org","@graph":[{"@type":"Article","@id":"https:\/\/www.electrosuisse.ch\/fr\/79-de-lelectricite-consommee-en-suisse-en-2022-a-ete-produite-a-partir-denergies-renouvelables\/#article","isPartOf":{"@id":"https:\/\/www.electrosuisse.ch\/fr\/79-de-lelectricite-consommee-en-suisse-en-2022-a-ete-produite-a-partir-denergies-renouvelables\/"},"author":{"name":"Nalini Schempp","@id":"https:\/\/www.electrosuisse.ch\/fr\/#\/schema\/person\/8770e16f2c82936b086c9d1c1c004c08"},"headline":"79% de l&#8217;\u00e9lectricit\u00e9 consomm\u00e9e en Suisse en 2022 a \u00e9t\u00e9 produite \u00e0 partir d&#8217;\u00e9nergies renouvelables","datePublished":"2023-09-15T08:00:03+00:00","dateModified":"2023-12-05T14:01:05+00:00","mainEntityOfPage":{"@id":"https:\/\/www.electrosuisse.ch\/fr\/79-de-lelectricite-consommee-en-suisse-en-2022-a-ete-produite-a-partir-denergies-renouvelables\/"},"wordCount":477,"publisher":{"@id":"https:\/\/www.electrosuisse.ch\/fr\/#organization"},"keywords":["Energieversorgung FR"],"articleSection":["Non classifi\u00e9(e)"],"inLanguage":"fr-FR"},{"@type":"WebPage","@id":"https:\/\/www.electrosuisse.ch\/fr\/79-de-lelectricite-consommee-en-suisse-en-2022-a-ete-produite-a-partir-denergies-renouvelables\/","url":"https:\/\/www.electrosuisse.ch\/fr\/79-de-lelectricite-consommee-en-suisse-en-2022-a-ete-produite-a-partir-denergies-renouvelables\/","name":"79% de l'\u00e9lectricit\u00e9 consomm\u00e9e en Suisse en 2022 a \u00e9t\u00e9 produite \u00e0 partir d'\u00e9nergies renouvelables - Electrosuisse","isPartOf":{"@id":"https:\/\/www.electrosuisse.ch\/fr\/#website"},"datePublished":"2023-09-15T08:00:03+00:00","dateModified":"2023-12-05T14:01:05+00:00","inLanguage":"fr-FR","potentialAction":[{"@type":"ReadAction","target":["https:\/\/www.electrosuisse.ch\/fr\/79-de-lelectricite-consommee-en-suisse-en-2022-a-ete-produite-a-partir-denergies-renouvelables\/"]}]},{"@type":"WebSite","@id":"https:\/\/www.electrosuisse.ch\/fr\/#website","url":"https:\/\/www.electrosuisse.ch\/fr\/","name":"Electrosuisse","description":"","publisher":{"@id":"https:\/\/www.electrosuisse.ch\/fr\/#organization"},"potentialAction":[{"@type":"SearchAction","target":{"@type":"EntryPoint","urlTemplate":"https:\/\/www.electrosuisse.ch\/fr\/?s={search_term_string}"},"query-input":{"@type":"PropertyValueSpecification","valueRequired":true,"valueName":"search_term_string"}}],"inLanguage":"fr-FR"},{"@type":"Organization","@id":"https:\/\/www.electrosuisse.ch\/fr\/#organization","name":"Electrosuisse","url":"https:\/\/www.electrosuisse.ch\/fr\/","logo":{"@type":"ImageObject","inLanguage":"fr-FR","@id":"https:\/\/www.electrosuisse.ch\/fr\/#\/schema\/logo\/image\/","url":"https:\/\/www.electrosuisse.ch\/wp-content\/uploads\/2025\/04\/Electrosuisse_Logo_696x696.png","contentUrl":"https:\/\/www.electrosuisse.ch\/wp-content\/uploads\/2025\/04\/Electrosuisse_Logo_696x696.png","width":696,"height":696,"caption":"Electrosuisse"},"image":{"@id":"https:\/\/www.electrosuisse.ch\/fr\/#\/schema\/logo\/image\/"},"sameAs":["https:\/\/www.linkedin.com\/company\/electrosuisse-ag\/posts\/?feedView=all","https:\/\/www.instagram.com\/electrosuisse1889\/","https:\/\/www.youtube.com\/channel\/UCoOxohMiVE0Gjcdis1L09zw"],"description":"Electrosuisse ist eine anerkannte und unabh\u00e4ngige Fachorganisation, die erstklassige Dienstleistungen und Produkte in den Bereichen Inspektion, Beratung, Pr\u00fcfung, Zertifizierung, Normung und Weiterbildung anbietet. Unsere Expertise umfasst Elektrotechnik, Elektromobilit\u00e4t, Energieberatung, Geb\u00e4udeautomation und Photovoltaik in der Schweiz. Durch die Veranstaltung etablierter Branchen-Events und Fachtagungen f\u00f6rdert Electrosuisse den Wissenstransfer und den fachlichen Austausch. Im Mittelpunkt unserer T\u00e4tigkeiten steht die F\u00f6rderung der sicheren, wirtschaftlichen und umweltgerechten Anwendung der Elektrotechnik."},{"@type":"Person","@id":"https:\/\/www.electrosuisse.ch\/fr\/#\/schema\/person\/8770e16f2c82936b086c9d1c1c004c08","name":"Nalini Schempp","image":{"@type":"ImageObject","inLanguage":"fr-FR","@id":"https:\/\/www.electrosuisse.ch\/fr\/#\/schema\/person\/image\/","url":"https:\/\/secure.gravatar.com\/avatar\/f2e8b75d6e8fb1fd661220d625f7823d02404773b42d5decd9a0b3dd5a2a1fe6?s=96&d=mm&r=g","contentUrl":"https:\/\/secure.gravatar.com\/avatar\/f2e8b75d6e8fb1fd661220d625f7823d02404773b42d5decd9a0b3dd5a2a1fe6?s=96&d=mm&r=g","caption":"Nalini Schempp"}}]}},"amp_enabled":true,"_links":{"self":[{"href":"https:\/\/www.electrosuisse.ch\/fr\/wp-json\/wp\/v2\/posts\/33094","targetHints":{"allow":["GET"]}}],"collection":[{"href":"https:\/\/www.electrosuisse.ch\/fr\/wp-json\/wp\/v2\/posts"}],"about":[{"href":"https:\/\/www.electrosuisse.ch\/fr\/wp-json\/wp\/v2\/types\/post"}],"author":[{"embeddable":true,"href":"https:\/\/www.electrosuisse.ch\/fr\/wp-json\/wp\/v2\/users\/20"}],"replies":[{"embeddable":true,"href":"https:\/\/www.electrosuisse.ch\/fr\/wp-json\/wp\/v2\/comments?post=33094"}],"version-history":[{"count":2,"href":"https:\/\/www.electrosuisse.ch\/fr\/wp-json\/wp\/v2\/posts\/33094\/revisions"}],"predecessor-version":[{"id":33106,"href":"https:\/\/www.electrosuisse.ch\/fr\/wp-json\/wp\/v2\/posts\/33094\/revisions\/33106"}],"wp:attachment":[{"href":"https:\/\/www.electrosuisse.ch\/fr\/wp-json\/wp\/v2\/media?parent=33094"}],"wp:term":[{"taxonomy":"category","embeddable":true,"href":"https:\/\/www.electrosuisse.ch\/fr\/wp-json\/wp\/v2\/categories?post=33094"},{"taxonomy":"post_tag","embeddable":true,"href":"https:\/\/www.electrosuisse.ch\/fr\/wp-json\/wp\/v2\/tags?post=33094"}],"curies":[{"name":"wp","href":"https:\/\/api.w.org\/{rel}","templated":true}]}}