{"id":30764,"date":"2023-04-12T10:00:43","date_gmt":"2023-04-12T08:00:43","guid":{"rendered":"https:\/\/www.electrosuisse.ch\/?p=30764"},"modified":"2023-05-05T16:30:28","modified_gmt":"2023-05-05T14:30:28","slug":"recyclage-des-batteries-recuperer-70-du-lithium","status":"publish","type":"post","link":"https:\/\/www.electrosuisse.ch\/fr\/recyclage-des-batteries-recuperer-70-du-lithium\/","title":{"rendered":"Recyclage des batteries : r\u00e9cup\u00e9rer 70% du lithium"},"content":{"rendered":"<div class=\"wpb-content-wrapper\"><p>[vc_row][vc_column][vc_column_text]<strong>Un proc\u00e9d\u00e9 de recyclage d\u00e9velopp\u00e9 \u00e0 l&#8217;Institut de technologie de Karlsruhe (KIT), qui combine des processus m\u00e9caniques et des r\u00e9actions chimiques, permet de r\u00e9cup\u00e9rer jusqu&#8217;\u00e0 70% du lithium contenu dans les d\u00e9chets de batteries. Cela permet d&#8217;obtenir un meilleur rendement \u00e0 moindre co\u00fbt ainsi qu&#8217;une plus grande durabilit\u00e9.<\/strong><\/p>\n<p>Les batteries lithium-ion envahissent notre quotidien : elles alimentent non seulement les ordinateurs portables et les smartphones, les jouets, les t\u00e9l\u00e9commandes et autres petits appareils, mais font \u00e9galement office de principal r\u00e9servoir d&#8217;\u00e9nergie pour l&#8217;\u00e9lectromobilit\u00e9, qui conna\u00eet une croissance rapide. L&#8217;utilisation croissante de ces batteries exige des m\u00e9thodes de recyclage durables sur le plan \u00e9conomique et \u00e9cologique. Aujourd&#8217;hui, ce sont surtout le nickel et le cobalt, le cuivre et l&#8217;aluminium ainsi que l&#8217;acier qui sont r\u00e9cup\u00e9r\u00e9s et recycl\u00e9s \u00e0 partir des d\u00e9chets de piles. La r\u00e9cup\u00e9ration du lithium est actuellement encore co\u00fbteuse et peu rentable. Les proc\u00e9d\u00e9s disponibles, g\u00e9n\u00e9ralement m\u00e9tallurgiques, consomment beaucoup d&#8217;\u00e9nergie et laissent des sous-produits nocifs.<\/p>\n<p>Le nouveau proc\u00e9d\u00e9 de m\u00e9canochimie, qui utilise des processus m\u00e9caniques pour provoquer des r\u00e9actions chimiques, permet d&#8217;atteindre un taux de r\u00e9cup\u00e9ration allant jusqu&#8217;\u00e0 70% pour le lithium. Il n&#8217;est pas n\u00e9cessaire d&#8217;utiliser des produits chimiques corrosifs, des temp\u00e9ratures \u00e9lev\u00e9es ou de trier les mat\u00e9riaux au pr\u00e9alable. Le proc\u00e9d\u00e9 convient \u00e0 la r\u00e9cup\u00e9ration du lithium \u00e0 partir de mat\u00e9riaux cathodiques de diff\u00e9rentes compositions chimiques et donc \u00e0 de nombreuses batteries lithium-ion disponibles sur le march\u00e9. Il permet un recyclage peu co\u00fbteux, efficace sur le plan \u00e9nerg\u00e9tique et respectueux de l&#8217;environnement.<\/p>\n<p>Pour leur proc\u00e9d\u00e9, les chercheurs utilisent l&#8217;aluminium comme agent r\u00e9ducteur dans la r\u00e9action m\u00e9canochimique. Comme l&#8217;aluminium est d\u00e9j\u00e0 pr\u00e9sent dans la cathode, le proc\u00e9d\u00e9 ne n\u00e9cessite pas d&#8217;apport suppl\u00e9mentaire. Les d\u00e9chets de piles sont d&#8217;abord broy\u00e9s. Ils sont ensuite utilis\u00e9s dans une r\u00e9action avec l&#8217;aluminium pour produire des mat\u00e9riaux composites m\u00e9talliques contenant des compos\u00e9s de lithium solubles dans l&#8217;eau. Le lithium est ensuite r\u00e9cup\u00e9r\u00e9 en dissolvant les compos\u00e9s hydrosolubles dans l&#8217;eau, puis en les chauffant afin d&#8217;\u00e9liminer l&#8217;eau par \u00e9vaporation. Comme la r\u00e9action m\u00e9canochimique se d\u00e9roule \u00e0 temp\u00e9rature et pression ambiantes, le proc\u00e9d\u00e9 est particuli\u00e8rement efficace sur le plan \u00e9nerg\u00e9tique. Un autre avantage r\u00e9side dans la simplicit\u00e9 du processus, ce qui facilitera son utilisation \u00e0 l&#8217;\u00e9chelle industrielle. En effet, dans un avenir proche, de grandes quantit\u00e9s de batteries seront \u00e0 recycler.[\/vc_column_text][\/vc_column][\/vc_row]<\/p>\n<\/div>","protected":false},"excerpt":{"rendered":"<p>[vc_row][vc_column][vc_column_text]Un proc\u00e9d\u00e9 de recyclage d\u00e9velopp\u00e9 \u00e0 l&#8217;Institut de technologie de Karlsruhe (KIT), qui combine des processus m\u00e9caniques et des r\u00e9actions chimiques, permet de r\u00e9cup\u00e9rer jusqu&#8217;\u00e0 70% du lithium contenu dans les d\u00e9chets de batteries. Cela permet d&#8217;obtenir un meilleur rendement \u00e0 moindre co\u00fbt ainsi qu&#8217;une plus grande durabilit\u00e9. Les batteries lithium-ion envahissent notre quotidien : [&hellip;]<\/p>\n","protected":false},"author":20,"featured_media":0,"comment_status":"closed","ping_status":"closed","sticky":false,"template":"","format":"standard","meta":{"_acf_changed":false,"_monsterinsights_skip_tracking":false,"_monsterinsights_sitenote_active":false,"_monsterinsights_sitenote_note":"","_monsterinsights_sitenote_category":0,"footnotes":""},"categories":[44],"tags":[252],"class_list":["post-30764","post","type-post","status-publish","format-standard","hentry","category-non-classifie","tag-efficacite-energetique"],"acf":[],"yoast_head":"<!-- This site is optimized with the Yoast SEO Premium plugin v26.4 (Yoast SEO v27.0) - https:\/\/yoast.com\/product\/yoast-seo-premium-wordpress\/ -->\n<title>Recyclage des batteries : r\u00e9cup\u00e9rer 70% du lithium - Electrosuisse<\/title>\n<meta name=\"robots\" content=\"index, follow, max-snippet:-1, max-image-preview:large, max-video-preview:-1\" \/>\n<link rel=\"canonical\" href=\"https:\/\/www.electrosuisse.ch\/fr\/recyclage-des-batteries-recuperer-70-du-lithium\/\" \/>\n<meta property=\"og:locale\" content=\"fr_FR\" \/>\n<meta property=\"og:type\" content=\"article\" \/>\n<meta property=\"og:title\" content=\"Recyclage des batteries : r\u00e9cup\u00e9rer 70% du lithium - Electrosuisse\" \/>\n<meta property=\"og:description\" content=\"[vc_row][vc_column][vc_column_text]Un proc\u00e9d\u00e9 de recyclage d\u00e9velopp\u00e9 \u00e0 l&#8217;Institut de technologie de Karlsruhe (KIT), qui combine des processus m\u00e9caniques et des r\u00e9actions chimiques, permet de r\u00e9cup\u00e9rer jusqu&#8217;\u00e0 70% du lithium contenu dans les d\u00e9chets de batteries. Cela permet d&#8217;obtenir un meilleur rendement \u00e0 moindre co\u00fbt ainsi qu&#8217;une plus grande durabilit\u00e9. Les batteries lithium-ion envahissent notre quotidien : [&hellip;]\" \/>\n<meta property=\"og:url\" content=\"https:\/\/www.electrosuisse.ch\/fr\/recyclage-des-batteries-recuperer-70-du-lithium\/\" \/>\n<meta property=\"og:site_name\" content=\"Electrosuisse\" \/>\n<meta property=\"article:published_time\" content=\"2023-04-12T08:00:43+00:00\" \/>\n<meta property=\"article:modified_time\" content=\"2023-05-05T14:30:28+00:00\" \/>\n<meta property=\"og:image\" content=\"https:\/\/www.electrosuisse.ch\/wp-content\/uploads\/2023\/04\/Batterierecycling_1660x470.jpg\" \/>\n\t<meta property=\"og:image:width\" content=\"1200\" \/>\n\t<meta property=\"og:image:height\" content=\"675\" \/>\n\t<meta property=\"og:image:type\" content=\"image\/png\" \/>\n<meta name=\"author\" content=\"Nalini Schempp\" \/>\n<script type=\"application\/ld+json\" class=\"yoast-schema-graph\">{\"@context\":\"https:\/\/schema.org\",\"@graph\":[{\"@type\":\"Article\",\"@id\":\"https:\/\/www.electrosuisse.ch\/fr\/recyclage-des-batteries-recuperer-70-du-lithium\/#article\",\"isPartOf\":{\"@id\":\"https:\/\/www.electrosuisse.ch\/fr\/recyclage-des-batteries-recuperer-70-du-lithium\/\"},\"author\":{\"name\":\"Nalini Schempp\",\"@id\":\"https:\/\/www.electrosuisse.ch\/fr\/#\/schema\/person\/8770e16f2c82936b086c9d1c1c004c08\"},\"headline\":\"Recyclage des batteries : r\u00e9cup\u00e9rer 70% du lithium\",\"datePublished\":\"2023-04-12T08:00:43+00:00\",\"dateModified\":\"2023-05-05T14:30:28+00:00\",\"mainEntityOfPage\":{\"@id\":\"https:\/\/www.electrosuisse.ch\/fr\/recyclage-des-batteries-recuperer-70-du-lithium\/\"},\"wordCount\":482,\"publisher\":{\"@id\":\"https:\/\/www.electrosuisse.ch\/fr\/#organization\"},\"keywords\":[\"Produktion und Dienstleistung FR\"],\"articleSection\":[\"Non classifi\u00e9(e)\"],\"inLanguage\":\"fr-FR\"},{\"@type\":\"WebPage\",\"@id\":\"https:\/\/www.electrosuisse.ch\/fr\/recyclage-des-batteries-recuperer-70-du-lithium\/\",\"url\":\"https:\/\/www.electrosuisse.ch\/fr\/recyclage-des-batteries-recuperer-70-du-lithium\/\",\"name\":\"Recyclage des batteries : r\u00e9cup\u00e9rer 70% du lithium - Electrosuisse\",\"isPartOf\":{\"@id\":\"https:\/\/www.electrosuisse.ch\/fr\/#website\"},\"datePublished\":\"2023-04-12T08:00:43+00:00\",\"dateModified\":\"2023-05-05T14:30:28+00:00\",\"inLanguage\":\"fr-FR\",\"potentialAction\":[{\"@type\":\"ReadAction\",\"target\":[\"https:\/\/www.electrosuisse.ch\/fr\/recyclage-des-batteries-recuperer-70-du-lithium\/\"]}]},{\"@type\":\"WebSite\",\"@id\":\"https:\/\/www.electrosuisse.ch\/fr\/#website\",\"url\":\"https:\/\/www.electrosuisse.ch\/fr\/\",\"name\":\"Electrosuisse\",\"description\":\"\",\"publisher\":{\"@id\":\"https:\/\/www.electrosuisse.ch\/fr\/#organization\"},\"potentialAction\":[{\"@type\":\"SearchAction\",\"target\":{\"@type\":\"EntryPoint\",\"urlTemplate\":\"https:\/\/www.electrosuisse.ch\/fr\/?s={search_term_string}\"},\"query-input\":{\"@type\":\"PropertyValueSpecification\",\"valueRequired\":true,\"valueName\":\"search_term_string\"}}],\"inLanguage\":\"fr-FR\"},{\"@type\":\"Organization\",\"@id\":\"https:\/\/www.electrosuisse.ch\/fr\/#organization\",\"name\":\"Electrosuisse\",\"url\":\"https:\/\/www.electrosuisse.ch\/fr\/\",\"logo\":{\"@type\":\"ImageObject\",\"inLanguage\":\"fr-FR\",\"@id\":\"https:\/\/www.electrosuisse.ch\/fr\/#\/schema\/logo\/image\/\",\"url\":\"https:\/\/www.electrosuisse.ch\/wp-content\/uploads\/2025\/04\/Electrosuisse_Logo_696x696.png\",\"contentUrl\":\"https:\/\/www.electrosuisse.ch\/wp-content\/uploads\/2025\/04\/Electrosuisse_Logo_696x696.png\",\"width\":696,\"height\":696,\"caption\":\"Electrosuisse\"},\"image\":{\"@id\":\"https:\/\/www.electrosuisse.ch\/fr\/#\/schema\/logo\/image\/\"},\"sameAs\":[\"https:\/\/www.linkedin.com\/company\/electrosuisse-ag\/posts\/?feedView=all\",\"https:\/\/www.instagram.com\/electrosuisse1889\/\",\"https:\/\/www.youtube.com\/channel\/UCoOxohMiVE0Gjcdis1L09zw\"],\"description\":\"Electrosuisse ist eine anerkannte und unabh\u00e4ngige Fachorganisation, die erstklassige Dienstleistungen und Produkte in den Bereichen Inspektion, Beratung, Pr\u00fcfung, Zertifizierung, Normung und Weiterbildung anbietet. Unsere Expertise umfasst Elektrotechnik, Elektromobilit\u00e4t, Energieberatung, Geb\u00e4udeautomation und Photovoltaik in der Schweiz. Durch die Veranstaltung etablierter Branchen-Events und Fachtagungen f\u00f6rdert Electrosuisse den Wissenstransfer und den fachlichen Austausch. Im Mittelpunkt unserer T\u00e4tigkeiten steht die F\u00f6rderung der sicheren, wirtschaftlichen und umweltgerechten Anwendung der Elektrotechnik.\"},{\"@type\":\"Person\",\"@id\":\"https:\/\/www.electrosuisse.ch\/fr\/#\/schema\/person\/8770e16f2c82936b086c9d1c1c004c08\",\"name\":\"Nalini Schempp\",\"image\":{\"@type\":\"ImageObject\",\"inLanguage\":\"fr-FR\",\"@id\":\"https:\/\/www.electrosuisse.ch\/fr\/#\/schema\/person\/image\/\",\"url\":\"https:\/\/secure.gravatar.com\/avatar\/f2e8b75d6e8fb1fd661220d625f7823d02404773b42d5decd9a0b3dd5a2a1fe6?s=96&d=mm&r=g\",\"contentUrl\":\"https:\/\/secure.gravatar.com\/avatar\/f2e8b75d6e8fb1fd661220d625f7823d02404773b42d5decd9a0b3dd5a2a1fe6?s=96&d=mm&r=g\",\"caption\":\"Nalini Schempp\"}}]}<\/script>\n<!-- \/ Yoast SEO Premium plugin. -->","yoast_head_json":{"title":"Recyclage des batteries : r\u00e9cup\u00e9rer 70% du lithium - Electrosuisse","robots":{"index":"index","follow":"follow","max-snippet":"max-snippet:-1","max-image-preview":"max-image-preview:large","max-video-preview":"max-video-preview:-1"},"canonical":"https:\/\/www.electrosuisse.ch\/fr\/recyclage-des-batteries-recuperer-70-du-lithium\/","og_locale":"fr_FR","og_type":"article","og_title":"Recyclage des batteries : r\u00e9cup\u00e9rer 70% du lithium - Electrosuisse","og_description":"[vc_row][vc_column][vc_column_text]Un proc\u00e9d\u00e9 de recyclage d\u00e9velopp\u00e9 \u00e0 l&#8217;Institut de technologie de Karlsruhe (KIT), qui combine des processus m\u00e9caniques et des r\u00e9actions chimiques, permet de r\u00e9cup\u00e9rer jusqu&#8217;\u00e0 70% du lithium contenu dans les d\u00e9chets de batteries. Cela permet d&#8217;obtenir un meilleur rendement \u00e0 moindre co\u00fbt ainsi qu&#8217;une plus grande durabilit\u00e9. Les batteries lithium-ion envahissent notre quotidien : [&hellip;]","og_url":"https:\/\/www.electrosuisse.ch\/fr\/recyclage-des-batteries-recuperer-70-du-lithium\/","og_site_name":"Electrosuisse","article_published_time":"2023-04-12T08:00:43+00:00","article_modified_time":"2023-05-05T14:30:28+00:00","og_image":[{"width":1200,"height":675,"url":"https:\/\/www.electrosuisse.ch\/wp-content\/uploads\/2023\/04\/Batterierecycling_1660x470.jpg","type":"image\/png"}],"author":"Nalini Schempp","schema":{"@context":"https:\/\/schema.org","@graph":[{"@type":"Article","@id":"https:\/\/www.electrosuisse.ch\/fr\/recyclage-des-batteries-recuperer-70-du-lithium\/#article","isPartOf":{"@id":"https:\/\/www.electrosuisse.ch\/fr\/recyclage-des-batteries-recuperer-70-du-lithium\/"},"author":{"name":"Nalini Schempp","@id":"https:\/\/www.electrosuisse.ch\/fr\/#\/schema\/person\/8770e16f2c82936b086c9d1c1c004c08"},"headline":"Recyclage des batteries : r\u00e9cup\u00e9rer 70% du lithium","datePublished":"2023-04-12T08:00:43+00:00","dateModified":"2023-05-05T14:30:28+00:00","mainEntityOfPage":{"@id":"https:\/\/www.electrosuisse.ch\/fr\/recyclage-des-batteries-recuperer-70-du-lithium\/"},"wordCount":482,"publisher":{"@id":"https:\/\/www.electrosuisse.ch\/fr\/#organization"},"keywords":["Produktion und Dienstleistung FR"],"articleSection":["Non classifi\u00e9(e)"],"inLanguage":"fr-FR"},{"@type":"WebPage","@id":"https:\/\/www.electrosuisse.ch\/fr\/recyclage-des-batteries-recuperer-70-du-lithium\/","url":"https:\/\/www.electrosuisse.ch\/fr\/recyclage-des-batteries-recuperer-70-du-lithium\/","name":"Recyclage des batteries : r\u00e9cup\u00e9rer 70% du lithium - Electrosuisse","isPartOf":{"@id":"https:\/\/www.electrosuisse.ch\/fr\/#website"},"datePublished":"2023-04-12T08:00:43+00:00","dateModified":"2023-05-05T14:30:28+00:00","inLanguage":"fr-FR","potentialAction":[{"@type":"ReadAction","target":["https:\/\/www.electrosuisse.ch\/fr\/recyclage-des-batteries-recuperer-70-du-lithium\/"]}]},{"@type":"WebSite","@id":"https:\/\/www.electrosuisse.ch\/fr\/#website","url":"https:\/\/www.electrosuisse.ch\/fr\/","name":"Electrosuisse","description":"","publisher":{"@id":"https:\/\/www.electrosuisse.ch\/fr\/#organization"},"potentialAction":[{"@type":"SearchAction","target":{"@type":"EntryPoint","urlTemplate":"https:\/\/www.electrosuisse.ch\/fr\/?s={search_term_string}"},"query-input":{"@type":"PropertyValueSpecification","valueRequired":true,"valueName":"search_term_string"}}],"inLanguage":"fr-FR"},{"@type":"Organization","@id":"https:\/\/www.electrosuisse.ch\/fr\/#organization","name":"Electrosuisse","url":"https:\/\/www.electrosuisse.ch\/fr\/","logo":{"@type":"ImageObject","inLanguage":"fr-FR","@id":"https:\/\/www.electrosuisse.ch\/fr\/#\/schema\/logo\/image\/","url":"https:\/\/www.electrosuisse.ch\/wp-content\/uploads\/2025\/04\/Electrosuisse_Logo_696x696.png","contentUrl":"https:\/\/www.electrosuisse.ch\/wp-content\/uploads\/2025\/04\/Electrosuisse_Logo_696x696.png","width":696,"height":696,"caption":"Electrosuisse"},"image":{"@id":"https:\/\/www.electrosuisse.ch\/fr\/#\/schema\/logo\/image\/"},"sameAs":["https:\/\/www.linkedin.com\/company\/electrosuisse-ag\/posts\/?feedView=all","https:\/\/www.instagram.com\/electrosuisse1889\/","https:\/\/www.youtube.com\/channel\/UCoOxohMiVE0Gjcdis1L09zw"],"description":"Electrosuisse ist eine anerkannte und unabh\u00e4ngige Fachorganisation, die erstklassige Dienstleistungen und Produkte in den Bereichen Inspektion, Beratung, Pr\u00fcfung, Zertifizierung, Normung und Weiterbildung anbietet. Unsere Expertise umfasst Elektrotechnik, Elektromobilit\u00e4t, Energieberatung, Geb\u00e4udeautomation und Photovoltaik in der Schweiz. Durch die Veranstaltung etablierter Branchen-Events und Fachtagungen f\u00f6rdert Electrosuisse den Wissenstransfer und den fachlichen Austausch. Im Mittelpunkt unserer T\u00e4tigkeiten steht die F\u00f6rderung der sicheren, wirtschaftlichen und umweltgerechten Anwendung der Elektrotechnik."},{"@type":"Person","@id":"https:\/\/www.electrosuisse.ch\/fr\/#\/schema\/person\/8770e16f2c82936b086c9d1c1c004c08","name":"Nalini Schempp","image":{"@type":"ImageObject","inLanguage":"fr-FR","@id":"https:\/\/www.electrosuisse.ch\/fr\/#\/schema\/person\/image\/","url":"https:\/\/secure.gravatar.com\/avatar\/f2e8b75d6e8fb1fd661220d625f7823d02404773b42d5decd9a0b3dd5a2a1fe6?s=96&d=mm&r=g","contentUrl":"https:\/\/secure.gravatar.com\/avatar\/f2e8b75d6e8fb1fd661220d625f7823d02404773b42d5decd9a0b3dd5a2a1fe6?s=96&d=mm&r=g","caption":"Nalini Schempp"}}]}},"amp_enabled":true,"_links":{"self":[{"href":"https:\/\/www.electrosuisse.ch\/fr\/wp-json\/wp\/v2\/posts\/30764","targetHints":{"allow":["GET"]}}],"collection":[{"href":"https:\/\/www.electrosuisse.ch\/fr\/wp-json\/wp\/v2\/posts"}],"about":[{"href":"https:\/\/www.electrosuisse.ch\/fr\/wp-json\/wp\/v2\/types\/post"}],"author":[{"embeddable":true,"href":"https:\/\/www.electrosuisse.ch\/fr\/wp-json\/wp\/v2\/users\/20"}],"replies":[{"embeddable":true,"href":"https:\/\/www.electrosuisse.ch\/fr\/wp-json\/wp\/v2\/comments?post=30764"}],"version-history":[{"count":1,"href":"https:\/\/www.electrosuisse.ch\/fr\/wp-json\/wp\/v2\/posts\/30764\/revisions"}],"predecessor-version":[{"id":30765,"href":"https:\/\/www.electrosuisse.ch\/fr\/wp-json\/wp\/v2\/posts\/30764\/revisions\/30765"}],"wp:attachment":[{"href":"https:\/\/www.electrosuisse.ch\/fr\/wp-json\/wp\/v2\/media?parent=30764"}],"wp:term":[{"taxonomy":"category","embeddable":true,"href":"https:\/\/www.electrosuisse.ch\/fr\/wp-json\/wp\/v2\/categories?post=30764"},{"taxonomy":"post_tag","embeddable":true,"href":"https:\/\/www.electrosuisse.ch\/fr\/wp-json\/wp\/v2\/tags?post=30764"}],"curies":[{"name":"wp","href":"https:\/\/api.w.org\/{rel}","templated":true}]}}