{"id":30759,"date":"2023-01-12T10:00:27","date_gmt":"2023-01-12T09:00:27","guid":{"rendered":"https:\/\/www.electrosuisse.ch\/?p=30759"},"modified":"2023-05-05T16:22:59","modified_gmt":"2023-05-05T14:22:59","slug":"rendre-les-batteries-lithium-ion-recyclables","status":"publish","type":"post","link":"https:\/\/www.electrosuisse.ch\/fr\/rendre-les-batteries-lithium-ion-recyclables\/","title":{"rendered":"Rendre les batteries lithium-ion recyclables"},"content":{"rendered":"<div class=\"wpb-content-wrapper\"><p>[vc_row][vc_column][vc_column_text]<strong>Des \u00e9quipes de chercheurs de l&#8217;Institut Leibniz des nouveaux mat\u00e9riaux (INM), de l&#8217;Institut Fraunhofer de recherche sur les silicates (ISC) et de l&#8217;Universit\u00e9 Friedrich-Alexander (FAU) lanceront le 1er f\u00e9vrier 2023 le projet Adrecbat, qui consid\u00e8re le recyclage des batteries lithium-ion non pas en fin de vie, mais d\u00e8s la conception du produit. L&#8217;objectif du projet est d&#8217;opposer les composants de la batterie les uns aux autres de mani\u00e8re \u00e0 permettre un recyclage par type.<\/strong><\/p>\n<p>Le monde conna\u00eet actuellement un boom de la technologie des batteries lithium-ion. Selon l&#8217;association europ\u00e9enne de la mobilit\u00e9 &#8220;Transport and Environment&#8221;, plus de 40 projets d&#8217;usines de batteries sont annonc\u00e9s en Europe pour les dix prochaines ann\u00e9es. Dans l&#8217;optique de la durabilit\u00e9 de l&#8217;\u00e9lectromobilit\u00e9, la recherche sur le recyclage efficace des mat\u00e9riaux des batteries et leur r\u00e9int\u00e9gration quasi totale dans le cycle des mati\u00e8res premi\u00e8res doit donc \u00eatre acc\u00e9l\u00e9r\u00e9e au plus vite. Il ne s&#8217;agit pas seulement des composants de stockage d&#8217;\u00e9nergie eux-m\u00eames, mais aussi des \u00e9lectrodes, de l&#8217;encapsulation et du bo\u00eetier. L&#8217;approche des \u00e9quipes de recherche consiste \u00e0 concevoir les batteries lithium-ion \u00e0 plusieurs niveaux de mani\u00e8re \u00e0 ce que les mat\u00e9riaux utilis\u00e9s puissent \u00eatre facilement s\u00e9par\u00e9s les uns des autres en fin de vie de la batterie et recycl\u00e9s s\u00e9par\u00e9ment. Pour ce faire, les partenaires \u00e9tudient les points cl\u00e9s du recyclage, o\u00f9 les mat\u00e9riaux tiennent ensemble de mani\u00e8re s\u00fbre pendant la dur\u00e9e de vie de la batterie, mais peuvent \u00eatre facilement s\u00e9par\u00e9s en fin de vie.<\/p>\n<p>Les points importants pour le recyclage sont par exemple le joint de scellage du film de la pochette, l&#8217;interface entre le collecteur de courant et l&#8217;\u00e9lectrode et l&#8217;interface entre le mat\u00e9riau actif et la cathode. Lorsque la pile est us\u00e9e, les r\u00e9actions de s\u00e9paration sont d\u00e9clench\u00e9es de mani\u00e8re cibl\u00e9e par des modifications du champ magn\u00e9tique ext\u00e9rieur, de la temp\u00e9rature ou du pH, en fonction des propri\u00e9t\u00e9s des mat\u00e9riaux de d\u00e9clenchement utilis\u00e9s. Les composants individuels d\u00e9sormais pr\u00e9sents peuvent alors \u00eatre r\u00e9introduits dans le circuit de fabrication. Les additifs d\u00e9clencheurs doivent pouvoir \u00eatre int\u00e9gr\u00e9s de mani\u00e8re flexible et, si possible, ind\u00e9pendamment du type de batterie, de sorte que les fabricants de batteries lithium-ion puissent \u00e9quiper leurs produits de ces additifs et am\u00e9liorer leur recyclabilit\u00e9. La condition est que les additifs restent quasiment invisibles dans la batterie et n&#8217;entravent en rien sa fonctionnalit\u00e9. L&#8217;objectif est d&#8217;augmenter l&#8217;efficacit\u00e9 et donc la rentabilit\u00e9 du recyclage par rapport aux proc\u00e9d\u00e9s pyrom\u00e9tallurgiques et hydrom\u00e9tallurgiques existants, dans lesquels les batteries mises au rebut sont d\u00e9chiquet\u00e9es enti\u00e8res sans \u00e9tapes interm\u00e9diaires.[\/vc_column_text][\/vc_column][\/vc_row]<\/p>\n<\/div>","protected":false},"excerpt":{"rendered":"<p>[vc_row][vc_column][vc_column_text]Des \u00e9quipes de chercheurs de l&#8217;Institut Leibniz des nouveaux mat\u00e9riaux (INM), de l&#8217;Institut Fraunhofer de recherche sur les silicates (ISC) et de l&#8217;Universit\u00e9 Friedrich-Alexander (FAU) lanceront le 1er f\u00e9vrier 2023 le projet Adrecbat, qui consid\u00e8re le recyclage des batteries lithium-ion non pas en fin de vie, mais d\u00e8s la conception du produit. L&#8217;objectif du projet [&hellip;]<\/p>\n","protected":false},"author":20,"featured_media":0,"comment_status":"closed","ping_status":"closed","sticky":false,"template":"","format":"standard","meta":{"_acf_changed":false,"_monsterinsights_skip_tracking":false,"_monsterinsights_sitenote_active":false,"_monsterinsights_sitenote_note":"","_monsterinsights_sitenote_category":0,"footnotes":""},"categories":[44],"tags":[252],"class_list":["post-30759","post","type-post","status-publish","format-standard","hentry","category-non-classifie","tag-efficacite-energetique"],"acf":[],"yoast_head":"<!-- This site is optimized with the Yoast SEO Premium plugin v26.4 (Yoast SEO v27.0) - https:\/\/yoast.com\/product\/yoast-seo-premium-wordpress\/ -->\n<title>Rendre les batteries lithium-ion recyclables - Electrosuisse<\/title>\n<meta name=\"robots\" content=\"index, follow, max-snippet:-1, max-image-preview:large, max-video-preview:-1\" \/>\n<link rel=\"canonical\" href=\"https:\/\/www.electrosuisse.ch\/fr\/rendre-les-batteries-lithium-ion-recyclables\/\" \/>\n<meta property=\"og:locale\" content=\"fr_FR\" \/>\n<meta property=\"og:type\" content=\"article\" \/>\n<meta property=\"og:title\" content=\"Rendre les batteries lithium-ion recyclables - Electrosuisse\" \/>\n<meta property=\"og:description\" content=\"[vc_row][vc_column][vc_column_text]Des \u00e9quipes de chercheurs de l&#8217;Institut Leibniz des nouveaux mat\u00e9riaux (INM), de l&#8217;Institut Fraunhofer de recherche sur les silicates (ISC) et de l&#8217;Universit\u00e9 Friedrich-Alexander (FAU) lanceront le 1er f\u00e9vrier 2023 le projet Adrecbat, qui consid\u00e8re le recyclage des batteries lithium-ion non pas en fin de vie, mais d\u00e8s la conception du produit. L&#8217;objectif du projet [&hellip;]\" \/>\n<meta property=\"og:url\" content=\"https:\/\/www.electrosuisse.ch\/fr\/rendre-les-batteries-lithium-ion-recyclables\/\" \/>\n<meta property=\"og:site_name\" content=\"Electrosuisse\" \/>\n<meta property=\"article:published_time\" content=\"2023-01-12T09:00:27+00:00\" \/>\n<meta property=\"article:modified_time\" content=\"2023-05-05T14:22:59+00:00\" \/>\n<meta property=\"og:image\" content=\"https:\/\/www.electrosuisse.ch\/wp-content\/uploads\/2023\/01\/Lithium-Ionen-Batterie_1660x470.png\" \/>\n\t<meta property=\"og:image:width\" content=\"1200\" \/>\n\t<meta property=\"og:image:height\" content=\"675\" \/>\n\t<meta property=\"og:image:type\" content=\"image\/png\" \/>\n<meta name=\"author\" content=\"Nalini Schempp\" \/>\n<script type=\"application\/ld+json\" class=\"yoast-schema-graph\">{\"@context\":\"https:\/\/schema.org\",\"@graph\":[{\"@type\":\"Article\",\"@id\":\"https:\/\/www.electrosuisse.ch\/fr\/rendre-les-batteries-lithium-ion-recyclables\/#article\",\"isPartOf\":{\"@id\":\"https:\/\/www.electrosuisse.ch\/fr\/rendre-les-batteries-lithium-ion-recyclables\/\"},\"author\":{\"name\":\"Nalini Schempp\",\"@id\":\"https:\/\/www.electrosuisse.ch\/fr\/#\/schema\/person\/8770e16f2c82936b086c9d1c1c004c08\"},\"headline\":\"Rendre les batteries lithium-ion recyclables\",\"datePublished\":\"2023-01-12T09:00:27+00:00\",\"dateModified\":\"2023-05-05T14:22:59+00:00\",\"mainEntityOfPage\":{\"@id\":\"https:\/\/www.electrosuisse.ch\/fr\/rendre-les-batteries-lithium-ion-recyclables\/\"},\"wordCount\":513,\"publisher\":{\"@id\":\"https:\/\/www.electrosuisse.ch\/fr\/#organization\"},\"keywords\":[\"Produktion und Dienstleistung FR\"],\"articleSection\":[\"Non classifi\u00e9(e)\"],\"inLanguage\":\"fr-FR\"},{\"@type\":\"WebPage\",\"@id\":\"https:\/\/www.electrosuisse.ch\/fr\/rendre-les-batteries-lithium-ion-recyclables\/\",\"url\":\"https:\/\/www.electrosuisse.ch\/fr\/rendre-les-batteries-lithium-ion-recyclables\/\",\"name\":\"Rendre les batteries lithium-ion recyclables - Electrosuisse\",\"isPartOf\":{\"@id\":\"https:\/\/www.electrosuisse.ch\/fr\/#website\"},\"datePublished\":\"2023-01-12T09:00:27+00:00\",\"dateModified\":\"2023-05-05T14:22:59+00:00\",\"inLanguage\":\"fr-FR\",\"potentialAction\":[{\"@type\":\"ReadAction\",\"target\":[\"https:\/\/www.electrosuisse.ch\/fr\/rendre-les-batteries-lithium-ion-recyclables\/\"]}]},{\"@type\":\"WebSite\",\"@id\":\"https:\/\/www.electrosuisse.ch\/fr\/#website\",\"url\":\"https:\/\/www.electrosuisse.ch\/fr\/\",\"name\":\"Electrosuisse\",\"description\":\"\",\"publisher\":{\"@id\":\"https:\/\/www.electrosuisse.ch\/fr\/#organization\"},\"potentialAction\":[{\"@type\":\"SearchAction\",\"target\":{\"@type\":\"EntryPoint\",\"urlTemplate\":\"https:\/\/www.electrosuisse.ch\/fr\/?s={search_term_string}\"},\"query-input\":{\"@type\":\"PropertyValueSpecification\",\"valueRequired\":true,\"valueName\":\"search_term_string\"}}],\"inLanguage\":\"fr-FR\"},{\"@type\":\"Organization\",\"@id\":\"https:\/\/www.electrosuisse.ch\/fr\/#organization\",\"name\":\"Electrosuisse\",\"url\":\"https:\/\/www.electrosuisse.ch\/fr\/\",\"logo\":{\"@type\":\"ImageObject\",\"inLanguage\":\"fr-FR\",\"@id\":\"https:\/\/www.electrosuisse.ch\/fr\/#\/schema\/logo\/image\/\",\"url\":\"https:\/\/www.electrosuisse.ch\/wp-content\/uploads\/2025\/04\/Electrosuisse_Logo_696x696.png\",\"contentUrl\":\"https:\/\/www.electrosuisse.ch\/wp-content\/uploads\/2025\/04\/Electrosuisse_Logo_696x696.png\",\"width\":696,\"height\":696,\"caption\":\"Electrosuisse\"},\"image\":{\"@id\":\"https:\/\/www.electrosuisse.ch\/fr\/#\/schema\/logo\/image\/\"},\"sameAs\":[\"https:\/\/www.linkedin.com\/company\/electrosuisse-ag\/posts\/?feedView=all\",\"https:\/\/www.instagram.com\/electrosuisse1889\/\",\"https:\/\/www.youtube.com\/channel\/UCoOxohMiVE0Gjcdis1L09zw\"],\"description\":\"Electrosuisse ist eine anerkannte und unabh\u00e4ngige Fachorganisation, die erstklassige Dienstleistungen und Produkte in den Bereichen Inspektion, Beratung, Pr\u00fcfung, Zertifizierung, Normung und Weiterbildung anbietet. Unsere Expertise umfasst Elektrotechnik, Elektromobilit\u00e4t, Energieberatung, Geb\u00e4udeautomation und Photovoltaik in der Schweiz. Durch die Veranstaltung etablierter Branchen-Events und Fachtagungen f\u00f6rdert Electrosuisse den Wissenstransfer und den fachlichen Austausch. Im Mittelpunkt unserer T\u00e4tigkeiten steht die F\u00f6rderung der sicheren, wirtschaftlichen und umweltgerechten Anwendung der Elektrotechnik.\"},{\"@type\":\"Person\",\"@id\":\"https:\/\/www.electrosuisse.ch\/fr\/#\/schema\/person\/8770e16f2c82936b086c9d1c1c004c08\",\"name\":\"Nalini Schempp\",\"image\":{\"@type\":\"ImageObject\",\"inLanguage\":\"fr-FR\",\"@id\":\"https:\/\/www.electrosuisse.ch\/fr\/#\/schema\/person\/image\/\",\"url\":\"https:\/\/secure.gravatar.com\/avatar\/f2e8b75d6e8fb1fd661220d625f7823d02404773b42d5decd9a0b3dd5a2a1fe6?s=96&d=mm&r=g\",\"contentUrl\":\"https:\/\/secure.gravatar.com\/avatar\/f2e8b75d6e8fb1fd661220d625f7823d02404773b42d5decd9a0b3dd5a2a1fe6?s=96&d=mm&r=g\",\"caption\":\"Nalini Schempp\"}}]}<\/script>\n<!-- \/ Yoast SEO Premium plugin. -->","yoast_head_json":{"title":"Rendre les batteries lithium-ion recyclables - Electrosuisse","robots":{"index":"index","follow":"follow","max-snippet":"max-snippet:-1","max-image-preview":"max-image-preview:large","max-video-preview":"max-video-preview:-1"},"canonical":"https:\/\/www.electrosuisse.ch\/fr\/rendre-les-batteries-lithium-ion-recyclables\/","og_locale":"fr_FR","og_type":"article","og_title":"Rendre les batteries lithium-ion recyclables - Electrosuisse","og_description":"[vc_row][vc_column][vc_column_text]Des \u00e9quipes de chercheurs de l&#8217;Institut Leibniz des nouveaux mat\u00e9riaux (INM), de l&#8217;Institut Fraunhofer de recherche sur les silicates (ISC) et de l&#8217;Universit\u00e9 Friedrich-Alexander (FAU) lanceront le 1er f\u00e9vrier 2023 le projet Adrecbat, qui consid\u00e8re le recyclage des batteries lithium-ion non pas en fin de vie, mais d\u00e8s la conception du produit. L&#8217;objectif du projet [&hellip;]","og_url":"https:\/\/www.electrosuisse.ch\/fr\/rendre-les-batteries-lithium-ion-recyclables\/","og_site_name":"Electrosuisse","article_published_time":"2023-01-12T09:00:27+00:00","article_modified_time":"2023-05-05T14:22:59+00:00","og_image":[{"width":1200,"height":675,"url":"https:\/\/www.electrosuisse.ch\/wp-content\/uploads\/2023\/01\/Lithium-Ionen-Batterie_1660x470.png","type":"image\/png"}],"author":"Nalini Schempp","schema":{"@context":"https:\/\/schema.org","@graph":[{"@type":"Article","@id":"https:\/\/www.electrosuisse.ch\/fr\/rendre-les-batteries-lithium-ion-recyclables\/#article","isPartOf":{"@id":"https:\/\/www.electrosuisse.ch\/fr\/rendre-les-batteries-lithium-ion-recyclables\/"},"author":{"name":"Nalini Schempp","@id":"https:\/\/www.electrosuisse.ch\/fr\/#\/schema\/person\/8770e16f2c82936b086c9d1c1c004c08"},"headline":"Rendre les batteries lithium-ion recyclables","datePublished":"2023-01-12T09:00:27+00:00","dateModified":"2023-05-05T14:22:59+00:00","mainEntityOfPage":{"@id":"https:\/\/www.electrosuisse.ch\/fr\/rendre-les-batteries-lithium-ion-recyclables\/"},"wordCount":513,"publisher":{"@id":"https:\/\/www.electrosuisse.ch\/fr\/#organization"},"keywords":["Produktion und Dienstleistung FR"],"articleSection":["Non classifi\u00e9(e)"],"inLanguage":"fr-FR"},{"@type":"WebPage","@id":"https:\/\/www.electrosuisse.ch\/fr\/rendre-les-batteries-lithium-ion-recyclables\/","url":"https:\/\/www.electrosuisse.ch\/fr\/rendre-les-batteries-lithium-ion-recyclables\/","name":"Rendre les batteries lithium-ion recyclables - Electrosuisse","isPartOf":{"@id":"https:\/\/www.electrosuisse.ch\/fr\/#website"},"datePublished":"2023-01-12T09:00:27+00:00","dateModified":"2023-05-05T14:22:59+00:00","inLanguage":"fr-FR","potentialAction":[{"@type":"ReadAction","target":["https:\/\/www.electrosuisse.ch\/fr\/rendre-les-batteries-lithium-ion-recyclables\/"]}]},{"@type":"WebSite","@id":"https:\/\/www.electrosuisse.ch\/fr\/#website","url":"https:\/\/www.electrosuisse.ch\/fr\/","name":"Electrosuisse","description":"","publisher":{"@id":"https:\/\/www.electrosuisse.ch\/fr\/#organization"},"potentialAction":[{"@type":"SearchAction","target":{"@type":"EntryPoint","urlTemplate":"https:\/\/www.electrosuisse.ch\/fr\/?s={search_term_string}"},"query-input":{"@type":"PropertyValueSpecification","valueRequired":true,"valueName":"search_term_string"}}],"inLanguage":"fr-FR"},{"@type":"Organization","@id":"https:\/\/www.electrosuisse.ch\/fr\/#organization","name":"Electrosuisse","url":"https:\/\/www.electrosuisse.ch\/fr\/","logo":{"@type":"ImageObject","inLanguage":"fr-FR","@id":"https:\/\/www.electrosuisse.ch\/fr\/#\/schema\/logo\/image\/","url":"https:\/\/www.electrosuisse.ch\/wp-content\/uploads\/2025\/04\/Electrosuisse_Logo_696x696.png","contentUrl":"https:\/\/www.electrosuisse.ch\/wp-content\/uploads\/2025\/04\/Electrosuisse_Logo_696x696.png","width":696,"height":696,"caption":"Electrosuisse"},"image":{"@id":"https:\/\/www.electrosuisse.ch\/fr\/#\/schema\/logo\/image\/"},"sameAs":["https:\/\/www.linkedin.com\/company\/electrosuisse-ag\/posts\/?feedView=all","https:\/\/www.instagram.com\/electrosuisse1889\/","https:\/\/www.youtube.com\/channel\/UCoOxohMiVE0Gjcdis1L09zw"],"description":"Electrosuisse ist eine anerkannte und unabh\u00e4ngige Fachorganisation, die erstklassige Dienstleistungen und Produkte in den Bereichen Inspektion, Beratung, Pr\u00fcfung, Zertifizierung, Normung und Weiterbildung anbietet. Unsere Expertise umfasst Elektrotechnik, Elektromobilit\u00e4t, Energieberatung, Geb\u00e4udeautomation und Photovoltaik in der Schweiz. Durch die Veranstaltung etablierter Branchen-Events und Fachtagungen f\u00f6rdert Electrosuisse den Wissenstransfer und den fachlichen Austausch. Im Mittelpunkt unserer T\u00e4tigkeiten steht die F\u00f6rderung der sicheren, wirtschaftlichen und umweltgerechten Anwendung der Elektrotechnik."},{"@type":"Person","@id":"https:\/\/www.electrosuisse.ch\/fr\/#\/schema\/person\/8770e16f2c82936b086c9d1c1c004c08","name":"Nalini Schempp","image":{"@type":"ImageObject","inLanguage":"fr-FR","@id":"https:\/\/www.electrosuisse.ch\/fr\/#\/schema\/person\/image\/","url":"https:\/\/secure.gravatar.com\/avatar\/f2e8b75d6e8fb1fd661220d625f7823d02404773b42d5decd9a0b3dd5a2a1fe6?s=96&d=mm&r=g","contentUrl":"https:\/\/secure.gravatar.com\/avatar\/f2e8b75d6e8fb1fd661220d625f7823d02404773b42d5decd9a0b3dd5a2a1fe6?s=96&d=mm&r=g","caption":"Nalini Schempp"}}]}},"amp_enabled":true,"_links":{"self":[{"href":"https:\/\/www.electrosuisse.ch\/fr\/wp-json\/wp\/v2\/posts\/30759","targetHints":{"allow":["GET"]}}],"collection":[{"href":"https:\/\/www.electrosuisse.ch\/fr\/wp-json\/wp\/v2\/posts"}],"about":[{"href":"https:\/\/www.electrosuisse.ch\/fr\/wp-json\/wp\/v2\/types\/post"}],"author":[{"embeddable":true,"href":"https:\/\/www.electrosuisse.ch\/fr\/wp-json\/wp\/v2\/users\/20"}],"replies":[{"embeddable":true,"href":"https:\/\/www.electrosuisse.ch\/fr\/wp-json\/wp\/v2\/comments?post=30759"}],"version-history":[{"count":2,"href":"https:\/\/www.electrosuisse.ch\/fr\/wp-json\/wp\/v2\/posts\/30759\/revisions"}],"predecessor-version":[{"id":30761,"href":"https:\/\/www.electrosuisse.ch\/fr\/wp-json\/wp\/v2\/posts\/30759\/revisions\/30761"}],"wp:attachment":[{"href":"https:\/\/www.electrosuisse.ch\/fr\/wp-json\/wp\/v2\/media?parent=30759"}],"wp:term":[{"taxonomy":"category","embeddable":true,"href":"https:\/\/www.electrosuisse.ch\/fr\/wp-json\/wp\/v2\/categories?post=30759"},{"taxonomy":"post_tag","embeddable":true,"href":"https:\/\/www.electrosuisse.ch\/fr\/wp-json\/wp\/v2\/tags?post=30759"}],"curies":[{"name":"wp","href":"https:\/\/api.w.org\/{rel}","templated":true}]}}