{"id":25377,"date":"2022-06-22T10:00:37","date_gmt":"2022-06-22T08:00:37","guid":{"rendered":"https:\/\/www.electrosuisse.ch\/?p=25377"},"modified":"2022-12-01T13:47:56","modified_gmt":"2022-12-01T12:47:56","slug":"mise-en-service-de-nant-de-drance","status":"publish","type":"post","link":"https:\/\/www.electrosuisse.ch\/fr\/mise-en-service-de-nant-de-drance\/","title":{"rendered":"Mise en service de Nant de Drance"},"content":{"rendered":"<div class=\"wpb-content-wrapper\"><p>[vc_row][vc_column][vc_column_text]<strong>Apr\u00e8s 14 ans de travail ponctu\u00e9s de phases de test intensives, la centrale de pompage-turbinage de Nant de Drance en Valais entrera en service le 1er juillet 2022. Avec ses 6 groupes de machines extr\u00eamement flexibles et une puissance de 900 MW, Nant de Drance joue un r\u00f4le essentiel dans la stabilisation du r\u00e9seau \u00e9lectrique en Suisse et en Europe. Elle contribue \u00e0 la s\u00e9curit\u00e9 de l&#8217;approvisionnement en \u00e9lectricit\u00e9 en Suisse.<\/strong><\/p>\n<p>Situ\u00e9e \u00e0 600 m sous terre dans une caverne entre les lacs d&#8217;accumulation d&#8217;Emosson et de Vieux Emosson dans la commune de Finhaut en Valais, la centrale poss\u00e8de 6 turbines-pompes d&#8217;une puissance de 150 MW chacune. Gr\u00e2ce \u00e0 leur flexibilit\u00e9, les groupes de machines peuvent passer en moins de 5 minutes du pompage \u00e0 pleine puissance au turbinage \u00e0 pleine puissance ; c&#8217;est-\u00e0-dire de -900 MW \u00e0 +900 MW. Le volume d&#8217;eau turbin\u00e9 par Nant de Drance est de 360 m3\/s, soit \u00e0 peu pr\u00e8s le d\u00e9bit du Rh\u00f4ne \u00e0 Gen\u00e8ve en \u00e9t\u00e9. Le lac sup\u00e9rieur du Vieux Emosson stocke \u00e0 lui seul 25 millions de m3 d&#8217;eau, ce qui correspond \u00e0 une capacit\u00e9 de stockage de 20 millions de kWh. Gr\u00e2ce \u00e0 ces caract\u00e9ristiques, Nant de Drance joue un r\u00f4le fondamental dans la stabilisation du r\u00e9seau \u00e9lectrique.<\/p>\n<p>Face \u00e0 l&#8217;augmentation des \u00e9nergies renouvelables telles que l&#8217;\u00e9olien et le photovolta\u00efque, dont la production est irr\u00e9guli\u00e8re, une telle flexibilit\u00e9 est n\u00e9cessaire pour compenser les fluctuations du r\u00e9seau \u00e9lectrique et maintenir \u00e0 tout moment un \u00e9quilibre entre la production et la consommation d&#8217;\u00e9lectricit\u00e9. Nant de Drance fonctionne comme une gigantesque batterie qui stocke \u00e9galement \u00e0 court terme l&#8217;\u00e9lectricit\u00e9 exc\u00e9dentaire du r\u00e9seau ou produit l&#8217;\u00e9nergie n\u00e9cessaire lorsque la demande est sup\u00e9rieure \u00e0 la production.<\/p>\n<h3>Une usine qui r\u00e9unit des technologues de pointe et un savoir-faire charg\u00e9 d&#8217;histoire<\/h3>\n<p>La construction de la centrale de pompage-turbinage de Nant de Drance a repr\u00e9sent\u00e9 un effort exceptionnel. Tout comme les grands barrages du milieu du si\u00e8cle dernier, ce chantier a n\u00e9cessit\u00e9 une activation coordonn\u00e9e de ressources humaines, financi\u00e8res et techniques exceptionnelles. Jusqu&#8217;\u00e0 650 ouvriers et une soixantaine d&#8217;entreprises ont travaill\u00e9, au plus fort des travaux, \u00e0 la r\u00e9alisation de cette centrale dont le co\u00fbt s&#8217;est \u00e9lev\u00e9 \u00e0 environ 2 milliards de CHF. La caverne souterraine des machines, d&#8217;une longueur de 194 m, d&#8217;une hauteur de 52 m et d&#8217;une largeur de 32 m, a n\u00e9cessit\u00e9 l&#8217;extraction de 400 000 m3 de roche et la construction de galeries d&#8217;une longueur de 17 km. Le barrage du Vieux Emosson, situ\u00e9 \u00e0 2200 m\u00e8tres d&#8217;altitude, a \u00e9t\u00e9 rehauss\u00e9 de 21,5 m\u00e8tres afin de doubler la capacit\u00e9 du lac d&#8217;accumulation et d&#8217;offrir une capacit\u00e9 de stockage ad\u00e9quate pour l&#8217;installation.<\/p>\n<h3>Un impact environnemental \u00e9quilibr\u00e9<\/h3>\n<p>Afin de minimiser son impact sur l&#8217;environnement, Nant de Drance a travaill\u00e9 en \u00e9troite collaboration avec les organisations environnementales d\u00e8s le d\u00e9but des travaux. Quatorze projets ont \u00e9t\u00e9 mis en \u0153uvre pour un co\u00fbt total de 22 millions de CHF. Ils visent \u00e0 compenser l&#8217;impact sur l&#8217;environnement de la construction de la centrale de pompage-turbinage et de la ligne \u00e0 tr\u00e8s haute tension qui relie l&#8217;usine au r\u00e9seau \u00e9lectrique.La plupart des mesures visent \u00e0 faire revivre certains biotopes au niveau r\u00e9gional, notamment les biotopes humides. Cela devrait permettre \u00e0 ces lieux d&#8217;\u00eatre recolonis\u00e9s par des esp\u00e8ces animales et v\u00e9g\u00e9tales rares ou menac\u00e9es d&#8217;extinction en Suisse.<\/p>\n<p>Le grand public est invit\u00e9 \u00e0 d\u00e9couvrir la centrale lors des journ\u00e9es portes ouvertes &#8211; les 10 et 11 septembre 2022.<\/p>\n<p>Pour plus d&#8217;informations sur Nant de Drance, consultez le site <a href=\"https:\/\/www.nant-de-drance.ch\/\" target=\"_blank\" rel=\"noopener\">www.nant-de-drance.ch<\/a>.[\/vc_column_text][\/vc_column][\/vc_row]<\/p>\n<\/div>","protected":false},"excerpt":{"rendered":"<p>[vc_row][vc_column][vc_column_text]Apr\u00e8s 14 ans de travail ponctu\u00e9s de phases de test intensives, la centrale de pompage-turbinage de Nant de Drance en Valais entrera en service le 1er juillet 2022. Avec ses 6 groupes de machines extr\u00eamement flexibles et une puissance de 900 MW, Nant de Drance joue un r\u00f4le essentiel dans la stabilisation du r\u00e9seau \u00e9lectrique [&hellip;]<\/p>\n","protected":false},"author":20,"featured_media":0,"comment_status":"closed","ping_status":"closed","sticky":false,"template":"","format":"standard","meta":{"_acf_changed":false,"_monsterinsights_skip_tracking":false,"_monsterinsights_sitenote_active":false,"_monsterinsights_sitenote_note":"","_monsterinsights_sitenote_category":0,"footnotes":""},"categories":[44],"tags":[244],"class_list":["post-25377","post","type-post","status-publish","format-standard","hentry","category-non-classifie","tag-energie-et-reseaux"],"acf":[],"yoast_head":"<!-- This site is optimized with the Yoast SEO Premium plugin v26.4 (Yoast SEO v27.0) - https:\/\/yoast.com\/product\/yoast-seo-premium-wordpress\/ -->\n<title>Mise en service de Nant de Drance - Electrosuisse<\/title>\n<meta name=\"robots\" content=\"index, follow, max-snippet:-1, max-image-preview:large, max-video-preview:-1\" \/>\n<link rel=\"canonical\" href=\"https:\/\/www.electrosuisse.ch\/fr\/mise-en-service-de-nant-de-drance\/\" \/>\n<meta property=\"og:locale\" content=\"fr_FR\" \/>\n<meta property=\"og:type\" content=\"article\" \/>\n<meta property=\"og:title\" content=\"Mise en service de Nant de Drance - Electrosuisse\" \/>\n<meta property=\"og:description\" content=\"[vc_row][vc_column][vc_column_text]Apr\u00e8s 14 ans de travail ponctu\u00e9s de phases de test intensives, la centrale de pompage-turbinage de Nant de Drance en Valais entrera en service le 1er juillet 2022. Avec ses 6 groupes de machines extr\u00eamement flexibles et une puissance de 900 MW, Nant de Drance joue un r\u00f4le essentiel dans la stabilisation du r\u00e9seau \u00e9lectrique [&hellip;]\" \/>\n<meta property=\"og:url\" content=\"https:\/\/www.electrosuisse.ch\/fr\/mise-en-service-de-nant-de-drance\/\" \/>\n<meta property=\"og:site_name\" content=\"Electrosuisse\" \/>\n<meta property=\"article:published_time\" content=\"2022-06-22T08:00:37+00:00\" \/>\n<meta property=\"article:modified_time\" content=\"2022-12-01T12:47:56+00:00\" \/>\n<meta property=\"og:image\" content=\"https:\/\/www.electrosuisse.ch\/wp-content\/uploads\/2022\/11\/Nant-de-Drance_1660x470.jpg\" \/>\n\t<meta property=\"og:image:width\" content=\"1200\" \/>\n\t<meta property=\"og:image:height\" content=\"675\" \/>\n\t<meta property=\"og:image:type\" content=\"image\/png\" \/>\n<meta name=\"author\" content=\"Nalini Schempp\" \/>\n<script type=\"application\/ld+json\" class=\"yoast-schema-graph\">{\"@context\":\"https:\/\/schema.org\",\"@graph\":[{\"@type\":\"Article\",\"@id\":\"https:\/\/www.electrosuisse.ch\/fr\/mise-en-service-de-nant-de-drance\/#article\",\"isPartOf\":{\"@id\":\"https:\/\/www.electrosuisse.ch\/fr\/mise-en-service-de-nant-de-drance\/\"},\"author\":{\"name\":\"Nalini Schempp\",\"@id\":\"https:\/\/www.electrosuisse.ch\/fr\/#\/schema\/person\/8770e16f2c82936b086c9d1c1c004c08\"},\"headline\":\"Mise en service de Nant de Drance\",\"datePublished\":\"2022-06-22T08:00:37+00:00\",\"dateModified\":\"2022-12-01T12:47:56+00:00\",\"mainEntityOfPage\":{\"@id\":\"https:\/\/www.electrosuisse.ch\/fr\/mise-en-service-de-nant-de-drance\/\"},\"wordCount\":639,\"publisher\":{\"@id\":\"https:\/\/www.electrosuisse.ch\/fr\/#organization\"},\"keywords\":[\"Energieversorgung FR\"],\"articleSection\":[\"Non classifi\u00e9(e)\"],\"inLanguage\":\"fr-FR\"},{\"@type\":\"WebPage\",\"@id\":\"https:\/\/www.electrosuisse.ch\/fr\/mise-en-service-de-nant-de-drance\/\",\"url\":\"https:\/\/www.electrosuisse.ch\/fr\/mise-en-service-de-nant-de-drance\/\",\"name\":\"Mise en service de Nant de Drance - Electrosuisse\",\"isPartOf\":{\"@id\":\"https:\/\/www.electrosuisse.ch\/fr\/#website\"},\"datePublished\":\"2022-06-22T08:00:37+00:00\",\"dateModified\":\"2022-12-01T12:47:56+00:00\",\"inLanguage\":\"fr-FR\",\"potentialAction\":[{\"@type\":\"ReadAction\",\"target\":[\"https:\/\/www.electrosuisse.ch\/fr\/mise-en-service-de-nant-de-drance\/\"]}]},{\"@type\":\"WebSite\",\"@id\":\"https:\/\/www.electrosuisse.ch\/fr\/#website\",\"url\":\"https:\/\/www.electrosuisse.ch\/fr\/\",\"name\":\"Electrosuisse\",\"description\":\"\",\"publisher\":{\"@id\":\"https:\/\/www.electrosuisse.ch\/fr\/#organization\"},\"potentialAction\":[{\"@type\":\"SearchAction\",\"target\":{\"@type\":\"EntryPoint\",\"urlTemplate\":\"https:\/\/www.electrosuisse.ch\/fr\/?s={search_term_string}\"},\"query-input\":{\"@type\":\"PropertyValueSpecification\",\"valueRequired\":true,\"valueName\":\"search_term_string\"}}],\"inLanguage\":\"fr-FR\"},{\"@type\":\"Organization\",\"@id\":\"https:\/\/www.electrosuisse.ch\/fr\/#organization\",\"name\":\"Electrosuisse\",\"url\":\"https:\/\/www.electrosuisse.ch\/fr\/\",\"logo\":{\"@type\":\"ImageObject\",\"inLanguage\":\"fr-FR\",\"@id\":\"https:\/\/www.electrosuisse.ch\/fr\/#\/schema\/logo\/image\/\",\"url\":\"https:\/\/www.electrosuisse.ch\/wp-content\/uploads\/2025\/04\/Electrosuisse_Logo_696x696.png\",\"contentUrl\":\"https:\/\/www.electrosuisse.ch\/wp-content\/uploads\/2025\/04\/Electrosuisse_Logo_696x696.png\",\"width\":696,\"height\":696,\"caption\":\"Electrosuisse\"},\"image\":{\"@id\":\"https:\/\/www.electrosuisse.ch\/fr\/#\/schema\/logo\/image\/\"},\"sameAs\":[\"https:\/\/www.linkedin.com\/company\/electrosuisse-ag\/posts\/?feedView=all\",\"https:\/\/www.instagram.com\/electrosuisse1889\/\",\"https:\/\/www.youtube.com\/channel\/UCoOxohMiVE0Gjcdis1L09zw\"],\"description\":\"Electrosuisse ist eine anerkannte und unabh\u00e4ngige Fachorganisation, die erstklassige Dienstleistungen und Produkte in den Bereichen Inspektion, Beratung, Pr\u00fcfung, Zertifizierung, Normung und Weiterbildung anbietet. Unsere Expertise umfasst Elektrotechnik, Elektromobilit\u00e4t, Energieberatung, Geb\u00e4udeautomation und Photovoltaik in der Schweiz. Durch die Veranstaltung etablierter Branchen-Events und Fachtagungen f\u00f6rdert Electrosuisse den Wissenstransfer und den fachlichen Austausch. Im Mittelpunkt unserer T\u00e4tigkeiten steht die F\u00f6rderung der sicheren, wirtschaftlichen und umweltgerechten Anwendung der Elektrotechnik.\"},{\"@type\":\"Person\",\"@id\":\"https:\/\/www.electrosuisse.ch\/fr\/#\/schema\/person\/8770e16f2c82936b086c9d1c1c004c08\",\"name\":\"Nalini Schempp\",\"image\":{\"@type\":\"ImageObject\",\"inLanguage\":\"fr-FR\",\"@id\":\"https:\/\/www.electrosuisse.ch\/fr\/#\/schema\/person\/image\/\",\"url\":\"https:\/\/secure.gravatar.com\/avatar\/f2e8b75d6e8fb1fd661220d625f7823d02404773b42d5decd9a0b3dd5a2a1fe6?s=96&d=mm&r=g\",\"contentUrl\":\"https:\/\/secure.gravatar.com\/avatar\/f2e8b75d6e8fb1fd661220d625f7823d02404773b42d5decd9a0b3dd5a2a1fe6?s=96&d=mm&r=g\",\"caption\":\"Nalini Schempp\"}}]}<\/script>\n<!-- \/ Yoast SEO Premium plugin. -->","yoast_head_json":{"title":"Mise en service de Nant de Drance - Electrosuisse","robots":{"index":"index","follow":"follow","max-snippet":"max-snippet:-1","max-image-preview":"max-image-preview:large","max-video-preview":"max-video-preview:-1"},"canonical":"https:\/\/www.electrosuisse.ch\/fr\/mise-en-service-de-nant-de-drance\/","og_locale":"fr_FR","og_type":"article","og_title":"Mise en service de Nant de Drance - Electrosuisse","og_description":"[vc_row][vc_column][vc_column_text]Apr\u00e8s 14 ans de travail ponctu\u00e9s de phases de test intensives, la centrale de pompage-turbinage de Nant de Drance en Valais entrera en service le 1er juillet 2022. Avec ses 6 groupes de machines extr\u00eamement flexibles et une puissance de 900 MW, Nant de Drance joue un r\u00f4le essentiel dans la stabilisation du r\u00e9seau \u00e9lectrique [&hellip;]","og_url":"https:\/\/www.electrosuisse.ch\/fr\/mise-en-service-de-nant-de-drance\/","og_site_name":"Electrosuisse","article_published_time":"2022-06-22T08:00:37+00:00","article_modified_time":"2022-12-01T12:47:56+00:00","og_image":[{"width":1200,"height":675,"url":"https:\/\/www.electrosuisse.ch\/wp-content\/uploads\/2022\/11\/Nant-de-Drance_1660x470.jpg","type":"image\/png"}],"author":"Nalini Schempp","schema":{"@context":"https:\/\/schema.org","@graph":[{"@type":"Article","@id":"https:\/\/www.electrosuisse.ch\/fr\/mise-en-service-de-nant-de-drance\/#article","isPartOf":{"@id":"https:\/\/www.electrosuisse.ch\/fr\/mise-en-service-de-nant-de-drance\/"},"author":{"name":"Nalini Schempp","@id":"https:\/\/www.electrosuisse.ch\/fr\/#\/schema\/person\/8770e16f2c82936b086c9d1c1c004c08"},"headline":"Mise en service de Nant de Drance","datePublished":"2022-06-22T08:00:37+00:00","dateModified":"2022-12-01T12:47:56+00:00","mainEntityOfPage":{"@id":"https:\/\/www.electrosuisse.ch\/fr\/mise-en-service-de-nant-de-drance\/"},"wordCount":639,"publisher":{"@id":"https:\/\/www.electrosuisse.ch\/fr\/#organization"},"keywords":["Energieversorgung FR"],"articleSection":["Non classifi\u00e9(e)"],"inLanguage":"fr-FR"},{"@type":"WebPage","@id":"https:\/\/www.electrosuisse.ch\/fr\/mise-en-service-de-nant-de-drance\/","url":"https:\/\/www.electrosuisse.ch\/fr\/mise-en-service-de-nant-de-drance\/","name":"Mise en service de Nant de Drance - Electrosuisse","isPartOf":{"@id":"https:\/\/www.electrosuisse.ch\/fr\/#website"},"datePublished":"2022-06-22T08:00:37+00:00","dateModified":"2022-12-01T12:47:56+00:00","inLanguage":"fr-FR","potentialAction":[{"@type":"ReadAction","target":["https:\/\/www.electrosuisse.ch\/fr\/mise-en-service-de-nant-de-drance\/"]}]},{"@type":"WebSite","@id":"https:\/\/www.electrosuisse.ch\/fr\/#website","url":"https:\/\/www.electrosuisse.ch\/fr\/","name":"Electrosuisse","description":"","publisher":{"@id":"https:\/\/www.electrosuisse.ch\/fr\/#organization"},"potentialAction":[{"@type":"SearchAction","target":{"@type":"EntryPoint","urlTemplate":"https:\/\/www.electrosuisse.ch\/fr\/?s={search_term_string}"},"query-input":{"@type":"PropertyValueSpecification","valueRequired":true,"valueName":"search_term_string"}}],"inLanguage":"fr-FR"},{"@type":"Organization","@id":"https:\/\/www.electrosuisse.ch\/fr\/#organization","name":"Electrosuisse","url":"https:\/\/www.electrosuisse.ch\/fr\/","logo":{"@type":"ImageObject","inLanguage":"fr-FR","@id":"https:\/\/www.electrosuisse.ch\/fr\/#\/schema\/logo\/image\/","url":"https:\/\/www.electrosuisse.ch\/wp-content\/uploads\/2025\/04\/Electrosuisse_Logo_696x696.png","contentUrl":"https:\/\/www.electrosuisse.ch\/wp-content\/uploads\/2025\/04\/Electrosuisse_Logo_696x696.png","width":696,"height":696,"caption":"Electrosuisse"},"image":{"@id":"https:\/\/www.electrosuisse.ch\/fr\/#\/schema\/logo\/image\/"},"sameAs":["https:\/\/www.linkedin.com\/company\/electrosuisse-ag\/posts\/?feedView=all","https:\/\/www.instagram.com\/electrosuisse1889\/","https:\/\/www.youtube.com\/channel\/UCoOxohMiVE0Gjcdis1L09zw"],"description":"Electrosuisse ist eine anerkannte und unabh\u00e4ngige Fachorganisation, die erstklassige Dienstleistungen und Produkte in den Bereichen Inspektion, Beratung, Pr\u00fcfung, Zertifizierung, Normung und Weiterbildung anbietet. Unsere Expertise umfasst Elektrotechnik, Elektromobilit\u00e4t, Energieberatung, Geb\u00e4udeautomation und Photovoltaik in der Schweiz. Durch die Veranstaltung etablierter Branchen-Events und Fachtagungen f\u00f6rdert Electrosuisse den Wissenstransfer und den fachlichen Austausch. Im Mittelpunkt unserer T\u00e4tigkeiten steht die F\u00f6rderung der sicheren, wirtschaftlichen und umweltgerechten Anwendung der Elektrotechnik."},{"@type":"Person","@id":"https:\/\/www.electrosuisse.ch\/fr\/#\/schema\/person\/8770e16f2c82936b086c9d1c1c004c08","name":"Nalini Schempp","image":{"@type":"ImageObject","inLanguage":"fr-FR","@id":"https:\/\/www.electrosuisse.ch\/fr\/#\/schema\/person\/image\/","url":"https:\/\/secure.gravatar.com\/avatar\/f2e8b75d6e8fb1fd661220d625f7823d02404773b42d5decd9a0b3dd5a2a1fe6?s=96&d=mm&r=g","contentUrl":"https:\/\/secure.gravatar.com\/avatar\/f2e8b75d6e8fb1fd661220d625f7823d02404773b42d5decd9a0b3dd5a2a1fe6?s=96&d=mm&r=g","caption":"Nalini Schempp"}}]}},"amp_enabled":true,"_links":{"self":[{"href":"https:\/\/www.electrosuisse.ch\/fr\/wp-json\/wp\/v2\/posts\/25377","targetHints":{"allow":["GET"]}}],"collection":[{"href":"https:\/\/www.electrosuisse.ch\/fr\/wp-json\/wp\/v2\/posts"}],"about":[{"href":"https:\/\/www.electrosuisse.ch\/fr\/wp-json\/wp\/v2\/types\/post"}],"author":[{"embeddable":true,"href":"https:\/\/www.electrosuisse.ch\/fr\/wp-json\/wp\/v2\/users\/20"}],"replies":[{"embeddable":true,"href":"https:\/\/www.electrosuisse.ch\/fr\/wp-json\/wp\/v2\/comments?post=25377"}],"version-history":[{"count":0,"href":"https:\/\/www.electrosuisse.ch\/fr\/wp-json\/wp\/v2\/posts\/25377\/revisions"}],"wp:attachment":[{"href":"https:\/\/www.electrosuisse.ch\/fr\/wp-json\/wp\/v2\/media?parent=25377"}],"wp:term":[{"taxonomy":"category","embeddable":true,"href":"https:\/\/www.electrosuisse.ch\/fr\/wp-json\/wp\/v2\/categories?post=25377"},{"taxonomy":"post_tag","embeddable":true,"href":"https:\/\/www.electrosuisse.ch\/fr\/wp-json\/wp\/v2\/tags?post=25377"}],"curies":[{"name":"wp","href":"https:\/\/api.w.org\/{rel}","templated":true}]}}