{"id":23132,"date":"2022-06-03T10:50:46","date_gmt":"2022-06-03T08:50:46","guid":{"rendered":"https:\/\/www.electrosuisse.ch\/?p=23132"},"modified":"2022-12-01T16:05:43","modified_gmt":"2022-12-01T15:05:43","slug":"fred-se-rapprocher-de-lobjectif-climatique","status":"publish","type":"post","link":"https:\/\/www.electrosuisse.ch\/fr\/fred-se-rapprocher-de-lobjectif-climatique\/","title":{"rendered":"FRED: Se rapprocher de l\u2019objectif climatique"},"content":{"rendered":"<div class=\"wpb-content-wrapper\"><p>[vc_row][vc_column][vc_column_text]Outre les aspects transversaux abord\u00e9s tels que la Strat\u00e9gie \u00e9nerg\u00e9tique 2050 et les normes, la pollution lumineuse et les \u00e9conomies d&#8217;\u00e9nergie ont constitu\u00e9 les th\u00e8mes-cl\u00e9s de cette conf\u00e9rence, qui s&#8217;adressait principalement aux ing\u00e9nieurs, aux planificateurs et aux installateurs-\u00e9lectriciens. Les 23 stands ont, de plus, permis aux personnes int\u00e9ress\u00e9es, venues en nombre, de se faire une id\u00e9e des syst\u00e8mes et produits existants et \u00e0 venir.<\/p>\n<p>Une conf\u00e9rence qui, une fois de plus, a \u00e9t\u00e9 une belle occasion d&#8217;\u00e9changer entre experts \u00e0 propos de projets innovants.<\/p>\n<p>Lisez la r\u00e9trospective sur la th\u00e9matique ainsi que l&#8217;aper\u00e7u des expos\u00e9s int\u00e9ressants sur <a href=\"https:\/\/www.bulletin.ch\/fr\/news-detail\/se-rapprocher-de-lobjectif-climatique.html\" target=\"_blank\" rel=\"noopener\">bulletin.ch<\/a>.<\/p>\n<p>Le prochain <a href=\"https:\/\/www.electrosuisse.ch\/de\/tagung\/fred\/\">FRED<\/a> aura lieu le 7 juin 2023 au Palais de Beaulieu \u00e0 Lausanne.<\/p>\n<p>En outre, la conf\u00e9rence en langue allemande <strong>Forum <a href=\"https:\/\/www.smarthome-swisslighting.ch\/\" target=\"_blank\" rel=\"noopener\">\u00abSmart Home \/ Swiss Lighting \/ Tageslicht-Symposium\u00bb<\/a><\/strong> aura lieu le 15 juin 2022 \u00e0 B\u00e2le, \u00e0 laquelle nous encourageons toutes les personnes int\u00e9ress\u00e9es ma\u00eetrisant la langue allemande \u00e0 participer. La conf\u00e9rence couvrira trois \u00e9v\u00e9nements et trois secteurs sous un m\u00eame toit. Rendez-vous le 15 juin 2022 au Congress Center de B\u00e2le pour assister au plus grand \u00e9v\u00e9nement de Suisse dans le domaine du Smart Home et de l&#8217;\u00e9clairage.<\/p>\n<p>L&#8217;avenir sera \u00e9galement au rendez-vous le 22 juin \u00e0 Aarau lors de la manifestation sp\u00e9cialis\u00e9e <strong><a href=\"https:\/\/www.electrosuisse.ch\/de\/tagung\/energiezukunft\/\">\u00abEnergiezukunft\u00bb<\/a><\/strong>, qui se penchera sur l&#8217;\u00e9volution des syst\u00e8mes \u00e9nerg\u00e9tiques et des sp\u00e9cialistes. La manifestation s&#8217;adresse aux fournisseurs d&#8217;\u00e9nergie, aux prestataires de services \u00e9nerg\u00e9tiques, aux planificateurs, aux \u00e9lectriciens d&#8217;entreprise, aux architectes, aux repr\u00e9sentants des communes, et \u00e0 toutes personnes int\u00e9ress\u00e9es \u00e0 notre plan\u00e8te.[\/vc_column_text][\/vc_column][\/vc_row]<\/p>\n<\/div>","protected":false},"excerpt":{"rendered":"<p>[vc_row][vc_column][vc_column_text]Outre les aspects transversaux abord\u00e9s tels que la Strat\u00e9gie \u00e9nerg\u00e9tique 2050 et les normes, la pollution lumineuse et les \u00e9conomies d&#8217;\u00e9nergie ont constitu\u00e9 les th\u00e8mes-cl\u00e9s de cette conf\u00e9rence, qui s&#8217;adressait principalement aux ing\u00e9nieurs, aux planificateurs et aux installateurs-\u00e9lectriciens. Les 23 stands ont, de plus, permis aux personnes int\u00e9ress\u00e9es, venues en nombre, de se faire une [&hellip;]<\/p>\n","protected":false},"author":6,"featured_media":0,"comment_status":"closed","ping_status":"closed","sticky":false,"template":"","format":"standard","meta":{"_acf_changed":false,"_monsterinsights_skip_tracking":false,"_monsterinsights_sitenote_active":false,"_monsterinsights_sitenote_note":"","_monsterinsights_sitenote_category":0,"footnotes":""},"categories":[44],"tags":[248],"class_list":["post-23132","post","type-post","status-publish","format-standard","hentry","category-non-classifie","tag-technique-du-batiment"],"acf":[],"yoast_head":"<!-- This site is optimized with the Yoast SEO Premium plugin v26.4 (Yoast SEO v27.0) - https:\/\/yoast.com\/product\/yoast-seo-premium-wordpress\/ -->\n<title>FRED: Se rapprocher de l\u2019objectif climatique - Electrosuisse<\/title>\n<meta name=\"robots\" content=\"index, follow, max-snippet:-1, max-image-preview:large, max-video-preview:-1\" \/>\n<link rel=\"canonical\" href=\"https:\/\/www.electrosuisse.ch\/fr\/fred-se-rapprocher-de-lobjectif-climatique\/\" \/>\n<meta property=\"og:locale\" content=\"fr_FR\" \/>\n<meta property=\"og:type\" content=\"article\" \/>\n<meta property=\"og:title\" content=\"FRED: Se rapprocher de l\u2019objectif climatique - Electrosuisse\" \/>\n<meta property=\"og:description\" content=\"[vc_row][vc_column][vc_column_text]Outre les aspects transversaux abord\u00e9s tels que la Strat\u00e9gie \u00e9nerg\u00e9tique 2050 et les normes, la pollution lumineuse et les \u00e9conomies d&#8217;\u00e9nergie ont constitu\u00e9 les th\u00e8mes-cl\u00e9s de cette conf\u00e9rence, qui s&#8217;adressait principalement aux ing\u00e9nieurs, aux planificateurs et aux installateurs-\u00e9lectriciens. Les 23 stands ont, de plus, permis aux personnes int\u00e9ress\u00e9es, venues en nombre, de se faire une [&hellip;]\" \/>\n<meta property=\"og:url\" content=\"https:\/\/www.electrosuisse.ch\/fr\/fred-se-rapprocher-de-lobjectif-climatique\/\" \/>\n<meta property=\"og:site_name\" content=\"Electrosuisse\" \/>\n<meta property=\"article:published_time\" content=\"2022-06-03T08:50:46+00:00\" \/>\n<meta property=\"article:modified_time\" content=\"2022-12-01T15:05:43+00:00\" \/>\n<meta property=\"og:image\" content=\"https:\/\/www.electrosuisse.ch\/wp-content\/uploads\/2022\/06\/FRED_1660x470.jpg\" \/>\n\t<meta property=\"og:image:width\" content=\"1200\" \/>\n\t<meta property=\"og:image:height\" content=\"675\" \/>\n\t<meta property=\"og:image:type\" content=\"image\/png\" \/>\n<meta name=\"author\" content=\"Anita Serafini\" \/>\n<script type=\"application\/ld+json\" class=\"yoast-schema-graph\">{\"@context\":\"https:\/\/schema.org\",\"@graph\":[{\"@type\":\"Article\",\"@id\":\"https:\/\/www.electrosuisse.ch\/fr\/fred-se-rapprocher-de-lobjectif-climatique\/#article\",\"isPartOf\":{\"@id\":\"https:\/\/www.electrosuisse.ch\/fr\/fred-se-rapprocher-de-lobjectif-climatique\/\"},\"author\":{\"name\":\"Anita Serafini\",\"@id\":\"https:\/\/www.electrosuisse.ch\/fr\/#\/schema\/person\/0ef69aac34185528f3a6d17888410caf\"},\"headline\":\"FRED: Se rapprocher de l\u2019objectif climatique\",\"datePublished\":\"2022-06-03T08:50:46+00:00\",\"dateModified\":\"2022-12-01T15:05:43+00:00\",\"mainEntityOfPage\":{\"@id\":\"https:\/\/www.electrosuisse.ch\/fr\/fred-se-rapprocher-de-lobjectif-climatique\/\"},\"wordCount\":296,\"publisher\":{\"@id\":\"https:\/\/www.electrosuisse.ch\/fr\/#organization\"},\"keywords\":[\"Geb\u00e4udetechnik FR\"],\"articleSection\":[\"Non classifi\u00e9(e)\"],\"inLanguage\":\"fr-FR\"},{\"@type\":\"WebPage\",\"@id\":\"https:\/\/www.electrosuisse.ch\/fr\/fred-se-rapprocher-de-lobjectif-climatique\/\",\"url\":\"https:\/\/www.electrosuisse.ch\/fr\/fred-se-rapprocher-de-lobjectif-climatique\/\",\"name\":\"FRED: Se rapprocher de l\u2019objectif climatique - Electrosuisse\",\"isPartOf\":{\"@id\":\"https:\/\/www.electrosuisse.ch\/fr\/#website\"},\"datePublished\":\"2022-06-03T08:50:46+00:00\",\"dateModified\":\"2022-12-01T15:05:43+00:00\",\"inLanguage\":\"fr-FR\",\"potentialAction\":[{\"@type\":\"ReadAction\",\"target\":[\"https:\/\/www.electrosuisse.ch\/fr\/fred-se-rapprocher-de-lobjectif-climatique\/\"]}]},{\"@type\":\"WebSite\",\"@id\":\"https:\/\/www.electrosuisse.ch\/fr\/#website\",\"url\":\"https:\/\/www.electrosuisse.ch\/fr\/\",\"name\":\"Electrosuisse\",\"description\":\"\",\"publisher\":{\"@id\":\"https:\/\/www.electrosuisse.ch\/fr\/#organization\"},\"potentialAction\":[{\"@type\":\"SearchAction\",\"target\":{\"@type\":\"EntryPoint\",\"urlTemplate\":\"https:\/\/www.electrosuisse.ch\/fr\/?s={search_term_string}\"},\"query-input\":{\"@type\":\"PropertyValueSpecification\",\"valueRequired\":true,\"valueName\":\"search_term_string\"}}],\"inLanguage\":\"fr-FR\"},{\"@type\":\"Organization\",\"@id\":\"https:\/\/www.electrosuisse.ch\/fr\/#organization\",\"name\":\"Electrosuisse\",\"url\":\"https:\/\/www.electrosuisse.ch\/fr\/\",\"logo\":{\"@type\":\"ImageObject\",\"inLanguage\":\"fr-FR\",\"@id\":\"https:\/\/www.electrosuisse.ch\/fr\/#\/schema\/logo\/image\/\",\"url\":\"https:\/\/www.electrosuisse.ch\/wp-content\/uploads\/2025\/04\/Electrosuisse_Logo_696x696.png\",\"contentUrl\":\"https:\/\/www.electrosuisse.ch\/wp-content\/uploads\/2025\/04\/Electrosuisse_Logo_696x696.png\",\"width\":696,\"height\":696,\"caption\":\"Electrosuisse\"},\"image\":{\"@id\":\"https:\/\/www.electrosuisse.ch\/fr\/#\/schema\/logo\/image\/\"},\"sameAs\":[\"https:\/\/www.linkedin.com\/company\/electrosuisse-ag\/posts\/?feedView=all\",\"https:\/\/www.instagram.com\/electrosuisse1889\/\",\"https:\/\/www.youtube.com\/channel\/UCoOxohMiVE0Gjcdis1L09zw\"],\"description\":\"Electrosuisse ist eine anerkannte und unabh\u00e4ngige Fachorganisation, die erstklassige Dienstleistungen und Produkte in den Bereichen Inspektion, Beratung, Pr\u00fcfung, Zertifizierung, Normung und Weiterbildung anbietet. Unsere Expertise umfasst Elektrotechnik, Elektromobilit\u00e4t, Energieberatung, Geb\u00e4udeautomation und Photovoltaik in der Schweiz. Durch die Veranstaltung etablierter Branchen-Events und Fachtagungen f\u00f6rdert Electrosuisse den Wissenstransfer und den fachlichen Austausch. Im Mittelpunkt unserer T\u00e4tigkeiten steht die F\u00f6rderung der sicheren, wirtschaftlichen und umweltgerechten Anwendung der Elektrotechnik.\"},{\"@type\":\"Person\",\"@id\":\"https:\/\/www.electrosuisse.ch\/fr\/#\/schema\/person\/0ef69aac34185528f3a6d17888410caf\",\"name\":\"Anita Serafini\",\"image\":{\"@type\":\"ImageObject\",\"inLanguage\":\"fr-FR\",\"@id\":\"https:\/\/www.electrosuisse.ch\/fr\/#\/schema\/person\/image\/\",\"url\":\"https:\/\/secure.gravatar.com\/avatar\/1b7b417c5e262b4d5423cd3f96595e0b5e8bacff15771d8b388b51c84ed55a54?s=96&d=mm&r=g\",\"contentUrl\":\"https:\/\/secure.gravatar.com\/avatar\/1b7b417c5e262b4d5423cd3f96595e0b5e8bacff15771d8b388b51c84ed55a54?s=96&d=mm&r=g\",\"caption\":\"Anita Serafini\"}}]}<\/script>\n<!-- \/ Yoast SEO Premium plugin. -->","yoast_head_json":{"title":"FRED: Se rapprocher de l\u2019objectif climatique - Electrosuisse","robots":{"index":"index","follow":"follow","max-snippet":"max-snippet:-1","max-image-preview":"max-image-preview:large","max-video-preview":"max-video-preview:-1"},"canonical":"https:\/\/www.electrosuisse.ch\/fr\/fred-se-rapprocher-de-lobjectif-climatique\/","og_locale":"fr_FR","og_type":"article","og_title":"FRED: Se rapprocher de l\u2019objectif climatique - Electrosuisse","og_description":"[vc_row][vc_column][vc_column_text]Outre les aspects transversaux abord\u00e9s tels que la Strat\u00e9gie \u00e9nerg\u00e9tique 2050 et les normes, la pollution lumineuse et les \u00e9conomies d&#8217;\u00e9nergie ont constitu\u00e9 les th\u00e8mes-cl\u00e9s de cette conf\u00e9rence, qui s&#8217;adressait principalement aux ing\u00e9nieurs, aux planificateurs et aux installateurs-\u00e9lectriciens. Les 23 stands ont, de plus, permis aux personnes int\u00e9ress\u00e9es, venues en nombre, de se faire une [&hellip;]","og_url":"https:\/\/www.electrosuisse.ch\/fr\/fred-se-rapprocher-de-lobjectif-climatique\/","og_site_name":"Electrosuisse","article_published_time":"2022-06-03T08:50:46+00:00","article_modified_time":"2022-12-01T15:05:43+00:00","og_image":[{"width":1200,"height":675,"url":"https:\/\/www.electrosuisse.ch\/wp-content\/uploads\/2022\/06\/FRED_1660x470.jpg","type":"image\/png"}],"author":"Anita Serafini","schema":{"@context":"https:\/\/schema.org","@graph":[{"@type":"Article","@id":"https:\/\/www.electrosuisse.ch\/fr\/fred-se-rapprocher-de-lobjectif-climatique\/#article","isPartOf":{"@id":"https:\/\/www.electrosuisse.ch\/fr\/fred-se-rapprocher-de-lobjectif-climatique\/"},"author":{"name":"Anita Serafini","@id":"https:\/\/www.electrosuisse.ch\/fr\/#\/schema\/person\/0ef69aac34185528f3a6d17888410caf"},"headline":"FRED: Se rapprocher de l\u2019objectif climatique","datePublished":"2022-06-03T08:50:46+00:00","dateModified":"2022-12-01T15:05:43+00:00","mainEntityOfPage":{"@id":"https:\/\/www.electrosuisse.ch\/fr\/fred-se-rapprocher-de-lobjectif-climatique\/"},"wordCount":296,"publisher":{"@id":"https:\/\/www.electrosuisse.ch\/fr\/#organization"},"keywords":["Geb\u00e4udetechnik FR"],"articleSection":["Non classifi\u00e9(e)"],"inLanguage":"fr-FR"},{"@type":"WebPage","@id":"https:\/\/www.electrosuisse.ch\/fr\/fred-se-rapprocher-de-lobjectif-climatique\/","url":"https:\/\/www.electrosuisse.ch\/fr\/fred-se-rapprocher-de-lobjectif-climatique\/","name":"FRED: Se rapprocher de l\u2019objectif climatique - Electrosuisse","isPartOf":{"@id":"https:\/\/www.electrosuisse.ch\/fr\/#website"},"datePublished":"2022-06-03T08:50:46+00:00","dateModified":"2022-12-01T15:05:43+00:00","inLanguage":"fr-FR","potentialAction":[{"@type":"ReadAction","target":["https:\/\/www.electrosuisse.ch\/fr\/fred-se-rapprocher-de-lobjectif-climatique\/"]}]},{"@type":"WebSite","@id":"https:\/\/www.electrosuisse.ch\/fr\/#website","url":"https:\/\/www.electrosuisse.ch\/fr\/","name":"Electrosuisse","description":"","publisher":{"@id":"https:\/\/www.electrosuisse.ch\/fr\/#organization"},"potentialAction":[{"@type":"SearchAction","target":{"@type":"EntryPoint","urlTemplate":"https:\/\/www.electrosuisse.ch\/fr\/?s={search_term_string}"},"query-input":{"@type":"PropertyValueSpecification","valueRequired":true,"valueName":"search_term_string"}}],"inLanguage":"fr-FR"},{"@type":"Organization","@id":"https:\/\/www.electrosuisse.ch\/fr\/#organization","name":"Electrosuisse","url":"https:\/\/www.electrosuisse.ch\/fr\/","logo":{"@type":"ImageObject","inLanguage":"fr-FR","@id":"https:\/\/www.electrosuisse.ch\/fr\/#\/schema\/logo\/image\/","url":"https:\/\/www.electrosuisse.ch\/wp-content\/uploads\/2025\/04\/Electrosuisse_Logo_696x696.png","contentUrl":"https:\/\/www.electrosuisse.ch\/wp-content\/uploads\/2025\/04\/Electrosuisse_Logo_696x696.png","width":696,"height":696,"caption":"Electrosuisse"},"image":{"@id":"https:\/\/www.electrosuisse.ch\/fr\/#\/schema\/logo\/image\/"},"sameAs":["https:\/\/www.linkedin.com\/company\/electrosuisse-ag\/posts\/?feedView=all","https:\/\/www.instagram.com\/electrosuisse1889\/","https:\/\/www.youtube.com\/channel\/UCoOxohMiVE0Gjcdis1L09zw"],"description":"Electrosuisse ist eine anerkannte und unabh\u00e4ngige Fachorganisation, die erstklassige Dienstleistungen und Produkte in den Bereichen Inspektion, Beratung, Pr\u00fcfung, Zertifizierung, Normung und Weiterbildung anbietet. Unsere Expertise umfasst Elektrotechnik, Elektromobilit\u00e4t, Energieberatung, Geb\u00e4udeautomation und Photovoltaik in der Schweiz. Durch die Veranstaltung etablierter Branchen-Events und Fachtagungen f\u00f6rdert Electrosuisse den Wissenstransfer und den fachlichen Austausch. Im Mittelpunkt unserer T\u00e4tigkeiten steht die F\u00f6rderung der sicheren, wirtschaftlichen und umweltgerechten Anwendung der Elektrotechnik."},{"@type":"Person","@id":"https:\/\/www.electrosuisse.ch\/fr\/#\/schema\/person\/0ef69aac34185528f3a6d17888410caf","name":"Anita Serafini","image":{"@type":"ImageObject","inLanguage":"fr-FR","@id":"https:\/\/www.electrosuisse.ch\/fr\/#\/schema\/person\/image\/","url":"https:\/\/secure.gravatar.com\/avatar\/1b7b417c5e262b4d5423cd3f96595e0b5e8bacff15771d8b388b51c84ed55a54?s=96&d=mm&r=g","contentUrl":"https:\/\/secure.gravatar.com\/avatar\/1b7b417c5e262b4d5423cd3f96595e0b5e8bacff15771d8b388b51c84ed55a54?s=96&d=mm&r=g","caption":"Anita Serafini"}}]}},"amp_enabled":true,"_links":{"self":[{"href":"https:\/\/www.electrosuisse.ch\/fr\/wp-json\/wp\/v2\/posts\/23132","targetHints":{"allow":["GET"]}}],"collection":[{"href":"https:\/\/www.electrosuisse.ch\/fr\/wp-json\/wp\/v2\/posts"}],"about":[{"href":"https:\/\/www.electrosuisse.ch\/fr\/wp-json\/wp\/v2\/types\/post"}],"author":[{"embeddable":true,"href":"https:\/\/www.electrosuisse.ch\/fr\/wp-json\/wp\/v2\/users\/6"}],"replies":[{"embeddable":true,"href":"https:\/\/www.electrosuisse.ch\/fr\/wp-json\/wp\/v2\/comments?post=23132"}],"version-history":[{"count":0,"href":"https:\/\/www.electrosuisse.ch\/fr\/wp-json\/wp\/v2\/posts\/23132\/revisions"}],"wp:attachment":[{"href":"https:\/\/www.electrosuisse.ch\/fr\/wp-json\/wp\/v2\/media?parent=23132"}],"wp:term":[{"taxonomy":"category","embeddable":true,"href":"https:\/\/www.electrosuisse.ch\/fr\/wp-json\/wp\/v2\/categories?post=23132"},{"taxonomy":"post_tag","embeddable":true,"href":"https:\/\/www.electrosuisse.ch\/fr\/wp-json\/wp\/v2\/tags?post=23132"}],"curies":[{"name":"wp","href":"https:\/\/api.w.org\/{rel}","templated":true}]}}