{"id":20112,"date":"2021-12-15T08:28:52","date_gmt":"2021-12-15T07:28:52","guid":{"rendered":"https:\/\/www.electrosuisse.ch\/?p=20112"},"modified":"2022-11-25T14:24:52","modified_gmt":"2022-11-25T13:24:52","slug":"souverainete-technologique-vde-montre-de-nouvelles-voies","status":"publish","type":"post","link":"https:\/\/www.electrosuisse.ch\/fr\/souverainete-technologique-vde-montre-de-nouvelles-voies\/","title":{"rendered":"Souverainet\u00e9 technologique &#8211; VDE montre de nouvelles voies"},"content":{"rendered":"<div class=\"wpb-content-wrapper\"><p>[vc_row][vc_column][vc_column_text]La souverainet\u00e9 technologique est un objectif cl\u00e9 important de l&#8217;UE, comme l&#8217;a d\u00e9clar\u00e9 la pr\u00e9sidente de la Commission europ\u00e9enne von der Leyen en 2019.<\/p>\n<p>Avec l&#8217;arriv\u00e9e de la pand\u00e9mie, le syst\u00e8me \u00e9conomique mondial a \u00e9t\u00e9 soumis \u00e0 une pression massive en raison des probl\u00e8mes de la cha\u00eene d&#8217;approvisionnement, et les pays europ\u00e9ens ont pris conscience de leur grande d\u00e9pendance vis-\u00e0-vis des pays ext\u00e9rieurs \u00e0 l&#8217;UE. Cela nous a montr\u00e9 \u00e0 quel point il est crucial d&#8217;augmenter consid\u00e9rablement l&#8217;autonomie strat\u00e9gique sur le continent dans certains domaines technologiques sp\u00e9cifiques. Outre les facteurs g\u00e9n\u00e9raux, la r\u00e9alisation des objectifs de protection de l&#8217;environnement et du climat d\u00e9pend entre autres de la disponibilit\u00e9 et de l&#8217;utilisation s\u00fbre de technologies appropri\u00e9es, notamment de la comp\u00e9tence en mati\u00e8re de num\u00e9risation tout en garantissant la protection des donn\u00e9es.<\/p>\n<p>EUREL, un r\u00e9seau sp\u00e9cialis\u00e9 ind\u00e9pendant de quelques \u00c9tats europ\u00e9ens et de leurs associations professionnelles, a publi\u00e9 en 2021 une \u00e9tude sur les technologies de l&#8217;information dirig\u00e9e par le VDE. Celle-ci analyse les conditions pr\u00e9alables \u00e0 la souverainet\u00e9 technologique et d\u00e9finit des recommandations sp\u00e9cifiques, notamment pour le domaine technologique essentiel des &#8220;technologies de l&#8217;information et de la communication&#8221; (TIC).<\/p>\n<p>Le 27 janvier 2022 \u00e0 partir de 14h, les r\u00e9sultats de l&#8217;\u00e9tude seront pr\u00e9sent\u00e9s dans le format ONLINE &#8220;EUREL eMeetup&#8221;. Apr\u00e8s l&#8217;expos\u00e9 introductif du professeur Hans Dieter SCHOTTEN, German Research Center for Artificial Intelligence (DFKI), la th\u00e9matique sera approfondie dans le cadre d&#8217;une table ronde. La langue du format est l&#8217;anglais en raison du public international.<\/p>\n<p>Hans Schotten est directeur scientifique du domaine de recherche des r\u00e9seaux intelligents au Centre allemand de recherche en intelligence artificielle (DFKI) et titulaire de la chaire de radiocommunication et de navigation \u00e0 l&#8217;Universit\u00e9 technique de Kaiserslautern (TUK). Il est pr\u00e9sident de la VDE Informationstechnische Gesellschaft (VDE ITG) et membre du conseil d&#8217;administration de la VDE (Verband der Elektrotechnik). Dans le cadre de ses recherches, le professeur Schotten s&#8217;int\u00e9resse aux technologies de t\u00e9l\u00e9phonie mobile et de radiocommunication et d\u00e9veloppe de nouvelles technologies de s\u00e9curit\u00e9 et des infrastructures de communication pour l&#8217;industrie.<\/p>\n<p>Nous ajouterons ici le lien d&#8217;inscription du vde d\u00e8s qu&#8217;il sera disponible.[\/vc_column_text]<div class=\"wpb_button_column wpb_content_element wpb_content_element--left\"><div class=\"wpb_wrapper\"><div class=\"button button--normal\"><a href=\"https:\/\/www.vde.com\/resource\/blob\/2013656\/66f71138ba34b7b3ad0e2aa248b71abd\/vde-position-paper-technological-sovereignty-data.pdf\" target=\"_blank\" >\u00c9tude (en allemand)<\/a><\/div><\/div><\/div><div class=\"wpb_button_column wpb_content_element wpb_content_element--left\"><div class=\"wpb_wrapper\"><div class=\"button button--normal\"><a href=\"https:\/\/zoom.us\/webinar\/register\/WN_9dEyf0KaTO2kbgb6ffAWIQ\" target=\"_blank\" >Inscrire<\/a><\/div><\/div><\/div>[\/vc_column][\/vc_row]<\/p>\n<\/div>","protected":false},"excerpt":{"rendered":"<p>[vc_row][vc_column][vc_column_text]La souverainet\u00e9 technologique est un objectif cl\u00e9 important de l&#8217;UE, comme l&#8217;a d\u00e9clar\u00e9 la pr\u00e9sidente de la Commission europ\u00e9enne von der Leyen en 2019. Avec l&#8217;arriv\u00e9e de la pand\u00e9mie, le syst\u00e8me \u00e9conomique mondial a \u00e9t\u00e9 soumis \u00e0 une pression massive en raison des probl\u00e8mes de la cha\u00eene d&#8217;approvisionnement, et les pays europ\u00e9ens ont pris conscience [&hellip;]<\/p>\n","protected":false},"author":6,"featured_media":0,"comment_status":"closed","ping_status":"closed","sticky":false,"template":"","format":"standard","meta":{"_acf_changed":false,"_monsterinsights_skip_tracking":false,"_monsterinsights_sitenote_active":false,"_monsterinsights_sitenote_note":"","_monsterinsights_sitenote_category":0,"footnotes":""},"categories":[44],"tags":[252],"class_list":["post-20112","post","type-post","status-publish","format-standard","hentry","category-non-classifie","tag-efficacite-energetique"],"acf":[],"yoast_head":"<!-- This site is optimized with the Yoast SEO Premium plugin v26.4 (Yoast SEO v27.0) - https:\/\/yoast.com\/product\/yoast-seo-premium-wordpress\/ -->\n<title>Souverainet\u00e9 technologique - VDE montre de nouvelles voies - Electrosuisse<\/title>\n<meta name=\"robots\" content=\"index, follow, max-snippet:-1, max-image-preview:large, max-video-preview:-1\" \/>\n<link rel=\"canonical\" href=\"https:\/\/www.electrosuisse.ch\/fr\/souverainete-technologique-vde-montre-de-nouvelles-voies\/\" \/>\n<meta property=\"og:locale\" content=\"fr_FR\" \/>\n<meta property=\"og:type\" content=\"article\" \/>\n<meta property=\"og:title\" content=\"Souverainet\u00e9 technologique - VDE montre de nouvelles voies - Electrosuisse\" \/>\n<meta property=\"og:description\" content=\"[vc_row][vc_column][vc_column_text]La souverainet\u00e9 technologique est un objectif cl\u00e9 important de l&#8217;UE, comme l&#8217;a d\u00e9clar\u00e9 la pr\u00e9sidente de la Commission europ\u00e9enne von der Leyen en 2019. Avec l&#8217;arriv\u00e9e de la pand\u00e9mie, le syst\u00e8me \u00e9conomique mondial a \u00e9t\u00e9 soumis \u00e0 une pression massive en raison des probl\u00e8mes de la cha\u00eene d&#8217;approvisionnement, et les pays europ\u00e9ens ont pris conscience [&hellip;]\" \/>\n<meta property=\"og:url\" content=\"https:\/\/www.electrosuisse.ch\/fr\/souverainete-technologique-vde-montre-de-nouvelles-voies\/\" \/>\n<meta property=\"og:site_name\" content=\"Electrosuisse\" \/>\n<meta property=\"article:published_time\" content=\"2021-12-15T07:28:52+00:00\" \/>\n<meta property=\"article:modified_time\" content=\"2022-11-25T13:24:52+00:00\" \/>\n<meta property=\"og:image\" content=\"https:\/\/www.electrosuisse.ch\/wp-content\/uploads\/2021\/12\/Eurel-eMeetup-1660X440.jpg\" \/>\n\t<meta property=\"og:image:width\" content=\"1200\" \/>\n\t<meta property=\"og:image:height\" content=\"675\" \/>\n\t<meta property=\"og:image:type\" content=\"image\/png\" \/>\n<meta name=\"author\" content=\"Anita Serafini\" \/>\n<script type=\"application\/ld+json\" class=\"yoast-schema-graph\">{\"@context\":\"https:\/\/schema.org\",\"@graph\":[{\"@type\":\"Article\",\"@id\":\"https:\/\/www.electrosuisse.ch\/fr\/souverainete-technologique-vde-montre-de-nouvelles-voies\/#article\",\"isPartOf\":{\"@id\":\"https:\/\/www.electrosuisse.ch\/fr\/souverainete-technologique-vde-montre-de-nouvelles-voies\/\"},\"author\":{\"name\":\"Anita Serafini\",\"@id\":\"https:\/\/www.electrosuisse.ch\/fr\/#\/schema\/person\/0ef69aac34185528f3a6d17888410caf\"},\"headline\":\"Souverainet\u00e9 technologique &#8211; VDE montre de nouvelles voies\",\"datePublished\":\"2021-12-15T07:28:52+00:00\",\"dateModified\":\"2022-11-25T13:24:52+00:00\",\"mainEntityOfPage\":{\"@id\":\"https:\/\/www.electrosuisse.ch\/fr\/souverainete-technologique-vde-montre-de-nouvelles-voies\/\"},\"wordCount\":480,\"publisher\":{\"@id\":\"https:\/\/www.electrosuisse.ch\/fr\/#organization\"},\"keywords\":[\"Produktion und Dienstleistung FR\"],\"articleSection\":[\"Non classifi\u00e9(e)\"],\"inLanguage\":\"fr-FR\"},{\"@type\":\"WebPage\",\"@id\":\"https:\/\/www.electrosuisse.ch\/fr\/souverainete-technologique-vde-montre-de-nouvelles-voies\/\",\"url\":\"https:\/\/www.electrosuisse.ch\/fr\/souverainete-technologique-vde-montre-de-nouvelles-voies\/\",\"name\":\"Souverainet\u00e9 technologique - VDE montre de nouvelles voies - Electrosuisse\",\"isPartOf\":{\"@id\":\"https:\/\/www.electrosuisse.ch\/fr\/#website\"},\"datePublished\":\"2021-12-15T07:28:52+00:00\",\"dateModified\":\"2022-11-25T13:24:52+00:00\",\"inLanguage\":\"fr-FR\",\"potentialAction\":[{\"@type\":\"ReadAction\",\"target\":[\"https:\/\/www.electrosuisse.ch\/fr\/souverainete-technologique-vde-montre-de-nouvelles-voies\/\"]}]},{\"@type\":\"WebSite\",\"@id\":\"https:\/\/www.electrosuisse.ch\/fr\/#website\",\"url\":\"https:\/\/www.electrosuisse.ch\/fr\/\",\"name\":\"Electrosuisse\",\"description\":\"\",\"publisher\":{\"@id\":\"https:\/\/www.electrosuisse.ch\/fr\/#organization\"},\"potentialAction\":[{\"@type\":\"SearchAction\",\"target\":{\"@type\":\"EntryPoint\",\"urlTemplate\":\"https:\/\/www.electrosuisse.ch\/fr\/?s={search_term_string}\"},\"query-input\":{\"@type\":\"PropertyValueSpecification\",\"valueRequired\":true,\"valueName\":\"search_term_string\"}}],\"inLanguage\":\"fr-FR\"},{\"@type\":\"Organization\",\"@id\":\"https:\/\/www.electrosuisse.ch\/fr\/#organization\",\"name\":\"Electrosuisse\",\"url\":\"https:\/\/www.electrosuisse.ch\/fr\/\",\"logo\":{\"@type\":\"ImageObject\",\"inLanguage\":\"fr-FR\",\"@id\":\"https:\/\/www.electrosuisse.ch\/fr\/#\/schema\/logo\/image\/\",\"url\":\"https:\/\/www.electrosuisse.ch\/wp-content\/uploads\/2025\/04\/Electrosuisse_Logo_696x696.png\",\"contentUrl\":\"https:\/\/www.electrosuisse.ch\/wp-content\/uploads\/2025\/04\/Electrosuisse_Logo_696x696.png\",\"width\":696,\"height\":696,\"caption\":\"Electrosuisse\"},\"image\":{\"@id\":\"https:\/\/www.electrosuisse.ch\/fr\/#\/schema\/logo\/image\/\"},\"sameAs\":[\"https:\/\/www.linkedin.com\/company\/electrosuisse-ag\/posts\/?feedView=all\",\"https:\/\/www.instagram.com\/electrosuisse1889\/\",\"https:\/\/www.youtube.com\/channel\/UCoOxohMiVE0Gjcdis1L09zw\"],\"description\":\"Electrosuisse ist eine anerkannte und unabh\u00e4ngige Fachorganisation, die erstklassige Dienstleistungen und Produkte in den Bereichen Inspektion, Beratung, Pr\u00fcfung, Zertifizierung, Normung und Weiterbildung anbietet. Unsere Expertise umfasst Elektrotechnik, Elektromobilit\u00e4t, Energieberatung, Geb\u00e4udeautomation und Photovoltaik in der Schweiz. Durch die Veranstaltung etablierter Branchen-Events und Fachtagungen f\u00f6rdert Electrosuisse den Wissenstransfer und den fachlichen Austausch. Im Mittelpunkt unserer T\u00e4tigkeiten steht die F\u00f6rderung der sicheren, wirtschaftlichen und umweltgerechten Anwendung der Elektrotechnik.\"},{\"@type\":\"Person\",\"@id\":\"https:\/\/www.electrosuisse.ch\/fr\/#\/schema\/person\/0ef69aac34185528f3a6d17888410caf\",\"name\":\"Anita Serafini\",\"image\":{\"@type\":\"ImageObject\",\"inLanguage\":\"fr-FR\",\"@id\":\"https:\/\/www.electrosuisse.ch\/fr\/#\/schema\/person\/image\/\",\"url\":\"https:\/\/secure.gravatar.com\/avatar\/1b7b417c5e262b4d5423cd3f96595e0b5e8bacff15771d8b388b51c84ed55a54?s=96&d=mm&r=g\",\"contentUrl\":\"https:\/\/secure.gravatar.com\/avatar\/1b7b417c5e262b4d5423cd3f96595e0b5e8bacff15771d8b388b51c84ed55a54?s=96&d=mm&r=g\",\"caption\":\"Anita Serafini\"}}]}<\/script>\n<!-- \/ Yoast SEO Premium plugin. -->","yoast_head_json":{"title":"Souverainet\u00e9 technologique - VDE montre de nouvelles voies - Electrosuisse","robots":{"index":"index","follow":"follow","max-snippet":"max-snippet:-1","max-image-preview":"max-image-preview:large","max-video-preview":"max-video-preview:-1"},"canonical":"https:\/\/www.electrosuisse.ch\/fr\/souverainete-technologique-vde-montre-de-nouvelles-voies\/","og_locale":"fr_FR","og_type":"article","og_title":"Souverainet\u00e9 technologique - VDE montre de nouvelles voies - Electrosuisse","og_description":"[vc_row][vc_column][vc_column_text]La souverainet\u00e9 technologique est un objectif cl\u00e9 important de l&#8217;UE, comme l&#8217;a d\u00e9clar\u00e9 la pr\u00e9sidente de la Commission europ\u00e9enne von der Leyen en 2019. Avec l&#8217;arriv\u00e9e de la pand\u00e9mie, le syst\u00e8me \u00e9conomique mondial a \u00e9t\u00e9 soumis \u00e0 une pression massive en raison des probl\u00e8mes de la cha\u00eene d&#8217;approvisionnement, et les pays europ\u00e9ens ont pris conscience [&hellip;]","og_url":"https:\/\/www.electrosuisse.ch\/fr\/souverainete-technologique-vde-montre-de-nouvelles-voies\/","og_site_name":"Electrosuisse","article_published_time":"2021-12-15T07:28:52+00:00","article_modified_time":"2022-11-25T13:24:52+00:00","og_image":[{"width":1200,"height":675,"url":"https:\/\/www.electrosuisse.ch\/wp-content\/uploads\/2021\/12\/Eurel-eMeetup-1660X440.jpg","type":"image\/png"}],"author":"Anita Serafini","schema":{"@context":"https:\/\/schema.org","@graph":[{"@type":"Article","@id":"https:\/\/www.electrosuisse.ch\/fr\/souverainete-technologique-vde-montre-de-nouvelles-voies\/#article","isPartOf":{"@id":"https:\/\/www.electrosuisse.ch\/fr\/souverainete-technologique-vde-montre-de-nouvelles-voies\/"},"author":{"name":"Anita Serafini","@id":"https:\/\/www.electrosuisse.ch\/fr\/#\/schema\/person\/0ef69aac34185528f3a6d17888410caf"},"headline":"Souverainet\u00e9 technologique &#8211; VDE montre de nouvelles voies","datePublished":"2021-12-15T07:28:52+00:00","dateModified":"2022-11-25T13:24:52+00:00","mainEntityOfPage":{"@id":"https:\/\/www.electrosuisse.ch\/fr\/souverainete-technologique-vde-montre-de-nouvelles-voies\/"},"wordCount":480,"publisher":{"@id":"https:\/\/www.electrosuisse.ch\/fr\/#organization"},"keywords":["Produktion und Dienstleistung FR"],"articleSection":["Non classifi\u00e9(e)"],"inLanguage":"fr-FR"},{"@type":"WebPage","@id":"https:\/\/www.electrosuisse.ch\/fr\/souverainete-technologique-vde-montre-de-nouvelles-voies\/","url":"https:\/\/www.electrosuisse.ch\/fr\/souverainete-technologique-vde-montre-de-nouvelles-voies\/","name":"Souverainet\u00e9 technologique - VDE montre de nouvelles voies - Electrosuisse","isPartOf":{"@id":"https:\/\/www.electrosuisse.ch\/fr\/#website"},"datePublished":"2021-12-15T07:28:52+00:00","dateModified":"2022-11-25T13:24:52+00:00","inLanguage":"fr-FR","potentialAction":[{"@type":"ReadAction","target":["https:\/\/www.electrosuisse.ch\/fr\/souverainete-technologique-vde-montre-de-nouvelles-voies\/"]}]},{"@type":"WebSite","@id":"https:\/\/www.electrosuisse.ch\/fr\/#website","url":"https:\/\/www.electrosuisse.ch\/fr\/","name":"Electrosuisse","description":"","publisher":{"@id":"https:\/\/www.electrosuisse.ch\/fr\/#organization"},"potentialAction":[{"@type":"SearchAction","target":{"@type":"EntryPoint","urlTemplate":"https:\/\/www.electrosuisse.ch\/fr\/?s={search_term_string}"},"query-input":{"@type":"PropertyValueSpecification","valueRequired":true,"valueName":"search_term_string"}}],"inLanguage":"fr-FR"},{"@type":"Organization","@id":"https:\/\/www.electrosuisse.ch\/fr\/#organization","name":"Electrosuisse","url":"https:\/\/www.electrosuisse.ch\/fr\/","logo":{"@type":"ImageObject","inLanguage":"fr-FR","@id":"https:\/\/www.electrosuisse.ch\/fr\/#\/schema\/logo\/image\/","url":"https:\/\/www.electrosuisse.ch\/wp-content\/uploads\/2025\/04\/Electrosuisse_Logo_696x696.png","contentUrl":"https:\/\/www.electrosuisse.ch\/wp-content\/uploads\/2025\/04\/Electrosuisse_Logo_696x696.png","width":696,"height":696,"caption":"Electrosuisse"},"image":{"@id":"https:\/\/www.electrosuisse.ch\/fr\/#\/schema\/logo\/image\/"},"sameAs":["https:\/\/www.linkedin.com\/company\/electrosuisse-ag\/posts\/?feedView=all","https:\/\/www.instagram.com\/electrosuisse1889\/","https:\/\/www.youtube.com\/channel\/UCoOxohMiVE0Gjcdis1L09zw"],"description":"Electrosuisse ist eine anerkannte und unabh\u00e4ngige Fachorganisation, die erstklassige Dienstleistungen und Produkte in den Bereichen Inspektion, Beratung, Pr\u00fcfung, Zertifizierung, Normung und Weiterbildung anbietet. Unsere Expertise umfasst Elektrotechnik, Elektromobilit\u00e4t, Energieberatung, Geb\u00e4udeautomation und Photovoltaik in der Schweiz. Durch die Veranstaltung etablierter Branchen-Events und Fachtagungen f\u00f6rdert Electrosuisse den Wissenstransfer und den fachlichen Austausch. Im Mittelpunkt unserer T\u00e4tigkeiten steht die F\u00f6rderung der sicheren, wirtschaftlichen und umweltgerechten Anwendung der Elektrotechnik."},{"@type":"Person","@id":"https:\/\/www.electrosuisse.ch\/fr\/#\/schema\/person\/0ef69aac34185528f3a6d17888410caf","name":"Anita Serafini","image":{"@type":"ImageObject","inLanguage":"fr-FR","@id":"https:\/\/www.electrosuisse.ch\/fr\/#\/schema\/person\/image\/","url":"https:\/\/secure.gravatar.com\/avatar\/1b7b417c5e262b4d5423cd3f96595e0b5e8bacff15771d8b388b51c84ed55a54?s=96&d=mm&r=g","contentUrl":"https:\/\/secure.gravatar.com\/avatar\/1b7b417c5e262b4d5423cd3f96595e0b5e8bacff15771d8b388b51c84ed55a54?s=96&d=mm&r=g","caption":"Anita Serafini"}}]}},"amp_enabled":true,"_links":{"self":[{"href":"https:\/\/www.electrosuisse.ch\/fr\/wp-json\/wp\/v2\/posts\/20112","targetHints":{"allow":["GET"]}}],"collection":[{"href":"https:\/\/www.electrosuisse.ch\/fr\/wp-json\/wp\/v2\/posts"}],"about":[{"href":"https:\/\/www.electrosuisse.ch\/fr\/wp-json\/wp\/v2\/types\/post"}],"author":[{"embeddable":true,"href":"https:\/\/www.electrosuisse.ch\/fr\/wp-json\/wp\/v2\/users\/6"}],"replies":[{"embeddable":true,"href":"https:\/\/www.electrosuisse.ch\/fr\/wp-json\/wp\/v2\/comments?post=20112"}],"version-history":[{"count":0,"href":"https:\/\/www.electrosuisse.ch\/fr\/wp-json\/wp\/v2\/posts\/20112\/revisions"}],"wp:attachment":[{"href":"https:\/\/www.electrosuisse.ch\/fr\/wp-json\/wp\/v2\/media?parent=20112"}],"wp:term":[{"taxonomy":"category","embeddable":true,"href":"https:\/\/www.electrosuisse.ch\/fr\/wp-json\/wp\/v2\/categories?post=20112"},{"taxonomy":"post_tag","embeddable":true,"href":"https:\/\/www.electrosuisse.ch\/fr\/wp-json\/wp\/v2\/tags?post=20112"}],"curies":[{"name":"wp","href":"https:\/\/api.w.org\/{rel}","templated":true}]}}