{"id":14948,"date":"2020-12-21T10:45:53","date_gmt":"2020-12-21T09:45:53","guid":{"rendered":"https:\/\/www.electrosuisse.ch\/?p=14948"},"modified":"2021-01-19T10:48:36","modified_gmt":"2021-01-19T09:48:36","slug":"un-guide-a-travers-la-jungle-des-programmes-de-subventions","status":"publish","type":"post","link":"https:\/\/www.electrosuisse.ch\/fr\/un-guide-a-travers-la-jungle-des-programmes-de-subventions\/","title":{"rendered":"Un guide \u00e0 travers la jungle des programmes de subventions"},"content":{"rendered":"<div class=\"wpb-content-wrapper\"><p>[vc_row][vc_column][vc_column_text]Il existe en Suisse de nombreux programmes de subventions relatifs \u00e0 l&#8217;\u00e9nergie et \u00e0 la mobilit\u00e9. Mais trouver le bon quand on en a besoin n&#8217;est pas si facile. Le nouveau portail <a href=\"http:\/\/www.energiefranken.ch\">energiefranken.ch<\/a> y contribue: en quelques clics, il permet aux particuliers, aux entreprises et aux administrations publiques d&#8217;avoir une vue d&#8217;ensemble des offres de subventions correspondantes.<\/p>\n<p>Les incitations financi\u00e8res sont un instrument important pour promouvoir l&#8217;efficacit\u00e9 \u00e9nerg\u00e9tique et les \u00e9nergies renouvelables. Le secteur public (Conf\u00e9d\u00e9ration, cantons et communes), ainsi que les fournisseurs d&#8217;\u00e9nergie et d&#8217;autres acteurs, proposent des programmes de subventions dans les domaines des b\u00e2timents, de la mobilit\u00e9 et des appareils \u00e9lectriques. Compte tenu de cette diversit\u00e9, il n&#8217;est pas toujours facile pour les particuliers ou les entreprises de trouver le programme de subvention appropri\u00e9 pour leur projet.<\/p>\n<p>Le portail energiefranken.ch simplifie la recherche. Il a \u00e9t\u00e9 r\u00e9cemment remani\u00e9 et est d\u00e9sormais \u00e9galement disponible dans les trois principales langues nationales. Il fournit des informations sur tous les programmes de soutien actuels dans le secteur de l&#8217;\u00e9nergie, y compris les incitations fiscales. Il est facile \u00e0 utiliser: entrez le code postal de votre lieu de r\u00e9sidence ou d&#8217;affaires, s\u00e9lectionnez le domaine \u00abb\u00e2timents\u00bb ou \u00abmobilit\u00e9\u00bb et le groupe cible \u00abparticulier\u00bb ou \u00abentreprise\u00bb. Energiefranken affiche ensuite un aper\u00e7u complet de tous les programmes de subvention pertinents, tri\u00e9s par th\u00e8me. Un clic suppl\u00e9mentaire vous permettra de trouver des informations actualis\u00e9es sur les diff\u00e9rents programmes, y compris des informations sur les contributions et les conditions de financement ainsi que sur la mani\u00e8re de postuler.<\/p>\n<p>Le portail trilingue est un projet commun d\u2019EKZ (Elektrizit\u00e4tswerke des Kantons Z\u00fcrich), de Faktor Journalisten AG et de l&#8217;Office f\u00e9d\u00e9ral de l&#8217;\u00e9nergie avec le programme SuisseEnergie.<\/p>\n<p>Texte: OFEN[\/vc_column_text][\/vc_column][\/vc_row]<\/p>\n<\/div>","protected":false},"excerpt":{"rendered":"<p>[vc_row][vc_column][vc_column_text]Il existe en Suisse de nombreux programmes de subventions relatifs \u00e0 l&#8217;\u00e9nergie et \u00e0 la mobilit\u00e9. Mais trouver le bon quand on en a besoin n&#8217;est pas si facile. Le nouveau portail energiefranken.ch y contribue: en quelques clics, il permet aux particuliers, aux entreprises et aux administrations publiques d&#8217;avoir une vue d&#8217;ensemble des offres de [&hellip;]<\/p>\n","protected":false},"author":6,"featured_media":0,"comment_status":"closed","ping_status":"closed","sticky":false,"template":"","format":"standard","meta":{"_acf_changed":false,"_monsterinsights_skip_tracking":false,"_monsterinsights_sitenote_active":false,"_monsterinsights_sitenote_note":"","_monsterinsights_sitenote_category":0,"footnotes":""},"categories":[44],"tags":[252],"class_list":["post-14948","post","type-post","status-publish","format-standard","hentry","category-non-classifie","tag-efficacite-energetique"],"acf":[],"yoast_head":"<!-- This site is optimized with the Yoast SEO Premium plugin v26.4 (Yoast SEO v27.0) - https:\/\/yoast.com\/product\/yoast-seo-premium-wordpress\/ -->\n<title>Un guide \u00e0 travers la jungle des programmes de subventions - Electrosuisse<\/title>\n<meta name=\"description\" content=\"Il existe en Suisse de nombreux programmes de subventions relatifs \u00e0 l&#039;\u00e9nergie et \u00e0 la mobilit\u00e9. Le nouveau portail energiefranken.ch y contribue.\" \/>\n<meta name=\"robots\" content=\"index, follow, max-snippet:-1, max-image-preview:large, max-video-preview:-1\" \/>\n<link rel=\"canonical\" href=\"https:\/\/www.electrosuisse.ch\/fr\/un-guide-a-travers-la-jungle-des-programmes-de-subventions\/\" \/>\n<meta property=\"og:locale\" content=\"fr_FR\" \/>\n<meta property=\"og:type\" content=\"article\" \/>\n<meta property=\"og:title\" content=\"Un guide \u00e0 travers la jungle des programmes de subventions - Electrosuisse\" \/>\n<meta property=\"og:description\" content=\"Il existe en Suisse de nombreux programmes de subventions relatifs \u00e0 l&#039;\u00e9nergie et \u00e0 la mobilit\u00e9. Le nouveau portail energiefranken.ch y contribue.\" \/>\n<meta property=\"og:url\" content=\"https:\/\/www.electrosuisse.ch\/fr\/un-guide-a-travers-la-jungle-des-programmes-de-subventions\/\" \/>\n<meta property=\"og:site_name\" content=\"Electrosuisse\" \/>\n<meta property=\"article:published_time\" content=\"2020-12-21T09:45:53+00:00\" \/>\n<meta property=\"article:modified_time\" content=\"2021-01-19T09:48:36+00:00\" \/>\n<meta property=\"og:image\" content=\"https:\/\/www.electrosuisse.ch\/wp-content\/uploads\/2021\/01\/Foerderprogramme-1160x585-1.jpg\" \/>\n\t<meta property=\"og:image:width\" content=\"1200\" \/>\n\t<meta property=\"og:image:height\" content=\"675\" \/>\n\t<meta property=\"og:image:type\" content=\"image\/png\" \/>\n<meta name=\"author\" content=\"Anita Serafini\" \/>\n<script type=\"application\/ld+json\" class=\"yoast-schema-graph\">{\"@context\":\"https:\/\/schema.org\",\"@graph\":[{\"@type\":\"Article\",\"@id\":\"https:\/\/www.electrosuisse.ch\/fr\/un-guide-a-travers-la-jungle-des-programmes-de-subventions\/#article\",\"isPartOf\":{\"@id\":\"https:\/\/www.electrosuisse.ch\/fr\/un-guide-a-travers-la-jungle-des-programmes-de-subventions\/\"},\"author\":{\"name\":\"Anita Serafini\",\"@id\":\"https:\/\/www.electrosuisse.ch\/fr\/#\/schema\/person\/0ef69aac34185528f3a6d17888410caf\"},\"headline\":\"Un guide \u00e0 travers la jungle des programmes de subventions\",\"datePublished\":\"2020-12-21T09:45:53+00:00\",\"dateModified\":\"2021-01-19T09:48:36+00:00\",\"mainEntityOfPage\":{\"@id\":\"https:\/\/www.electrosuisse.ch\/fr\/un-guide-a-travers-la-jungle-des-programmes-de-subventions\/\"},\"wordCount\":335,\"publisher\":{\"@id\":\"https:\/\/www.electrosuisse.ch\/fr\/#organization\"},\"keywords\":[\"Produktion und Dienstleistung FR\"],\"articleSection\":[\"Non classifi\u00e9(e)\"],\"inLanguage\":\"fr-FR\"},{\"@type\":\"WebPage\",\"@id\":\"https:\/\/www.electrosuisse.ch\/fr\/un-guide-a-travers-la-jungle-des-programmes-de-subventions\/\",\"url\":\"https:\/\/www.electrosuisse.ch\/fr\/un-guide-a-travers-la-jungle-des-programmes-de-subventions\/\",\"name\":\"Un guide \u00e0 travers la jungle des programmes de subventions - Electrosuisse\",\"isPartOf\":{\"@id\":\"https:\/\/www.electrosuisse.ch\/fr\/#website\"},\"datePublished\":\"2020-12-21T09:45:53+00:00\",\"dateModified\":\"2021-01-19T09:48:36+00:00\",\"description\":\"Il existe en Suisse de nombreux programmes de subventions relatifs \u00e0 l'\u00e9nergie et \u00e0 la mobilit\u00e9. Le nouveau portail energiefranken.ch y contribue.\",\"inLanguage\":\"fr-FR\",\"potentialAction\":[{\"@type\":\"ReadAction\",\"target\":[\"https:\/\/www.electrosuisse.ch\/fr\/un-guide-a-travers-la-jungle-des-programmes-de-subventions\/\"]}]},{\"@type\":\"WebSite\",\"@id\":\"https:\/\/www.electrosuisse.ch\/fr\/#website\",\"url\":\"https:\/\/www.electrosuisse.ch\/fr\/\",\"name\":\"Electrosuisse\",\"description\":\"\",\"publisher\":{\"@id\":\"https:\/\/www.electrosuisse.ch\/fr\/#organization\"},\"potentialAction\":[{\"@type\":\"SearchAction\",\"target\":{\"@type\":\"EntryPoint\",\"urlTemplate\":\"https:\/\/www.electrosuisse.ch\/fr\/?s={search_term_string}\"},\"query-input\":{\"@type\":\"PropertyValueSpecification\",\"valueRequired\":true,\"valueName\":\"search_term_string\"}}],\"inLanguage\":\"fr-FR\"},{\"@type\":\"Organization\",\"@id\":\"https:\/\/www.electrosuisse.ch\/fr\/#organization\",\"name\":\"Electrosuisse\",\"url\":\"https:\/\/www.electrosuisse.ch\/fr\/\",\"logo\":{\"@type\":\"ImageObject\",\"inLanguage\":\"fr-FR\",\"@id\":\"https:\/\/www.electrosuisse.ch\/fr\/#\/schema\/logo\/image\/\",\"url\":\"https:\/\/www.electrosuisse.ch\/wp-content\/uploads\/2025\/04\/Electrosuisse_Logo_696x696.png\",\"contentUrl\":\"https:\/\/www.electrosuisse.ch\/wp-content\/uploads\/2025\/04\/Electrosuisse_Logo_696x696.png\",\"width\":696,\"height\":696,\"caption\":\"Electrosuisse\"},\"image\":{\"@id\":\"https:\/\/www.electrosuisse.ch\/fr\/#\/schema\/logo\/image\/\"},\"sameAs\":[\"https:\/\/www.linkedin.com\/company\/electrosuisse-ag\/posts\/?feedView=all\",\"https:\/\/www.instagram.com\/electrosuisse1889\/\",\"https:\/\/www.youtube.com\/channel\/UCoOxohMiVE0Gjcdis1L09zw\"],\"description\":\"Electrosuisse ist eine anerkannte und unabh\u00e4ngige Fachorganisation, die erstklassige Dienstleistungen und Produkte in den Bereichen Inspektion, Beratung, Pr\u00fcfung, Zertifizierung, Normung und Weiterbildung anbietet. Unsere Expertise umfasst Elektrotechnik, Elektromobilit\u00e4t, Energieberatung, Geb\u00e4udeautomation und Photovoltaik in der Schweiz. Durch die Veranstaltung etablierter Branchen-Events und Fachtagungen f\u00f6rdert Electrosuisse den Wissenstransfer und den fachlichen Austausch. Im Mittelpunkt unserer T\u00e4tigkeiten steht die F\u00f6rderung der sicheren, wirtschaftlichen und umweltgerechten Anwendung der Elektrotechnik.\"},{\"@type\":\"Person\",\"@id\":\"https:\/\/www.electrosuisse.ch\/fr\/#\/schema\/person\/0ef69aac34185528f3a6d17888410caf\",\"name\":\"Anita Serafini\",\"image\":{\"@type\":\"ImageObject\",\"inLanguage\":\"fr-FR\",\"@id\":\"https:\/\/www.electrosuisse.ch\/fr\/#\/schema\/person\/image\/\",\"url\":\"https:\/\/secure.gravatar.com\/avatar\/1b7b417c5e262b4d5423cd3f96595e0b5e8bacff15771d8b388b51c84ed55a54?s=96&d=mm&r=g\",\"contentUrl\":\"https:\/\/secure.gravatar.com\/avatar\/1b7b417c5e262b4d5423cd3f96595e0b5e8bacff15771d8b388b51c84ed55a54?s=96&d=mm&r=g\",\"caption\":\"Anita Serafini\"}}]}<\/script>\n<!-- \/ Yoast SEO Premium plugin. -->","yoast_head_json":{"title":"Un guide \u00e0 travers la jungle des programmes de subventions - Electrosuisse","description":"Il existe en Suisse de nombreux programmes de subventions relatifs \u00e0 l'\u00e9nergie et \u00e0 la mobilit\u00e9. Le nouveau portail energiefranken.ch y contribue.","robots":{"index":"index","follow":"follow","max-snippet":"max-snippet:-1","max-image-preview":"max-image-preview:large","max-video-preview":"max-video-preview:-1"},"canonical":"https:\/\/www.electrosuisse.ch\/fr\/un-guide-a-travers-la-jungle-des-programmes-de-subventions\/","og_locale":"fr_FR","og_type":"article","og_title":"Un guide \u00e0 travers la jungle des programmes de subventions - Electrosuisse","og_description":"Il existe en Suisse de nombreux programmes de subventions relatifs \u00e0 l'\u00e9nergie et \u00e0 la mobilit\u00e9. Le nouveau portail energiefranken.ch y contribue.","og_url":"https:\/\/www.electrosuisse.ch\/fr\/un-guide-a-travers-la-jungle-des-programmes-de-subventions\/","og_site_name":"Electrosuisse","article_published_time":"2020-12-21T09:45:53+00:00","article_modified_time":"2021-01-19T09:48:36+00:00","og_image":[{"width":1200,"height":675,"url":"https:\/\/www.electrosuisse.ch\/wp-content\/uploads\/2021\/01\/Foerderprogramme-1160x585-1.jpg","type":"image\/png"}],"author":"Anita Serafini","schema":{"@context":"https:\/\/schema.org","@graph":[{"@type":"Article","@id":"https:\/\/www.electrosuisse.ch\/fr\/un-guide-a-travers-la-jungle-des-programmes-de-subventions\/#article","isPartOf":{"@id":"https:\/\/www.electrosuisse.ch\/fr\/un-guide-a-travers-la-jungle-des-programmes-de-subventions\/"},"author":{"name":"Anita Serafini","@id":"https:\/\/www.electrosuisse.ch\/fr\/#\/schema\/person\/0ef69aac34185528f3a6d17888410caf"},"headline":"Un guide \u00e0 travers la jungle des programmes de subventions","datePublished":"2020-12-21T09:45:53+00:00","dateModified":"2021-01-19T09:48:36+00:00","mainEntityOfPage":{"@id":"https:\/\/www.electrosuisse.ch\/fr\/un-guide-a-travers-la-jungle-des-programmes-de-subventions\/"},"wordCount":335,"publisher":{"@id":"https:\/\/www.electrosuisse.ch\/fr\/#organization"},"keywords":["Produktion und Dienstleistung FR"],"articleSection":["Non classifi\u00e9(e)"],"inLanguage":"fr-FR"},{"@type":"WebPage","@id":"https:\/\/www.electrosuisse.ch\/fr\/un-guide-a-travers-la-jungle-des-programmes-de-subventions\/","url":"https:\/\/www.electrosuisse.ch\/fr\/un-guide-a-travers-la-jungle-des-programmes-de-subventions\/","name":"Un guide \u00e0 travers la jungle des programmes de subventions - Electrosuisse","isPartOf":{"@id":"https:\/\/www.electrosuisse.ch\/fr\/#website"},"datePublished":"2020-12-21T09:45:53+00:00","dateModified":"2021-01-19T09:48:36+00:00","description":"Il existe en Suisse de nombreux programmes de subventions relatifs \u00e0 l'\u00e9nergie et \u00e0 la mobilit\u00e9. Le nouveau portail energiefranken.ch y contribue.","inLanguage":"fr-FR","potentialAction":[{"@type":"ReadAction","target":["https:\/\/www.electrosuisse.ch\/fr\/un-guide-a-travers-la-jungle-des-programmes-de-subventions\/"]}]},{"@type":"WebSite","@id":"https:\/\/www.electrosuisse.ch\/fr\/#website","url":"https:\/\/www.electrosuisse.ch\/fr\/","name":"Electrosuisse","description":"","publisher":{"@id":"https:\/\/www.electrosuisse.ch\/fr\/#organization"},"potentialAction":[{"@type":"SearchAction","target":{"@type":"EntryPoint","urlTemplate":"https:\/\/www.electrosuisse.ch\/fr\/?s={search_term_string}"},"query-input":{"@type":"PropertyValueSpecification","valueRequired":true,"valueName":"search_term_string"}}],"inLanguage":"fr-FR"},{"@type":"Organization","@id":"https:\/\/www.electrosuisse.ch\/fr\/#organization","name":"Electrosuisse","url":"https:\/\/www.electrosuisse.ch\/fr\/","logo":{"@type":"ImageObject","inLanguage":"fr-FR","@id":"https:\/\/www.electrosuisse.ch\/fr\/#\/schema\/logo\/image\/","url":"https:\/\/www.electrosuisse.ch\/wp-content\/uploads\/2025\/04\/Electrosuisse_Logo_696x696.png","contentUrl":"https:\/\/www.electrosuisse.ch\/wp-content\/uploads\/2025\/04\/Electrosuisse_Logo_696x696.png","width":696,"height":696,"caption":"Electrosuisse"},"image":{"@id":"https:\/\/www.electrosuisse.ch\/fr\/#\/schema\/logo\/image\/"},"sameAs":["https:\/\/www.linkedin.com\/company\/electrosuisse-ag\/posts\/?feedView=all","https:\/\/www.instagram.com\/electrosuisse1889\/","https:\/\/www.youtube.com\/channel\/UCoOxohMiVE0Gjcdis1L09zw"],"description":"Electrosuisse ist eine anerkannte und unabh\u00e4ngige Fachorganisation, die erstklassige Dienstleistungen und Produkte in den Bereichen Inspektion, Beratung, Pr\u00fcfung, Zertifizierung, Normung und Weiterbildung anbietet. Unsere Expertise umfasst Elektrotechnik, Elektromobilit\u00e4t, Energieberatung, Geb\u00e4udeautomation und Photovoltaik in der Schweiz. Durch die Veranstaltung etablierter Branchen-Events und Fachtagungen f\u00f6rdert Electrosuisse den Wissenstransfer und den fachlichen Austausch. Im Mittelpunkt unserer T\u00e4tigkeiten steht die F\u00f6rderung der sicheren, wirtschaftlichen und umweltgerechten Anwendung der Elektrotechnik."},{"@type":"Person","@id":"https:\/\/www.electrosuisse.ch\/fr\/#\/schema\/person\/0ef69aac34185528f3a6d17888410caf","name":"Anita Serafini","image":{"@type":"ImageObject","inLanguage":"fr-FR","@id":"https:\/\/www.electrosuisse.ch\/fr\/#\/schema\/person\/image\/","url":"https:\/\/secure.gravatar.com\/avatar\/1b7b417c5e262b4d5423cd3f96595e0b5e8bacff15771d8b388b51c84ed55a54?s=96&d=mm&r=g","contentUrl":"https:\/\/secure.gravatar.com\/avatar\/1b7b417c5e262b4d5423cd3f96595e0b5e8bacff15771d8b388b51c84ed55a54?s=96&d=mm&r=g","caption":"Anita Serafini"}}]}},"amp_enabled":true,"_links":{"self":[{"href":"https:\/\/www.electrosuisse.ch\/fr\/wp-json\/wp\/v2\/posts\/14948","targetHints":{"allow":["GET"]}}],"collection":[{"href":"https:\/\/www.electrosuisse.ch\/fr\/wp-json\/wp\/v2\/posts"}],"about":[{"href":"https:\/\/www.electrosuisse.ch\/fr\/wp-json\/wp\/v2\/types\/post"}],"author":[{"embeddable":true,"href":"https:\/\/www.electrosuisse.ch\/fr\/wp-json\/wp\/v2\/users\/6"}],"replies":[{"embeddable":true,"href":"https:\/\/www.electrosuisse.ch\/fr\/wp-json\/wp\/v2\/comments?post=14948"}],"version-history":[{"count":0,"href":"https:\/\/www.electrosuisse.ch\/fr\/wp-json\/wp\/v2\/posts\/14948\/revisions"}],"wp:attachment":[{"href":"https:\/\/www.electrosuisse.ch\/fr\/wp-json\/wp\/v2\/media?parent=14948"}],"wp:term":[{"taxonomy":"category","embeddable":true,"href":"https:\/\/www.electrosuisse.ch\/fr\/wp-json\/wp\/v2\/categories?post=14948"},{"taxonomy":"post_tag","embeddable":true,"href":"https:\/\/www.electrosuisse.ch\/fr\/wp-json\/wp\/v2\/tags?post=14948"}],"curies":[{"name":"wp","href":"https:\/\/api.w.org\/{rel}","templated":true}]}}