{"id":14944,"date":"2021-01-13T10:33:37","date_gmt":"2021-01-13T09:33:37","guid":{"rendered":"https:\/\/www.electrosuisse.ch\/?p=14944"},"modified":"2021-01-19T10:47:38","modified_gmt":"2021-01-19T09:47:38","slug":"les-chiffres-relatifs-au-chomage-dans-lindustrie-electrique-ont-augmente-de-50","status":"publish","type":"post","link":"https:\/\/www.electrosuisse.ch\/fr\/les-chiffres-relatifs-au-chomage-dans-lindustrie-electrique-ont-augmente-de-50\/","title":{"rendered":"Les chiffres relatifs au ch\u00f4mage dans l&#8217;industrie \u00e9lectrique ont augment\u00e9 de 50%"},"content":{"rendered":"<div class=\"wpb-content-wrapper\"><p>[vc_row][vc_column][vc_column_text]Le nombre de demandeurs d&#8217;emploi et de ch\u00f4meurs inscrits a fortement augment\u00e9 \u00e0 partir de la mi-mars 2020, alors qu&#8217;il \u00e9tait faible en d\u00e9but d\u2019ann\u00e9e. Selon les enqu\u00eates du Seco, le taux de ch\u00f4mage moyen en Suisse en 2020 \u00e9tait de 3,1%. \u00c0 partir du mois de juin, le nombre de demandeurs d&#8217;emploi n&#8217;a plus que l\u00e9g\u00e8rement augment\u00e9 et de l\u00e9g\u00e8res baisses ont \u00e9t\u00e9 temporairement enregistr\u00e9es parmi les ch\u00f4meurs. Avec 163\u2019545 personnes, le nombre de ch\u00f4meurs \u00e0 la fin d\u00e9cembre 2020 \u00e9tait de 46&#8217;268 de plus (+ 39,5%) qu&#8217;un an plus t\u00f4t. Avec 260\u2019318 personnes, le nombre de demandeurs d&#8217;emploi \u00e9tait de 67&#8217;363 de plus(+ 34,9%) qu&#8217;en d\u00e9cembre 2019. Un chiffre aussi \u00e9lev\u00e9 a \u00e9t\u00e9 enregistr\u00e9 pour la derni\u00e8re fois en f\u00e9vrier 1997 avec 251\u2019377 demandeurs d&#8217;emploi.<\/p>\n<p><strong>Le secteur \u00e9lectrique plus touch\u00e9 que la moyenne<\/strong><\/p>\n<p>Le secteur \u00e9lectrique a connu une augmentation du taux de ch\u00f4mage sup\u00e9rieure \u00e0 la moyenne: En d\u00e9cembre 2020, le nombre de demandeurs d&#8217;emploi \u00e9tait de 5028 personnes, soit une augmentation de 1715 personnes, ou de 51,8%, par rapport \u00e0 d\u00e9cembre 2019, ce qui porte le taux de ch\u00f4mage actuel dans le secteur \u00e0 4,7%. Le nombre annuel moyen de ch\u00f4meurs dans l&#8217;industrie \u00e9lectrique \u00e9tait de 4405, soit une augmentation de 1510, ou de 52,1%, par rapport \u00e0 2019.<\/p>\n<p><strong>Limiter le nombre de ch\u00f4meurs gr\u00e2ce au ch\u00f4mage partiel<\/strong><\/p>\n<p>Le nombre de ch\u00f4meurs en Suisse en 2020, une ann\u00e9e fortement influenc\u00e9e par la Covid-19, a relativement peu augment\u00e9 par rapport \u00e0 la chute massive de la valeur ajout\u00e9e au cours du premier semestre de 2020. Cela est principalement d\u00fb au recours massif \u00e0 l&#8217;indemnisation du ch\u00f4mage partiel.<\/p>\n<p>Partant d&#8217;un niveau tr\u00e8s bas en f\u00e9vrier (5045), le nombre d&#8217;employ\u00e9s au ch\u00f4mage partiel est pass\u00e9 \u00e0 1 million au mois de mars, avant d\u2019atteindre un niveau record d&#8217;environ 1,3 million en avril. De mai \u00e0 septembre, ce chiffre a ensuite baiss\u00e9 de nouveau de mani\u00e8re significative suite \u00e0 l&#8217;assouplissement des mesures politiques li\u00e9es \u00e0 la sant\u00e9; en octobre, 219\u2019388 employ\u00e9s touchaient encore des indemnit\u00e9s de ch\u00f4mage partiel. Pendant les mois d&#8217;hiver, ce chiffre devrait \u00e0 nouveau augmenter de mani\u00e8re significative, principalement en raison de la deuxi\u00e8me vague de la pand\u00e9mie de Covid-19 et des mesures connexes. En novembre, 645\u2019493 employ\u00e9s ont d\u00e9j\u00e0 \u00e9t\u00e9 pr\u00e9enregistr\u00e9s pour recevoir le ch\u00f4mage partiel.[\/vc_column_text][\/vc_column][\/vc_row]<\/p>\n<\/div>","protected":false},"excerpt":{"rendered":"<p>[vc_row][vc_column][vc_column_text]Le nombre de demandeurs d&#8217;emploi et de ch\u00f4meurs inscrits a fortement augment\u00e9 \u00e0 partir de la mi-mars 2020, alors qu&#8217;il \u00e9tait faible en d\u00e9but d\u2019ann\u00e9e. Selon les enqu\u00eates du Seco, le taux de ch\u00f4mage moyen en Suisse en 2020 \u00e9tait de 3,1%. \u00c0 partir du mois de juin, le nombre de demandeurs d&#8217;emploi n&#8217;a plus [&hellip;]<\/p>\n","protected":false},"author":6,"featured_media":0,"comment_status":"closed","ping_status":"closed","sticky":false,"template":"","format":"standard","meta":{"_acf_changed":false,"_monsterinsights_skip_tracking":false,"_monsterinsights_sitenote_active":false,"_monsterinsights_sitenote_note":"","_monsterinsights_sitenote_category":0,"footnotes":""},"categories":[44],"tags":[260],"class_list":["post-14944","post","type-post","status-publish","format-standard","hentry","category-non-classifie","tag-installation-electrique"],"acf":[],"yoast_head":"<!-- This site is optimized with the Yoast SEO Premium plugin v26.4 (Yoast SEO v27.0) - https:\/\/yoast.com\/product\/yoast-seo-premium-wordpress\/ -->\n<title>Les chiffres relatifs au ch\u00f4mage dans l&#039;industrie \u00e9lectrique ont augment\u00e9 de 50% - Electrosuisse<\/title>\n<meta name=\"description\" content=\"Le Seco a publi\u00e9 les derniers chiffres relatifs au march\u00e9 du travail. La tendance en 2020 a \u00e9t\u00e9 domin\u00e9e par la crise due \u00e0 la Covid-19. L&#039;industrie \u00e9lectrique a \u00e9t\u00e9 plus durement touch\u00e9e que la moyenne suisse\" \/>\n<meta name=\"robots\" content=\"index, follow, max-snippet:-1, max-image-preview:large, max-video-preview:-1\" \/>\n<link rel=\"canonical\" href=\"https:\/\/www.electrosuisse.ch\/fr\/les-chiffres-relatifs-au-chomage-dans-lindustrie-electrique-ont-augmente-de-50\/\" \/>\n<meta property=\"og:locale\" content=\"fr_FR\" \/>\n<meta property=\"og:type\" content=\"article\" \/>\n<meta property=\"og:title\" content=\"Les chiffres relatifs au ch\u00f4mage dans l&#039;industrie \u00e9lectrique ont augment\u00e9 de 50% - Electrosuisse\" \/>\n<meta property=\"og:description\" content=\"Le Seco a publi\u00e9 les derniers chiffres relatifs au march\u00e9 du travail. La tendance en 2020 a \u00e9t\u00e9 domin\u00e9e par la crise due \u00e0 la Covid-19. L&#039;industrie \u00e9lectrique a \u00e9t\u00e9 plus durement touch\u00e9e que la moyenne suisse\" \/>\n<meta property=\"og:url\" content=\"https:\/\/www.electrosuisse.ch\/fr\/les-chiffres-relatifs-au-chomage-dans-lindustrie-electrique-ont-augmente-de-50\/\" \/>\n<meta property=\"og:site_name\" content=\"Electrosuisse\" \/>\n<meta property=\"article:published_time\" content=\"2021-01-13T09:33:37+00:00\" \/>\n<meta property=\"article:modified_time\" content=\"2021-01-19T09:47:38+00:00\" \/>\n<meta property=\"og:image\" content=\"https:\/\/www.electrosuisse.ch\/wp-content\/uploads\/2021\/01\/Arbeitslosenzahlen-1160x585-1.jpg\" \/>\n\t<meta property=\"og:image:width\" content=\"1200\" \/>\n\t<meta property=\"og:image:height\" content=\"675\" \/>\n\t<meta property=\"og:image:type\" content=\"image\/png\" \/>\n<meta name=\"author\" content=\"Anita Serafini\" \/>\n<script type=\"application\/ld+json\" class=\"yoast-schema-graph\">{\"@context\":\"https:\/\/schema.org\",\"@graph\":[{\"@type\":\"Article\",\"@id\":\"https:\/\/www.electrosuisse.ch\/fr\/les-chiffres-relatifs-au-chomage-dans-lindustrie-electrique-ont-augmente-de-50\/#article\",\"isPartOf\":{\"@id\":\"https:\/\/www.electrosuisse.ch\/fr\/les-chiffres-relatifs-au-chomage-dans-lindustrie-electrique-ont-augmente-de-50\/\"},\"author\":{\"name\":\"Anita Serafini\",\"@id\":\"https:\/\/www.electrosuisse.ch\/fr\/#\/schema\/person\/0ef69aac34185528f3a6d17888410caf\"},\"headline\":\"Les chiffres relatifs au ch\u00f4mage dans l&#8217;industrie \u00e9lectrique ont augment\u00e9 de 50%\",\"datePublished\":\"2021-01-13T09:33:37+00:00\",\"dateModified\":\"2021-01-19T09:47:38+00:00\",\"mainEntityOfPage\":{\"@id\":\"https:\/\/www.electrosuisse.ch\/fr\/les-chiffres-relatifs-au-chomage-dans-lindustrie-electrique-ont-augmente-de-50\/\"},\"wordCount\":428,\"publisher\":{\"@id\":\"https:\/\/www.electrosuisse.ch\/fr\/#organization\"},\"keywords\":[\"Elektroinstallation FR\"],\"articleSection\":[\"Non classifi\u00e9(e)\"],\"inLanguage\":\"fr-FR\"},{\"@type\":\"WebPage\",\"@id\":\"https:\/\/www.electrosuisse.ch\/fr\/les-chiffres-relatifs-au-chomage-dans-lindustrie-electrique-ont-augmente-de-50\/\",\"url\":\"https:\/\/www.electrosuisse.ch\/fr\/les-chiffres-relatifs-au-chomage-dans-lindustrie-electrique-ont-augmente-de-50\/\",\"name\":\"Les chiffres relatifs au ch\u00f4mage dans l'industrie \u00e9lectrique ont augment\u00e9 de 50% - Electrosuisse\",\"isPartOf\":{\"@id\":\"https:\/\/www.electrosuisse.ch\/fr\/#website\"},\"datePublished\":\"2021-01-13T09:33:37+00:00\",\"dateModified\":\"2021-01-19T09:47:38+00:00\",\"description\":\"Le Seco a publi\u00e9 les derniers chiffres relatifs au march\u00e9 du travail. La tendance en 2020 a \u00e9t\u00e9 domin\u00e9e par la crise due \u00e0 la Covid-19. L'industrie \u00e9lectrique a \u00e9t\u00e9 plus durement touch\u00e9e que la moyenne suisse\",\"inLanguage\":\"fr-FR\",\"potentialAction\":[{\"@type\":\"ReadAction\",\"target\":[\"https:\/\/www.electrosuisse.ch\/fr\/les-chiffres-relatifs-au-chomage-dans-lindustrie-electrique-ont-augmente-de-50\/\"]}]},{\"@type\":\"WebSite\",\"@id\":\"https:\/\/www.electrosuisse.ch\/fr\/#website\",\"url\":\"https:\/\/www.electrosuisse.ch\/fr\/\",\"name\":\"Electrosuisse\",\"description\":\"\",\"publisher\":{\"@id\":\"https:\/\/www.electrosuisse.ch\/fr\/#organization\"},\"potentialAction\":[{\"@type\":\"SearchAction\",\"target\":{\"@type\":\"EntryPoint\",\"urlTemplate\":\"https:\/\/www.electrosuisse.ch\/fr\/?s={search_term_string}\"},\"query-input\":{\"@type\":\"PropertyValueSpecification\",\"valueRequired\":true,\"valueName\":\"search_term_string\"}}],\"inLanguage\":\"fr-FR\"},{\"@type\":\"Organization\",\"@id\":\"https:\/\/www.electrosuisse.ch\/fr\/#organization\",\"name\":\"Electrosuisse\",\"url\":\"https:\/\/www.electrosuisse.ch\/fr\/\",\"logo\":{\"@type\":\"ImageObject\",\"inLanguage\":\"fr-FR\",\"@id\":\"https:\/\/www.electrosuisse.ch\/fr\/#\/schema\/logo\/image\/\",\"url\":\"https:\/\/www.electrosuisse.ch\/wp-content\/uploads\/2025\/04\/Electrosuisse_Logo_696x696.png\",\"contentUrl\":\"https:\/\/www.electrosuisse.ch\/wp-content\/uploads\/2025\/04\/Electrosuisse_Logo_696x696.png\",\"width\":696,\"height\":696,\"caption\":\"Electrosuisse\"},\"image\":{\"@id\":\"https:\/\/www.electrosuisse.ch\/fr\/#\/schema\/logo\/image\/\"},\"sameAs\":[\"https:\/\/www.linkedin.com\/company\/electrosuisse-ag\/posts\/?feedView=all\",\"https:\/\/www.instagram.com\/electrosuisse1889\/\",\"https:\/\/www.youtube.com\/channel\/UCoOxohMiVE0Gjcdis1L09zw\"],\"description\":\"Electrosuisse ist eine anerkannte und unabh\u00e4ngige Fachorganisation, die erstklassige Dienstleistungen und Produkte in den Bereichen Inspektion, Beratung, Pr\u00fcfung, Zertifizierung, Normung und Weiterbildung anbietet. Unsere Expertise umfasst Elektrotechnik, Elektromobilit\u00e4t, Energieberatung, Geb\u00e4udeautomation und Photovoltaik in der Schweiz. Durch die Veranstaltung etablierter Branchen-Events und Fachtagungen f\u00f6rdert Electrosuisse den Wissenstransfer und den fachlichen Austausch. Im Mittelpunkt unserer T\u00e4tigkeiten steht die F\u00f6rderung der sicheren, wirtschaftlichen und umweltgerechten Anwendung der Elektrotechnik.\"},{\"@type\":\"Person\",\"@id\":\"https:\/\/www.electrosuisse.ch\/fr\/#\/schema\/person\/0ef69aac34185528f3a6d17888410caf\",\"name\":\"Anita Serafini\",\"image\":{\"@type\":\"ImageObject\",\"inLanguage\":\"fr-FR\",\"@id\":\"https:\/\/www.electrosuisse.ch\/fr\/#\/schema\/person\/image\/\",\"url\":\"https:\/\/secure.gravatar.com\/avatar\/1b7b417c5e262b4d5423cd3f96595e0b5e8bacff15771d8b388b51c84ed55a54?s=96&d=mm&r=g\",\"contentUrl\":\"https:\/\/secure.gravatar.com\/avatar\/1b7b417c5e262b4d5423cd3f96595e0b5e8bacff15771d8b388b51c84ed55a54?s=96&d=mm&r=g\",\"caption\":\"Anita Serafini\"}}]}<\/script>\n<!-- \/ Yoast SEO Premium plugin. -->","yoast_head_json":{"title":"Les chiffres relatifs au ch\u00f4mage dans l'industrie \u00e9lectrique ont augment\u00e9 de 50% - Electrosuisse","description":"Le Seco a publi\u00e9 les derniers chiffres relatifs au march\u00e9 du travail. La tendance en 2020 a \u00e9t\u00e9 domin\u00e9e par la crise due \u00e0 la Covid-19. L'industrie \u00e9lectrique a \u00e9t\u00e9 plus durement touch\u00e9e que la moyenne suisse","robots":{"index":"index","follow":"follow","max-snippet":"max-snippet:-1","max-image-preview":"max-image-preview:large","max-video-preview":"max-video-preview:-1"},"canonical":"https:\/\/www.electrosuisse.ch\/fr\/les-chiffres-relatifs-au-chomage-dans-lindustrie-electrique-ont-augmente-de-50\/","og_locale":"fr_FR","og_type":"article","og_title":"Les chiffres relatifs au ch\u00f4mage dans l'industrie \u00e9lectrique ont augment\u00e9 de 50% - Electrosuisse","og_description":"Le Seco a publi\u00e9 les derniers chiffres relatifs au march\u00e9 du travail. La tendance en 2020 a \u00e9t\u00e9 domin\u00e9e par la crise due \u00e0 la Covid-19. L'industrie \u00e9lectrique a \u00e9t\u00e9 plus durement touch\u00e9e que la moyenne suisse","og_url":"https:\/\/www.electrosuisse.ch\/fr\/les-chiffres-relatifs-au-chomage-dans-lindustrie-electrique-ont-augmente-de-50\/","og_site_name":"Electrosuisse","article_published_time":"2021-01-13T09:33:37+00:00","article_modified_time":"2021-01-19T09:47:38+00:00","og_image":[{"width":1200,"height":675,"url":"https:\/\/www.electrosuisse.ch\/wp-content\/uploads\/2021\/01\/Arbeitslosenzahlen-1160x585-1.jpg","type":"image\/png"}],"author":"Anita Serafini","schema":{"@context":"https:\/\/schema.org","@graph":[{"@type":"Article","@id":"https:\/\/www.electrosuisse.ch\/fr\/les-chiffres-relatifs-au-chomage-dans-lindustrie-electrique-ont-augmente-de-50\/#article","isPartOf":{"@id":"https:\/\/www.electrosuisse.ch\/fr\/les-chiffres-relatifs-au-chomage-dans-lindustrie-electrique-ont-augmente-de-50\/"},"author":{"name":"Anita Serafini","@id":"https:\/\/www.electrosuisse.ch\/fr\/#\/schema\/person\/0ef69aac34185528f3a6d17888410caf"},"headline":"Les chiffres relatifs au ch\u00f4mage dans l&#8217;industrie \u00e9lectrique ont augment\u00e9 de 50%","datePublished":"2021-01-13T09:33:37+00:00","dateModified":"2021-01-19T09:47:38+00:00","mainEntityOfPage":{"@id":"https:\/\/www.electrosuisse.ch\/fr\/les-chiffres-relatifs-au-chomage-dans-lindustrie-electrique-ont-augmente-de-50\/"},"wordCount":428,"publisher":{"@id":"https:\/\/www.electrosuisse.ch\/fr\/#organization"},"keywords":["Elektroinstallation FR"],"articleSection":["Non classifi\u00e9(e)"],"inLanguage":"fr-FR"},{"@type":"WebPage","@id":"https:\/\/www.electrosuisse.ch\/fr\/les-chiffres-relatifs-au-chomage-dans-lindustrie-electrique-ont-augmente-de-50\/","url":"https:\/\/www.electrosuisse.ch\/fr\/les-chiffres-relatifs-au-chomage-dans-lindustrie-electrique-ont-augmente-de-50\/","name":"Les chiffres relatifs au ch\u00f4mage dans l'industrie \u00e9lectrique ont augment\u00e9 de 50% - Electrosuisse","isPartOf":{"@id":"https:\/\/www.electrosuisse.ch\/fr\/#website"},"datePublished":"2021-01-13T09:33:37+00:00","dateModified":"2021-01-19T09:47:38+00:00","description":"Le Seco a publi\u00e9 les derniers chiffres relatifs au march\u00e9 du travail. La tendance en 2020 a \u00e9t\u00e9 domin\u00e9e par la crise due \u00e0 la Covid-19. L'industrie \u00e9lectrique a \u00e9t\u00e9 plus durement touch\u00e9e que la moyenne suisse","inLanguage":"fr-FR","potentialAction":[{"@type":"ReadAction","target":["https:\/\/www.electrosuisse.ch\/fr\/les-chiffres-relatifs-au-chomage-dans-lindustrie-electrique-ont-augmente-de-50\/"]}]},{"@type":"WebSite","@id":"https:\/\/www.electrosuisse.ch\/fr\/#website","url":"https:\/\/www.electrosuisse.ch\/fr\/","name":"Electrosuisse","description":"","publisher":{"@id":"https:\/\/www.electrosuisse.ch\/fr\/#organization"},"potentialAction":[{"@type":"SearchAction","target":{"@type":"EntryPoint","urlTemplate":"https:\/\/www.electrosuisse.ch\/fr\/?s={search_term_string}"},"query-input":{"@type":"PropertyValueSpecification","valueRequired":true,"valueName":"search_term_string"}}],"inLanguage":"fr-FR"},{"@type":"Organization","@id":"https:\/\/www.electrosuisse.ch\/fr\/#organization","name":"Electrosuisse","url":"https:\/\/www.electrosuisse.ch\/fr\/","logo":{"@type":"ImageObject","inLanguage":"fr-FR","@id":"https:\/\/www.electrosuisse.ch\/fr\/#\/schema\/logo\/image\/","url":"https:\/\/www.electrosuisse.ch\/wp-content\/uploads\/2025\/04\/Electrosuisse_Logo_696x696.png","contentUrl":"https:\/\/www.electrosuisse.ch\/wp-content\/uploads\/2025\/04\/Electrosuisse_Logo_696x696.png","width":696,"height":696,"caption":"Electrosuisse"},"image":{"@id":"https:\/\/www.electrosuisse.ch\/fr\/#\/schema\/logo\/image\/"},"sameAs":["https:\/\/www.linkedin.com\/company\/electrosuisse-ag\/posts\/?feedView=all","https:\/\/www.instagram.com\/electrosuisse1889\/","https:\/\/www.youtube.com\/channel\/UCoOxohMiVE0Gjcdis1L09zw"],"description":"Electrosuisse ist eine anerkannte und unabh\u00e4ngige Fachorganisation, die erstklassige Dienstleistungen und Produkte in den Bereichen Inspektion, Beratung, Pr\u00fcfung, Zertifizierung, Normung und Weiterbildung anbietet. Unsere Expertise umfasst Elektrotechnik, Elektromobilit\u00e4t, Energieberatung, Geb\u00e4udeautomation und Photovoltaik in der Schweiz. Durch die Veranstaltung etablierter Branchen-Events und Fachtagungen f\u00f6rdert Electrosuisse den Wissenstransfer und den fachlichen Austausch. Im Mittelpunkt unserer T\u00e4tigkeiten steht die F\u00f6rderung der sicheren, wirtschaftlichen und umweltgerechten Anwendung der Elektrotechnik."},{"@type":"Person","@id":"https:\/\/www.electrosuisse.ch\/fr\/#\/schema\/person\/0ef69aac34185528f3a6d17888410caf","name":"Anita Serafini","image":{"@type":"ImageObject","inLanguage":"fr-FR","@id":"https:\/\/www.electrosuisse.ch\/fr\/#\/schema\/person\/image\/","url":"https:\/\/secure.gravatar.com\/avatar\/1b7b417c5e262b4d5423cd3f96595e0b5e8bacff15771d8b388b51c84ed55a54?s=96&d=mm&r=g","contentUrl":"https:\/\/secure.gravatar.com\/avatar\/1b7b417c5e262b4d5423cd3f96595e0b5e8bacff15771d8b388b51c84ed55a54?s=96&d=mm&r=g","caption":"Anita Serafini"}}]}},"amp_enabled":true,"_links":{"self":[{"href":"https:\/\/www.electrosuisse.ch\/fr\/wp-json\/wp\/v2\/posts\/14944","targetHints":{"allow":["GET"]}}],"collection":[{"href":"https:\/\/www.electrosuisse.ch\/fr\/wp-json\/wp\/v2\/posts"}],"about":[{"href":"https:\/\/www.electrosuisse.ch\/fr\/wp-json\/wp\/v2\/types\/post"}],"author":[{"embeddable":true,"href":"https:\/\/www.electrosuisse.ch\/fr\/wp-json\/wp\/v2\/users\/6"}],"replies":[{"embeddable":true,"href":"https:\/\/www.electrosuisse.ch\/fr\/wp-json\/wp\/v2\/comments?post=14944"}],"version-history":[{"count":0,"href":"https:\/\/www.electrosuisse.ch\/fr\/wp-json\/wp\/v2\/posts\/14944\/revisions"}],"wp:attachment":[{"href":"https:\/\/www.electrosuisse.ch\/fr\/wp-json\/wp\/v2\/media?parent=14944"}],"wp:term":[{"taxonomy":"category","embeddable":true,"href":"https:\/\/www.electrosuisse.ch\/fr\/wp-json\/wp\/v2\/categories?post=14944"},{"taxonomy":"post_tag","embeddable":true,"href":"https:\/\/www.electrosuisse.ch\/fr\/wp-json\/wp\/v2\/tags?post=14944"}],"curies":[{"name":"wp","href":"https:\/\/api.w.org\/{rel}","templated":true}]}}