{"id":10762,"date":"2020-07-07T11:26:20","date_gmt":"2020-07-07T09:26:20","guid":{"rendered":"https:\/\/www.electrosuisse.ch\/?p=10762"},"modified":"2020-07-13T15:12:57","modified_gmt":"2020-07-13T13:12:57","slug":"enqute-focus-salaire-2020","status":"publish","type":"post","link":"https:\/\/www.electrosuisse.ch\/fr\/enqute-focus-salaire-2020\/","title":{"rendered":"Focus Salaire 2020"},"content":{"rendered":"<div class=\"wpb-content-wrapper\"><p>[vc_row][vc_column][vc_column_text]<strong>Un grand merci \u00e0 toutes les personnes qui ont particip\u00e9 \u00e0 l\u2019enqu\u00eate en ligne en vue de la r\u00e9alisation de la 4<sup>e<\/sup>\u00a0\u00e9dition du Focus Salaire d&#8217;Electrosuisse\u00a0! S\u2019il faudra attendre cet automne pour d\u00e9couvrir les r\u00e9sultats de l\u2019\u00e9tude salariale, les gagnants tir\u00e9s au sort parmi les participants \u00e0 l\u2019enqu\u00eate sont, eux, d\u00e9j\u00e0 connus.<\/strong><\/p>\n<p>L\u2019enqu\u00eate en vue de la r\u00e9alisation de la 4<sup>e<\/sup>\u00a0\u00e9dition du Focus\u00a0Salaire d&#8217;Electrosuisse, d\u00e9di\u00e9e cette ann\u00e9e au th\u00e8me de la num\u00e9risation, est d\u00e9sormais boucl\u00e9e. Les r\u00e9sultats seront analys\u00e9s ces prochaines semaines et publi\u00e9s cet automne dans notre \u00e9tude salariale.<\/p>\n<p>L\u2019entreprise de recherches de march\u00e9 Demoscope a comme chaque ann\u00e9e r\u00e9alis\u00e9 cette \u00e9tude de mani\u00e8re anonymis\u00e9e. Les personnes qui ont rempli le questionnaire en ligne avaient en outre la possibilit\u00e9 de participer au tirage au sort. Afin de pr\u00e9server l\u2019anonymat des r\u00e9ponses \u00e0 l\u2019enqu\u00eate, les questionnaires et les adresses ont \u00e9t\u00e9 s\u00e9par\u00e9s techniquement, et ce, d\u00e8s le retour de l\u2019enqu\u00eate.<\/p>\n<p>Le tirage au sort a eu lieu d\u00e9but juillet. Les gagnants recevront leur prix ces prochains jours par voie postale. Qui sait\u00a0? Le sort a peut-\u00eatre jet\u00e9 son d\u00e9volu sur vous\u2026<\/p>\n<p>Les personnes suivantes ont gagn\u00e9\u00a0:<\/p>\n<ul>\n<li>un casque audio Bose\u00a0: Marco\u00a0W., J\u00fcrg\u00a0S. et Roland\u00a0R.<\/li>\n<li>un bon pour une participation gratuite \u00e0 l\u2019un des \u00e9v\u00e9nements ou cours d\u2019Electrosuisse\u00a0: Pascal\u00a0W., Reinhold\u00a0H., Adrian\u00a0W., Pascal\u00a0B. et Andreas\u00a0Z.<\/li>\n<li>deux places de cin\u00e9ma\u00a0: Manuel\u00a0B., Gilberto\u00a0T., Jo\u00ebl\u00a0D., Christine\u00a0S., Bruno\u00a0R., Ulrich\u00a0B. Claudio\u00a0S., Hans\u00a0R., Roger\u00a0D., Philippe\u00a0M., Giacomo\u00a0P., Markus\u00a0W., Pascal\u00a0H., Lorenz\u00a0M., Patrizia\u00a0D., Rolf\u00a0M., Michael\u00a0S., Max\u00a0G., Sergio\u00a0M., Giuseppe\u00a0B., Christof\u00a0S., Dominic\u00a0S., Martin\u00a0B., Reto\u00a0F. et Markus\u00a0T.<\/li>\n<\/ul>\n<p>Electrosuisse leur souhaite une exp\u00e9rience captivante\u00a0![\/vc_column_text][\/vc_column][\/vc_row]<\/p>\n<\/div>","protected":false},"excerpt":{"rendered":"<p>[vc_row][vc_column][vc_column_text]Un grand merci \u00e0 toutes les personnes qui ont particip\u00e9 \u00e0 l\u2019enqu\u00eate en ligne en vue de la r\u00e9alisation de la 4e\u00a0\u00e9dition du Focus Salaire d&#8217;Electrosuisse\u00a0! S\u2019il faudra attendre cet automne pour d\u00e9couvrir les r\u00e9sultats de l\u2019\u00e9tude salariale, les gagnants tir\u00e9s au sort parmi les participants \u00e0 l\u2019enqu\u00eate sont, eux, d\u00e9j\u00e0 connus. L\u2019enqu\u00eate en vue [&hellip;]<\/p>\n","protected":false},"author":7,"featured_media":0,"comment_status":"closed","ping_status":"closed","sticky":false,"template":"","format":"standard","meta":{"_acf_changed":false,"_monsterinsights_skip_tracking":false,"_monsterinsights_sitenote_active":false,"_monsterinsights_sitenote_note":"","_monsterinsights_sitenote_category":0,"footnotes":""},"categories":[44],"tags":[252],"class_list":["post-10762","post","type-post","status-publish","format-standard","hentry","category-non-classifie","tag-efficacite-energetique"],"acf":[],"yoast_head":"<!-- This site is optimized with the Yoast SEO Premium plugin v26.4 (Yoast SEO v27.0) - https:\/\/yoast.com\/product\/yoast-seo-premium-wordpress\/ -->\n<title>Focus Salaire 2020 - Electrosuisse<\/title>\n<meta name=\"robots\" content=\"index, follow, max-snippet:-1, max-image-preview:large, max-video-preview:-1\" \/>\n<link rel=\"canonical\" href=\"https:\/\/www.electrosuisse.ch\/fr\/enqute-focus-salaire-2020\/\" \/>\n<meta property=\"og:locale\" content=\"fr_FR\" \/>\n<meta property=\"og:type\" content=\"article\" \/>\n<meta property=\"og:title\" content=\"Focus Salaire 2020 - Electrosuisse\" \/>\n<meta property=\"og:description\" content=\"[vc_row][vc_column][vc_column_text]Un grand merci \u00e0 toutes les personnes qui ont particip\u00e9 \u00e0 l\u2019enqu\u00eate en ligne en vue de la r\u00e9alisation de la 4e\u00a0\u00e9dition du Focus Salaire d&#8217;Electrosuisse\u00a0! S\u2019il faudra attendre cet automne pour d\u00e9couvrir les r\u00e9sultats de l\u2019\u00e9tude salariale, les gagnants tir\u00e9s au sort parmi les participants \u00e0 l\u2019enqu\u00eate sont, eux, d\u00e9j\u00e0 connus. L\u2019enqu\u00eate en vue [&hellip;]\" \/>\n<meta property=\"og:url\" content=\"https:\/\/www.electrosuisse.ch\/fr\/enqute-focus-salaire-2020\/\" \/>\n<meta property=\"og:site_name\" content=\"Electrosuisse\" \/>\n<meta property=\"article:published_time\" content=\"2020-07-07T09:26:20+00:00\" \/>\n<meta property=\"article:modified_time\" content=\"2020-07-13T13:12:57+00:00\" \/>\n<meta property=\"og:image\" content=\"https:\/\/www.electrosuisse.ch\/wp-content\/uploads\/2025\/04\/electrosuisse-logo-1200x675-1.png\" \/>\n\t<meta property=\"og:image:width\" content=\"1200\" \/>\n\t<meta property=\"og:image:height\" content=\"675\" \/>\n\t<meta property=\"og:image:type\" content=\"image\/png\" \/>\n<meta name=\"author\" content=\"Vesna Granulic\" \/>\n<script type=\"application\/ld+json\" class=\"yoast-schema-graph\">{\"@context\":\"https:\/\/schema.org\",\"@graph\":[{\"@type\":\"Article\",\"@id\":\"https:\/\/www.electrosuisse.ch\/fr\/enqute-focus-salaire-2020\/#article\",\"isPartOf\":{\"@id\":\"https:\/\/www.electrosuisse.ch\/fr\/enqute-focus-salaire-2020\/\"},\"author\":{\"name\":\"Vesna Granulic\",\"@id\":\"https:\/\/www.electrosuisse.ch\/fr\/#\/schema\/person\/7c4aa41cb623d3918af9b57877c77d78\"},\"headline\":\"Focus Salaire 2020\",\"datePublished\":\"2020-07-07T09:26:20+00:00\",\"dateModified\":\"2020-07-13T13:12:57+00:00\",\"mainEntityOfPage\":{\"@id\":\"https:\/\/www.electrosuisse.ch\/fr\/enqute-focus-salaire-2020\/\"},\"wordCount\":369,\"publisher\":{\"@id\":\"https:\/\/www.electrosuisse.ch\/fr\/#organization\"},\"keywords\":[\"Produktion und Dienstleistung FR\"],\"articleSection\":[\"Non classifi\u00e9(e)\"],\"inLanguage\":\"fr-FR\"},{\"@type\":\"WebPage\",\"@id\":\"https:\/\/www.electrosuisse.ch\/fr\/enqute-focus-salaire-2020\/\",\"url\":\"https:\/\/www.electrosuisse.ch\/fr\/enqute-focus-salaire-2020\/\",\"name\":\"Focus Salaire 2020 - Electrosuisse\",\"isPartOf\":{\"@id\":\"https:\/\/www.electrosuisse.ch\/fr\/#website\"},\"datePublished\":\"2020-07-07T09:26:20+00:00\",\"dateModified\":\"2020-07-13T13:12:57+00:00\",\"inLanguage\":\"fr-FR\",\"potentialAction\":[{\"@type\":\"ReadAction\",\"target\":[\"https:\/\/www.electrosuisse.ch\/fr\/enqute-focus-salaire-2020\/\"]}]},{\"@type\":\"WebSite\",\"@id\":\"https:\/\/www.electrosuisse.ch\/fr\/#website\",\"url\":\"https:\/\/www.electrosuisse.ch\/fr\/\",\"name\":\"Electrosuisse\",\"description\":\"\",\"publisher\":{\"@id\":\"https:\/\/www.electrosuisse.ch\/fr\/#organization\"},\"potentialAction\":[{\"@type\":\"SearchAction\",\"target\":{\"@type\":\"EntryPoint\",\"urlTemplate\":\"https:\/\/www.electrosuisse.ch\/fr\/?s={search_term_string}\"},\"query-input\":{\"@type\":\"PropertyValueSpecification\",\"valueRequired\":true,\"valueName\":\"search_term_string\"}}],\"inLanguage\":\"fr-FR\"},{\"@type\":\"Organization\",\"@id\":\"https:\/\/www.electrosuisse.ch\/fr\/#organization\",\"name\":\"Electrosuisse\",\"url\":\"https:\/\/www.electrosuisse.ch\/fr\/\",\"logo\":{\"@type\":\"ImageObject\",\"inLanguage\":\"fr-FR\",\"@id\":\"https:\/\/www.electrosuisse.ch\/fr\/#\/schema\/logo\/image\/\",\"url\":\"https:\/\/www.electrosuisse.ch\/wp-content\/uploads\/2025\/04\/Electrosuisse_Logo_696x696.png\",\"contentUrl\":\"https:\/\/www.electrosuisse.ch\/wp-content\/uploads\/2025\/04\/Electrosuisse_Logo_696x696.png\",\"width\":696,\"height\":696,\"caption\":\"Electrosuisse\"},\"image\":{\"@id\":\"https:\/\/www.electrosuisse.ch\/fr\/#\/schema\/logo\/image\/\"},\"sameAs\":[\"https:\/\/www.linkedin.com\/company\/electrosuisse-ag\/posts\/?feedView=all\",\"https:\/\/www.instagram.com\/electrosuisse1889\/\",\"https:\/\/www.youtube.com\/channel\/UCoOxohMiVE0Gjcdis1L09zw\"],\"description\":\"Electrosuisse ist eine anerkannte und unabh\u00e4ngige Fachorganisation, die erstklassige Dienstleistungen und Produkte in den Bereichen Inspektion, Beratung, Pr\u00fcfung, Zertifizierung, Normung und Weiterbildung anbietet. Unsere Expertise umfasst Elektrotechnik, Elektromobilit\u00e4t, Energieberatung, Geb\u00e4udeautomation und Photovoltaik in der Schweiz. Durch die Veranstaltung etablierter Branchen-Events und Fachtagungen f\u00f6rdert Electrosuisse den Wissenstransfer und den fachlichen Austausch. Im Mittelpunkt unserer T\u00e4tigkeiten steht die F\u00f6rderung der sicheren, wirtschaftlichen und umweltgerechten Anwendung der Elektrotechnik.\"},{\"@type\":\"Person\",\"@id\":\"https:\/\/www.electrosuisse.ch\/fr\/#\/schema\/person\/7c4aa41cb623d3918af9b57877c77d78\",\"name\":\"Vesna Granulic\",\"image\":{\"@type\":\"ImageObject\",\"inLanguage\":\"fr-FR\",\"@id\":\"https:\/\/www.electrosuisse.ch\/fr\/#\/schema\/person\/image\/\",\"url\":\"https:\/\/secure.gravatar.com\/avatar\/66e29c85aed1274106f776a8ea1142d6162ac129bc3e5901a2850f038ede7a12?s=96&d=mm&r=g\",\"contentUrl\":\"https:\/\/secure.gravatar.com\/avatar\/66e29c85aed1274106f776a8ea1142d6162ac129bc3e5901a2850f038ede7a12?s=96&d=mm&r=g\",\"caption\":\"Vesna Granulic\"}}]}<\/script>\n<!-- \/ Yoast SEO Premium plugin. -->","yoast_head_json":{"title":"Focus Salaire 2020 - Electrosuisse","robots":{"index":"index","follow":"follow","max-snippet":"max-snippet:-1","max-image-preview":"max-image-preview:large","max-video-preview":"max-video-preview:-1"},"canonical":"https:\/\/www.electrosuisse.ch\/fr\/enqute-focus-salaire-2020\/","og_locale":"fr_FR","og_type":"article","og_title":"Focus Salaire 2020 - Electrosuisse","og_description":"[vc_row][vc_column][vc_column_text]Un grand merci \u00e0 toutes les personnes qui ont particip\u00e9 \u00e0 l\u2019enqu\u00eate en ligne en vue de la r\u00e9alisation de la 4e\u00a0\u00e9dition du Focus Salaire d&#8217;Electrosuisse\u00a0! S\u2019il faudra attendre cet automne pour d\u00e9couvrir les r\u00e9sultats de l\u2019\u00e9tude salariale, les gagnants tir\u00e9s au sort parmi les participants \u00e0 l\u2019enqu\u00eate sont, eux, d\u00e9j\u00e0 connus. L\u2019enqu\u00eate en vue [&hellip;]","og_url":"https:\/\/www.electrosuisse.ch\/fr\/enqute-focus-salaire-2020\/","og_site_name":"Electrosuisse","article_published_time":"2020-07-07T09:26:20+00:00","article_modified_time":"2020-07-13T13:12:57+00:00","og_image":[{"width":1200,"height":675,"url":"https:\/\/www.electrosuisse.ch\/wp-content\/uploads\/2025\/04\/electrosuisse-logo-1200x675-1.png","type":"image\/png"}],"author":"Vesna Granulic","schema":{"@context":"https:\/\/schema.org","@graph":[{"@type":"Article","@id":"https:\/\/www.electrosuisse.ch\/fr\/enqute-focus-salaire-2020\/#article","isPartOf":{"@id":"https:\/\/www.electrosuisse.ch\/fr\/enqute-focus-salaire-2020\/"},"author":{"name":"Vesna Granulic","@id":"https:\/\/www.electrosuisse.ch\/fr\/#\/schema\/person\/7c4aa41cb623d3918af9b57877c77d78"},"headline":"Focus Salaire 2020","datePublished":"2020-07-07T09:26:20+00:00","dateModified":"2020-07-13T13:12:57+00:00","mainEntityOfPage":{"@id":"https:\/\/www.electrosuisse.ch\/fr\/enqute-focus-salaire-2020\/"},"wordCount":369,"publisher":{"@id":"https:\/\/www.electrosuisse.ch\/fr\/#organization"},"keywords":["Produktion und Dienstleistung FR"],"articleSection":["Non classifi\u00e9(e)"],"inLanguage":"fr-FR"},{"@type":"WebPage","@id":"https:\/\/www.electrosuisse.ch\/fr\/enqute-focus-salaire-2020\/","url":"https:\/\/www.electrosuisse.ch\/fr\/enqute-focus-salaire-2020\/","name":"Focus Salaire 2020 - Electrosuisse","isPartOf":{"@id":"https:\/\/www.electrosuisse.ch\/fr\/#website"},"datePublished":"2020-07-07T09:26:20+00:00","dateModified":"2020-07-13T13:12:57+00:00","inLanguage":"fr-FR","potentialAction":[{"@type":"ReadAction","target":["https:\/\/www.electrosuisse.ch\/fr\/enqute-focus-salaire-2020\/"]}]},{"@type":"WebSite","@id":"https:\/\/www.electrosuisse.ch\/fr\/#website","url":"https:\/\/www.electrosuisse.ch\/fr\/","name":"Electrosuisse","description":"","publisher":{"@id":"https:\/\/www.electrosuisse.ch\/fr\/#organization"},"potentialAction":[{"@type":"SearchAction","target":{"@type":"EntryPoint","urlTemplate":"https:\/\/www.electrosuisse.ch\/fr\/?s={search_term_string}"},"query-input":{"@type":"PropertyValueSpecification","valueRequired":true,"valueName":"search_term_string"}}],"inLanguage":"fr-FR"},{"@type":"Organization","@id":"https:\/\/www.electrosuisse.ch\/fr\/#organization","name":"Electrosuisse","url":"https:\/\/www.electrosuisse.ch\/fr\/","logo":{"@type":"ImageObject","inLanguage":"fr-FR","@id":"https:\/\/www.electrosuisse.ch\/fr\/#\/schema\/logo\/image\/","url":"https:\/\/www.electrosuisse.ch\/wp-content\/uploads\/2025\/04\/Electrosuisse_Logo_696x696.png","contentUrl":"https:\/\/www.electrosuisse.ch\/wp-content\/uploads\/2025\/04\/Electrosuisse_Logo_696x696.png","width":696,"height":696,"caption":"Electrosuisse"},"image":{"@id":"https:\/\/www.electrosuisse.ch\/fr\/#\/schema\/logo\/image\/"},"sameAs":["https:\/\/www.linkedin.com\/company\/electrosuisse-ag\/posts\/?feedView=all","https:\/\/www.instagram.com\/electrosuisse1889\/","https:\/\/www.youtube.com\/channel\/UCoOxohMiVE0Gjcdis1L09zw"],"description":"Electrosuisse ist eine anerkannte und unabh\u00e4ngige Fachorganisation, die erstklassige Dienstleistungen und Produkte in den Bereichen Inspektion, Beratung, Pr\u00fcfung, Zertifizierung, Normung und Weiterbildung anbietet. Unsere Expertise umfasst Elektrotechnik, Elektromobilit\u00e4t, Energieberatung, Geb\u00e4udeautomation und Photovoltaik in der Schweiz. Durch die Veranstaltung etablierter Branchen-Events und Fachtagungen f\u00f6rdert Electrosuisse den Wissenstransfer und den fachlichen Austausch. Im Mittelpunkt unserer T\u00e4tigkeiten steht die F\u00f6rderung der sicheren, wirtschaftlichen und umweltgerechten Anwendung der Elektrotechnik."},{"@type":"Person","@id":"https:\/\/www.electrosuisse.ch\/fr\/#\/schema\/person\/7c4aa41cb623d3918af9b57877c77d78","name":"Vesna Granulic","image":{"@type":"ImageObject","inLanguage":"fr-FR","@id":"https:\/\/www.electrosuisse.ch\/fr\/#\/schema\/person\/image\/","url":"https:\/\/secure.gravatar.com\/avatar\/66e29c85aed1274106f776a8ea1142d6162ac129bc3e5901a2850f038ede7a12?s=96&d=mm&r=g","contentUrl":"https:\/\/secure.gravatar.com\/avatar\/66e29c85aed1274106f776a8ea1142d6162ac129bc3e5901a2850f038ede7a12?s=96&d=mm&r=g","caption":"Vesna Granulic"}}]}},"amp_enabled":true,"_links":{"self":[{"href":"https:\/\/www.electrosuisse.ch\/fr\/wp-json\/wp\/v2\/posts\/10762","targetHints":{"allow":["GET"]}}],"collection":[{"href":"https:\/\/www.electrosuisse.ch\/fr\/wp-json\/wp\/v2\/posts"}],"about":[{"href":"https:\/\/www.electrosuisse.ch\/fr\/wp-json\/wp\/v2\/types\/post"}],"author":[{"embeddable":true,"href":"https:\/\/www.electrosuisse.ch\/fr\/wp-json\/wp\/v2\/users\/7"}],"replies":[{"embeddable":true,"href":"https:\/\/www.electrosuisse.ch\/fr\/wp-json\/wp\/v2\/comments?post=10762"}],"version-history":[{"count":0,"href":"https:\/\/www.electrosuisse.ch\/fr\/wp-json\/wp\/v2\/posts\/10762\/revisions"}],"wp:attachment":[{"href":"https:\/\/www.electrosuisse.ch\/fr\/wp-json\/wp\/v2\/media?parent=10762"}],"wp:term":[{"taxonomy":"category","embeddable":true,"href":"https:\/\/www.electrosuisse.ch\/fr\/wp-json\/wp\/v2\/categories?post=10762"},{"taxonomy":"post_tag","embeddable":true,"href":"https:\/\/www.electrosuisse.ch\/fr\/wp-json\/wp\/v2\/tags?post=10762"}],"curies":[{"name":"wp","href":"https:\/\/api.w.org\/{rel}","templated":true}]}}