{"id":38443,"date":"2025-04-11T08:32:32","date_gmt":"2025-04-11T06:32:32","guid":{"rendered":"https:\/\/www.electrosuisse.ch\/?p=38443"},"modified":"2026-02-23T10:48:49","modified_gmt":"2026-02-23T09:48:49","slug":"systemoptimierung-als-voraussetzung","status":"publish","type":"post","link":"https:\/\/www.electrosuisse.ch\/de\/systemoptimierung-als-voraussetzung\/","title":{"rendered":"System\u00adoptimierung als Voraus\u00adsetzung"},"content":{"rendered":"","protected":false},"excerpt":{"rendered":"","protected":false},"author":38,"featured_media":0,"comment_status":"closed","ping_status":"closed","sticky":false,"template":"","format":"standard","meta":{"_acf_changed":false,"_monsterinsights_skip_tracking":false,"_monsterinsights_sitenote_active":false,"_monsterinsights_sitenote_note":"","_monsterinsights_sitenote_category":0,"footnotes":""},"categories":[1],"tags":[237,238],"class_list":["post-38443","post","type-post","status-publish","format-standard","hentry","category-unkategorisiert","tag-energieversorgung","tag-mobilitaet"],"acf":[],"yoast_head":"<!-- This site is optimized with the Yoast SEO Premium plugin v26.4 (Yoast SEO v27.0) - https:\/\/yoast.com\/product\/yoast-seo-premium-wordpress\/ -->\n<title>System\u00adoptimierung als Voraus\u00adsetzung - Electrosuisse<\/title>\n<meta name=\"description\" content=\"Erfahren Sie, wie DPD bis 2035 die systemoptimierung seiner G\u00fcterflotte erreichen will und welche Schritte geplant sind.\" \/>\n<meta name=\"robots\" content=\"index, follow, max-snippet:-1, max-image-preview:large, max-video-preview:-1\" \/>\n<link rel=\"canonical\" href=\"https:\/\/www.electrosuisse.ch\/de\/systemoptimierung-als-voraussetzung\/\" \/>\n<meta property=\"og:locale\" content=\"de_DE\" \/>\n<meta property=\"og:type\" content=\"article\" \/>\n<meta property=\"og:title\" content=\"System\u00adoptimierung als Voraus\u00adsetzung - Electrosuisse\" \/>\n<meta property=\"og:description\" content=\"Erfahren Sie, wie DPD bis 2035 die systemoptimierung seiner G\u00fcterflotte erreichen will und welche Schritte geplant sind.\" \/>\n<meta property=\"og:url\" content=\"https:\/\/www.electrosuisse.ch\/de\/systemoptimierung-als-voraussetzung\/\" \/>\n<meta property=\"og:site_name\" content=\"Electrosuisse\" \/>\n<meta property=\"article:published_time\" content=\"2025-04-11T06:32:32+00:00\" \/>\n<meta property=\"article:modified_time\" content=\"2026-02-23T09:48:49+00:00\" \/>\n<meta property=\"og:image\" content=\"https:\/\/www.electrosuisse.ch\/wp-content\/uploads\/2025\/04\/Fahrzeuge-von-DPD_160x470.png\" \/>\n\t<meta property=\"og:image:width\" content=\"1200\" \/>\n\t<meta property=\"og:image:height\" content=\"675\" \/>\n\t<meta property=\"og:image:type\" content=\"image\/png\" \/>\n<meta name=\"author\" content=\"Sina Joller\" \/>\n<script type=\"application\/ld+json\" class=\"yoast-schema-graph\">{\"@context\":\"https:\/\/schema.org\",\"@graph\":[{\"@type\":\"Article\",\"@id\":\"https:\/\/www.electrosuisse.ch\/de\/systemoptimierung-als-voraussetzung\/#article\",\"isPartOf\":{\"@id\":\"https:\/\/www.electrosuisse.ch\/de\/systemoptimierung-als-voraussetzung\/\"},\"author\":{\"name\":\"Sina Joller\",\"@id\":\"https:\/\/www.electrosuisse.ch\/de\/#\/schema\/person\/e8142e4593653cd8447f7f52e1e5379f\"},\"headline\":\"System\u00adoptimierung als Voraus\u00adsetzung\",\"datePublished\":\"2025-04-11T06:32:32+00:00\",\"dateModified\":\"2026-02-23T09:48:49+00:00\",\"mainEntityOfPage\":{\"@id\":\"https:\/\/www.electrosuisse.ch\/de\/systemoptimierung-als-voraussetzung\/\"},\"wordCount\":5,\"publisher\":{\"@id\":\"https:\/\/www.electrosuisse.ch\/de\/#organization\"},\"keywords\":[\"Energieversorgung\",\"Mobilit\u00e4t\"],\"articleSection\":[\"Unkategorisiert\"],\"inLanguage\":\"de\"},{\"@type\":\"WebPage\",\"@id\":\"https:\/\/www.electrosuisse.ch\/de\/systemoptimierung-als-voraussetzung\/\",\"url\":\"https:\/\/www.electrosuisse.ch\/de\/systemoptimierung-als-voraussetzung\/\",\"name\":\"System\u00adoptimierung als Voraus\u00adsetzung - Electrosuisse\",\"isPartOf\":{\"@id\":\"https:\/\/www.electrosuisse.ch\/de\/#website\"},\"datePublished\":\"2025-04-11T06:32:32+00:00\",\"dateModified\":\"2026-02-23T09:48:49+00:00\",\"description\":\"Erfahren Sie, wie DPD bis 2035 die systemoptimierung seiner G\u00fcterflotte erreichen will und welche Schritte geplant sind.\",\"inLanguage\":\"de\",\"potentialAction\":[{\"@type\":\"ReadAction\",\"target\":[\"https:\/\/www.electrosuisse.ch\/de\/systemoptimierung-als-voraussetzung\/\"]}]},{\"@type\":\"WebSite\",\"@id\":\"https:\/\/www.electrosuisse.ch\/de\/#website\",\"url\":\"https:\/\/www.electrosuisse.ch\/de\/\",\"name\":\"Electrosuisse\",\"description\":\"\",\"publisher\":{\"@id\":\"https:\/\/www.electrosuisse.ch\/de\/#organization\"},\"potentialAction\":[{\"@type\":\"SearchAction\",\"target\":{\"@type\":\"EntryPoint\",\"urlTemplate\":\"https:\/\/www.electrosuisse.ch\/de\/?s={search_term_string}\"},\"query-input\":{\"@type\":\"PropertyValueSpecification\",\"valueRequired\":true,\"valueName\":\"search_term_string\"}}],\"inLanguage\":\"de\"},{\"@type\":\"Organization\",\"@id\":\"https:\/\/www.electrosuisse.ch\/de\/#organization\",\"name\":\"Electrosuisse\",\"url\":\"https:\/\/www.electrosuisse.ch\/de\/\",\"logo\":{\"@type\":\"ImageObject\",\"inLanguage\":\"de\",\"@id\":\"https:\/\/www.electrosuisse.ch\/de\/#\/schema\/logo\/image\/\",\"url\":\"https:\/\/www.electrosuisse.ch\/wp-content\/uploads\/2025\/04\/Electrosuisse_Logo_696x696.png\",\"contentUrl\":\"https:\/\/www.electrosuisse.ch\/wp-content\/uploads\/2025\/04\/Electrosuisse_Logo_696x696.png\",\"width\":696,\"height\":696,\"caption\":\"Electrosuisse\"},\"image\":{\"@id\":\"https:\/\/www.electrosuisse.ch\/de\/#\/schema\/logo\/image\/\"},\"sameAs\":[\"https:\/\/www.linkedin.com\/company\/electrosuisse-ag\/posts\/?feedView=all\",\"https:\/\/www.instagram.com\/electrosuisse1889\/\",\"https:\/\/www.youtube.com\/channel\/UCoOxohMiVE0Gjcdis1L09zw\"],\"description\":\"Electrosuisse ist eine anerkannte und unabh\u00e4ngige Fachorganisation, die erstklassige Dienstleistungen und Produkte in den Bereichen Inspektion, Beratung, Pr\u00fcfung, Zertifizierung, Normung und Weiterbildung anbietet. Unsere Expertise umfasst Elektrotechnik, Elektromobilit\u00e4t, Energieberatung, Geb\u00e4udeautomation und Photovoltaik in der Schweiz. Durch die Veranstaltung etablierter Branchen-Events und Fachtagungen f\u00f6rdert Electrosuisse den Wissenstransfer und den fachlichen Austausch. Im Mittelpunkt unserer T\u00e4tigkeiten steht die F\u00f6rderung der sicheren, wirtschaftlichen und umweltgerechten Anwendung der Elektrotechnik.\"},{\"@type\":\"Person\",\"@id\":\"https:\/\/www.electrosuisse.ch\/de\/#\/schema\/person\/e8142e4593653cd8447f7f52e1e5379f\",\"name\":\"Sina Joller\",\"image\":{\"@type\":\"ImageObject\",\"inLanguage\":\"de\",\"@id\":\"https:\/\/www.electrosuisse.ch\/de\/#\/schema\/person\/image\/\",\"url\":\"https:\/\/secure.gravatar.com\/avatar\/f4249260ddfc146ca88a738cc36d33a9064b17699fb30f04ffaa14260da60942?s=96&d=mm&r=g\",\"contentUrl\":\"https:\/\/secure.gravatar.com\/avatar\/f4249260ddfc146ca88a738cc36d33a9064b17699fb30f04ffaa14260da60942?s=96&d=mm&r=g\",\"caption\":\"Sina Joller\"}}]}<\/script>\n<!-- \/ Yoast SEO Premium plugin. -->","yoast_head_json":{"title":"System\u00adoptimierung als Voraus\u00adsetzung - Electrosuisse","description":"Erfahren Sie, wie DPD bis 2035 die systemoptimierung seiner G\u00fcterflotte erreichen will und welche Schritte geplant sind.","robots":{"index":"index","follow":"follow","max-snippet":"max-snippet:-1","max-image-preview":"max-image-preview:large","max-video-preview":"max-video-preview:-1"},"canonical":"https:\/\/www.electrosuisse.ch\/de\/systemoptimierung-als-voraussetzung\/","og_locale":"de_DE","og_type":"article","og_title":"System\u00adoptimierung als Voraus\u00adsetzung - Electrosuisse","og_description":"Erfahren Sie, wie DPD bis 2035 die systemoptimierung seiner G\u00fcterflotte erreichen will und welche Schritte geplant sind.","og_url":"https:\/\/www.electrosuisse.ch\/de\/systemoptimierung-als-voraussetzung\/","og_site_name":"Electrosuisse","article_published_time":"2025-04-11T06:32:32+00:00","article_modified_time":"2026-02-23T09:48:49+00:00","og_image":[{"width":1200,"height":675,"url":"https:\/\/www.electrosuisse.ch\/wp-content\/uploads\/2025\/04\/Fahrzeuge-von-DPD_160x470.png","type":"image\/png"}],"author":"Sina Joller","schema":{"@context":"https:\/\/schema.org","@graph":[{"@type":"Article","@id":"https:\/\/www.electrosuisse.ch\/de\/systemoptimierung-als-voraussetzung\/#article","isPartOf":{"@id":"https:\/\/www.electrosuisse.ch\/de\/systemoptimierung-als-voraussetzung\/"},"author":{"name":"Sina Joller","@id":"https:\/\/www.electrosuisse.ch\/de\/#\/schema\/person\/e8142e4593653cd8447f7f52e1e5379f"},"headline":"System\u00adoptimierung als Voraus\u00adsetzung","datePublished":"2025-04-11T06:32:32+00:00","dateModified":"2026-02-23T09:48:49+00:00","mainEntityOfPage":{"@id":"https:\/\/www.electrosuisse.ch\/de\/systemoptimierung-als-voraussetzung\/"},"wordCount":5,"publisher":{"@id":"https:\/\/www.electrosuisse.ch\/de\/#organization"},"keywords":["Energieversorgung","Mobilit\u00e4t"],"articleSection":["Unkategorisiert"],"inLanguage":"de"},{"@type":"WebPage","@id":"https:\/\/www.electrosuisse.ch\/de\/systemoptimierung-als-voraussetzung\/","url":"https:\/\/www.electrosuisse.ch\/de\/systemoptimierung-als-voraussetzung\/","name":"System\u00adoptimierung als Voraus\u00adsetzung - Electrosuisse","isPartOf":{"@id":"https:\/\/www.electrosuisse.ch\/de\/#website"},"datePublished":"2025-04-11T06:32:32+00:00","dateModified":"2026-02-23T09:48:49+00:00","description":"Erfahren Sie, wie DPD bis 2035 die systemoptimierung seiner G\u00fcterflotte erreichen will und welche Schritte geplant sind.","inLanguage":"de","potentialAction":[{"@type":"ReadAction","target":["https:\/\/www.electrosuisse.ch\/de\/systemoptimierung-als-voraussetzung\/"]}]},{"@type":"WebSite","@id":"https:\/\/www.electrosuisse.ch\/de\/#website","url":"https:\/\/www.electrosuisse.ch\/de\/","name":"Electrosuisse","description":"","publisher":{"@id":"https:\/\/www.electrosuisse.ch\/de\/#organization"},"potentialAction":[{"@type":"SearchAction","target":{"@type":"EntryPoint","urlTemplate":"https:\/\/www.electrosuisse.ch\/de\/?s={search_term_string}"},"query-input":{"@type":"PropertyValueSpecification","valueRequired":true,"valueName":"search_term_string"}}],"inLanguage":"de"},{"@type":"Organization","@id":"https:\/\/www.electrosuisse.ch\/de\/#organization","name":"Electrosuisse","url":"https:\/\/www.electrosuisse.ch\/de\/","logo":{"@type":"ImageObject","inLanguage":"de","@id":"https:\/\/www.electrosuisse.ch\/de\/#\/schema\/logo\/image\/","url":"https:\/\/www.electrosuisse.ch\/wp-content\/uploads\/2025\/04\/Electrosuisse_Logo_696x696.png","contentUrl":"https:\/\/www.electrosuisse.ch\/wp-content\/uploads\/2025\/04\/Electrosuisse_Logo_696x696.png","width":696,"height":696,"caption":"Electrosuisse"},"image":{"@id":"https:\/\/www.electrosuisse.ch\/de\/#\/schema\/logo\/image\/"},"sameAs":["https:\/\/www.linkedin.com\/company\/electrosuisse-ag\/posts\/?feedView=all","https:\/\/www.instagram.com\/electrosuisse1889\/","https:\/\/www.youtube.com\/channel\/UCoOxohMiVE0Gjcdis1L09zw"],"description":"Electrosuisse ist eine anerkannte und unabh\u00e4ngige Fachorganisation, die erstklassige Dienstleistungen und Produkte in den Bereichen Inspektion, Beratung, Pr\u00fcfung, Zertifizierung, Normung und Weiterbildung anbietet. Unsere Expertise umfasst Elektrotechnik, Elektromobilit\u00e4t, Energieberatung, Geb\u00e4udeautomation und Photovoltaik in der Schweiz. Durch die Veranstaltung etablierter Branchen-Events und Fachtagungen f\u00f6rdert Electrosuisse den Wissenstransfer und den fachlichen Austausch. Im Mittelpunkt unserer T\u00e4tigkeiten steht die F\u00f6rderung der sicheren, wirtschaftlichen und umweltgerechten Anwendung der Elektrotechnik."},{"@type":"Person","@id":"https:\/\/www.electrosuisse.ch\/de\/#\/schema\/person\/e8142e4593653cd8447f7f52e1e5379f","name":"Sina Joller","image":{"@type":"ImageObject","inLanguage":"de","@id":"https:\/\/www.electrosuisse.ch\/de\/#\/schema\/person\/image\/","url":"https:\/\/secure.gravatar.com\/avatar\/f4249260ddfc146ca88a738cc36d33a9064b17699fb30f04ffaa14260da60942?s=96&d=mm&r=g","contentUrl":"https:\/\/secure.gravatar.com\/avatar\/f4249260ddfc146ca88a738cc36d33a9064b17699fb30f04ffaa14260da60942?s=96&d=mm&r=g","caption":"Sina Joller"}}]}},"amp_enabled":true,"_links":{"self":[{"href":"https:\/\/www.electrosuisse.ch\/de\/wp-json\/wp\/v2\/posts\/38443","targetHints":{"allow":["GET"]}}],"collection":[{"href":"https:\/\/www.electrosuisse.ch\/de\/wp-json\/wp\/v2\/posts"}],"about":[{"href":"https:\/\/www.electrosuisse.ch\/de\/wp-json\/wp\/v2\/types\/post"}],"author":[{"embeddable":true,"href":"https:\/\/www.electrosuisse.ch\/de\/wp-json\/wp\/v2\/users\/38"}],"replies":[{"embeddable":true,"href":"https:\/\/www.electrosuisse.ch\/de\/wp-json\/wp\/v2\/comments?post=38443"}],"version-history":[{"count":3,"href":"https:\/\/www.electrosuisse.ch\/de\/wp-json\/wp\/v2\/posts\/38443\/revisions"}],"predecessor-version":[{"id":42163,"href":"https:\/\/www.electrosuisse.ch\/de\/wp-json\/wp\/v2\/posts\/38443\/revisions\/42163"}],"wp:attachment":[{"href":"https:\/\/www.electrosuisse.ch\/de\/wp-json\/wp\/v2\/media?parent=38443"}],"wp:term":[{"taxonomy":"category","embeddable":true,"href":"https:\/\/www.electrosuisse.ch\/de\/wp-json\/wp\/v2\/categories?post=38443"},{"taxonomy":"post_tag","embeddable":true,"href":"https:\/\/www.electrosuisse.ch\/de\/wp-json\/wp\/v2\/tags?post=38443"}],"curies":[{"name":"wp","href":"https:\/\/api.w.org\/{rel}","templated":true}]}}