{"id":36923,"date":"2024-11-18T07:00:20","date_gmt":"2024-11-18T06:00:20","guid":{"rendered":"https:\/\/www.electrosuisse.ch\/?p=36923"},"modified":"2024-11-15T16:08:40","modified_gmt":"2024-11-15T15:08:40","slug":"electrosuisse-lohnradar-2024","status":"publish","type":"post","link":"https:\/\/www.electrosuisse.ch\/de\/electrosuisse-lohnradar-2024\/","title":{"rendered":"Electrosuisse Lohnradar 2024"},"content":{"rendered":"<div class=\"wpb-content-wrapper\"><p>[vc_row][vc_column][vc_column_text css=&#8221;&#8221;]<strong>Die f\u00fcnfte Ausgabe \u00abLohnradar\u00bb ist da. Sie zeigt deutlich, dass sich Aus- und Weiterbildung sowie Berufserfahrung lohnen. Besonders ausgepr\u00e4gt sind die Vorteile einer betriebswirtschaftlichen Weiterbildung. Interessante Erkenntnisse liefert die Studie auch zum Thema Internationalit\u00e4t.<\/strong><\/p>\n<p>Der Lohnradar beinhaltet eine fundierte Arbeitsmarktstudie mit spannenden redaktionellen Beitr\u00e4gen zu Themen wie Internationalit\u00e4t, Lohntransparenz und MINT-F\u00f6rderung. Die Studie liefert grafische Auswertungen und detaillierte Interpretationen zu den Lohnunterschieden nach Bildungsniveau, Alter und Funktionsstufe. Insbesondere wird deutlich, dass sich eine betriebswirtschaftliche Weiterbildung sowohl finanziell als auch emotional lohnt.<\/p>\n<p>Das Schwerpunktthema <strong>Internationalit\u00e4t<\/strong> beleuchtet den Mehrwert von Auslandsaufenthalten und der Zusammenarbeit mit internationalen Kolleginnen und Kollegen. Die wichtigsten Gr\u00fcnde f\u00fcr einen Auslandsaufenthalt sind die Verbesserung der Sprachkenntnisse, berufliche Chancen und das Kennenlernen neuer Kulturen. Solche Erfahrungen erweitern Perspektiven und sind in unserer global vernetzten Branche ein zentraler Faktor f\u00fcr die pers\u00f6nliche und berufliche Weiterentwicklung.<\/p>\n<p><em>Weitere Informationen unter:<\/em><br \/>\n<em><a href=\"http:\/\/www.electrosuisse.ch\/lohnradar\" target=\"_blank\" rel=\"noopener\">www.electrosuisse.ch\/lohnradar<\/a><\/em>[\/vc_column_text][\/vc_column][\/vc_row]<\/p>\n<\/div>","protected":false},"excerpt":{"rendered":"<p>[vc_row][vc_column][vc_column_text css=&#8221;&#8221;]Die f\u00fcnfte Ausgabe \u00abLohnradar\u00bb ist da. Sie zeigt deutlich, dass sich Aus- und Weiterbildung sowie Berufserfahrung lohnen. Besonders ausgepr\u00e4gt sind die Vorteile einer betriebswirtschaftlichen Weiterbildung. Interessante Erkenntnisse liefert die Studie auch zum Thema Internationalit\u00e4t. Der Lohnradar beinhaltet eine fundierte Arbeitsmarktstudie mit spannenden redaktionellen Beitr\u00e4gen zu Themen wie Internationalit\u00e4t, Lohntransparenz und MINT-F\u00f6rderung. Die Studie liefert [&hellip;]<\/p>\n","protected":false},"author":28,"featured_media":0,"comment_status":"closed","ping_status":"closed","sticky":false,"template":"","format":"standard","meta":{"_acf_changed":false,"_monsterinsights_skip_tracking":false,"_monsterinsights_sitenote_active":false,"_monsterinsights_sitenote_note":"","_monsterinsights_sitenote_category":0,"footnotes":""},"categories":[1],"tags":[204,237,170,238,239],"class_list":["post-36923","post","type-post","status-publish","format-standard","hentry","category-unkategorisiert","tag-elektroinstallation","tag-energieversorgung","tag-gebaeudetechnik","tag-mobilitaet","tag-produktion-und-dienstleistung"],"acf":[],"yoast_head":"<!-- This site is optimized with the Yoast SEO Premium plugin v26.4 (Yoast SEO v27.0) - https:\/\/yoast.com\/product\/yoast-seo-premium-wordpress\/ -->\n<title>Electrosuisse Lohnradar 2024<\/title>\n<meta name=\"description\" content=\"Die f\u00fcnfte Ausgabe \u00abLohnradar\u00bb ist da. Sie zeigt deutlich, dass sich Aus- und Weiterbildung sowie Berufserfahrung lohnen.\" \/>\n<meta name=\"robots\" content=\"index, follow, max-snippet:-1, max-image-preview:large, max-video-preview:-1\" \/>\n<link rel=\"canonical\" href=\"https:\/\/www.electrosuisse.ch\/de\/electrosuisse-lohnradar-2024\/\" \/>\n<meta property=\"og:locale\" content=\"de_DE\" \/>\n<meta property=\"og:type\" content=\"article\" \/>\n<meta property=\"og:title\" content=\"Electrosuisse Lohnradar 2024\" \/>\n<meta property=\"og:description\" content=\"Die f\u00fcnfte Ausgabe \u00abLohnradar\u00bb ist da. Sie zeigt deutlich, dass sich Aus- und Weiterbildung sowie Berufserfahrung lohnen.\" \/>\n<meta property=\"og:url\" content=\"https:\/\/www.electrosuisse.ch\/de\/electrosuisse-lohnradar-2024\/\" \/>\n<meta property=\"og:site_name\" content=\"Electrosuisse\" \/>\n<meta property=\"article:published_time\" content=\"2024-11-18T06:00:20+00:00\" \/>\n<meta property=\"og:image\" content=\"https:\/\/www.electrosuisse.ch\/wp-content\/uploads\/2024\/11\/Lohnradar-1660x470-1.png\" \/>\n\t<meta property=\"og:image:width\" content=\"1200\" \/>\n\t<meta property=\"og:image:height\" content=\"675\" \/>\n\t<meta property=\"og:image:type\" content=\"image\/png\" \/>\n<meta name=\"author\" content=\"Andrea Hinterm\u00fcller\" \/>\n<script type=\"application\/ld+json\" class=\"yoast-schema-graph\">{\"@context\":\"https:\/\/schema.org\",\"@graph\":[{\"@type\":\"Article\",\"@id\":\"https:\/\/www.electrosuisse.ch\/de\/electrosuisse-lohnradar-2024\/#article\",\"isPartOf\":{\"@id\":\"https:\/\/www.electrosuisse.ch\/de\/electrosuisse-lohnradar-2024\/\"},\"author\":{\"name\":\"Andrea Hinterm\u00fcller\",\"@id\":\"https:\/\/www.electrosuisse.ch\/de\/#\/schema\/person\/4511b20b7baa8bd28a362b20c15b659f\"},\"headline\":\"Electrosuisse Lohnradar 2024\",\"datePublished\":\"2024-11-18T06:00:20+00:00\",\"mainEntityOfPage\":{\"@id\":\"https:\/\/www.electrosuisse.ch\/de\/electrosuisse-lohnradar-2024\/\"},\"wordCount\":170,\"publisher\":{\"@id\":\"https:\/\/www.electrosuisse.ch\/de\/#organization\"},\"keywords\":[\"Elektroinstallation\",\"Energieversorgung\",\"Gebaeudetechnik\",\"Mobilit\u00e4t\",\"Produktion und Dienstleistung\"],\"articleSection\":[\"Unkategorisiert\"],\"inLanguage\":\"de\"},{\"@type\":\"WebPage\",\"@id\":\"https:\/\/www.electrosuisse.ch\/de\/electrosuisse-lohnradar-2024\/\",\"url\":\"https:\/\/www.electrosuisse.ch\/de\/electrosuisse-lohnradar-2024\/\",\"name\":\"Electrosuisse Lohnradar 2024\",\"isPartOf\":{\"@id\":\"https:\/\/www.electrosuisse.ch\/de\/#website\"},\"datePublished\":\"2024-11-18T06:00:20+00:00\",\"description\":\"Die f\u00fcnfte Ausgabe \u00abLohnradar\u00bb ist da. Sie zeigt deutlich, dass sich Aus- und Weiterbildung sowie Berufserfahrung lohnen.\",\"inLanguage\":\"de\",\"potentialAction\":[{\"@type\":\"ReadAction\",\"target\":[\"https:\/\/www.electrosuisse.ch\/de\/electrosuisse-lohnradar-2024\/\"]}]},{\"@type\":\"WebSite\",\"@id\":\"https:\/\/www.electrosuisse.ch\/de\/#website\",\"url\":\"https:\/\/www.electrosuisse.ch\/de\/\",\"name\":\"Electrosuisse\",\"description\":\"\",\"publisher\":{\"@id\":\"https:\/\/www.electrosuisse.ch\/de\/#organization\"},\"potentialAction\":[{\"@type\":\"SearchAction\",\"target\":{\"@type\":\"EntryPoint\",\"urlTemplate\":\"https:\/\/www.electrosuisse.ch\/de\/?s={search_term_string}\"},\"query-input\":{\"@type\":\"PropertyValueSpecification\",\"valueRequired\":true,\"valueName\":\"search_term_string\"}}],\"inLanguage\":\"de\"},{\"@type\":\"Organization\",\"@id\":\"https:\/\/www.electrosuisse.ch\/de\/#organization\",\"name\":\"Electrosuisse\",\"url\":\"https:\/\/www.electrosuisse.ch\/de\/\",\"logo\":{\"@type\":\"ImageObject\",\"inLanguage\":\"de\",\"@id\":\"https:\/\/www.electrosuisse.ch\/de\/#\/schema\/logo\/image\/\",\"url\":\"https:\/\/www.electrosuisse.ch\/wp-content\/uploads\/2025\/04\/Electrosuisse_Logo_696x696.png\",\"contentUrl\":\"https:\/\/www.electrosuisse.ch\/wp-content\/uploads\/2025\/04\/Electrosuisse_Logo_696x696.png\",\"width\":696,\"height\":696,\"caption\":\"Electrosuisse\"},\"image\":{\"@id\":\"https:\/\/www.electrosuisse.ch\/de\/#\/schema\/logo\/image\/\"},\"sameAs\":[\"https:\/\/www.linkedin.com\/company\/electrosuisse-ag\/posts\/?feedView=all\",\"https:\/\/www.instagram.com\/electrosuisse1889\/\",\"https:\/\/www.youtube.com\/channel\/UCoOxohMiVE0Gjcdis1L09zw\"],\"description\":\"Electrosuisse ist eine anerkannte und unabh\u00e4ngige Fachorganisation, die erstklassige Dienstleistungen und Produkte in den Bereichen Inspektion, Beratung, Pr\u00fcfung, Zertifizierung, Normung und Weiterbildung anbietet. Unsere Expertise umfasst Elektrotechnik, Elektromobilit\u00e4t, Energieberatung, Geb\u00e4udeautomation und Photovoltaik in der Schweiz. Durch die Veranstaltung etablierter Branchen-Events und Fachtagungen f\u00f6rdert Electrosuisse den Wissenstransfer und den fachlichen Austausch. Im Mittelpunkt unserer T\u00e4tigkeiten steht die F\u00f6rderung der sicheren, wirtschaftlichen und umweltgerechten Anwendung der Elektrotechnik.\"},{\"@type\":\"Person\",\"@id\":\"https:\/\/www.electrosuisse.ch\/de\/#\/schema\/person\/4511b20b7baa8bd28a362b20c15b659f\",\"name\":\"Andrea Hinterm\u00fcller\",\"image\":{\"@type\":\"ImageObject\",\"inLanguage\":\"de\",\"@id\":\"https:\/\/www.electrosuisse.ch\/de\/#\/schema\/person\/image\/\",\"url\":\"https:\/\/secure.gravatar.com\/avatar\/65ca707900a8dbd7105786d9eb76eb2875a966e7545a220ad2b769e589c780e5?s=96&d=mm&r=g\",\"contentUrl\":\"https:\/\/secure.gravatar.com\/avatar\/65ca707900a8dbd7105786d9eb76eb2875a966e7545a220ad2b769e589c780e5?s=96&d=mm&r=g\",\"caption\":\"Andrea Hinterm\u00fcller\"}}]}<\/script>\n<!-- \/ Yoast SEO Premium plugin. -->","yoast_head_json":{"title":"Electrosuisse Lohnradar 2024","description":"Die f\u00fcnfte Ausgabe \u00abLohnradar\u00bb ist da. Sie zeigt deutlich, dass sich Aus- und Weiterbildung sowie Berufserfahrung lohnen.","robots":{"index":"index","follow":"follow","max-snippet":"max-snippet:-1","max-image-preview":"max-image-preview:large","max-video-preview":"max-video-preview:-1"},"canonical":"https:\/\/www.electrosuisse.ch\/de\/electrosuisse-lohnradar-2024\/","og_locale":"de_DE","og_type":"article","og_title":"Electrosuisse Lohnradar 2024","og_description":"Die f\u00fcnfte Ausgabe \u00abLohnradar\u00bb ist da. Sie zeigt deutlich, dass sich Aus- und Weiterbildung sowie Berufserfahrung lohnen.","og_url":"https:\/\/www.electrosuisse.ch\/de\/electrosuisse-lohnradar-2024\/","og_site_name":"Electrosuisse","article_published_time":"2024-11-18T06:00:20+00:00","og_image":[{"width":1200,"height":675,"url":"https:\/\/www.electrosuisse.ch\/wp-content\/uploads\/2024\/11\/Lohnradar-1660x470-1.png","type":"image\/png"}],"author":"Andrea Hinterm\u00fcller","schema":{"@context":"https:\/\/schema.org","@graph":[{"@type":"Article","@id":"https:\/\/www.electrosuisse.ch\/de\/electrosuisse-lohnradar-2024\/#article","isPartOf":{"@id":"https:\/\/www.electrosuisse.ch\/de\/electrosuisse-lohnradar-2024\/"},"author":{"name":"Andrea Hinterm\u00fcller","@id":"https:\/\/www.electrosuisse.ch\/de\/#\/schema\/person\/4511b20b7baa8bd28a362b20c15b659f"},"headline":"Electrosuisse Lohnradar 2024","datePublished":"2024-11-18T06:00:20+00:00","mainEntityOfPage":{"@id":"https:\/\/www.electrosuisse.ch\/de\/electrosuisse-lohnradar-2024\/"},"wordCount":170,"publisher":{"@id":"https:\/\/www.electrosuisse.ch\/de\/#organization"},"keywords":["Elektroinstallation","Energieversorgung","Gebaeudetechnik","Mobilit\u00e4t","Produktion und Dienstleistung"],"articleSection":["Unkategorisiert"],"inLanguage":"de"},{"@type":"WebPage","@id":"https:\/\/www.electrosuisse.ch\/de\/electrosuisse-lohnradar-2024\/","url":"https:\/\/www.electrosuisse.ch\/de\/electrosuisse-lohnradar-2024\/","name":"Electrosuisse Lohnradar 2024","isPartOf":{"@id":"https:\/\/www.electrosuisse.ch\/de\/#website"},"datePublished":"2024-11-18T06:00:20+00:00","description":"Die f\u00fcnfte Ausgabe \u00abLohnradar\u00bb ist da. Sie zeigt deutlich, dass sich Aus- und Weiterbildung sowie Berufserfahrung lohnen.","inLanguage":"de","potentialAction":[{"@type":"ReadAction","target":["https:\/\/www.electrosuisse.ch\/de\/electrosuisse-lohnradar-2024\/"]}]},{"@type":"WebSite","@id":"https:\/\/www.electrosuisse.ch\/de\/#website","url":"https:\/\/www.electrosuisse.ch\/de\/","name":"Electrosuisse","description":"","publisher":{"@id":"https:\/\/www.electrosuisse.ch\/de\/#organization"},"potentialAction":[{"@type":"SearchAction","target":{"@type":"EntryPoint","urlTemplate":"https:\/\/www.electrosuisse.ch\/de\/?s={search_term_string}"},"query-input":{"@type":"PropertyValueSpecification","valueRequired":true,"valueName":"search_term_string"}}],"inLanguage":"de"},{"@type":"Organization","@id":"https:\/\/www.electrosuisse.ch\/de\/#organization","name":"Electrosuisse","url":"https:\/\/www.electrosuisse.ch\/de\/","logo":{"@type":"ImageObject","inLanguage":"de","@id":"https:\/\/www.electrosuisse.ch\/de\/#\/schema\/logo\/image\/","url":"https:\/\/www.electrosuisse.ch\/wp-content\/uploads\/2025\/04\/Electrosuisse_Logo_696x696.png","contentUrl":"https:\/\/www.electrosuisse.ch\/wp-content\/uploads\/2025\/04\/Electrosuisse_Logo_696x696.png","width":696,"height":696,"caption":"Electrosuisse"},"image":{"@id":"https:\/\/www.electrosuisse.ch\/de\/#\/schema\/logo\/image\/"},"sameAs":["https:\/\/www.linkedin.com\/company\/electrosuisse-ag\/posts\/?feedView=all","https:\/\/www.instagram.com\/electrosuisse1889\/","https:\/\/www.youtube.com\/channel\/UCoOxohMiVE0Gjcdis1L09zw"],"description":"Electrosuisse ist eine anerkannte und unabh\u00e4ngige Fachorganisation, die erstklassige Dienstleistungen und Produkte in den Bereichen Inspektion, Beratung, Pr\u00fcfung, Zertifizierung, Normung und Weiterbildung anbietet. Unsere Expertise umfasst Elektrotechnik, Elektromobilit\u00e4t, Energieberatung, Geb\u00e4udeautomation und Photovoltaik in der Schweiz. Durch die Veranstaltung etablierter Branchen-Events und Fachtagungen f\u00f6rdert Electrosuisse den Wissenstransfer und den fachlichen Austausch. Im Mittelpunkt unserer T\u00e4tigkeiten steht die F\u00f6rderung der sicheren, wirtschaftlichen und umweltgerechten Anwendung der Elektrotechnik."},{"@type":"Person","@id":"https:\/\/www.electrosuisse.ch\/de\/#\/schema\/person\/4511b20b7baa8bd28a362b20c15b659f","name":"Andrea Hinterm\u00fcller","image":{"@type":"ImageObject","inLanguage":"de","@id":"https:\/\/www.electrosuisse.ch\/de\/#\/schema\/person\/image\/","url":"https:\/\/secure.gravatar.com\/avatar\/65ca707900a8dbd7105786d9eb76eb2875a966e7545a220ad2b769e589c780e5?s=96&d=mm&r=g","contentUrl":"https:\/\/secure.gravatar.com\/avatar\/65ca707900a8dbd7105786d9eb76eb2875a966e7545a220ad2b769e589c780e5?s=96&d=mm&r=g","caption":"Andrea Hinterm\u00fcller"}}]}},"amp_enabled":true,"_links":{"self":[{"href":"https:\/\/www.electrosuisse.ch\/de\/wp-json\/wp\/v2\/posts\/36923","targetHints":{"allow":["GET"]}}],"collection":[{"href":"https:\/\/www.electrosuisse.ch\/de\/wp-json\/wp\/v2\/posts"}],"about":[{"href":"https:\/\/www.electrosuisse.ch\/de\/wp-json\/wp\/v2\/types\/post"}],"author":[{"embeddable":true,"href":"https:\/\/www.electrosuisse.ch\/de\/wp-json\/wp\/v2\/users\/28"}],"replies":[{"embeddable":true,"href":"https:\/\/www.electrosuisse.ch\/de\/wp-json\/wp\/v2\/comments?post=36923"}],"version-history":[{"count":1,"href":"https:\/\/www.electrosuisse.ch\/de\/wp-json\/wp\/v2\/posts\/36923\/revisions"}],"predecessor-version":[{"id":36933,"href":"https:\/\/www.electrosuisse.ch\/de\/wp-json\/wp\/v2\/posts\/36923\/revisions\/36933"}],"wp:attachment":[{"href":"https:\/\/www.electrosuisse.ch\/de\/wp-json\/wp\/v2\/media?parent=36923"}],"wp:term":[{"taxonomy":"category","embeddable":true,"href":"https:\/\/www.electrosuisse.ch\/de\/wp-json\/wp\/v2\/categories?post=36923"},{"taxonomy":"post_tag","embeddable":true,"href":"https:\/\/www.electrosuisse.ch\/de\/wp-json\/wp\/v2\/tags?post=36923"}],"curies":[{"name":"wp","href":"https:\/\/api.w.org\/{rel}","templated":true}]}}