{"id":36561,"date":"2024-09-12T07:54:04","date_gmt":"2024-09-12T05:54:04","guid":{"rendered":"https:\/\/www.electrosuisse.ch\/?p=36561"},"modified":"2024-10-03T14:39:57","modified_gmt":"2024-10-03T12:39:57","slug":"neuer-geschaeftsfuehrer","status":"publish","type":"post","link":"https:\/\/www.electrosuisse.ch\/de\/neuer-geschaeftsfuehrer\/","title":{"rendered":"Bj\u00f6rn Avak wird neuer Gesch\u00e4ftsf\u00fchrer von Electrosuisse"},"content":{"rendered":"<div class=\"wpb-content-wrapper\"><p>[vc_row][vc_column][vc_column_text css=&#8221;&#8221;]<strong>Bj\u00f6rn Avak ist seit 2017 als Leiter des Gesch\u00e4ftsbereichs Beratung, Inspektion und Engineering f\u00fcr Electrosuisse t\u00e4tig. In dieser Zeit digitalisierte er erfolgreich das Leistungsangebot und baute mit seinem Team interdisziplin\u00e4res Engineering als neues Gesch\u00e4ftsfeld auf.<\/strong><\/p>\n<p>Bj\u00f6rn Avak (44) ist Elektroingenieur, studierte am Georgia Institute of Technology, Atlanta, und<br \/>\nschloss ein Doktorat an der ETH Z\u00fcrich ab. Vor seinem Eintritt bei Electrosuisse war er f\u00fcr die Geb\u00e4udetechniksparte der Siemens AG t\u00e4tig, wo er verschiedene Fach- und F\u00fchrungsaufgaben in Produktmanagement und Vertrieb aus\u00fcbte.<\/p>\n<p>\u00abIch freue mich sehr, dass wir nach einem mehrstufigen Auswahlverfahren mit Bj\u00f6rn Avak eine talentierte Pers\u00f6nlichkeit aus den eigenen Reihen f\u00fcr diese Position gewinnen konnten. Er verf\u00fcgt \u00fcber breite Erfahrung in der Elektro- und Energietechnik, kennt die Branche und ist mit den vielf\u00e4ltigen Aktivit\u00e4ten der Electrosuisse bestens vertraut\u00bb, sagt Dr. Dieter Reichelt, Pr\u00e4sident von Electrosuisse.<\/p>\n<p>Bj\u00f6rn Avak tritt die Nachfolge von Markus Burger an, der nach dreizehn Jahren erfolgreicher T\u00e4tigkeit per Ende Mai 2025 in den Ruhestand tritt. Der Vorstand von Electrosuisse dankt Markus Burger f\u00fcr sein grosses Engagement in den vergangenen Jahren. Unter seiner F\u00fchrung hat sich die Position von Electrosuisse als relevanter Partner f\u00fcr Kunden und Mitglieder nachhaltig gest\u00e4rkt.<\/p>\n<p>Der neu ernannte Gesch\u00e4ftsf\u00fchrer Bj\u00f6rn Avak sagt: \u00abIch freue mich auf die neue Aufgabe und die Zusammenarbeit mit dem Team von Electrosuisse. Die Branche steht vor spannenden Herausforderungen. Die Fachorganisation Electrosuisse ist bestens ger\u00fcstet, um hierzu mit ganzheitlich durchdachten L\u00f6sungen beizutragen.\u00bb[\/vc_column_text]<div class=\"wpb_document_column wpb_content_element\"><div class=\"wpb_wrapper\"><div class=\"document document--pdf\"><a href=\"https:\/\/www.electrosuisse.ch\/wp-content\/uploads\/2024\/09\/24_09_12_Medienmitteilung.pdf\" target=\"_blank\">Medienmitteilung<\/a><\/div><\/div><\/div>[\/vc_column][\/vc_row]<\/p>\n<\/div>","protected":false},"excerpt":{"rendered":"<p>[vc_row][vc_column][vc_column_text css=&#8221;&#8221;]Bj\u00f6rn Avak ist seit 2017 als Leiter des Gesch\u00e4ftsbereichs Beratung, Inspektion und Engineering f\u00fcr Electrosuisse t\u00e4tig. In dieser Zeit digitalisierte er erfolgreich das Leistungsangebot und baute mit seinem Team interdisziplin\u00e4res Engineering als neues Gesch\u00e4ftsfeld auf. Bj\u00f6rn Avak (44) ist Elektroingenieur, studierte am Georgia Institute of Technology, Atlanta, und schloss ein Doktorat an der ETH [&hellip;]<\/p>\n","protected":false},"author":38,"featured_media":0,"comment_status":"closed","ping_status":"closed","sticky":false,"template":"","format":"standard","meta":{"_acf_changed":false,"_monsterinsights_skip_tracking":false,"_monsterinsights_sitenote_active":false,"_monsterinsights_sitenote_note":"","_monsterinsights_sitenote_category":0,"footnotes":""},"categories":[1],"tags":[],"class_list":["post-36561","post","type-post","status-publish","format-standard","hentry","category-unkategorisiert"],"acf":[],"yoast_head":"<!-- This site is optimized with the Yoast SEO Premium plugin v26.4 (Yoast SEO v27.0) - https:\/\/yoast.com\/product\/yoast-seo-premium-wordpress\/ -->\n<title>Bj\u00f6rn Avak wird neuer Gesch\u00e4ftsf\u00fchrer von Electrosuisse - Electrosuisse<\/title>\n<meta name=\"description\" content=\"Der Electrosuisse-Vorstand hat Dr. Bj\u00f6rn Avak zum neuen Gesch\u00e4ftsf\u00fchrer der Electrosuisse ernannt. Er wird die Funktion per 1. Januar 2025 \u00fcbernehmen.\" \/>\n<meta name=\"robots\" content=\"index, follow, max-snippet:-1, max-image-preview:large, max-video-preview:-1\" \/>\n<link rel=\"canonical\" href=\"https:\/\/www.electrosuisse.ch\/de\/neuer-geschaeftsfuehrer\/\" \/>\n<meta property=\"og:locale\" content=\"de_DE\" \/>\n<meta property=\"og:type\" content=\"article\" \/>\n<meta property=\"og:title\" content=\"Bj\u00f6rn Avak wird neuer Gesch\u00e4ftsf\u00fchrer von Electrosuisse - Electrosuisse\" \/>\n<meta property=\"og:description\" content=\"Der Electrosuisse-Vorstand hat Dr. Bj\u00f6rn Avak zum neuen Gesch\u00e4ftsf\u00fchrer der Electrosuisse ernannt. Er wird die Funktion per 1. Januar 2025 \u00fcbernehmen.\" \/>\n<meta property=\"og:url\" content=\"https:\/\/www.electrosuisse.ch\/de\/neuer-geschaeftsfuehrer\/\" \/>\n<meta property=\"og:site_name\" content=\"Electrosuisse\" \/>\n<meta property=\"article:published_time\" content=\"2024-09-12T05:54:04+00:00\" \/>\n<meta property=\"article:modified_time\" content=\"2024-10-03T12:39:57+00:00\" \/>\n<meta property=\"og:image\" content=\"https:\/\/www.electrosuisse.ch\/wp-content\/uploads\/2024\/09\/BjoernAvak_1660x470-neu.png\" \/>\n\t<meta property=\"og:image:width\" content=\"1200\" \/>\n\t<meta property=\"og:image:height\" content=\"675\" \/>\n\t<meta property=\"og:image:type\" content=\"image\/png\" \/>\n<meta name=\"author\" content=\"Sina Joller\" \/>\n<script type=\"application\/ld+json\" class=\"yoast-schema-graph\">{\"@context\":\"https:\/\/schema.org\",\"@graph\":[{\"@type\":\"Article\",\"@id\":\"https:\/\/www.electrosuisse.ch\/de\/neuer-geschaeftsfuehrer\/#article\",\"isPartOf\":{\"@id\":\"https:\/\/www.electrosuisse.ch\/de\/neuer-geschaeftsfuehrer\/\"},\"author\":{\"name\":\"Sina Joller\",\"@id\":\"https:\/\/www.electrosuisse.ch\/de\/#\/schema\/person\/e8142e4593653cd8447f7f52e1e5379f\"},\"headline\":\"Bj\u00f6rn Avak wird neuer Gesch\u00e4ftsf\u00fchrer von Electrosuisse\",\"datePublished\":\"2024-09-12T05:54:04+00:00\",\"dateModified\":\"2024-10-03T12:39:57+00:00\",\"mainEntityOfPage\":{\"@id\":\"https:\/\/www.electrosuisse.ch\/de\/neuer-geschaeftsfuehrer\/\"},\"wordCount\":292,\"publisher\":{\"@id\":\"https:\/\/www.electrosuisse.ch\/de\/#organization\"},\"articleSection\":[\"Unkategorisiert\"],\"inLanguage\":\"de\"},{\"@type\":\"WebPage\",\"@id\":\"https:\/\/www.electrosuisse.ch\/de\/neuer-geschaeftsfuehrer\/\",\"url\":\"https:\/\/www.electrosuisse.ch\/de\/neuer-geschaeftsfuehrer\/\",\"name\":\"Bj\u00f6rn Avak wird neuer Gesch\u00e4ftsf\u00fchrer von Electrosuisse - Electrosuisse\",\"isPartOf\":{\"@id\":\"https:\/\/www.electrosuisse.ch\/de\/#website\"},\"datePublished\":\"2024-09-12T05:54:04+00:00\",\"dateModified\":\"2024-10-03T12:39:57+00:00\",\"description\":\"Der Electrosuisse-Vorstand hat Dr. Bj\u00f6rn Avak zum neuen Gesch\u00e4ftsf\u00fchrer der Electrosuisse ernannt. Er wird die Funktion per 1. Januar 2025 \u00fcbernehmen.\",\"inLanguage\":\"de\",\"potentialAction\":[{\"@type\":\"ReadAction\",\"target\":[\"https:\/\/www.electrosuisse.ch\/de\/neuer-geschaeftsfuehrer\/\"]}]},{\"@type\":\"WebSite\",\"@id\":\"https:\/\/www.electrosuisse.ch\/de\/#website\",\"url\":\"https:\/\/www.electrosuisse.ch\/de\/\",\"name\":\"Electrosuisse\",\"description\":\"\",\"publisher\":{\"@id\":\"https:\/\/www.electrosuisse.ch\/de\/#organization\"},\"potentialAction\":[{\"@type\":\"SearchAction\",\"target\":{\"@type\":\"EntryPoint\",\"urlTemplate\":\"https:\/\/www.electrosuisse.ch\/de\/?s={search_term_string}\"},\"query-input\":{\"@type\":\"PropertyValueSpecification\",\"valueRequired\":true,\"valueName\":\"search_term_string\"}}],\"inLanguage\":\"de\"},{\"@type\":\"Organization\",\"@id\":\"https:\/\/www.electrosuisse.ch\/de\/#organization\",\"name\":\"Electrosuisse\",\"url\":\"https:\/\/www.electrosuisse.ch\/de\/\",\"logo\":{\"@type\":\"ImageObject\",\"inLanguage\":\"de\",\"@id\":\"https:\/\/www.electrosuisse.ch\/de\/#\/schema\/logo\/image\/\",\"url\":\"https:\/\/www.electrosuisse.ch\/wp-content\/uploads\/2025\/04\/Electrosuisse_Logo_696x696.png\",\"contentUrl\":\"https:\/\/www.electrosuisse.ch\/wp-content\/uploads\/2025\/04\/Electrosuisse_Logo_696x696.png\",\"width\":696,\"height\":696,\"caption\":\"Electrosuisse\"},\"image\":{\"@id\":\"https:\/\/www.electrosuisse.ch\/de\/#\/schema\/logo\/image\/\"},\"sameAs\":[\"https:\/\/www.linkedin.com\/company\/electrosuisse-ag\/posts\/?feedView=all\",\"https:\/\/www.instagram.com\/electrosuisse1889\/\",\"https:\/\/www.youtube.com\/channel\/UCoOxohMiVE0Gjcdis1L09zw\"],\"description\":\"Electrosuisse ist eine anerkannte und unabh\u00e4ngige Fachorganisation, die erstklassige Dienstleistungen und Produkte in den Bereichen Inspektion, Beratung, Pr\u00fcfung, Zertifizierung, Normung und Weiterbildung anbietet. Unsere Expertise umfasst Elektrotechnik, Elektromobilit\u00e4t, Energieberatung, Geb\u00e4udeautomation und Photovoltaik in der Schweiz. Durch die Veranstaltung etablierter Branchen-Events und Fachtagungen f\u00f6rdert Electrosuisse den Wissenstransfer und den fachlichen Austausch. Im Mittelpunkt unserer T\u00e4tigkeiten steht die F\u00f6rderung der sicheren, wirtschaftlichen und umweltgerechten Anwendung der Elektrotechnik.\"},{\"@type\":\"Person\",\"@id\":\"https:\/\/www.electrosuisse.ch\/de\/#\/schema\/person\/e8142e4593653cd8447f7f52e1e5379f\",\"name\":\"Sina Joller\",\"image\":{\"@type\":\"ImageObject\",\"inLanguage\":\"de\",\"@id\":\"https:\/\/www.electrosuisse.ch\/de\/#\/schema\/person\/image\/\",\"url\":\"https:\/\/secure.gravatar.com\/avatar\/f4249260ddfc146ca88a738cc36d33a9064b17699fb30f04ffaa14260da60942?s=96&d=mm&r=g\",\"contentUrl\":\"https:\/\/secure.gravatar.com\/avatar\/f4249260ddfc146ca88a738cc36d33a9064b17699fb30f04ffaa14260da60942?s=96&d=mm&r=g\",\"caption\":\"Sina Joller\"}}]}<\/script>\n<!-- \/ Yoast SEO Premium plugin. -->","yoast_head_json":{"title":"Bj\u00f6rn Avak wird neuer Gesch\u00e4ftsf\u00fchrer von Electrosuisse - Electrosuisse","description":"Der Electrosuisse-Vorstand hat Dr. Bj\u00f6rn Avak zum neuen Gesch\u00e4ftsf\u00fchrer der Electrosuisse ernannt. Er wird die Funktion per 1. Januar 2025 \u00fcbernehmen.","robots":{"index":"index","follow":"follow","max-snippet":"max-snippet:-1","max-image-preview":"max-image-preview:large","max-video-preview":"max-video-preview:-1"},"canonical":"https:\/\/www.electrosuisse.ch\/de\/neuer-geschaeftsfuehrer\/","og_locale":"de_DE","og_type":"article","og_title":"Bj\u00f6rn Avak wird neuer Gesch\u00e4ftsf\u00fchrer von Electrosuisse - Electrosuisse","og_description":"Der Electrosuisse-Vorstand hat Dr. Bj\u00f6rn Avak zum neuen Gesch\u00e4ftsf\u00fchrer der Electrosuisse ernannt. Er wird die Funktion per 1. Januar 2025 \u00fcbernehmen.","og_url":"https:\/\/www.electrosuisse.ch\/de\/neuer-geschaeftsfuehrer\/","og_site_name":"Electrosuisse","article_published_time":"2024-09-12T05:54:04+00:00","article_modified_time":"2024-10-03T12:39:57+00:00","og_image":[{"width":1200,"height":675,"url":"https:\/\/www.electrosuisse.ch\/wp-content\/uploads\/2024\/09\/BjoernAvak_1660x470-neu.png","type":"image\/png"}],"author":"Sina Joller","schema":{"@context":"https:\/\/schema.org","@graph":[{"@type":"Article","@id":"https:\/\/www.electrosuisse.ch\/de\/neuer-geschaeftsfuehrer\/#article","isPartOf":{"@id":"https:\/\/www.electrosuisse.ch\/de\/neuer-geschaeftsfuehrer\/"},"author":{"name":"Sina Joller","@id":"https:\/\/www.electrosuisse.ch\/de\/#\/schema\/person\/e8142e4593653cd8447f7f52e1e5379f"},"headline":"Bj\u00f6rn Avak wird neuer Gesch\u00e4ftsf\u00fchrer von Electrosuisse","datePublished":"2024-09-12T05:54:04+00:00","dateModified":"2024-10-03T12:39:57+00:00","mainEntityOfPage":{"@id":"https:\/\/www.electrosuisse.ch\/de\/neuer-geschaeftsfuehrer\/"},"wordCount":292,"publisher":{"@id":"https:\/\/www.electrosuisse.ch\/de\/#organization"},"articleSection":["Unkategorisiert"],"inLanguage":"de"},{"@type":"WebPage","@id":"https:\/\/www.electrosuisse.ch\/de\/neuer-geschaeftsfuehrer\/","url":"https:\/\/www.electrosuisse.ch\/de\/neuer-geschaeftsfuehrer\/","name":"Bj\u00f6rn Avak wird neuer Gesch\u00e4ftsf\u00fchrer von Electrosuisse - Electrosuisse","isPartOf":{"@id":"https:\/\/www.electrosuisse.ch\/de\/#website"},"datePublished":"2024-09-12T05:54:04+00:00","dateModified":"2024-10-03T12:39:57+00:00","description":"Der Electrosuisse-Vorstand hat Dr. Bj\u00f6rn Avak zum neuen Gesch\u00e4ftsf\u00fchrer der Electrosuisse ernannt. Er wird die Funktion per 1. Januar 2025 \u00fcbernehmen.","inLanguage":"de","potentialAction":[{"@type":"ReadAction","target":["https:\/\/www.electrosuisse.ch\/de\/neuer-geschaeftsfuehrer\/"]}]},{"@type":"WebSite","@id":"https:\/\/www.electrosuisse.ch\/de\/#website","url":"https:\/\/www.electrosuisse.ch\/de\/","name":"Electrosuisse","description":"","publisher":{"@id":"https:\/\/www.electrosuisse.ch\/de\/#organization"},"potentialAction":[{"@type":"SearchAction","target":{"@type":"EntryPoint","urlTemplate":"https:\/\/www.electrosuisse.ch\/de\/?s={search_term_string}"},"query-input":{"@type":"PropertyValueSpecification","valueRequired":true,"valueName":"search_term_string"}}],"inLanguage":"de"},{"@type":"Organization","@id":"https:\/\/www.electrosuisse.ch\/de\/#organization","name":"Electrosuisse","url":"https:\/\/www.electrosuisse.ch\/de\/","logo":{"@type":"ImageObject","inLanguage":"de","@id":"https:\/\/www.electrosuisse.ch\/de\/#\/schema\/logo\/image\/","url":"https:\/\/www.electrosuisse.ch\/wp-content\/uploads\/2025\/04\/Electrosuisse_Logo_696x696.png","contentUrl":"https:\/\/www.electrosuisse.ch\/wp-content\/uploads\/2025\/04\/Electrosuisse_Logo_696x696.png","width":696,"height":696,"caption":"Electrosuisse"},"image":{"@id":"https:\/\/www.electrosuisse.ch\/de\/#\/schema\/logo\/image\/"},"sameAs":["https:\/\/www.linkedin.com\/company\/electrosuisse-ag\/posts\/?feedView=all","https:\/\/www.instagram.com\/electrosuisse1889\/","https:\/\/www.youtube.com\/channel\/UCoOxohMiVE0Gjcdis1L09zw"],"description":"Electrosuisse ist eine anerkannte und unabh\u00e4ngige Fachorganisation, die erstklassige Dienstleistungen und Produkte in den Bereichen Inspektion, Beratung, Pr\u00fcfung, Zertifizierung, Normung und Weiterbildung anbietet. Unsere Expertise umfasst Elektrotechnik, Elektromobilit\u00e4t, Energieberatung, Geb\u00e4udeautomation und Photovoltaik in der Schweiz. Durch die Veranstaltung etablierter Branchen-Events und Fachtagungen f\u00f6rdert Electrosuisse den Wissenstransfer und den fachlichen Austausch. Im Mittelpunkt unserer T\u00e4tigkeiten steht die F\u00f6rderung der sicheren, wirtschaftlichen und umweltgerechten Anwendung der Elektrotechnik."},{"@type":"Person","@id":"https:\/\/www.electrosuisse.ch\/de\/#\/schema\/person\/e8142e4593653cd8447f7f52e1e5379f","name":"Sina Joller","image":{"@type":"ImageObject","inLanguage":"de","@id":"https:\/\/www.electrosuisse.ch\/de\/#\/schema\/person\/image\/","url":"https:\/\/secure.gravatar.com\/avatar\/f4249260ddfc146ca88a738cc36d33a9064b17699fb30f04ffaa14260da60942?s=96&d=mm&r=g","contentUrl":"https:\/\/secure.gravatar.com\/avatar\/f4249260ddfc146ca88a738cc36d33a9064b17699fb30f04ffaa14260da60942?s=96&d=mm&r=g","caption":"Sina Joller"}}]}},"amp_enabled":true,"_links":{"self":[{"href":"https:\/\/www.electrosuisse.ch\/de\/wp-json\/wp\/v2\/posts\/36561","targetHints":{"allow":["GET"]}}],"collection":[{"href":"https:\/\/www.electrosuisse.ch\/de\/wp-json\/wp\/v2\/posts"}],"about":[{"href":"https:\/\/www.electrosuisse.ch\/de\/wp-json\/wp\/v2\/types\/post"}],"author":[{"embeddable":true,"href":"https:\/\/www.electrosuisse.ch\/de\/wp-json\/wp\/v2\/users\/38"}],"replies":[{"embeddable":true,"href":"https:\/\/www.electrosuisse.ch\/de\/wp-json\/wp\/v2\/comments?post=36561"}],"version-history":[{"count":6,"href":"https:\/\/www.electrosuisse.ch\/de\/wp-json\/wp\/v2\/posts\/36561\/revisions"}],"predecessor-version":[{"id":36665,"href":"https:\/\/www.electrosuisse.ch\/de\/wp-json\/wp\/v2\/posts\/36561\/revisions\/36665"}],"wp:attachment":[{"href":"https:\/\/www.electrosuisse.ch\/de\/wp-json\/wp\/v2\/media?parent=36561"}],"wp:term":[{"taxonomy":"category","embeddable":true,"href":"https:\/\/www.electrosuisse.ch\/de\/wp-json\/wp\/v2\/categories?post=36561"},{"taxonomy":"post_tag","embeddable":true,"href":"https:\/\/www.electrosuisse.ch\/de\/wp-json\/wp\/v2\/tags?post=36561"}],"curies":[{"name":"wp","href":"https:\/\/api.w.org\/{rel}","templated":true}]}}