{"id":36445,"date":"2024-08-22T12:53:35","date_gmt":"2024-08-22T10:53:35","guid":{"rendered":"https:\/\/www.electrosuisse.ch\/?p=36445"},"modified":"2024-08-22T14:06:04","modified_gmt":"2024-08-22T12:06:04","slug":"eforcede","status":"publish","type":"post","link":"https:\/\/www.electrosuisse.ch\/de\/eforcede\/","title":{"rendered":"Weltrekord eFORCE am Seenachtsfest Rapperswil"},"content":{"rendered":"<div class=\"wpb-content-wrapper\"><p>[vc_row][vc_column][vc_column_text css=&#8221;&#8221;]Das Seenachtsfest in Rapperswil-Jona feierte sein 100-j\u00e4hriges Jubil\u00e4um mit 75\u2019000 Besucherinnen und Besuchern und pr\u00e4sentierte eine Weltpremiere: Die erste Flugshow mit Elektroflugzeugen, geflogen von Schweizer Kampfjetpiloten, wurde als Weltrekord zertifiziert. Bereits am Vortag verfolgten Mitglieder des Electrosuisse Next Generation Network das erste gemeinsame Briefing und Flugtraining.<\/p>\n<p>Die Pipistrel Velis Electro erhielt am 10. Juni 2020 als erstes rein elektrisches Flugzeug eine Typenzulassung von der EASA. Kurz darauf flogen die Piloten Marco Buholzer und Morell Westermann von den Schweizer Alpen bis zur Nordsee, um die neue Technologie zu demonstrieren. Die Strecke von 839 km bew\u00e4ltigten sie mit dem Energie\u00e4quivalent von knapp 20 Litern Diesel.<\/p>\n<p>Im Januar 2024 kontaktierte Morell Westermann die Organisatoren des Seenachtfests mit der Idee eines elektrischen Formationsflugs. Westermann, auch bekannt als Mr. E-Flight, stellte ein Team zusammen und koordinierte die n\u00f6tigen Bewilligungen mit dem BAZL. 6 Piloten der Schweizer Luftwaffe mit der erforderlichen Ausbildung im Formationsflug und der ben\u00f6tigten aktiven Privatpilotenlizenz konnten f\u00fcr das Projekt motiviert werden.<\/p>\n<p>Logistische Herausforderungen gab es ebenfalls: Es mussten sechs der 12 registrierten Elektroflugzeuge der Schweiz bereitgestellt und ausreichend geladen werden. Ein Batterieanh\u00e4nger sorgte f\u00fcr die n\u00f6tige Energieversorgung.<\/p>\n<p>In der Luft meisterten die Piloten die Herausforderung: Im ersten Training wurden verschiedene Formationen und Turbulenzen getestet, um den finalen Ablauf zu erarbeiten.<\/p>\n<p>Am Freitag, 9. August, um 18:30 Uhr wurde der Weltrekord erfolgreich absolviert, am Sonntag, 11. August, um 13:00 Uhr folgte eine weitere Vorf\u00fchrung. Electrosuisse war als Sponsor f\u00fcr die Ladeenergie dabei, und Claudio Pfister der Fachgesellschaft e-mobile von Electrosuisse kommentierte die Shows live.<\/p>\n<p><em><a href=\"https:\/\/www.seenachtfest.ch\/eforce\/\" target=\"_blank\" rel=\"noopener\">Mehr \u00fcber eFORCE<\/a><\/em><br \/>\n<em><a href=\"https:\/\/elektro-weltrekordflug.eu\/\" target=\"_blank\" rel=\"noopener\">Mehr \u00fcber den Elektroflug 2020<\/a><\/em>[\/vc_column_text]<div class=\"wpb_video_column wpb_content_element\"><div class=\"wpb_wrapper\"><div class=\"video_container video_container--embed\"><iframe src=\"https:\/\/www.youtube-nocookie.com\/embed\/rtNQP-ZcqTo?modestbranding=1&rel=0&showinfo=0&enablejsapi=1\" frameborder=\"0\" allow=\"accelerometer; autoplay; encrypted-media; gyroscope; picture-in-picture\" allowfullscreen><\/iframe><\/div><\/div><\/div>[vc_column_text css=&#8221;&#8221;]<\/p>\n<h3>Fliegen Sie mit am 7.- 8. September in Bern-Belp<\/h3>\n<p>Unser Partnerverband Electrifly-In \u00fcberzeugt seit 2017 mit innovativen Ausstellern, Fachvortr\u00e4gen, Panels und dem Anflugwettbewerb eTrophy. Morell Westermann und ein Pilot der eFORCE werden am Samstag zur Er\u00f6ffnung \u00fcber ihre Erfahrungen in Rapperswil berichten, gefolgt von Updates aus dem ETH-Projekt Cellsius und dem EU-Projekt GENESIS. Am Sonntag h\u00f6ren wir mehr zur Entwicklung von Tilt-wing Flugzeugen aus der Schweiz, welche Senkrechtstarts erlauben, aber auch zu modularen Energiequellen und den Nachhaltigkeitspl\u00e4nen der Swiss International Air Lines. Im Ausstellungsbereich kann man Simulatoren ausprobieren und Entwicklungen interaktiv ausloten, zudem gibt es an beiden Tagen Schnupperfl\u00fcge in der zweipl\u00e4tzigen elektrischen Pipistrel Velis.<\/p>\n<p>F\u00fcr Electrosuisse Mitglieder unter 35 Jahren findet an beiden Tagen ein \u00abNGN Backstage\u00bb-Event statt und t\u00e4glich werden zwei NGN-Schnupperfl\u00fcge verlost. Interessierte finden die Anmeldeinfos im Abschnitt <strong>Electrosuisse Next Generation Network: So meldest du dich an<\/strong>.<\/p>\n<p>An Technik, Mobilit\u00e4t und Nachhaltigkeit interessierten Personen empfehlen wir gerne unsere pers\u00f6nliche Mitgliedschaft mit j\u00e4hrlich 8 qualitativ hochwertigen, aber auch ohne Ingenieursausbildung lesbaren Fachmagazinen, gest\u00fctzt von einem Newsletter zu interessanten Events, Projekten und Innovationen.<\/p>\n<p><em><a href=\"https:\/\/electrifly-in.ch\/de\/mission-de\/\" target=\"_blank\" rel=\"noopener\">Mehr \u00fcber Electrifly-in<\/a><\/em><br \/>\n<em><a href=\"https:\/\/www.e-mobile.ch\/de\/\" target=\"_blank\" rel=\"noopener\">Mehr \u00fcber Elektromobilit\u00e4t<\/a><\/em>[\/vc_column_text]<div class=\"wpb_button_column wpb_content_element wpb_content_element--left\"><div class=\"wpb_wrapper\"><div class=\"button button--normal\"><a href=\"https:\/\/www.electrosuisse.ch\/de\/werden-sie-mitglied\/persoenliche-mitgliedschaft\/\" target=\"_blank\" >Jetzt Mitglied werden<\/a><\/div><\/div><\/div>[vc_column_text css=&#8221;&#8221;]<\/p>\n<h3>Electrosuisse Next Generation Network: So meldest du dich an<\/h3>\n<div class=\"group\/conversation-turn relative flex w-full min-w-0 flex-col agent-turn\">\n<div class=\"flex-col gap-1 md:gap-3\">\n<div class=\"flex max-w-full flex-col flex-grow\">\n<div class=\"min-h-[20px] text-message flex w-full flex-col items-end gap-2 break-words [.text-message+&amp;]:mt-5 overflow-x-auto whitespace-pre-wrap\" dir=\"auto\" data-message-author-role=\"assistant\" data-message-id=\"ac229d3c-0b06-40a9-b945-7cf98c503d58\">\n<div class=\"flex w-full flex-col gap-1 empty:hidden first:pt-[3px]\">\n<div class=\"markdown prose w-full break-words dark:prose-invert light\">\n<p>Im Electrosuisse Next Generation Network bieten wir laufend spezielle Angebote f\u00fcr Lernende, Studierende und junge Berufst\u00e4tige bis 35 Jahre an. Voraussetzung ist eine pers\u00f6nliche Mitgliedschaft bei Electrosuisse und unter 35 Jahre alt. F\u00fcr Auszubildende ist die Mitgliedschaft kostenlos und endet automatisch nach Abschluss der Ausbildung. Die Teilnehmerzahl pro Event ist beschr\u00e4nkt, und die Kosten f\u00fcr Reise und Verpflegung gehen zu deinen Lasten. Wenn du verbindlich am kommenden ELECTRIFLY-Anlass teilnehmen m\u00f6chtest, sende uns bis sp\u00e4testens drei Tage vor dem Anlass eine E-Mail an <a href=\"&#109;&#x61;&#105;&#x6c;&#116;&#x6f;&#58;&#x6e;&#103;&#x6e;&#64;&#x65;&#108;&#x65;&#99;&#x74;&#114;&#x6f;&#115;&#x75;&#105;&#x73;&#115;&#x65;&#46;&#x63;h\" rel=\"noopener\">&#110;&#x67;&#110;&#x40;&#101;&#x6c;&#101;&#x63;t&#x72;o&#x73;u&#x69;s&#115;&#x65;&#46;&#x63;&#104;<\/a> mit deinen Kontaktdaten (Name, Vorname, E-Mail, Telefonnummer, Geburtsdatum) und dem gew\u00fcnschten Anlass (ELECTRIFLY). Danach erh\u00e4ltst du weitere Informationen zum Ablauf und kannst definitiv best\u00e4tigen. Das Rahmenprogramm f\u00fcr beide Tage ist auf der Webseite der Veranstalterin ersichtlich.<\/p>\n<\/div>\n<\/div>\n<\/div>\n<\/div>\n<\/div>\n<\/div>\n<p>Weitere Informationen zur Electrosuisse Next Generation Network findest du <a href=\"https:\/\/www.electrosuisse.ch\/de\/werden-sie-mitglied\/nachwuchsfoerderung\/\" target=\"_blank\" rel=\"noopener\">hier<\/a>.<br \/>\nWir freuen uns auf deine Anmeldung![\/vc_column_text][\/vc_column][\/vc_row]<\/p>\n<\/div>","protected":false},"excerpt":{"rendered":"<p>[vc_row][vc_column][vc_column_text css=&#8221;&#8221;]Das Seenachtsfest in Rapperswil-Jona feierte sein 100-j\u00e4hriges Jubil\u00e4um mit 75\u2019000 Besucherinnen und Besuchern und pr\u00e4sentierte eine Weltpremiere: Die erste Flugshow mit Elektroflugzeugen, geflogen von Schweizer Kampfjetpiloten, wurde als Weltrekord zertifiziert. Bereits am Vortag verfolgten Mitglieder des Electrosuisse Next Generation Network das erste gemeinsame Briefing und Flugtraining. Die Pipistrel Velis Electro erhielt am 10. Juni [&hellip;]<\/p>\n","protected":false},"author":38,"featured_media":0,"comment_status":"closed","ping_status":"closed","sticky":false,"template":"","format":"standard","meta":{"_acf_changed":false,"_monsterinsights_skip_tracking":false,"_monsterinsights_sitenote_active":false,"_monsterinsights_sitenote_note":"","_monsterinsights_sitenote_category":0,"footnotes":""},"categories":[1],"tags":[],"class_list":["post-36445","post","type-post","status-publish","format-standard","hentry","category-unkategorisiert"],"acf":[],"yoast_head":"<!-- This site is optimized with the Yoast SEO Premium plugin v26.4 (Yoast SEO v27.0) - https:\/\/yoast.com\/product\/yoast-seo-premium-wordpress\/ -->\n<title>Weltrekord eFORCE am Seenachtsfest Rapperswil - Electrosuisse<\/title>\n<meta name=\"robots\" content=\"index, follow, max-snippet:-1, max-image-preview:large, max-video-preview:-1\" \/>\n<link rel=\"canonical\" href=\"https:\/\/www.electrosuisse.ch\/de\/eforcede\/\" \/>\n<meta property=\"og:locale\" content=\"de_DE\" \/>\n<meta property=\"og:type\" content=\"article\" \/>\n<meta property=\"og:title\" content=\"Weltrekord eFORCE am Seenachtsfest Rapperswil - Electrosuisse\" \/>\n<meta property=\"og:description\" content=\"[vc_row][vc_column][vc_column_text css=&#8221;&#8221;]Das Seenachtsfest in Rapperswil-Jona feierte sein 100-j\u00e4hriges Jubil\u00e4um mit 75\u2019000 Besucherinnen und Besuchern und pr\u00e4sentierte eine Weltpremiere: Die erste Flugshow mit Elektroflugzeugen, geflogen von Schweizer Kampfjetpiloten, wurde als Weltrekord zertifiziert. Bereits am Vortag verfolgten Mitglieder des Electrosuisse Next Generation Network das erste gemeinsame Briefing und Flugtraining. Die Pipistrel Velis Electro erhielt am 10. Juni [&hellip;]\" \/>\n<meta property=\"og:url\" content=\"https:\/\/www.electrosuisse.ch\/de\/eforcede\/\" \/>\n<meta property=\"og:site_name\" content=\"Electrosuisse\" \/>\n<meta property=\"article:published_time\" content=\"2024-08-22T10:53:35+00:00\" \/>\n<meta property=\"article:modified_time\" content=\"2024-08-22T12:06:04+00:00\" \/>\n<meta property=\"og:image\" content=\"https:\/\/www.electrosuisse.ch\/wp-content\/uploads\/2024\/08\/flugshow_1660x470.png\" \/>\n\t<meta property=\"og:image:width\" content=\"1200\" \/>\n\t<meta property=\"og:image:height\" content=\"675\" \/>\n\t<meta property=\"og:image:type\" content=\"image\/png\" \/>\n<meta name=\"author\" content=\"Sina Joller\" \/>\n<script type=\"application\/ld+json\" class=\"yoast-schema-graph\">{\"@context\":\"https:\/\/schema.org\",\"@graph\":[{\"@type\":\"Article\",\"@id\":\"https:\/\/www.electrosuisse.ch\/de\/eforcede\/#article\",\"isPartOf\":{\"@id\":\"https:\/\/www.electrosuisse.ch\/de\/eforcede\/\"},\"author\":{\"name\":\"Sina Joller\",\"@id\":\"https:\/\/www.electrosuisse.ch\/de\/#\/schema\/person\/e8142e4593653cd8447f7f52e1e5379f\"},\"headline\":\"Weltrekord eFORCE am Seenachtsfest Rapperswil\",\"datePublished\":\"2024-08-22T10:53:35+00:00\",\"dateModified\":\"2024-08-22T12:06:04+00:00\",\"mainEntityOfPage\":{\"@id\":\"https:\/\/www.electrosuisse.ch\/de\/eforcede\/\"},\"wordCount\":666,\"publisher\":{\"@id\":\"https:\/\/www.electrosuisse.ch\/de\/#organization\"},\"articleSection\":[\"Unkategorisiert\"],\"inLanguage\":\"de\"},{\"@type\":\"WebPage\",\"@id\":\"https:\/\/www.electrosuisse.ch\/de\/eforcede\/\",\"url\":\"https:\/\/www.electrosuisse.ch\/de\/eforcede\/\",\"name\":\"Weltrekord eFORCE am Seenachtsfest Rapperswil - Electrosuisse\",\"isPartOf\":{\"@id\":\"https:\/\/www.electrosuisse.ch\/de\/#website\"},\"datePublished\":\"2024-08-22T10:53:35+00:00\",\"dateModified\":\"2024-08-22T12:06:04+00:00\",\"inLanguage\":\"de\",\"potentialAction\":[{\"@type\":\"ReadAction\",\"target\":[\"https:\/\/www.electrosuisse.ch\/de\/eforcede\/\"]}]},{\"@type\":\"WebSite\",\"@id\":\"https:\/\/www.electrosuisse.ch\/de\/#website\",\"url\":\"https:\/\/www.electrosuisse.ch\/de\/\",\"name\":\"Electrosuisse\",\"description\":\"\",\"publisher\":{\"@id\":\"https:\/\/www.electrosuisse.ch\/de\/#organization\"},\"potentialAction\":[{\"@type\":\"SearchAction\",\"target\":{\"@type\":\"EntryPoint\",\"urlTemplate\":\"https:\/\/www.electrosuisse.ch\/de\/?s={search_term_string}\"},\"query-input\":{\"@type\":\"PropertyValueSpecification\",\"valueRequired\":true,\"valueName\":\"search_term_string\"}}],\"inLanguage\":\"de\"},{\"@type\":\"Organization\",\"@id\":\"https:\/\/www.electrosuisse.ch\/de\/#organization\",\"name\":\"Electrosuisse\",\"url\":\"https:\/\/www.electrosuisse.ch\/de\/\",\"logo\":{\"@type\":\"ImageObject\",\"inLanguage\":\"de\",\"@id\":\"https:\/\/www.electrosuisse.ch\/de\/#\/schema\/logo\/image\/\",\"url\":\"https:\/\/www.electrosuisse.ch\/wp-content\/uploads\/2025\/04\/Electrosuisse_Logo_696x696.png\",\"contentUrl\":\"https:\/\/www.electrosuisse.ch\/wp-content\/uploads\/2025\/04\/Electrosuisse_Logo_696x696.png\",\"width\":696,\"height\":696,\"caption\":\"Electrosuisse\"},\"image\":{\"@id\":\"https:\/\/www.electrosuisse.ch\/de\/#\/schema\/logo\/image\/\"},\"sameAs\":[\"https:\/\/www.linkedin.com\/company\/electrosuisse-ag\/posts\/?feedView=all\",\"https:\/\/www.instagram.com\/electrosuisse1889\/\",\"https:\/\/www.youtube.com\/channel\/UCoOxohMiVE0Gjcdis1L09zw\"],\"description\":\"Electrosuisse ist eine anerkannte und unabh\u00e4ngige Fachorganisation, die erstklassige Dienstleistungen und Produkte in den Bereichen Inspektion, Beratung, Pr\u00fcfung, Zertifizierung, Normung und Weiterbildung anbietet. Unsere Expertise umfasst Elektrotechnik, Elektromobilit\u00e4t, Energieberatung, Geb\u00e4udeautomation und Photovoltaik in der Schweiz. Durch die Veranstaltung etablierter Branchen-Events und Fachtagungen f\u00f6rdert Electrosuisse den Wissenstransfer und den fachlichen Austausch. Im Mittelpunkt unserer T\u00e4tigkeiten steht die F\u00f6rderung der sicheren, wirtschaftlichen und umweltgerechten Anwendung der Elektrotechnik.\"},{\"@type\":\"Person\",\"@id\":\"https:\/\/www.electrosuisse.ch\/de\/#\/schema\/person\/e8142e4593653cd8447f7f52e1e5379f\",\"name\":\"Sina Joller\",\"image\":{\"@type\":\"ImageObject\",\"inLanguage\":\"de\",\"@id\":\"https:\/\/www.electrosuisse.ch\/de\/#\/schema\/person\/image\/\",\"url\":\"https:\/\/secure.gravatar.com\/avatar\/f4249260ddfc146ca88a738cc36d33a9064b17699fb30f04ffaa14260da60942?s=96&d=mm&r=g\",\"contentUrl\":\"https:\/\/secure.gravatar.com\/avatar\/f4249260ddfc146ca88a738cc36d33a9064b17699fb30f04ffaa14260da60942?s=96&d=mm&r=g\",\"caption\":\"Sina Joller\"}}]}<\/script>\n<!-- \/ Yoast SEO Premium plugin. -->","yoast_head_json":{"title":"Weltrekord eFORCE am Seenachtsfest Rapperswil - Electrosuisse","robots":{"index":"index","follow":"follow","max-snippet":"max-snippet:-1","max-image-preview":"max-image-preview:large","max-video-preview":"max-video-preview:-1"},"canonical":"https:\/\/www.electrosuisse.ch\/de\/eforcede\/","og_locale":"de_DE","og_type":"article","og_title":"Weltrekord eFORCE am Seenachtsfest Rapperswil - Electrosuisse","og_description":"[vc_row][vc_column][vc_column_text css=&#8221;&#8221;]Das Seenachtsfest in Rapperswil-Jona feierte sein 100-j\u00e4hriges Jubil\u00e4um mit 75\u2019000 Besucherinnen und Besuchern und pr\u00e4sentierte eine Weltpremiere: Die erste Flugshow mit Elektroflugzeugen, geflogen von Schweizer Kampfjetpiloten, wurde als Weltrekord zertifiziert. Bereits am Vortag verfolgten Mitglieder des Electrosuisse Next Generation Network das erste gemeinsame Briefing und Flugtraining. Die Pipistrel Velis Electro erhielt am 10. Juni [&hellip;]","og_url":"https:\/\/www.electrosuisse.ch\/de\/eforcede\/","og_site_name":"Electrosuisse","article_published_time":"2024-08-22T10:53:35+00:00","article_modified_time":"2024-08-22T12:06:04+00:00","og_image":[{"width":1200,"height":675,"url":"https:\/\/www.electrosuisse.ch\/wp-content\/uploads\/2024\/08\/flugshow_1660x470.png","type":"image\/png"}],"author":"Sina Joller","schema":{"@context":"https:\/\/schema.org","@graph":[{"@type":"Article","@id":"https:\/\/www.electrosuisse.ch\/de\/eforcede\/#article","isPartOf":{"@id":"https:\/\/www.electrosuisse.ch\/de\/eforcede\/"},"author":{"name":"Sina Joller","@id":"https:\/\/www.electrosuisse.ch\/de\/#\/schema\/person\/e8142e4593653cd8447f7f52e1e5379f"},"headline":"Weltrekord eFORCE am Seenachtsfest Rapperswil","datePublished":"2024-08-22T10:53:35+00:00","dateModified":"2024-08-22T12:06:04+00:00","mainEntityOfPage":{"@id":"https:\/\/www.electrosuisse.ch\/de\/eforcede\/"},"wordCount":666,"publisher":{"@id":"https:\/\/www.electrosuisse.ch\/de\/#organization"},"articleSection":["Unkategorisiert"],"inLanguage":"de"},{"@type":"WebPage","@id":"https:\/\/www.electrosuisse.ch\/de\/eforcede\/","url":"https:\/\/www.electrosuisse.ch\/de\/eforcede\/","name":"Weltrekord eFORCE am Seenachtsfest Rapperswil - Electrosuisse","isPartOf":{"@id":"https:\/\/www.electrosuisse.ch\/de\/#website"},"datePublished":"2024-08-22T10:53:35+00:00","dateModified":"2024-08-22T12:06:04+00:00","inLanguage":"de","potentialAction":[{"@type":"ReadAction","target":["https:\/\/www.electrosuisse.ch\/de\/eforcede\/"]}]},{"@type":"WebSite","@id":"https:\/\/www.electrosuisse.ch\/de\/#website","url":"https:\/\/www.electrosuisse.ch\/de\/","name":"Electrosuisse","description":"","publisher":{"@id":"https:\/\/www.electrosuisse.ch\/de\/#organization"},"potentialAction":[{"@type":"SearchAction","target":{"@type":"EntryPoint","urlTemplate":"https:\/\/www.electrosuisse.ch\/de\/?s={search_term_string}"},"query-input":{"@type":"PropertyValueSpecification","valueRequired":true,"valueName":"search_term_string"}}],"inLanguage":"de"},{"@type":"Organization","@id":"https:\/\/www.electrosuisse.ch\/de\/#organization","name":"Electrosuisse","url":"https:\/\/www.electrosuisse.ch\/de\/","logo":{"@type":"ImageObject","inLanguage":"de","@id":"https:\/\/www.electrosuisse.ch\/de\/#\/schema\/logo\/image\/","url":"https:\/\/www.electrosuisse.ch\/wp-content\/uploads\/2025\/04\/Electrosuisse_Logo_696x696.png","contentUrl":"https:\/\/www.electrosuisse.ch\/wp-content\/uploads\/2025\/04\/Electrosuisse_Logo_696x696.png","width":696,"height":696,"caption":"Electrosuisse"},"image":{"@id":"https:\/\/www.electrosuisse.ch\/de\/#\/schema\/logo\/image\/"},"sameAs":["https:\/\/www.linkedin.com\/company\/electrosuisse-ag\/posts\/?feedView=all","https:\/\/www.instagram.com\/electrosuisse1889\/","https:\/\/www.youtube.com\/channel\/UCoOxohMiVE0Gjcdis1L09zw"],"description":"Electrosuisse ist eine anerkannte und unabh\u00e4ngige Fachorganisation, die erstklassige Dienstleistungen und Produkte in den Bereichen Inspektion, Beratung, Pr\u00fcfung, Zertifizierung, Normung und Weiterbildung anbietet. Unsere Expertise umfasst Elektrotechnik, Elektromobilit\u00e4t, Energieberatung, Geb\u00e4udeautomation und Photovoltaik in der Schweiz. Durch die Veranstaltung etablierter Branchen-Events und Fachtagungen f\u00f6rdert Electrosuisse den Wissenstransfer und den fachlichen Austausch. Im Mittelpunkt unserer T\u00e4tigkeiten steht die F\u00f6rderung der sicheren, wirtschaftlichen und umweltgerechten Anwendung der Elektrotechnik."},{"@type":"Person","@id":"https:\/\/www.electrosuisse.ch\/de\/#\/schema\/person\/e8142e4593653cd8447f7f52e1e5379f","name":"Sina Joller","image":{"@type":"ImageObject","inLanguage":"de","@id":"https:\/\/www.electrosuisse.ch\/de\/#\/schema\/person\/image\/","url":"https:\/\/secure.gravatar.com\/avatar\/f4249260ddfc146ca88a738cc36d33a9064b17699fb30f04ffaa14260da60942?s=96&d=mm&r=g","contentUrl":"https:\/\/secure.gravatar.com\/avatar\/f4249260ddfc146ca88a738cc36d33a9064b17699fb30f04ffaa14260da60942?s=96&d=mm&r=g","caption":"Sina Joller"}}]}},"amp_enabled":true,"_links":{"self":[{"href":"https:\/\/www.electrosuisse.ch\/de\/wp-json\/wp\/v2\/posts\/36445","targetHints":{"allow":["GET"]}}],"collection":[{"href":"https:\/\/www.electrosuisse.ch\/de\/wp-json\/wp\/v2\/posts"}],"about":[{"href":"https:\/\/www.electrosuisse.ch\/de\/wp-json\/wp\/v2\/types\/post"}],"author":[{"embeddable":true,"href":"https:\/\/www.electrosuisse.ch\/de\/wp-json\/wp\/v2\/users\/38"}],"replies":[{"embeddable":true,"href":"https:\/\/www.electrosuisse.ch\/de\/wp-json\/wp\/v2\/comments?post=36445"}],"version-history":[{"count":5,"href":"https:\/\/www.electrosuisse.ch\/de\/wp-json\/wp\/v2\/posts\/36445\/revisions"}],"predecessor-version":[{"id":36457,"href":"https:\/\/www.electrosuisse.ch\/de\/wp-json\/wp\/v2\/posts\/36445\/revisions\/36457"}],"wp:attachment":[{"href":"https:\/\/www.electrosuisse.ch\/de\/wp-json\/wp\/v2\/media?parent=36445"}],"wp:term":[{"taxonomy":"category","embeddable":true,"href":"https:\/\/www.electrosuisse.ch\/de\/wp-json\/wp\/v2\/categories?post=36445"},{"taxonomy":"post_tag","embeddable":true,"href":"https:\/\/www.electrosuisse.ch\/de\/wp-json\/wp\/v2\/tags?post=36445"}],"curies":[{"name":"wp","href":"https:\/\/api.w.org\/{rel}","templated":true}]}}