{"id":36094,"date":"2024-07-09T16:57:44","date_gmt":"2024-07-09T14:57:44","guid":{"rendered":"https:\/\/www.electrosuisse.ch\/?p=36094"},"modified":"2024-07-11T10:03:09","modified_gmt":"2024-07-11T08:03:09","slug":"drei-sommer-events-zur-zukunft-der-mobilitaet","status":"publish","type":"post","link":"https:\/\/www.electrosuisse.ch\/de\/drei-sommer-events-zur-zukunft-der-mobilitaet\/","title":{"rendered":"Drei Sommer-Events zur Zukunft der Mobilit\u00e4t"},"content":{"rendered":"<div class=\"wpb-content-wrapper\"><p>[vc_row][vc_column][vc_column_text css=&#8221;&#8221;]Die Mobilit\u00e4t der n\u00e4chsten Generation kann diesen Sommer gleich dreimal hautnah erlebt werden: Im Juli in Z\u00fcrich, im August in Rapperswil und im September in Bern-Belp. Zudem bietet Electrosuisse pro Event einen exklusiven \u00abBackstage\u00bb-Zugang f\u00fcr Mitglieder des Next Generation Network \u2013 jetzt anmelden![\/vc_column_text][vc_column_text css=&#8221;&#8221;]<\/p>\n<h3><strong>EUROPEAN HYPERLOOP WEEK: 19. bis 21. Juli in Z\u00fcrich<\/strong><\/h3>\n<p>Der Energieverbrauch von Fahrzeugen steigt bei hohen Geschwindigkeiten stark an. Das macht sich die Hyperloop-Technologie zunutze: Pods schweben mit \u00fcber 1000 km\/h durch nahezu luftleere R\u00f6hren und k\u00f6nnten in Zukunft den Bahn- und Flugverkehr umweltfreundlich ersetzen. Doch bis dahin gibt es noch viel zu tun: Ingenieurteams verschiedener Universit\u00e4ten treffen sich j\u00e4hrlich an der European Hyperloop Week zum Wissensaustausch, darunter auch swissloop der ETH Z\u00fcrich. Diesen Sommer ist die Schweiz, Gastgeberin f\u00fcr 24 Technologieteams.<\/p>\n<p>Am <strong>Samstag, 20. Juli<\/strong> in D\u00fcbendorf und am <strong>Sonntag, 21. Juli<\/strong> in Z\u00fcrich finden kostenlose Demonstrationen f\u00fcr die \u00d6ffentlichkeit statt. \u00a0F\u00fcr Electrosuisse-Mitglieder unter 35 Jahren findet am <strong>Freitag, 19. Juli<\/strong>, zus\u00e4tzlich eine exklusive \u00abNGN Backstage\u00bb-F\u00fchrung statt.<\/p>\n<p><a href=\"http:\/\/www.hyperloopweek.com\/tickets\" target=\"_blank\" rel=\"noopener\">&gt; EHW 2024<\/a><\/p>\n<p><a href=\"http:\/\/www.swissloop.ch\" target=\"_blank\" rel=\"noopener\">&gt; SWISSLOOP<\/a>[\/vc_column_text][\/vc_column][\/vc_row][vc_row][vc_column][vc_column_text css=&#8221;&#8221;]<\/p>\n<h3><strong>eFORCE AIRSHOW: 8. bis 11. August in Rapperswil<\/strong><\/h3>\n<p>Das Seenachtsfest in Rapperswil-Jona feiert sein 100-j\u00e4hriges Bestehen mit einer Premiere: Die erste Airshow von Elektroflugzeugen, geflogen von Schweizer Kampfjetpiloten. Electrosuisse ist stolz, die sechs e-Flugzeuge mit den Energiekosten zu unterst\u00fctzen.<\/p>\n<p>Die Formationsfl\u00fcge sind am <strong>Freitag, 9. August um 18:30 Uhr<\/strong> und am <strong>Sonntag, 11. August um 13:00 Uhr<\/strong> im Hafen Rapperswil zu sehen. Am <strong>Donnerstag,<\/strong> <strong>8. August<\/strong> findet ein exklusiver \u00abNGN backstage\u00bb-Event f\u00fcr Electrosuisse-Mitglieder unter 35 Jahren statt.<\/p>\n<p><a href=\"http:\/\/www.seenachtsfest.ch\/programm\" target=\"_blank\" rel=\"noopener\">&gt; SEENACHTSFEST<\/a>[\/vc_column_text]<div class=\"wpb_video_column wpb_content_element\"><div class=\"wpb_wrapper\"><div class=\"video_container video_container--embed\"><iframe src=\"https:\/\/www.youtube-nocookie.com\/embed\/yncQrBZlUfY?si=kkRUXMitBm097CBO%3Fmodestbranding%3D1&rel=0&showinfo=0&enablejsapi=1\" frameborder=\"0\" allow=\"accelerometer; autoplay; encrypted-media; gyroscope; picture-in-picture\" allowfullscreen><\/iframe><\/div><\/div><\/div>[\/vc_column][\/vc_row][vc_row][vc_column][vc_column_text css=&#8221;&#8221;]<\/p>\n<h3><strong>ELECTRIFLY-IN: 7. bis 8. September in Belp bei Bern<\/strong><\/h3>\n<p>Seit 2017 \u00fcberzeugt das Electrifly-In in mit innovativen Ausstellern, Fachvortr\u00e4gen im eTalk und dem Anflugwettbewerb eTrophy. Am Airport Bern sind dieses Jahr unter die Schweizer Entwickler-Teams von Dufour Aerospace und dem ETH Projekt Cellsius, aber auch AeroDelft aus den Niederlanden mit dem Projekt Phoenix und Flux Aviation aus Warwick UK. Auch Schnupperfl\u00fcge mit der zweipl\u00e4tzigen elektrischen Pipistrel Velis Electro werden wieder angeboten.<\/p>\n<p>F\u00fcr Electrosuisse Mitglieder unter 35 Jahren findet an beiden Tagen ein \u00abNGN Backstage\u00bb-Event statt und t\u00e4glich wird ein Schnupperflug verlost<\/p>\n<p><a href=\"http:\/\/www.electrifly-in.ch\" target=\"_blank\" rel=\"noopener\">&gt; ELECTRIFLY-IN<\/a><\/p>\n<p>[\/vc_column_text][\/vc_column][\/vc_row][vc_row][vc_column][vc_column_text css=&#8221;&#8221;]<\/p>\n<h3><strong>Electrosuisse Next Generation Network: So meldest du dich an<\/strong><\/h3>\n<p>F\u00fcr alle drei Sommer-Events bieten wir spezielle Angebote f\u00fcr Lernende, Studierende und junge Berufst\u00e4tige bis 35 Jahre an. Voraussetzung ist eine pers\u00f6nliche Mitgliedschaft bei Electrosuisse und unter 35 Jahre alt. F\u00fcr Auszubildende ist die Mitgliedschaft kostenlos und endet automatisch nach Abschluss der Ausbildung. Die Teilnehmerzahl ist beschr\u00e4nkt und die Kosten f\u00fcr Reise und Verpflegung gehen zu deinen Lasten. Wenn du verbindlich an einem oder mehreren \u00abBackstage-Anl\u00e4ssen teilnehmen m\u00f6chtest, dann sende uns bis sp\u00e4testens drei Tage vor dem Anlass eine E-Mail an &#x6e;g&#x6e;&#64;e&#x6c;&#101;&#x63;&#x74;r&#x6f;&#115;u&#x69;&#115;&#x73;&#101;&#46;&#x63;&#104; mit deinen Kontaktdaten (Name, Vorname, E-Mail, Telefonnummer, Geburtsdatum) und dem gew\u00fcnschten Anlass (HYPERLOOP, EFORCE, ELECTRIFLY). Danach erh\u00e4ltst du weitere Informationen zum Ablauf.<\/p>\n<p>Weitere Informationen zur Electrosuisse Next Generation Network findest du <a href=\"http:\/\/www.electrosuisse.ch\/nachwuchsfoerderung\" target=\"_blank\" rel=\"noopener\">hier<\/a>.<\/p>\n<p>Wir freuen uns \u00fcber deine Anmeldung![\/vc_column_text][\/vc_column][\/vc_row]<\/p>\n<\/div>","protected":false},"excerpt":{"rendered":"<p>[vc_row][vc_column][vc_column_text css=&#8221;&#8221;]Die Mobilit\u00e4t der n\u00e4chsten Generation kann diesen Sommer gleich dreimal hautnah erlebt werden: Im Juli in Z\u00fcrich, im August in Rapperswil und im September in Bern-Belp. Zudem bietet Electrosuisse pro Event einen exklusiven \u00abBackstage\u00bb-Zugang f\u00fcr Mitglieder des Next Generation Network \u2013 jetzt anmelden![\/vc_column_text][vc_column_text css=&#8221;&#8221;] EUROPEAN HYPERLOOP WEEK: 19. bis 21. Juli in Z\u00fcrich Der [&hellip;]<\/p>\n","protected":false},"author":28,"featured_media":0,"comment_status":"closed","ping_status":"closed","sticky":false,"template":"","format":"standard","meta":{"_acf_changed":false,"_monsterinsights_skip_tracking":false,"_monsterinsights_sitenote_active":false,"_monsterinsights_sitenote_note":"","_monsterinsights_sitenote_category":0,"footnotes":""},"categories":[1],"tags":[],"class_list":["post-36094","post","type-post","status-publish","format-standard","hentry","category-unkategorisiert"],"acf":[],"yoast_head":"<!-- This site is optimized with the Yoast SEO Premium plugin v26.4 (Yoast SEO v27.0) - https:\/\/yoast.com\/product\/yoast-seo-premium-wordpress\/ -->\n<title>Drei Sommer-Events zur Zukunft der Mobilit\u00e4t - Electrosuisse<\/title>\n<meta name=\"robots\" content=\"index, follow, max-snippet:-1, max-image-preview:large, max-video-preview:-1\" \/>\n<link rel=\"canonical\" href=\"https:\/\/www.electrosuisse.ch\/de\/drei-sommer-events-zur-zukunft-der-mobilitaet\/\" \/>\n<meta property=\"og:locale\" content=\"de_DE\" \/>\n<meta property=\"og:type\" content=\"article\" \/>\n<meta property=\"og:title\" content=\"Drei Sommer-Events zur Zukunft der Mobilit\u00e4t - Electrosuisse\" \/>\n<meta property=\"og:description\" content=\"[vc_row][vc_column][vc_column_text css=&#8221;&#8221;]Die Mobilit\u00e4t der n\u00e4chsten Generation kann diesen Sommer gleich dreimal hautnah erlebt werden: Im Juli in Z\u00fcrich, im August in Rapperswil und im September in Bern-Belp. Zudem bietet Electrosuisse pro Event einen exklusiven \u00abBackstage\u00bb-Zugang f\u00fcr Mitglieder des Next Generation Network \u2013 jetzt anmelden![\/vc_column_text][vc_column_text css=&#8221;&#8221;] EUROPEAN HYPERLOOP WEEK: 19. bis 21. Juli in Z\u00fcrich Der [&hellip;]\" \/>\n<meta property=\"og:url\" content=\"https:\/\/www.electrosuisse.ch\/de\/drei-sommer-events-zur-zukunft-der-mobilitaet\/\" \/>\n<meta property=\"og:site_name\" content=\"Electrosuisse\" \/>\n<meta property=\"article:published_time\" content=\"2024-07-09T14:57:44+00:00\" \/>\n<meta property=\"article:modified_time\" content=\"2024-07-11T08:03:09+00:00\" \/>\n<meta property=\"og:image\" content=\"https:\/\/www.electrosuisse.ch\/wp-content\/uploads\/2024\/07\/eforce2.jpg\" \/>\n\t<meta property=\"og:image:width\" content=\"1200\" \/>\n\t<meta property=\"og:image:height\" content=\"675\" \/>\n\t<meta property=\"og:image:type\" content=\"image\/png\" \/>\n<meta name=\"author\" content=\"Andrea Hinterm\u00fcller\" \/>\n<script type=\"application\/ld+json\" class=\"yoast-schema-graph\">{\"@context\":\"https:\/\/schema.org\",\"@graph\":[{\"@type\":\"Article\",\"@id\":\"https:\/\/www.electrosuisse.ch\/de\/drei-sommer-events-zur-zukunft-der-mobilitaet\/#article\",\"isPartOf\":{\"@id\":\"https:\/\/www.electrosuisse.ch\/de\/drei-sommer-events-zur-zukunft-der-mobilitaet\/\"},\"author\":{\"name\":\"Andrea Hinterm\u00fcller\",\"@id\":\"https:\/\/www.electrosuisse.ch\/de\/#\/schema\/person\/4511b20b7baa8bd28a362b20c15b659f\"},\"headline\":\"Drei Sommer-Events zur Zukunft der Mobilit\u00e4t\",\"datePublished\":\"2024-07-09T14:57:44+00:00\",\"dateModified\":\"2024-07-11T08:03:09+00:00\",\"mainEntityOfPage\":{\"@id\":\"https:\/\/www.electrosuisse.ch\/de\/drei-sommer-events-zur-zukunft-der-mobilitaet\/\"},\"wordCount\":569,\"publisher\":{\"@id\":\"https:\/\/www.electrosuisse.ch\/de\/#organization\"},\"articleSection\":[\"Unkategorisiert\"],\"inLanguage\":\"de\"},{\"@type\":\"WebPage\",\"@id\":\"https:\/\/www.electrosuisse.ch\/de\/drei-sommer-events-zur-zukunft-der-mobilitaet\/\",\"url\":\"https:\/\/www.electrosuisse.ch\/de\/drei-sommer-events-zur-zukunft-der-mobilitaet\/\",\"name\":\"Drei Sommer-Events zur Zukunft der Mobilit\u00e4t - Electrosuisse\",\"isPartOf\":{\"@id\":\"https:\/\/www.electrosuisse.ch\/de\/#website\"},\"datePublished\":\"2024-07-09T14:57:44+00:00\",\"dateModified\":\"2024-07-11T08:03:09+00:00\",\"inLanguage\":\"de\",\"potentialAction\":[{\"@type\":\"ReadAction\",\"target\":[\"https:\/\/www.electrosuisse.ch\/de\/drei-sommer-events-zur-zukunft-der-mobilitaet\/\"]}]},{\"@type\":\"WebSite\",\"@id\":\"https:\/\/www.electrosuisse.ch\/de\/#website\",\"url\":\"https:\/\/www.electrosuisse.ch\/de\/\",\"name\":\"Electrosuisse\",\"description\":\"\",\"publisher\":{\"@id\":\"https:\/\/www.electrosuisse.ch\/de\/#organization\"},\"potentialAction\":[{\"@type\":\"SearchAction\",\"target\":{\"@type\":\"EntryPoint\",\"urlTemplate\":\"https:\/\/www.electrosuisse.ch\/de\/?s={search_term_string}\"},\"query-input\":{\"@type\":\"PropertyValueSpecification\",\"valueRequired\":true,\"valueName\":\"search_term_string\"}}],\"inLanguage\":\"de\"},{\"@type\":\"Organization\",\"@id\":\"https:\/\/www.electrosuisse.ch\/de\/#organization\",\"name\":\"Electrosuisse\",\"url\":\"https:\/\/www.electrosuisse.ch\/de\/\",\"logo\":{\"@type\":\"ImageObject\",\"inLanguage\":\"de\",\"@id\":\"https:\/\/www.electrosuisse.ch\/de\/#\/schema\/logo\/image\/\",\"url\":\"https:\/\/www.electrosuisse.ch\/wp-content\/uploads\/2025\/04\/Electrosuisse_Logo_696x696.png\",\"contentUrl\":\"https:\/\/www.electrosuisse.ch\/wp-content\/uploads\/2025\/04\/Electrosuisse_Logo_696x696.png\",\"width\":696,\"height\":696,\"caption\":\"Electrosuisse\"},\"image\":{\"@id\":\"https:\/\/www.electrosuisse.ch\/de\/#\/schema\/logo\/image\/\"},\"sameAs\":[\"https:\/\/www.linkedin.com\/company\/electrosuisse-ag\/posts\/?feedView=all\",\"https:\/\/www.instagram.com\/electrosuisse1889\/\",\"https:\/\/www.youtube.com\/channel\/UCoOxohMiVE0Gjcdis1L09zw\"],\"description\":\"Electrosuisse ist eine anerkannte und unabh\u00e4ngige Fachorganisation, die erstklassige Dienstleistungen und Produkte in den Bereichen Inspektion, Beratung, Pr\u00fcfung, Zertifizierung, Normung und Weiterbildung anbietet. Unsere Expertise umfasst Elektrotechnik, Elektromobilit\u00e4t, Energieberatung, Geb\u00e4udeautomation und Photovoltaik in der Schweiz. Durch die Veranstaltung etablierter Branchen-Events und Fachtagungen f\u00f6rdert Electrosuisse den Wissenstransfer und den fachlichen Austausch. Im Mittelpunkt unserer T\u00e4tigkeiten steht die F\u00f6rderung der sicheren, wirtschaftlichen und umweltgerechten Anwendung der Elektrotechnik.\"},{\"@type\":\"Person\",\"@id\":\"https:\/\/www.electrosuisse.ch\/de\/#\/schema\/person\/4511b20b7baa8bd28a362b20c15b659f\",\"name\":\"Andrea Hinterm\u00fcller\",\"image\":{\"@type\":\"ImageObject\",\"inLanguage\":\"de\",\"@id\":\"https:\/\/www.electrosuisse.ch\/de\/#\/schema\/person\/image\/\",\"url\":\"https:\/\/secure.gravatar.com\/avatar\/65ca707900a8dbd7105786d9eb76eb2875a966e7545a220ad2b769e589c780e5?s=96&d=mm&r=g\",\"contentUrl\":\"https:\/\/secure.gravatar.com\/avatar\/65ca707900a8dbd7105786d9eb76eb2875a966e7545a220ad2b769e589c780e5?s=96&d=mm&r=g\",\"caption\":\"Andrea Hinterm\u00fcller\"}}]}<\/script>\n<!-- \/ Yoast SEO Premium plugin. -->","yoast_head_json":{"title":"Drei Sommer-Events zur Zukunft der Mobilit\u00e4t - Electrosuisse","robots":{"index":"index","follow":"follow","max-snippet":"max-snippet:-1","max-image-preview":"max-image-preview:large","max-video-preview":"max-video-preview:-1"},"canonical":"https:\/\/www.electrosuisse.ch\/de\/drei-sommer-events-zur-zukunft-der-mobilitaet\/","og_locale":"de_DE","og_type":"article","og_title":"Drei Sommer-Events zur Zukunft der Mobilit\u00e4t - Electrosuisse","og_description":"[vc_row][vc_column][vc_column_text css=&#8221;&#8221;]Die Mobilit\u00e4t der n\u00e4chsten Generation kann diesen Sommer gleich dreimal hautnah erlebt werden: Im Juli in Z\u00fcrich, im August in Rapperswil und im September in Bern-Belp. Zudem bietet Electrosuisse pro Event einen exklusiven \u00abBackstage\u00bb-Zugang f\u00fcr Mitglieder des Next Generation Network \u2013 jetzt anmelden![\/vc_column_text][vc_column_text css=&#8221;&#8221;] EUROPEAN HYPERLOOP WEEK: 19. bis 21. Juli in Z\u00fcrich Der [&hellip;]","og_url":"https:\/\/www.electrosuisse.ch\/de\/drei-sommer-events-zur-zukunft-der-mobilitaet\/","og_site_name":"Electrosuisse","article_published_time":"2024-07-09T14:57:44+00:00","article_modified_time":"2024-07-11T08:03:09+00:00","og_image":[{"width":1200,"height":675,"url":"https:\/\/www.electrosuisse.ch\/wp-content\/uploads\/2024\/07\/eforce2.jpg","type":"image\/png"}],"author":"Andrea Hinterm\u00fcller","schema":{"@context":"https:\/\/schema.org","@graph":[{"@type":"Article","@id":"https:\/\/www.electrosuisse.ch\/de\/drei-sommer-events-zur-zukunft-der-mobilitaet\/#article","isPartOf":{"@id":"https:\/\/www.electrosuisse.ch\/de\/drei-sommer-events-zur-zukunft-der-mobilitaet\/"},"author":{"name":"Andrea Hinterm\u00fcller","@id":"https:\/\/www.electrosuisse.ch\/de\/#\/schema\/person\/4511b20b7baa8bd28a362b20c15b659f"},"headline":"Drei Sommer-Events zur Zukunft der Mobilit\u00e4t","datePublished":"2024-07-09T14:57:44+00:00","dateModified":"2024-07-11T08:03:09+00:00","mainEntityOfPage":{"@id":"https:\/\/www.electrosuisse.ch\/de\/drei-sommer-events-zur-zukunft-der-mobilitaet\/"},"wordCount":569,"publisher":{"@id":"https:\/\/www.electrosuisse.ch\/de\/#organization"},"articleSection":["Unkategorisiert"],"inLanguage":"de"},{"@type":"WebPage","@id":"https:\/\/www.electrosuisse.ch\/de\/drei-sommer-events-zur-zukunft-der-mobilitaet\/","url":"https:\/\/www.electrosuisse.ch\/de\/drei-sommer-events-zur-zukunft-der-mobilitaet\/","name":"Drei Sommer-Events zur Zukunft der Mobilit\u00e4t - Electrosuisse","isPartOf":{"@id":"https:\/\/www.electrosuisse.ch\/de\/#website"},"datePublished":"2024-07-09T14:57:44+00:00","dateModified":"2024-07-11T08:03:09+00:00","inLanguage":"de","potentialAction":[{"@type":"ReadAction","target":["https:\/\/www.electrosuisse.ch\/de\/drei-sommer-events-zur-zukunft-der-mobilitaet\/"]}]},{"@type":"WebSite","@id":"https:\/\/www.electrosuisse.ch\/de\/#website","url":"https:\/\/www.electrosuisse.ch\/de\/","name":"Electrosuisse","description":"","publisher":{"@id":"https:\/\/www.electrosuisse.ch\/de\/#organization"},"potentialAction":[{"@type":"SearchAction","target":{"@type":"EntryPoint","urlTemplate":"https:\/\/www.electrosuisse.ch\/de\/?s={search_term_string}"},"query-input":{"@type":"PropertyValueSpecification","valueRequired":true,"valueName":"search_term_string"}}],"inLanguage":"de"},{"@type":"Organization","@id":"https:\/\/www.electrosuisse.ch\/de\/#organization","name":"Electrosuisse","url":"https:\/\/www.electrosuisse.ch\/de\/","logo":{"@type":"ImageObject","inLanguage":"de","@id":"https:\/\/www.electrosuisse.ch\/de\/#\/schema\/logo\/image\/","url":"https:\/\/www.electrosuisse.ch\/wp-content\/uploads\/2025\/04\/Electrosuisse_Logo_696x696.png","contentUrl":"https:\/\/www.electrosuisse.ch\/wp-content\/uploads\/2025\/04\/Electrosuisse_Logo_696x696.png","width":696,"height":696,"caption":"Electrosuisse"},"image":{"@id":"https:\/\/www.electrosuisse.ch\/de\/#\/schema\/logo\/image\/"},"sameAs":["https:\/\/www.linkedin.com\/company\/electrosuisse-ag\/posts\/?feedView=all","https:\/\/www.instagram.com\/electrosuisse1889\/","https:\/\/www.youtube.com\/channel\/UCoOxohMiVE0Gjcdis1L09zw"],"description":"Electrosuisse ist eine anerkannte und unabh\u00e4ngige Fachorganisation, die erstklassige Dienstleistungen und Produkte in den Bereichen Inspektion, Beratung, Pr\u00fcfung, Zertifizierung, Normung und Weiterbildung anbietet. Unsere Expertise umfasst Elektrotechnik, Elektromobilit\u00e4t, Energieberatung, Geb\u00e4udeautomation und Photovoltaik in der Schweiz. Durch die Veranstaltung etablierter Branchen-Events und Fachtagungen f\u00f6rdert Electrosuisse den Wissenstransfer und den fachlichen Austausch. Im Mittelpunkt unserer T\u00e4tigkeiten steht die F\u00f6rderung der sicheren, wirtschaftlichen und umweltgerechten Anwendung der Elektrotechnik."},{"@type":"Person","@id":"https:\/\/www.electrosuisse.ch\/de\/#\/schema\/person\/4511b20b7baa8bd28a362b20c15b659f","name":"Andrea Hinterm\u00fcller","image":{"@type":"ImageObject","inLanguage":"de","@id":"https:\/\/www.electrosuisse.ch\/de\/#\/schema\/person\/image\/","url":"https:\/\/secure.gravatar.com\/avatar\/65ca707900a8dbd7105786d9eb76eb2875a966e7545a220ad2b769e589c780e5?s=96&d=mm&r=g","contentUrl":"https:\/\/secure.gravatar.com\/avatar\/65ca707900a8dbd7105786d9eb76eb2875a966e7545a220ad2b769e589c780e5?s=96&d=mm&r=g","caption":"Andrea Hinterm\u00fcller"}}]}},"amp_enabled":true,"_links":{"self":[{"href":"https:\/\/www.electrosuisse.ch\/de\/wp-json\/wp\/v2\/posts\/36094","targetHints":{"allow":["GET"]}}],"collection":[{"href":"https:\/\/www.electrosuisse.ch\/de\/wp-json\/wp\/v2\/posts"}],"about":[{"href":"https:\/\/www.electrosuisse.ch\/de\/wp-json\/wp\/v2\/types\/post"}],"author":[{"embeddable":true,"href":"https:\/\/www.electrosuisse.ch\/de\/wp-json\/wp\/v2\/users\/28"}],"replies":[{"embeddable":true,"href":"https:\/\/www.electrosuisse.ch\/de\/wp-json\/wp\/v2\/comments?post=36094"}],"version-history":[{"count":18,"href":"https:\/\/www.electrosuisse.ch\/de\/wp-json\/wp\/v2\/posts\/36094\/revisions"}],"predecessor-version":[{"id":36150,"href":"https:\/\/www.electrosuisse.ch\/de\/wp-json\/wp\/v2\/posts\/36094\/revisions\/36150"}],"wp:attachment":[{"href":"https:\/\/www.electrosuisse.ch\/de\/wp-json\/wp\/v2\/media?parent=36094"}],"wp:term":[{"taxonomy":"category","embeddable":true,"href":"https:\/\/www.electrosuisse.ch\/de\/wp-json\/wp\/v2\/categories?post=36094"},{"taxonomy":"post_tag","embeddable":true,"href":"https:\/\/www.electrosuisse.ch\/de\/wp-json\/wp\/v2\/tags?post=36094"}],"curies":[{"name":"wp","href":"https:\/\/api.w.org\/{rel}","templated":true}]}}