{"id":35611,"date":"2024-05-17T09:38:01","date_gmt":"2024-05-17T07:38:01","guid":{"rendered":"https:\/\/www.electrosuisse.ch\/?p=35611"},"modified":"2024-05-17T09:38:01","modified_gmt":"2024-05-17T07:38:01","slug":"6g-mobilfunk","status":"publish","type":"post","link":"https:\/\/www.electrosuisse.ch\/de\/6g-mobilfunk\/","title":{"rendered":"6G-Mobilfunk in den Alpen: Universit\u00e4t Stuttgart erzielt Rekordverbindung"},"content":{"rendered":"<div class=\"wpb-content-wrapper\"><p>[vc_row][vc_column][vc_column_text css=&#8221;&#8221;]<strong>Forschende der Universit\u00e4t Stuttgart haben in den Alpen die bislang leistungsst\u00e4rkste 6G-Richtfunkverbindung demonstriert. Diese bahnbrechende Technologie verspricht, die Kommunikation selbst in abgelegenen Gebieten zu revolutionieren.<\/strong><\/p>\n<p>In einem Experiment haben Forschende und Studierende der Universit\u00e4t Stuttgart die leistungsst\u00e4rkste 6G-Richtfunkverbindung in den \u00f6sterreichischen Alpen demonstriert. Dieses Projekt, bekannt als EIVE-T, zielt darauf ab, die n\u00e4chste Generation der Mobilfunkkommunikation zu realisieren. Dabei wurde eine Breitband-Funkverbindung zwischen dem Tal G\u00f6tzens und dem Hafelekargipfel \u00fcber eine Distanz von 2 x 10,5 km etabliert, die Daten mit einer Geschwindigkeit von 25 Gb\/s \u00fcbertr\u00e4gt. Diese Leistung \u00fcbertrifft herk\u00f6mmliche Standards erheblich, sowohl in Reichweite als auch in Datenrate.<\/p>\n<p>Professor Ingmar Kallfass vom Institut f\u00fcr Robuste Leistungshalbleitersysteme (ILH) betont die Bedeutung dieser Technologie f\u00fcr die Zukunft: \u00abEin 6G-Netz k\u00f6nnte die Art und Weise, wie wir kommunizieren und mit der Welt interagieren, grundlegend ver\u00e4ndern, indem es eine zuverl\u00e4ssige und allgegenw\u00e4rtige Hochgeschwindigkeits-Kommunikationsinfrastruktur schafft.\u00bb Durch die Kombination von Satelliten- und Breitbandkommunikation k\u00f6nnten entlegene Gebiete und st\u00e4dtische Umgebungen gleichermassen abgedeckt werden, was beispielsweise hochaufl\u00f6sendes Streaming, ferngesteuerte Drohnenfl\u00fcge und Notrufe in abgelegenen Regionen erm\u00f6glicht.<\/p>\n<p>Das Experiment in den Alpen stellte erhebliche technische Herausforderungen dar, insbesondere aufgrund der extremen winterlichen Bedingungen und der Notwendigkeit, dichte Wolkenschichten zu durchdringen. Ein speziell entwickelter Peilsender erm\u00f6glichte die pr\u00e4zise Ausrichtung der Reflektorantenne auf dem Berg, wodurch eine robuste Verbindung ohne direkte Sichtlinie erreicht wurde.<\/p>\n<p>Das Projekt EIVE-T, unterst\u00fctzt vom Deutschen Luft- und Raumfahrtzentrum (DLR) und dem Bundesministerium f\u00fcr Wirtschaft und Klimaschutz (BMWK), sowie wissenschaftlich begleitet vom Fraunhofer Institut f\u00fcr Angewandte Festk\u00f6rperphysik (IAF) und der Radiometer Physics GmbH, strebt an, eine Schl\u00fcsselkomponente f\u00fcr ein globales, leistungsf\u00e4higes 6G-Mobilfunknetz zu entwickeln. Die Demonstration in den Alpen zeigt das enorme Potenzial dieser Technologie, zuverl\u00e4ssige und schnelle Datenverbindungen auch in den entlegensten Regionen der Welt bereitzustellen.<\/p>\n<p><em>Weitere Informationen unter: <\/em><br \/>\n<em><a href=\"https:\/\/idw-online.de\/de\/news832082\">https:\/\/idw-online.de\/de\/news832082<\/a><\/em>[\/vc_column_text][\/vc_column][\/vc_row]<\/p>\n<\/div>","protected":false},"excerpt":{"rendered":"<p>[vc_row][vc_column][vc_column_text css=&#8221;&#8221;]Forschende der Universit\u00e4t Stuttgart haben in den Alpen die bislang leistungsst\u00e4rkste 6G-Richtfunkverbindung demonstriert. Diese bahnbrechende Technologie verspricht, die Kommunikation selbst in abgelegenen Gebieten zu revolutionieren. In einem Experiment haben Forschende und Studierende der Universit\u00e4t Stuttgart die leistungsst\u00e4rkste 6G-Richtfunkverbindung in den \u00f6sterreichischen Alpen demonstriert. Dieses Projekt, bekannt als EIVE-T, zielt darauf ab, die n\u00e4chste Generation [&hellip;]<\/p>\n","protected":false},"author":38,"featured_media":0,"comment_status":"closed","ping_status":"closed","sticky":false,"template":"","format":"standard","meta":{"_acf_changed":false,"_monsterinsights_skip_tracking":false,"_monsterinsights_sitenote_active":false,"_monsterinsights_sitenote_note":"","_monsterinsights_sitenote_category":0,"footnotes":""},"categories":[1],"tags":[],"class_list":["post-35611","post","type-post","status-publish","format-standard","hentry","category-unkategorisiert"],"acf":[],"yoast_head":"<!-- This site is optimized with the Yoast SEO Premium plugin v26.4 (Yoast SEO v27.0) - https:\/\/yoast.com\/product\/yoast-seo-premium-wordpress\/ -->\n<title>6G-Mobilfunk in den Alpen<\/title>\n<meta name=\"description\" content=\"Forschende der Universit\u00e4t Stuttgart demonstrierten in den Alpen die leistungsst\u00e4rkste 6G-Richtfunkverbindung, die Daten mit 25 Gbit\/s \u00fcbertr\u00e4gt. Diese Technologie verspricht zuverl\u00e4ssige Kommunikation selbst in abgelegenen Gebieten.\" \/>\n<meta name=\"robots\" content=\"index, follow, max-snippet:-1, max-image-preview:large, max-video-preview:-1\" \/>\n<link rel=\"canonical\" href=\"https:\/\/www.electrosuisse.ch\/de\/6g-mobilfunk\/\" \/>\n<meta property=\"og:locale\" content=\"de_DE\" \/>\n<meta property=\"og:type\" content=\"article\" \/>\n<meta property=\"og:title\" content=\"6G-Mobilfunk in den Alpen\" \/>\n<meta property=\"og:description\" content=\"Forschende der Universit\u00e4t Stuttgart demonstrierten in den Alpen die leistungsst\u00e4rkste 6G-Richtfunkverbindung, die Daten mit 25 Gbit\/s \u00fcbertr\u00e4gt. Diese Technologie verspricht zuverl\u00e4ssige Kommunikation selbst in abgelegenen Gebieten.\" \/>\n<meta property=\"og:url\" content=\"https:\/\/www.electrosuisse.ch\/de\/6g-mobilfunk\/\" \/>\n<meta property=\"og:site_name\" content=\"Electrosuisse\" \/>\n<meta property=\"article:published_time\" content=\"2024-05-17T07:38:01+00:00\" \/>\n<meta property=\"og:image\" content=\"https:\/\/www.electrosuisse.ch\/wp-content\/uploads\/2024\/05\/6G_1660x470.png\" \/>\n\t<meta property=\"og:image:width\" content=\"1200\" \/>\n\t<meta property=\"og:image:height\" content=\"675\" \/>\n\t<meta property=\"og:image:type\" content=\"image\/png\" \/>\n<meta name=\"author\" content=\"Sina Joller\" \/>\n<script type=\"application\/ld+json\" class=\"yoast-schema-graph\">{\"@context\":\"https:\/\/schema.org\",\"@graph\":[{\"@type\":\"Article\",\"@id\":\"https:\/\/www.electrosuisse.ch\/de\/6g-mobilfunk\/#article\",\"isPartOf\":{\"@id\":\"https:\/\/www.electrosuisse.ch\/de\/6g-mobilfunk\/\"},\"author\":{\"name\":\"Sina Joller\",\"@id\":\"https:\/\/www.electrosuisse.ch\/de\/#\/schema\/person\/e8142e4593653cd8447f7f52e1e5379f\"},\"headline\":\"6G-Mobilfunk in den Alpen: Universit\u00e4t Stuttgart erzielt Rekordverbindung\",\"datePublished\":\"2024-05-17T07:38:01+00:00\",\"mainEntityOfPage\":{\"@id\":\"https:\/\/www.electrosuisse.ch\/de\/6g-mobilfunk\/\"},\"wordCount\":341,\"publisher\":{\"@id\":\"https:\/\/www.electrosuisse.ch\/de\/#organization\"},\"articleSection\":[\"Unkategorisiert\"],\"inLanguage\":\"de\"},{\"@type\":\"WebPage\",\"@id\":\"https:\/\/www.electrosuisse.ch\/de\/6g-mobilfunk\/\",\"url\":\"https:\/\/www.electrosuisse.ch\/de\/6g-mobilfunk\/\",\"name\":\"6G-Mobilfunk in den Alpen\",\"isPartOf\":{\"@id\":\"https:\/\/www.electrosuisse.ch\/de\/#website\"},\"datePublished\":\"2024-05-17T07:38:01+00:00\",\"description\":\"Forschende der Universit\u00e4t Stuttgart demonstrierten in den Alpen die leistungsst\u00e4rkste 6G-Richtfunkverbindung, die Daten mit 25 Gbit\/s \u00fcbertr\u00e4gt. Diese Technologie verspricht zuverl\u00e4ssige Kommunikation selbst in abgelegenen Gebieten.\",\"inLanguage\":\"de\",\"potentialAction\":[{\"@type\":\"ReadAction\",\"target\":[\"https:\/\/www.electrosuisse.ch\/de\/6g-mobilfunk\/\"]}]},{\"@type\":\"WebSite\",\"@id\":\"https:\/\/www.electrosuisse.ch\/de\/#website\",\"url\":\"https:\/\/www.electrosuisse.ch\/de\/\",\"name\":\"Electrosuisse\",\"description\":\"\",\"publisher\":{\"@id\":\"https:\/\/www.electrosuisse.ch\/de\/#organization\"},\"potentialAction\":[{\"@type\":\"SearchAction\",\"target\":{\"@type\":\"EntryPoint\",\"urlTemplate\":\"https:\/\/www.electrosuisse.ch\/de\/?s={search_term_string}\"},\"query-input\":{\"@type\":\"PropertyValueSpecification\",\"valueRequired\":true,\"valueName\":\"search_term_string\"}}],\"inLanguage\":\"de\"},{\"@type\":\"Organization\",\"@id\":\"https:\/\/www.electrosuisse.ch\/de\/#organization\",\"name\":\"Electrosuisse\",\"url\":\"https:\/\/www.electrosuisse.ch\/de\/\",\"logo\":{\"@type\":\"ImageObject\",\"inLanguage\":\"de\",\"@id\":\"https:\/\/www.electrosuisse.ch\/de\/#\/schema\/logo\/image\/\",\"url\":\"https:\/\/www.electrosuisse.ch\/wp-content\/uploads\/2025\/04\/Electrosuisse_Logo_696x696.png\",\"contentUrl\":\"https:\/\/www.electrosuisse.ch\/wp-content\/uploads\/2025\/04\/Electrosuisse_Logo_696x696.png\",\"width\":696,\"height\":696,\"caption\":\"Electrosuisse\"},\"image\":{\"@id\":\"https:\/\/www.electrosuisse.ch\/de\/#\/schema\/logo\/image\/\"},\"sameAs\":[\"https:\/\/www.linkedin.com\/company\/electrosuisse-ag\/posts\/?feedView=all\",\"https:\/\/www.instagram.com\/electrosuisse1889\/\",\"https:\/\/www.youtube.com\/channel\/UCoOxohMiVE0Gjcdis1L09zw\"],\"description\":\"Electrosuisse ist eine anerkannte und unabh\u00e4ngige Fachorganisation, die erstklassige Dienstleistungen und Produkte in den Bereichen Inspektion, Beratung, Pr\u00fcfung, Zertifizierung, Normung und Weiterbildung anbietet. Unsere Expertise umfasst Elektrotechnik, Elektromobilit\u00e4t, Energieberatung, Geb\u00e4udeautomation und Photovoltaik in der Schweiz. Durch die Veranstaltung etablierter Branchen-Events und Fachtagungen f\u00f6rdert Electrosuisse den Wissenstransfer und den fachlichen Austausch. Im Mittelpunkt unserer T\u00e4tigkeiten steht die F\u00f6rderung der sicheren, wirtschaftlichen und umweltgerechten Anwendung der Elektrotechnik.\"},{\"@type\":\"Person\",\"@id\":\"https:\/\/www.electrosuisse.ch\/de\/#\/schema\/person\/e8142e4593653cd8447f7f52e1e5379f\",\"name\":\"Sina Joller\",\"image\":{\"@type\":\"ImageObject\",\"inLanguage\":\"de\",\"@id\":\"https:\/\/www.electrosuisse.ch\/de\/#\/schema\/person\/image\/\",\"url\":\"https:\/\/secure.gravatar.com\/avatar\/f4249260ddfc146ca88a738cc36d33a9064b17699fb30f04ffaa14260da60942?s=96&d=mm&r=g\",\"contentUrl\":\"https:\/\/secure.gravatar.com\/avatar\/f4249260ddfc146ca88a738cc36d33a9064b17699fb30f04ffaa14260da60942?s=96&d=mm&r=g\",\"caption\":\"Sina Joller\"}}]}<\/script>\n<!-- \/ Yoast SEO Premium plugin. -->","yoast_head_json":{"title":"6G-Mobilfunk in den Alpen","description":"Forschende der Universit\u00e4t Stuttgart demonstrierten in den Alpen die leistungsst\u00e4rkste 6G-Richtfunkverbindung, die Daten mit 25 Gbit\/s \u00fcbertr\u00e4gt. Diese Technologie verspricht zuverl\u00e4ssige Kommunikation selbst in abgelegenen Gebieten.","robots":{"index":"index","follow":"follow","max-snippet":"max-snippet:-1","max-image-preview":"max-image-preview:large","max-video-preview":"max-video-preview:-1"},"canonical":"https:\/\/www.electrosuisse.ch\/de\/6g-mobilfunk\/","og_locale":"de_DE","og_type":"article","og_title":"6G-Mobilfunk in den Alpen","og_description":"Forschende der Universit\u00e4t Stuttgart demonstrierten in den Alpen die leistungsst\u00e4rkste 6G-Richtfunkverbindung, die Daten mit 25 Gbit\/s \u00fcbertr\u00e4gt. Diese Technologie verspricht zuverl\u00e4ssige Kommunikation selbst in abgelegenen Gebieten.","og_url":"https:\/\/www.electrosuisse.ch\/de\/6g-mobilfunk\/","og_site_name":"Electrosuisse","article_published_time":"2024-05-17T07:38:01+00:00","og_image":[{"width":1200,"height":675,"url":"https:\/\/www.electrosuisse.ch\/wp-content\/uploads\/2024\/05\/6G_1660x470.png","type":"image\/png"}],"author":"Sina Joller","schema":{"@context":"https:\/\/schema.org","@graph":[{"@type":"Article","@id":"https:\/\/www.electrosuisse.ch\/de\/6g-mobilfunk\/#article","isPartOf":{"@id":"https:\/\/www.electrosuisse.ch\/de\/6g-mobilfunk\/"},"author":{"name":"Sina Joller","@id":"https:\/\/www.electrosuisse.ch\/de\/#\/schema\/person\/e8142e4593653cd8447f7f52e1e5379f"},"headline":"6G-Mobilfunk in den Alpen: Universit\u00e4t Stuttgart erzielt Rekordverbindung","datePublished":"2024-05-17T07:38:01+00:00","mainEntityOfPage":{"@id":"https:\/\/www.electrosuisse.ch\/de\/6g-mobilfunk\/"},"wordCount":341,"publisher":{"@id":"https:\/\/www.electrosuisse.ch\/de\/#organization"},"articleSection":["Unkategorisiert"],"inLanguage":"de"},{"@type":"WebPage","@id":"https:\/\/www.electrosuisse.ch\/de\/6g-mobilfunk\/","url":"https:\/\/www.electrosuisse.ch\/de\/6g-mobilfunk\/","name":"6G-Mobilfunk in den Alpen","isPartOf":{"@id":"https:\/\/www.electrosuisse.ch\/de\/#website"},"datePublished":"2024-05-17T07:38:01+00:00","description":"Forschende der Universit\u00e4t Stuttgart demonstrierten in den Alpen die leistungsst\u00e4rkste 6G-Richtfunkverbindung, die Daten mit 25 Gbit\/s \u00fcbertr\u00e4gt. Diese Technologie verspricht zuverl\u00e4ssige Kommunikation selbst in abgelegenen Gebieten.","inLanguage":"de","potentialAction":[{"@type":"ReadAction","target":["https:\/\/www.electrosuisse.ch\/de\/6g-mobilfunk\/"]}]},{"@type":"WebSite","@id":"https:\/\/www.electrosuisse.ch\/de\/#website","url":"https:\/\/www.electrosuisse.ch\/de\/","name":"Electrosuisse","description":"","publisher":{"@id":"https:\/\/www.electrosuisse.ch\/de\/#organization"},"potentialAction":[{"@type":"SearchAction","target":{"@type":"EntryPoint","urlTemplate":"https:\/\/www.electrosuisse.ch\/de\/?s={search_term_string}"},"query-input":{"@type":"PropertyValueSpecification","valueRequired":true,"valueName":"search_term_string"}}],"inLanguage":"de"},{"@type":"Organization","@id":"https:\/\/www.electrosuisse.ch\/de\/#organization","name":"Electrosuisse","url":"https:\/\/www.electrosuisse.ch\/de\/","logo":{"@type":"ImageObject","inLanguage":"de","@id":"https:\/\/www.electrosuisse.ch\/de\/#\/schema\/logo\/image\/","url":"https:\/\/www.electrosuisse.ch\/wp-content\/uploads\/2025\/04\/Electrosuisse_Logo_696x696.png","contentUrl":"https:\/\/www.electrosuisse.ch\/wp-content\/uploads\/2025\/04\/Electrosuisse_Logo_696x696.png","width":696,"height":696,"caption":"Electrosuisse"},"image":{"@id":"https:\/\/www.electrosuisse.ch\/de\/#\/schema\/logo\/image\/"},"sameAs":["https:\/\/www.linkedin.com\/company\/electrosuisse-ag\/posts\/?feedView=all","https:\/\/www.instagram.com\/electrosuisse1889\/","https:\/\/www.youtube.com\/channel\/UCoOxohMiVE0Gjcdis1L09zw"],"description":"Electrosuisse ist eine anerkannte und unabh\u00e4ngige Fachorganisation, die erstklassige Dienstleistungen und Produkte in den Bereichen Inspektion, Beratung, Pr\u00fcfung, Zertifizierung, Normung und Weiterbildung anbietet. Unsere Expertise umfasst Elektrotechnik, Elektromobilit\u00e4t, Energieberatung, Geb\u00e4udeautomation und Photovoltaik in der Schweiz. Durch die Veranstaltung etablierter Branchen-Events und Fachtagungen f\u00f6rdert Electrosuisse den Wissenstransfer und den fachlichen Austausch. Im Mittelpunkt unserer T\u00e4tigkeiten steht die F\u00f6rderung der sicheren, wirtschaftlichen und umweltgerechten Anwendung der Elektrotechnik."},{"@type":"Person","@id":"https:\/\/www.electrosuisse.ch\/de\/#\/schema\/person\/e8142e4593653cd8447f7f52e1e5379f","name":"Sina Joller","image":{"@type":"ImageObject","inLanguage":"de","@id":"https:\/\/www.electrosuisse.ch\/de\/#\/schema\/person\/image\/","url":"https:\/\/secure.gravatar.com\/avatar\/f4249260ddfc146ca88a738cc36d33a9064b17699fb30f04ffaa14260da60942?s=96&d=mm&r=g","contentUrl":"https:\/\/secure.gravatar.com\/avatar\/f4249260ddfc146ca88a738cc36d33a9064b17699fb30f04ffaa14260da60942?s=96&d=mm&r=g","caption":"Sina Joller"}}]}},"amp_enabled":true,"_links":{"self":[{"href":"https:\/\/www.electrosuisse.ch\/de\/wp-json\/wp\/v2\/posts\/35611","targetHints":{"allow":["GET"]}}],"collection":[{"href":"https:\/\/www.electrosuisse.ch\/de\/wp-json\/wp\/v2\/posts"}],"about":[{"href":"https:\/\/www.electrosuisse.ch\/de\/wp-json\/wp\/v2\/types\/post"}],"author":[{"embeddable":true,"href":"https:\/\/www.electrosuisse.ch\/de\/wp-json\/wp\/v2\/users\/38"}],"replies":[{"embeddable":true,"href":"https:\/\/www.electrosuisse.ch\/de\/wp-json\/wp\/v2\/comments?post=35611"}],"version-history":[{"count":1,"href":"https:\/\/www.electrosuisse.ch\/de\/wp-json\/wp\/v2\/posts\/35611\/revisions"}],"predecessor-version":[{"id":35621,"href":"https:\/\/www.electrosuisse.ch\/de\/wp-json\/wp\/v2\/posts\/35611\/revisions\/35621"}],"wp:attachment":[{"href":"https:\/\/www.electrosuisse.ch\/de\/wp-json\/wp\/v2\/media?parent=35611"}],"wp:term":[{"taxonomy":"category","embeddable":true,"href":"https:\/\/www.electrosuisse.ch\/de\/wp-json\/wp\/v2\/categories?post=35611"},{"taxonomy":"post_tag","embeddable":true,"href":"https:\/\/www.electrosuisse.ch\/de\/wp-json\/wp\/v2\/tags?post=35611"}],"curies":[{"name":"wp","href":"https:\/\/api.w.org\/{rel}","templated":true}]}}