{"id":32405,"date":"2023-10-31T10:28:57","date_gmt":"2023-10-31T09:28:57","guid":{"rendered":"https:\/\/www.electrosuisse.ch\/?p=32405"},"modified":"2023-11-20T11:27:15","modified_gmt":"2023-11-20T10:27:15","slug":"ckw-startet-abklaerungen-zu-geothermieprojekt-im-kanton-luzern","status":"publish","type":"post","link":"https:\/\/www.electrosuisse.ch\/de\/ckw-startet-abklaerungen-zu-geothermieprojekt-im-kanton-luzern\/","title":{"rendered":"CKW startet Abkl\u00e4rungen zu Geothermieprojekt im Kanton Luzern"},"content":{"rendered":"<div class=\"wpb-content-wrapper\"><p>[vc_row][vc_column][vc_column_text]Ohne einen massiven Ausbau der erneuerbaren Energien steuert die Schweiz auf eine grosse Winterstroml\u00fccke zu. CKW pr\u00fcft daher ein Geothermie-Kraftwerksprojekt im Kanton Luzern. Die Energieversorgerin will mit der Erdw\u00e4rme aus grosser Tiefe sowohl Strom als auch W\u00e4rme produzieren. Diese klimafreundliche Energie hat den Vorteil, dass sie zuverl\u00e4ssig und sicher Bandenergie liefert \u2013 unabh\u00e4ngig von Wetter und Tageszeit.<\/p>\n<p>Gem\u00e4ss einer 2021 durchgef\u00fchrten Machbarkeitsstudie f\u00fcr Tiefengeothermie im Kanton Luzern bietet die Region Inwil\/Perlen gute geologische Voraussetzungen f\u00fcr ein Geothermieprojekt. Dabei soll heisses Wasser aus einer Bohrtiefe von rund 4000 bis 4500 Metern f\u00fcr die Strom- und W\u00e4rmeproduktion genutzt werden. In dieser Tiefe wird eine Wassertemperatur von rund 140\u00b0C erwartet. Mit dem geplanten Kraftwerk k\u00f6nnte Strom f\u00fcr ca. 4000 und W\u00e4rme f\u00fcr ca. 6500 Haushalte produziert werden. F\u00fcr das Projekt werden zurzeit verschiedene Standorte entlang der Autobahn auf Inwiler Gemeindegebiet evaluiert.<\/p>\n<p>Die m\u00f6glichen Standorte sind ideal gelegen: In unmittelbarer N\u00e4he befindet sich die Kehrichtverbrennungsanlage der Renergia. Von hier aus verlaufen Fernw\u00e4rmenetze, welche bis nach Zug und Luzern reichen. Die Erdw\u00e4rme k\u00f6nnte dort direkt in die bestehenden Fernw\u00e4rmenetze abgegeben werden. Der Bedarf nach klimafreundlicher W\u00e4rme wird in Zukunft massiv zunehmen, einerseits aufgrund der Wachstumsentwicklung der Regionen Zug und Luzern, vor allem aber auch durch die Dekarbonisierung und den damit verbundenen Wechsel von \u00d6lheizungen hin zu CO<sub>2<\/sub>-neutralen, klimafreundlichen L\u00f6sungen.<\/p>\n<h3><strong>Mehrstufiges Vorgehen<\/strong><\/h3>\n<p>F\u00fcr die Energiegewinnung wird die Muschelkalkschicht anvisiert, welche in der Region Inwil in einer Tiefe ab etwa 3750 m unter dem Meeresspiegel liegt. In dieser Kalksteinschicht besteht eine hohe Wahrscheinlichkeit, auf gen\u00fcgend Thermalwasser zu stossen. Die in dieser Tiefe erwartete Wassertemperatur von ca. 140\u00b0C ist f\u00fcr die Stromproduktion ausreichend. Dieselbe Gesteinsschicht wird in den beiden Geothermiewerken Riehen (BL) und Schlattingen (TG) seit Jahren erfolgreich zur Warmwassergewinnung f\u00fcr Fernw\u00e4rmenetze genutzt. Die rund 40 Geothermiekraftwerke in Deutschland nutzen ebenfalls \u00fcberwiegend Muschel- und Malmkalkschichten f\u00fcr die Produktion von erneuerbarer W\u00e4rme und Strom. Zur \u00dcberpr\u00fcfung des vorhandenen Wissens bez\u00fcglich der Geologie im Raum Inwil wird als Erstes eine Probebohrung bis zur Zieltiefe vorgenommen. Ist sie erfolgreich, kann die Probebohrung ausgebaut, die zweite Bohrung erstellt und dereinst m\u00f6glicherweise das Kraftwerk gebaut werden.<\/p>\n<p>Der anvisierte Muschelkalk ist f\u00fcr die W\u00e4rmegewinnung geeignet, weil er oft nat\u00fcrlich \u00fcber eine hohe Porosit\u00e4t verf\u00fcgt und viel Thermalwasser enth\u00e4lt. Sollte wider Erwarten in der gew\u00fcnschten Zielformation nicht ausreichend nutzbares Thermalwasser auffindbar sein, gibt es erprobte M\u00f6glichkeiten, die Wasserdurchl\u00e4ssigkeit im Kalkstein zu erh\u00f6hen.<\/p>\n<p>CKW geht f\u00fcr die Planungs-, Bewilligungs- und Realisierungsphase von etwa sechs Jahren aus und rechnet mit Investitionen von rund 70 Mio. Franken. Der Bund unterst\u00fctzt Geothermieprojekte, da diese wertvolle Winterenergie bzw. Bandenergie liefern. Aktuell laufen bei den kantonalen Beh\u00f6rden die Vorabkl\u00e4rungen f\u00fcr den Bewilligungs- und Konzessionierungsprozess.[\/vc_column_text][\/vc_column][\/vc_row]<\/p>\n<\/div>","protected":false},"excerpt":{"rendered":"<p>[vc_row][vc_column][vc_column_text]Ohne einen massiven Ausbau der erneuerbaren Energien steuert die Schweiz auf eine grosse Winterstroml\u00fccke zu. CKW pr\u00fcft daher ein Geothermie-Kraftwerksprojekt im Kanton Luzern. Die Energieversorgerin will mit der Erdw\u00e4rme aus grosser Tiefe sowohl Strom als auch W\u00e4rme produzieren. Diese klimafreundliche Energie hat den Vorteil, dass sie zuverl\u00e4ssig und sicher Bandenergie liefert \u2013 unabh\u00e4ngig von Wetter [&hellip;]<\/p>\n","protected":false},"author":20,"featured_media":0,"comment_status":"closed","ping_status":"closed","sticky":false,"template":"","format":"standard","meta":{"_acf_changed":false,"_monsterinsights_skip_tracking":false,"_monsterinsights_sitenote_active":false,"_monsterinsights_sitenote_note":"","_monsterinsights_sitenote_category":0,"footnotes":""},"categories":[1],"tags":[237],"class_list":["post-32405","post","type-post","status-publish","format-standard","hentry","category-unkategorisiert","tag-energieversorgung"],"acf":[],"yoast_head":"<!-- This site is optimized with the Yoast SEO Premium plugin v26.4 (Yoast SEO v27.0) - https:\/\/yoast.com\/product\/yoast-seo-premium-wordpress\/ -->\n<title>CKW startet Abkl\u00e4rungen zu Geothermieprojekt im Kanton Luzern<\/title>\n<meta name=\"description\" content=\"Ohne einen massiven Ausbau der erneuerbaren Energien steuert die Schweiz auf eine grosse Winterstroml\u00fccke zu.\" \/>\n<meta name=\"robots\" content=\"index, follow, max-snippet:-1, max-image-preview:large, max-video-preview:-1\" \/>\n<link rel=\"canonical\" href=\"https:\/\/www.electrosuisse.ch\/de\/ckw-startet-abklaerungen-zu-geothermieprojekt-im-kanton-luzern\/\" \/>\n<meta property=\"og:locale\" content=\"de_DE\" \/>\n<meta property=\"og:type\" content=\"article\" \/>\n<meta property=\"og:title\" content=\"CKW startet Abkl\u00e4rungen zu Geothermieprojekt im Kanton Luzern\" \/>\n<meta property=\"og:description\" content=\"Ohne einen massiven Ausbau der erneuerbaren Energien steuert die Schweiz auf eine grosse Winterstroml\u00fccke zu.\" \/>\n<meta property=\"og:url\" content=\"https:\/\/www.electrosuisse.ch\/de\/ckw-startet-abklaerungen-zu-geothermieprojekt-im-kanton-luzern\/\" \/>\n<meta property=\"og:site_name\" content=\"Electrosuisse\" \/>\n<meta property=\"article:published_time\" content=\"2023-10-31T09:28:57+00:00\" \/>\n<meta property=\"article:modified_time\" content=\"2023-11-20T10:27:15+00:00\" \/>\n<meta property=\"og:image\" content=\"https:\/\/www.electrosuisse.ch\/wp-content\/uploads\/2023\/10\/Geothermie_1660x470.jpg\" \/>\n\t<meta property=\"og:image:width\" content=\"1200\" \/>\n\t<meta property=\"og:image:height\" content=\"675\" \/>\n\t<meta property=\"og:image:type\" content=\"image\/png\" \/>\n<meta name=\"author\" content=\"Nalini Schempp\" \/>\n<script type=\"application\/ld+json\" class=\"yoast-schema-graph\">{\"@context\":\"https:\/\/schema.org\",\"@graph\":[{\"@type\":\"Article\",\"@id\":\"https:\/\/www.electrosuisse.ch\/de\/ckw-startet-abklaerungen-zu-geothermieprojekt-im-kanton-luzern\/#article\",\"isPartOf\":{\"@id\":\"https:\/\/www.electrosuisse.ch\/de\/ckw-startet-abklaerungen-zu-geothermieprojekt-im-kanton-luzern\/\"},\"author\":{\"name\":\"Nalini Schempp\",\"@id\":\"https:\/\/www.electrosuisse.ch\/de\/#\/schema\/person\/8770e16f2c82936b086c9d1c1c004c08\"},\"headline\":\"CKW startet Abkl\u00e4rungen zu Geothermieprojekt im Kanton Luzern\",\"datePublished\":\"2023-10-31T09:28:57+00:00\",\"dateModified\":\"2023-11-20T10:27:15+00:00\",\"mainEntityOfPage\":{\"@id\":\"https:\/\/www.electrosuisse.ch\/de\/ckw-startet-abklaerungen-zu-geothermieprojekt-im-kanton-luzern\/\"},\"wordCount\":499,\"publisher\":{\"@id\":\"https:\/\/www.electrosuisse.ch\/de\/#organization\"},\"keywords\":[\"Energieversorgung\"],\"articleSection\":[\"Unkategorisiert\"],\"inLanguage\":\"de\"},{\"@type\":\"WebPage\",\"@id\":\"https:\/\/www.electrosuisse.ch\/de\/ckw-startet-abklaerungen-zu-geothermieprojekt-im-kanton-luzern\/\",\"url\":\"https:\/\/www.electrosuisse.ch\/de\/ckw-startet-abklaerungen-zu-geothermieprojekt-im-kanton-luzern\/\",\"name\":\"CKW startet Abkl\u00e4rungen zu Geothermieprojekt im Kanton Luzern\",\"isPartOf\":{\"@id\":\"https:\/\/www.electrosuisse.ch\/de\/#website\"},\"datePublished\":\"2023-10-31T09:28:57+00:00\",\"dateModified\":\"2023-11-20T10:27:15+00:00\",\"description\":\"Ohne einen massiven Ausbau der erneuerbaren Energien steuert die Schweiz auf eine grosse Winterstroml\u00fccke zu.\",\"inLanguage\":\"de\",\"potentialAction\":[{\"@type\":\"ReadAction\",\"target\":[\"https:\/\/www.electrosuisse.ch\/de\/ckw-startet-abklaerungen-zu-geothermieprojekt-im-kanton-luzern\/\"]}]},{\"@type\":\"WebSite\",\"@id\":\"https:\/\/www.electrosuisse.ch\/de\/#website\",\"url\":\"https:\/\/www.electrosuisse.ch\/de\/\",\"name\":\"Electrosuisse\",\"description\":\"\",\"publisher\":{\"@id\":\"https:\/\/www.electrosuisse.ch\/de\/#organization\"},\"potentialAction\":[{\"@type\":\"SearchAction\",\"target\":{\"@type\":\"EntryPoint\",\"urlTemplate\":\"https:\/\/www.electrosuisse.ch\/de\/?s={search_term_string}\"},\"query-input\":{\"@type\":\"PropertyValueSpecification\",\"valueRequired\":true,\"valueName\":\"search_term_string\"}}],\"inLanguage\":\"de\"},{\"@type\":\"Organization\",\"@id\":\"https:\/\/www.electrosuisse.ch\/de\/#organization\",\"name\":\"Electrosuisse\",\"url\":\"https:\/\/www.electrosuisse.ch\/de\/\",\"logo\":{\"@type\":\"ImageObject\",\"inLanguage\":\"de\",\"@id\":\"https:\/\/www.electrosuisse.ch\/de\/#\/schema\/logo\/image\/\",\"url\":\"https:\/\/www.electrosuisse.ch\/wp-content\/uploads\/2025\/04\/Electrosuisse_Logo_696x696.png\",\"contentUrl\":\"https:\/\/www.electrosuisse.ch\/wp-content\/uploads\/2025\/04\/Electrosuisse_Logo_696x696.png\",\"width\":696,\"height\":696,\"caption\":\"Electrosuisse\"},\"image\":{\"@id\":\"https:\/\/www.electrosuisse.ch\/de\/#\/schema\/logo\/image\/\"},\"sameAs\":[\"https:\/\/www.linkedin.com\/company\/electrosuisse-ag\/posts\/?feedView=all\",\"https:\/\/www.instagram.com\/electrosuisse1889\/\",\"https:\/\/www.youtube.com\/channel\/UCoOxohMiVE0Gjcdis1L09zw\"],\"description\":\"Electrosuisse ist eine anerkannte und unabh\u00e4ngige Fachorganisation, die erstklassige Dienstleistungen und Produkte in den Bereichen Inspektion, Beratung, Pr\u00fcfung, Zertifizierung, Normung und Weiterbildung anbietet. Unsere Expertise umfasst Elektrotechnik, Elektromobilit\u00e4t, Energieberatung, Geb\u00e4udeautomation und Photovoltaik in der Schweiz. Durch die Veranstaltung etablierter Branchen-Events und Fachtagungen f\u00f6rdert Electrosuisse den Wissenstransfer und den fachlichen Austausch. Im Mittelpunkt unserer T\u00e4tigkeiten steht die F\u00f6rderung der sicheren, wirtschaftlichen und umweltgerechten Anwendung der Elektrotechnik.\"},{\"@type\":\"Person\",\"@id\":\"https:\/\/www.electrosuisse.ch\/de\/#\/schema\/person\/8770e16f2c82936b086c9d1c1c004c08\",\"name\":\"Nalini Schempp\",\"image\":{\"@type\":\"ImageObject\",\"inLanguage\":\"de\",\"@id\":\"https:\/\/www.electrosuisse.ch\/de\/#\/schema\/person\/image\/\",\"url\":\"https:\/\/secure.gravatar.com\/avatar\/f2e8b75d6e8fb1fd661220d625f7823d02404773b42d5decd9a0b3dd5a2a1fe6?s=96&d=mm&r=g\",\"contentUrl\":\"https:\/\/secure.gravatar.com\/avatar\/f2e8b75d6e8fb1fd661220d625f7823d02404773b42d5decd9a0b3dd5a2a1fe6?s=96&d=mm&r=g\",\"caption\":\"Nalini Schempp\"}}]}<\/script>\n<!-- \/ Yoast SEO Premium plugin. -->","yoast_head_json":{"title":"CKW startet Abkl\u00e4rungen zu Geothermieprojekt im Kanton Luzern","description":"Ohne einen massiven Ausbau der erneuerbaren Energien steuert die Schweiz auf eine grosse Winterstroml\u00fccke zu.","robots":{"index":"index","follow":"follow","max-snippet":"max-snippet:-1","max-image-preview":"max-image-preview:large","max-video-preview":"max-video-preview:-1"},"canonical":"https:\/\/www.electrosuisse.ch\/de\/ckw-startet-abklaerungen-zu-geothermieprojekt-im-kanton-luzern\/","og_locale":"de_DE","og_type":"article","og_title":"CKW startet Abkl\u00e4rungen zu Geothermieprojekt im Kanton Luzern","og_description":"Ohne einen massiven Ausbau der erneuerbaren Energien steuert die Schweiz auf eine grosse Winterstroml\u00fccke zu.","og_url":"https:\/\/www.electrosuisse.ch\/de\/ckw-startet-abklaerungen-zu-geothermieprojekt-im-kanton-luzern\/","og_site_name":"Electrosuisse","article_published_time":"2023-10-31T09:28:57+00:00","article_modified_time":"2023-11-20T10:27:15+00:00","og_image":[{"width":1200,"height":675,"url":"https:\/\/www.electrosuisse.ch\/wp-content\/uploads\/2023\/10\/Geothermie_1660x470.jpg","type":"image\/png"}],"author":"Nalini Schempp","schema":{"@context":"https:\/\/schema.org","@graph":[{"@type":"Article","@id":"https:\/\/www.electrosuisse.ch\/de\/ckw-startet-abklaerungen-zu-geothermieprojekt-im-kanton-luzern\/#article","isPartOf":{"@id":"https:\/\/www.electrosuisse.ch\/de\/ckw-startet-abklaerungen-zu-geothermieprojekt-im-kanton-luzern\/"},"author":{"name":"Nalini Schempp","@id":"https:\/\/www.electrosuisse.ch\/de\/#\/schema\/person\/8770e16f2c82936b086c9d1c1c004c08"},"headline":"CKW startet Abkl\u00e4rungen zu Geothermieprojekt im Kanton Luzern","datePublished":"2023-10-31T09:28:57+00:00","dateModified":"2023-11-20T10:27:15+00:00","mainEntityOfPage":{"@id":"https:\/\/www.electrosuisse.ch\/de\/ckw-startet-abklaerungen-zu-geothermieprojekt-im-kanton-luzern\/"},"wordCount":499,"publisher":{"@id":"https:\/\/www.electrosuisse.ch\/de\/#organization"},"keywords":["Energieversorgung"],"articleSection":["Unkategorisiert"],"inLanguage":"de"},{"@type":"WebPage","@id":"https:\/\/www.electrosuisse.ch\/de\/ckw-startet-abklaerungen-zu-geothermieprojekt-im-kanton-luzern\/","url":"https:\/\/www.electrosuisse.ch\/de\/ckw-startet-abklaerungen-zu-geothermieprojekt-im-kanton-luzern\/","name":"CKW startet Abkl\u00e4rungen zu Geothermieprojekt im Kanton Luzern","isPartOf":{"@id":"https:\/\/www.electrosuisse.ch\/de\/#website"},"datePublished":"2023-10-31T09:28:57+00:00","dateModified":"2023-11-20T10:27:15+00:00","description":"Ohne einen massiven Ausbau der erneuerbaren Energien steuert die Schweiz auf eine grosse Winterstroml\u00fccke zu.","inLanguage":"de","potentialAction":[{"@type":"ReadAction","target":["https:\/\/www.electrosuisse.ch\/de\/ckw-startet-abklaerungen-zu-geothermieprojekt-im-kanton-luzern\/"]}]},{"@type":"WebSite","@id":"https:\/\/www.electrosuisse.ch\/de\/#website","url":"https:\/\/www.electrosuisse.ch\/de\/","name":"Electrosuisse","description":"","publisher":{"@id":"https:\/\/www.electrosuisse.ch\/de\/#organization"},"potentialAction":[{"@type":"SearchAction","target":{"@type":"EntryPoint","urlTemplate":"https:\/\/www.electrosuisse.ch\/de\/?s={search_term_string}"},"query-input":{"@type":"PropertyValueSpecification","valueRequired":true,"valueName":"search_term_string"}}],"inLanguage":"de"},{"@type":"Organization","@id":"https:\/\/www.electrosuisse.ch\/de\/#organization","name":"Electrosuisse","url":"https:\/\/www.electrosuisse.ch\/de\/","logo":{"@type":"ImageObject","inLanguage":"de","@id":"https:\/\/www.electrosuisse.ch\/de\/#\/schema\/logo\/image\/","url":"https:\/\/www.electrosuisse.ch\/wp-content\/uploads\/2025\/04\/Electrosuisse_Logo_696x696.png","contentUrl":"https:\/\/www.electrosuisse.ch\/wp-content\/uploads\/2025\/04\/Electrosuisse_Logo_696x696.png","width":696,"height":696,"caption":"Electrosuisse"},"image":{"@id":"https:\/\/www.electrosuisse.ch\/de\/#\/schema\/logo\/image\/"},"sameAs":["https:\/\/www.linkedin.com\/company\/electrosuisse-ag\/posts\/?feedView=all","https:\/\/www.instagram.com\/electrosuisse1889\/","https:\/\/www.youtube.com\/channel\/UCoOxohMiVE0Gjcdis1L09zw"],"description":"Electrosuisse ist eine anerkannte und unabh\u00e4ngige Fachorganisation, die erstklassige Dienstleistungen und Produkte in den Bereichen Inspektion, Beratung, Pr\u00fcfung, Zertifizierung, Normung und Weiterbildung anbietet. Unsere Expertise umfasst Elektrotechnik, Elektromobilit\u00e4t, Energieberatung, Geb\u00e4udeautomation und Photovoltaik in der Schweiz. Durch die Veranstaltung etablierter Branchen-Events und Fachtagungen f\u00f6rdert Electrosuisse den Wissenstransfer und den fachlichen Austausch. Im Mittelpunkt unserer T\u00e4tigkeiten steht die F\u00f6rderung der sicheren, wirtschaftlichen und umweltgerechten Anwendung der Elektrotechnik."},{"@type":"Person","@id":"https:\/\/www.electrosuisse.ch\/de\/#\/schema\/person\/8770e16f2c82936b086c9d1c1c004c08","name":"Nalini Schempp","image":{"@type":"ImageObject","inLanguage":"de","@id":"https:\/\/www.electrosuisse.ch\/de\/#\/schema\/person\/image\/","url":"https:\/\/secure.gravatar.com\/avatar\/f2e8b75d6e8fb1fd661220d625f7823d02404773b42d5decd9a0b3dd5a2a1fe6?s=96&d=mm&r=g","contentUrl":"https:\/\/secure.gravatar.com\/avatar\/f2e8b75d6e8fb1fd661220d625f7823d02404773b42d5decd9a0b3dd5a2a1fe6?s=96&d=mm&r=g","caption":"Nalini Schempp"}}]}},"amp_enabled":true,"_links":{"self":[{"href":"https:\/\/www.electrosuisse.ch\/de\/wp-json\/wp\/v2\/posts\/32405","targetHints":{"allow":["GET"]}}],"collection":[{"href":"https:\/\/www.electrosuisse.ch\/de\/wp-json\/wp\/v2\/posts"}],"about":[{"href":"https:\/\/www.electrosuisse.ch\/de\/wp-json\/wp\/v2\/types\/post"}],"author":[{"embeddable":true,"href":"https:\/\/www.electrosuisse.ch\/de\/wp-json\/wp\/v2\/users\/20"}],"replies":[{"embeddable":true,"href":"https:\/\/www.electrosuisse.ch\/de\/wp-json\/wp\/v2\/comments?post=32405"}],"version-history":[{"count":1,"href":"https:\/\/www.electrosuisse.ch\/de\/wp-json\/wp\/v2\/posts\/32405\/revisions"}],"predecessor-version":[{"id":32415,"href":"https:\/\/www.electrosuisse.ch\/de\/wp-json\/wp\/v2\/posts\/32405\/revisions\/32415"}],"wp:attachment":[{"href":"https:\/\/www.electrosuisse.ch\/de\/wp-json\/wp\/v2\/media?parent=32405"}],"wp:term":[{"taxonomy":"category","embeddable":true,"href":"https:\/\/www.electrosuisse.ch\/de\/wp-json\/wp\/v2\/categories?post=32405"},{"taxonomy":"post_tag","embeddable":true,"href":"https:\/\/www.electrosuisse.ch\/de\/wp-json\/wp\/v2\/tags?post=32405"}],"curies":[{"name":"wp","href":"https:\/\/api.w.org\/{rel}","templated":true}]}}