{"id":32297,"date":"2023-10-17T14:03:37","date_gmt":"2023-10-17T12:03:37","guid":{"rendered":"https:\/\/www.electrosuisse.ch\/?p=32297"},"modified":"2023-10-17T14:15:51","modified_gmt":"2023-10-17T12:15:51","slug":"international-e-waste-day-2023","status":"publish","type":"post","link":"https:\/\/www.electrosuisse.ch\/de\/international-e-waste-day-2023\/","title":{"rendered":"International E-Waste Day 2023"},"content":{"rendered":"<div class=\"wpb-content-wrapper\"><p>[vc_row][vc_column][vc_column_text]<strong>Die einen piepsen, die anderen ticken oder brummen und wieder andere leuchten, blinken, flimmern oder vibrieren. Und der Rest? Den nimmt keiner wahr. Genau um diese Ger\u00e4te, die gar nicht als elektrische oder elektronische Ger\u00e4te erkannt werden, ging es am International E-Waste Day, am 14. Oktober 2023.<\/strong><\/p>\n<p>An diesem Tag haben Organisationen aus \u00fcber 70 L\u00e4ndern Konsumentinnen und Konsumenten zu einem nachhaltigeren Umgang mit Elektroger\u00e4ten aufgerufen und sie motiviert, \u00aballes, was einen Stecker, eine Batterie oder ein Kabel hat\u00bb zu recyceln, um wertvolle Rohstoffe zur\u00fcckzugewinnen.<\/p>\n<p>Laut einer Unitar-Studie ((https:\/\/weee-forum.org\/ws_news\/of-16-billion-mobile-phones-possessed-worldwide-5-3-billion-will-become-waste-in-2022\/)) aus dem Jahr 2022 haben Europ\u00e4erinnen und Europ\u00e4er durchschnittlich 74 Elektroger\u00e4te zuhause. 13 dieser Ger\u00e4te werden in Kellern, Estrichen, Schr\u00e4nken oder Schubladen gehortet: 9 davon sind ungebraucht, aber noch funktionst\u00fcchtig, 4 davon sind defekt. Unter diesen gehorteten Ger\u00e4ten hat es besonders viele, die oft nicht als elektrische oder elektronische Ger\u00e4te erkannt werden. Man nennt sie deshalb auch unsichtbar oder \u00abinvisible\u00bb. Allein in der Schweiz wird die Anzahl dieser unsichtbaren Elektroger\u00e4te auf rund 7 Ger\u00e4te pro Haushalt gesch\u00e4tzt oder gem\u00e4ss aktuellen Zahlen der Unitar auf insgesamt 31\u2019000 t im Jahr. Darunter befinden sich elektrische Spielzeuge, E- Zigaretten, Elektrowerkzeuge, Rauchmelder, LED-Leuchtmittel, elektrische Zahnb\u00fcrsten oder Sportuhren.\u00a0 Bei all diesen Ger\u00e4ten besteht die Gefahr, dass sie nicht sofort als Elektroger\u00e4te erkannt und dadurch wom\u00f6glich nicht fachgerecht entsorgt werden.<\/p>\n<h3><strong>Rohstoffe von unsch\u00e4tzbarem Wert\u00a0 <\/strong><\/h3>\n<p>So unscheinbar und klein elektrische oder elektronische Ger\u00e4te auch sind: jedes Ger\u00e4t enth\u00e4lt wertvolle Rohstoffe wie Kupfer, Aluminium, Kunststoff oder auch kritische Rohstoffe wie Kobalt, die f\u00fcr den Wandel zu einer nachhaltigeren, \u00f6kologischen Gesellschaft unabdingbar sind. Deshalb ist es wichtig, dass s\u00e4mtliche Ger\u00e4te, die nicht repariert werden k\u00f6nnen, m\u00f6glichst rasch in den Kreislauf zur\u00fcckfliessen, damit die Rohstoffe wiederaufbereitet und f\u00fcr die Produktion neuer Produkte wiederverwendet werden k\u00f6nnen. Noch funktionierende Elektroger\u00e4te k\u00f6nnen hingegen verschenkt, verkauft oder gespendet werden. Dadurch erhalten sie ein zweites Leben.<\/p>\n<h3><strong>Alles rezyklieren<\/strong><\/h3>\n<p>Entweder k\u00f6nnen die Ger\u00e4te direkt in den L\u00e4den, die elektronische Ger\u00e4te verkaufen, zur\u00fcckgegeben werden oder sie k\u00f6nnen auf \u00fcber 750 \u00f6ffentlichen Sens-Sammelstellen entsorgt werden: <a href=\"http:\/\/www.erecycling.ch\/entsorgungspartner\/sammelstellen.html\" target=\"_blank\" rel=\"noopener\">www.erecycling.ch\/entsorgungspartner\/sammelstellen.html<\/a>. In der Schweiz unterliegen elektrische oder elektronische Ger\u00e4te n\u00e4mlich der Verordnung \u00fcber die R\u00fcckgabe, die R\u00fccknahme und die Entsorgung elektrischer und elektronischer Ger\u00e4te (VREG). Entsprechend sind H\u00e4ndler wie Verk\u00e4ufer gesetzlich verpflichtet, s\u00e4mtliche elektrische und elektronische Ger\u00e4te kostenlos zur\u00fcckzunehmen und dem Recycling zuzuf\u00fchren. Wer unsicher ist, ob es sich bei einem Produkt tats\u00e4chlich um ein elektrisches oder elektronisches Ger\u00e4t handelt, der findet Antworten im <a href=\"https:\/\/www.electrosuisse.ch\/wp-content\/uploads\/2023\/10\/231003_SENS-eRecycling_Wie-erkenne-ich-ein-Elektrogeraet.pdf\" target=\"_blank\" rel=\"noopener\">Factsheet<\/a>.[\/vc_column_text][\/vc_column][\/vc_row]<\/p>\n<\/div>","protected":false},"excerpt":{"rendered":"<p>[vc_row][vc_column][vc_column_text]Die einen piepsen, die anderen ticken oder brummen und wieder andere leuchten, blinken, flimmern oder vibrieren. Und der Rest? Den nimmt keiner wahr. Genau um diese Ger\u00e4te, die gar nicht als elektrische oder elektronische Ger\u00e4te erkannt werden, ging es am International E-Waste Day, am 14. Oktober 2023. An diesem Tag haben Organisationen aus \u00fcber 70 [&hellip;]<\/p>\n","protected":false},"author":20,"featured_media":0,"comment_status":"closed","ping_status":"closed","sticky":false,"template":"","format":"standard","meta":{"_acf_changed":false,"_monsterinsights_skip_tracking":false,"_monsterinsights_sitenote_active":false,"_monsterinsights_sitenote_note":"","_monsterinsights_sitenote_category":0,"footnotes":""},"categories":[1],"tags":[239],"class_list":["post-32297","post","type-post","status-publish","format-standard","hentry","category-unkategorisiert","tag-produktion-und-dienstleistung"],"acf":[],"yoast_head":"<!-- This site is optimized with the Yoast SEO Premium plugin v26.4 (Yoast SEO v27.0) - https:\/\/yoast.com\/product\/yoast-seo-premium-wordpress\/ -->\n<title>International E-Waste Day 2023 - Electrosuisse<\/title>\n<meta name=\"description\" content=\"Genau um diese Ger\u00e4te, die gar nicht als elektrische oder elektronische Ger\u00e4te erkannt werden, ging es am International E-Waste Day.\" \/>\n<meta name=\"robots\" content=\"index, follow, max-snippet:-1, max-image-preview:large, max-video-preview:-1\" \/>\n<link rel=\"canonical\" href=\"https:\/\/www.electrosuisse.ch\/de\/international-e-waste-day-2023\/\" \/>\n<meta property=\"og:locale\" content=\"de_DE\" \/>\n<meta property=\"og:type\" content=\"article\" \/>\n<meta property=\"og:title\" content=\"International E-Waste Day 2023 - Electrosuisse\" \/>\n<meta property=\"og:description\" content=\"Genau um diese Ger\u00e4te, die gar nicht als elektrische oder elektronische Ger\u00e4te erkannt werden, ging es am International E-Waste Day.\" \/>\n<meta property=\"og:url\" content=\"https:\/\/www.electrosuisse.ch\/de\/international-e-waste-day-2023\/\" \/>\n<meta property=\"og:site_name\" content=\"Electrosuisse\" \/>\n<meta property=\"article:published_time\" content=\"2023-10-17T12:03:37+00:00\" \/>\n<meta property=\"article:modified_time\" content=\"2023-10-17T12:15:51+00:00\" \/>\n<meta property=\"og:image\" content=\"https:\/\/www.electrosuisse.ch\/wp-content\/uploads\/2023\/10\/Unsichtbare-Elektrogeraete-1660x470-2.jpg\" \/>\n\t<meta property=\"og:image:width\" content=\"1200\" \/>\n\t<meta property=\"og:image:height\" content=\"675\" \/>\n\t<meta property=\"og:image:type\" content=\"image\/png\" \/>\n<meta name=\"author\" content=\"Nalini Schempp\" \/>\n<script type=\"application\/ld+json\" class=\"yoast-schema-graph\">{\"@context\":\"https:\/\/schema.org\",\"@graph\":[{\"@type\":\"Article\",\"@id\":\"https:\/\/www.electrosuisse.ch\/de\/international-e-waste-day-2023\/#article\",\"isPartOf\":{\"@id\":\"https:\/\/www.electrosuisse.ch\/de\/international-e-waste-day-2023\/\"},\"author\":{\"name\":\"Nalini Schempp\",\"@id\":\"https:\/\/www.electrosuisse.ch\/de\/#\/schema\/person\/8770e16f2c82936b086c9d1c1c004c08\"},\"headline\":\"International E-Waste Day 2023\",\"datePublished\":\"2023-10-17T12:03:37+00:00\",\"dateModified\":\"2023-10-17T12:15:51+00:00\",\"mainEntityOfPage\":{\"@id\":\"https:\/\/www.electrosuisse.ch\/de\/international-e-waste-day-2023\/\"},\"wordCount\":464,\"publisher\":{\"@id\":\"https:\/\/www.electrosuisse.ch\/de\/#organization\"},\"keywords\":[\"Produktion und Dienstleistung\"],\"articleSection\":[\"Unkategorisiert\"],\"inLanguage\":\"de\"},{\"@type\":\"WebPage\",\"@id\":\"https:\/\/www.electrosuisse.ch\/de\/international-e-waste-day-2023\/\",\"url\":\"https:\/\/www.electrosuisse.ch\/de\/international-e-waste-day-2023\/\",\"name\":\"International E-Waste Day 2023 - Electrosuisse\",\"isPartOf\":{\"@id\":\"https:\/\/www.electrosuisse.ch\/de\/#website\"},\"datePublished\":\"2023-10-17T12:03:37+00:00\",\"dateModified\":\"2023-10-17T12:15:51+00:00\",\"description\":\"Genau um diese Ger\u00e4te, die gar nicht als elektrische oder elektronische Ger\u00e4te erkannt werden, ging es am International E-Waste Day.\",\"inLanguage\":\"de\",\"potentialAction\":[{\"@type\":\"ReadAction\",\"target\":[\"https:\/\/www.electrosuisse.ch\/de\/international-e-waste-day-2023\/\"]}]},{\"@type\":\"WebSite\",\"@id\":\"https:\/\/www.electrosuisse.ch\/de\/#website\",\"url\":\"https:\/\/www.electrosuisse.ch\/de\/\",\"name\":\"Electrosuisse\",\"description\":\"\",\"publisher\":{\"@id\":\"https:\/\/www.electrosuisse.ch\/de\/#organization\"},\"potentialAction\":[{\"@type\":\"SearchAction\",\"target\":{\"@type\":\"EntryPoint\",\"urlTemplate\":\"https:\/\/www.electrosuisse.ch\/de\/?s={search_term_string}\"},\"query-input\":{\"@type\":\"PropertyValueSpecification\",\"valueRequired\":true,\"valueName\":\"search_term_string\"}}],\"inLanguage\":\"de\"},{\"@type\":\"Organization\",\"@id\":\"https:\/\/www.electrosuisse.ch\/de\/#organization\",\"name\":\"Electrosuisse\",\"url\":\"https:\/\/www.electrosuisse.ch\/de\/\",\"logo\":{\"@type\":\"ImageObject\",\"inLanguage\":\"de\",\"@id\":\"https:\/\/www.electrosuisse.ch\/de\/#\/schema\/logo\/image\/\",\"url\":\"https:\/\/www.electrosuisse.ch\/wp-content\/uploads\/2025\/04\/Electrosuisse_Logo_696x696.png\",\"contentUrl\":\"https:\/\/www.electrosuisse.ch\/wp-content\/uploads\/2025\/04\/Electrosuisse_Logo_696x696.png\",\"width\":696,\"height\":696,\"caption\":\"Electrosuisse\"},\"image\":{\"@id\":\"https:\/\/www.electrosuisse.ch\/de\/#\/schema\/logo\/image\/\"},\"sameAs\":[\"https:\/\/www.linkedin.com\/company\/electrosuisse-ag\/posts\/?feedView=all\",\"https:\/\/www.instagram.com\/electrosuisse1889\/\",\"https:\/\/www.youtube.com\/channel\/UCoOxohMiVE0Gjcdis1L09zw\"],\"description\":\"Electrosuisse ist eine anerkannte und unabh\u00e4ngige Fachorganisation, die erstklassige Dienstleistungen und Produkte in den Bereichen Inspektion, Beratung, Pr\u00fcfung, Zertifizierung, Normung und Weiterbildung anbietet. Unsere Expertise umfasst Elektrotechnik, Elektromobilit\u00e4t, Energieberatung, Geb\u00e4udeautomation und Photovoltaik in der Schweiz. Durch die Veranstaltung etablierter Branchen-Events und Fachtagungen f\u00f6rdert Electrosuisse den Wissenstransfer und den fachlichen Austausch. Im Mittelpunkt unserer T\u00e4tigkeiten steht die F\u00f6rderung der sicheren, wirtschaftlichen und umweltgerechten Anwendung der Elektrotechnik.\"},{\"@type\":\"Person\",\"@id\":\"https:\/\/www.electrosuisse.ch\/de\/#\/schema\/person\/8770e16f2c82936b086c9d1c1c004c08\",\"name\":\"Nalini Schempp\",\"image\":{\"@type\":\"ImageObject\",\"inLanguage\":\"de\",\"@id\":\"https:\/\/www.electrosuisse.ch\/de\/#\/schema\/person\/image\/\",\"url\":\"https:\/\/secure.gravatar.com\/avatar\/f2e8b75d6e8fb1fd661220d625f7823d02404773b42d5decd9a0b3dd5a2a1fe6?s=96&d=mm&r=g\",\"contentUrl\":\"https:\/\/secure.gravatar.com\/avatar\/f2e8b75d6e8fb1fd661220d625f7823d02404773b42d5decd9a0b3dd5a2a1fe6?s=96&d=mm&r=g\",\"caption\":\"Nalini Schempp\"}}]}<\/script>\n<!-- \/ Yoast SEO Premium plugin. -->","yoast_head_json":{"title":"International E-Waste Day 2023 - Electrosuisse","description":"Genau um diese Ger\u00e4te, die gar nicht als elektrische oder elektronische Ger\u00e4te erkannt werden, ging es am International E-Waste Day.","robots":{"index":"index","follow":"follow","max-snippet":"max-snippet:-1","max-image-preview":"max-image-preview:large","max-video-preview":"max-video-preview:-1"},"canonical":"https:\/\/www.electrosuisse.ch\/de\/international-e-waste-day-2023\/","og_locale":"de_DE","og_type":"article","og_title":"International E-Waste Day 2023 - Electrosuisse","og_description":"Genau um diese Ger\u00e4te, die gar nicht als elektrische oder elektronische Ger\u00e4te erkannt werden, ging es am International E-Waste Day.","og_url":"https:\/\/www.electrosuisse.ch\/de\/international-e-waste-day-2023\/","og_site_name":"Electrosuisse","article_published_time":"2023-10-17T12:03:37+00:00","article_modified_time":"2023-10-17T12:15:51+00:00","og_image":[{"width":1200,"height":675,"url":"https:\/\/www.electrosuisse.ch\/wp-content\/uploads\/2023\/10\/Unsichtbare-Elektrogeraete-1660x470-2.jpg","type":"image\/png"}],"author":"Nalini Schempp","schema":{"@context":"https:\/\/schema.org","@graph":[{"@type":"Article","@id":"https:\/\/www.electrosuisse.ch\/de\/international-e-waste-day-2023\/#article","isPartOf":{"@id":"https:\/\/www.electrosuisse.ch\/de\/international-e-waste-day-2023\/"},"author":{"name":"Nalini Schempp","@id":"https:\/\/www.electrosuisse.ch\/de\/#\/schema\/person\/8770e16f2c82936b086c9d1c1c004c08"},"headline":"International E-Waste Day 2023","datePublished":"2023-10-17T12:03:37+00:00","dateModified":"2023-10-17T12:15:51+00:00","mainEntityOfPage":{"@id":"https:\/\/www.electrosuisse.ch\/de\/international-e-waste-day-2023\/"},"wordCount":464,"publisher":{"@id":"https:\/\/www.electrosuisse.ch\/de\/#organization"},"keywords":["Produktion und Dienstleistung"],"articleSection":["Unkategorisiert"],"inLanguage":"de"},{"@type":"WebPage","@id":"https:\/\/www.electrosuisse.ch\/de\/international-e-waste-day-2023\/","url":"https:\/\/www.electrosuisse.ch\/de\/international-e-waste-day-2023\/","name":"International E-Waste Day 2023 - Electrosuisse","isPartOf":{"@id":"https:\/\/www.electrosuisse.ch\/de\/#website"},"datePublished":"2023-10-17T12:03:37+00:00","dateModified":"2023-10-17T12:15:51+00:00","description":"Genau um diese Ger\u00e4te, die gar nicht als elektrische oder elektronische Ger\u00e4te erkannt werden, ging es am International E-Waste Day.","inLanguage":"de","potentialAction":[{"@type":"ReadAction","target":["https:\/\/www.electrosuisse.ch\/de\/international-e-waste-day-2023\/"]}]},{"@type":"WebSite","@id":"https:\/\/www.electrosuisse.ch\/de\/#website","url":"https:\/\/www.electrosuisse.ch\/de\/","name":"Electrosuisse","description":"","publisher":{"@id":"https:\/\/www.electrosuisse.ch\/de\/#organization"},"potentialAction":[{"@type":"SearchAction","target":{"@type":"EntryPoint","urlTemplate":"https:\/\/www.electrosuisse.ch\/de\/?s={search_term_string}"},"query-input":{"@type":"PropertyValueSpecification","valueRequired":true,"valueName":"search_term_string"}}],"inLanguage":"de"},{"@type":"Organization","@id":"https:\/\/www.electrosuisse.ch\/de\/#organization","name":"Electrosuisse","url":"https:\/\/www.electrosuisse.ch\/de\/","logo":{"@type":"ImageObject","inLanguage":"de","@id":"https:\/\/www.electrosuisse.ch\/de\/#\/schema\/logo\/image\/","url":"https:\/\/www.electrosuisse.ch\/wp-content\/uploads\/2025\/04\/Electrosuisse_Logo_696x696.png","contentUrl":"https:\/\/www.electrosuisse.ch\/wp-content\/uploads\/2025\/04\/Electrosuisse_Logo_696x696.png","width":696,"height":696,"caption":"Electrosuisse"},"image":{"@id":"https:\/\/www.electrosuisse.ch\/de\/#\/schema\/logo\/image\/"},"sameAs":["https:\/\/www.linkedin.com\/company\/electrosuisse-ag\/posts\/?feedView=all","https:\/\/www.instagram.com\/electrosuisse1889\/","https:\/\/www.youtube.com\/channel\/UCoOxohMiVE0Gjcdis1L09zw"],"description":"Electrosuisse ist eine anerkannte und unabh\u00e4ngige Fachorganisation, die erstklassige Dienstleistungen und Produkte in den Bereichen Inspektion, Beratung, Pr\u00fcfung, Zertifizierung, Normung und Weiterbildung anbietet. Unsere Expertise umfasst Elektrotechnik, Elektromobilit\u00e4t, Energieberatung, Geb\u00e4udeautomation und Photovoltaik in der Schweiz. Durch die Veranstaltung etablierter Branchen-Events und Fachtagungen f\u00f6rdert Electrosuisse den Wissenstransfer und den fachlichen Austausch. Im Mittelpunkt unserer T\u00e4tigkeiten steht die F\u00f6rderung der sicheren, wirtschaftlichen und umweltgerechten Anwendung der Elektrotechnik."},{"@type":"Person","@id":"https:\/\/www.electrosuisse.ch\/de\/#\/schema\/person\/8770e16f2c82936b086c9d1c1c004c08","name":"Nalini Schempp","image":{"@type":"ImageObject","inLanguage":"de","@id":"https:\/\/www.electrosuisse.ch\/de\/#\/schema\/person\/image\/","url":"https:\/\/secure.gravatar.com\/avatar\/f2e8b75d6e8fb1fd661220d625f7823d02404773b42d5decd9a0b3dd5a2a1fe6?s=96&d=mm&r=g","contentUrl":"https:\/\/secure.gravatar.com\/avatar\/f2e8b75d6e8fb1fd661220d625f7823d02404773b42d5decd9a0b3dd5a2a1fe6?s=96&d=mm&r=g","caption":"Nalini Schempp"}}]}},"amp_enabled":true,"_links":{"self":[{"href":"https:\/\/www.electrosuisse.ch\/de\/wp-json\/wp\/v2\/posts\/32297","targetHints":{"allow":["GET"]}}],"collection":[{"href":"https:\/\/www.electrosuisse.ch\/de\/wp-json\/wp\/v2\/posts"}],"about":[{"href":"https:\/\/www.electrosuisse.ch\/de\/wp-json\/wp\/v2\/types\/post"}],"author":[{"embeddable":true,"href":"https:\/\/www.electrosuisse.ch\/de\/wp-json\/wp\/v2\/users\/20"}],"replies":[{"embeddable":true,"href":"https:\/\/www.electrosuisse.ch\/de\/wp-json\/wp\/v2\/comments?post=32297"}],"version-history":[{"count":7,"href":"https:\/\/www.electrosuisse.ch\/de\/wp-json\/wp\/v2\/posts\/32297\/revisions"}],"predecessor-version":[{"id":32308,"href":"https:\/\/www.electrosuisse.ch\/de\/wp-json\/wp\/v2\/posts\/32297\/revisions\/32308"}],"wp:attachment":[{"href":"https:\/\/www.electrosuisse.ch\/de\/wp-json\/wp\/v2\/media?parent=32297"}],"wp:term":[{"taxonomy":"category","embeddable":true,"href":"https:\/\/www.electrosuisse.ch\/de\/wp-json\/wp\/v2\/categories?post=32297"},{"taxonomy":"post_tag","embeddable":true,"href":"https:\/\/www.electrosuisse.ch\/de\/wp-json\/wp\/v2\/tags?post=32297"}],"curies":[{"name":"wp","href":"https:\/\/api.w.org\/{rel}","templated":true}]}}