{"id":30775,"date":"2023-05-11T14:00:56","date_gmt":"2023-05-11T12:00:56","guid":{"rendered":"https:\/\/www.electrosuisse.ch\/?p=30775"},"modified":"2023-11-20T12:31:24","modified_gmt":"2023-11-20T11:31:24","slug":"startschuss-fuer-6g","status":"publish","type":"post","link":"https:\/\/www.electrosuisse.ch\/de\/startschuss-fuer-6g\/","title":{"rendered":"Startschuss f\u00fcr 6G"},"content":{"rendered":"<div class=\"wpb-content-wrapper\"><p>[vc_row][vc_column][vc_column_text]<strong>Die digitale Welt boomt und ist l\u00e4ngst im Alltag von Industrie und Gesellschaft angekommen. Laut Prognosen sollen 2025 bis zu 175 Zettabytes zirkulieren. Hinein spielt nicht nur die zunehmend Video-lastige Internetnutzung im privaten Raum, auch Tendenzen der Wirtschaft hin zu Industrie 4.0 und Smart Cities ben\u00f6tigen immer h\u00f6here Datenraten. F\u00fcr die \u00dcbertragung dieser gigantischen Mengen ist eine neue, zuverl\u00e4ssige Infrastruktur vonn\u00f6ten, deswegen wird bereits jetzt an 6G geforscht.<\/strong><\/p>\n<p>Ein Ziel des neuen Standards soll sein, im Bereich von Tbit\/s Daten drahtlos zu \u00fcbermitteln oder eine Echtzeitkommunikation zu erm\u00f6glichen. Um dies umzusetzen, werden hohe Bandbreiten ben\u00f6tigt \u2013 Untersuchungen laufen derzeit unter anderem im so genannten D-Band, also dem Frequenzbereich von 110 GHz bis 170 GHz. Bevor Hardware-Module f\u00fcr diesen Bereich nutzbar werden, ist umfassende Forschungsarbeit n\u00f6tig: Neuartige Module wie Package-integrierte Frontend-Komponenten und Antennen m\u00fcssen entwickelt, aufgebaut und getestet werden.<\/p>\n<p>Das 6GKom-Team hat es sich zur Aufgabe gemacht, miniaturisierte, ultrabreitbandige Module zu entwickeln und somit ein Hardware-Fundament f\u00fcr die Mobilfunkkommunikation von morgen zu errichten. Zugleich werden innovative Testverfahren und -umgebungen simuliert, damit das D-Band-Modul nach Fertigstellung getestet, validiert und optimiert werden kann. Das Fraunhofer IZM koordiniert das Projekt und ist verantwortlich f\u00fcr die Entwicklung und den Aufbau einer aktiven 6G-Antenne sowie das Design und Packaging des Gesamtmoduls.<\/p>\n<p>Um Verluste bei der \u00dcbertragung zu vermeiden, muss der Chip so nah wie m\u00f6glich an der Antenne verbaut sein. Mit diesem Ansatz und bei der starken Miniaturisierung der Module entstehen sehr dichte Strukturen, so dass wiederum eine zuverl\u00e4ssige W\u00e4rmeableitung und Signalintegrit\u00e4t gew\u00e4hrleistet werden m\u00fcssen. Hierf\u00fcr werden Wafer-Level-Prozesse beim Aufbau genutzt: Es entstehen trotz feinster Strukturen nur sehr geringe Pfadverluste, und die R\u00fcckseite des Packages liegt frei, so dass an dieser Stelle eine direkte Anbindung zu einem K\u00fchlk\u00f6rper m\u00f6glich ist.<\/p>\n<p>Im Vergleich zu alternativen L\u00f6sungen \u2013 bei denen Antenne und Ansteuerchips als ein einziges Bauelement hergestellt werden \u2013 setzt das 6GKom-Team auf den Aufbau einer Package-integrierten Antenne: Damit l\u00f6st sich das Antennendesign vom Silizium als Grundmaterial. Die gewonnene Freiheit bei der Materialauswahl erm\u00f6glicht eine bessere Performance bez\u00fcglich Bandbreite und Antennengewinn. Die Packagingmaterialien k\u00f6nnen also hinsichtlich geringer Verluste ausgew\u00e4hlt werden, wodurch die Leistung effizient abgestrahlt wird. Schliesslich w\u00fcrde die Platzierung auf dem Chip dessen Fl\u00e4che deutlich vergr\u00f6ssern, was sehr kostenintensiv ist. Deshalb integrieren die Forschenden die Antennen ausserhalb des Chips.<\/p>\n<p>Zum Projektabschluss wird ein Demonstrator entstehen, mit dem in einem Laboraufbau drahtlos zwischen den D-Band-Modulen kommuniziert werden kann. Die Antennen erreichen in der vorgesehenen Integrationsplattform Bandbreiten von rund 10 GHz. Durch die B\u00fcndelung mehrerer Kan\u00e4le k\u00f6nnen schliesslich die Terabitdatenraten erreicht werden.[\/vc_column_text][\/vc_column][\/vc_row]<\/p>\n<\/div>","protected":false},"excerpt":{"rendered":"<p>[vc_row][vc_column][vc_column_text]Die digitale Welt boomt und ist l\u00e4ngst im Alltag von Industrie und Gesellschaft angekommen. Laut Prognosen sollen 2025 bis zu 175 Zettabytes zirkulieren. Hinein spielt nicht nur die zunehmend Video-lastige Internetnutzung im privaten Raum, auch Tendenzen der Wirtschaft hin zu Industrie 4.0 und Smart Cities ben\u00f6tigen immer h\u00f6here Datenraten. F\u00fcr die \u00dcbertragung dieser gigantischen Mengen [&hellip;]<\/p>\n","protected":false},"author":20,"featured_media":0,"comment_status":"closed","ping_status":"closed","sticky":false,"template":"","format":"standard","meta":{"_acf_changed":false,"_monsterinsights_skip_tracking":false,"_monsterinsights_sitenote_active":false,"_monsterinsights_sitenote_note":"","_monsterinsights_sitenote_category":0,"footnotes":""},"categories":[1],"tags":[239],"class_list":["post-30775","post","type-post","status-publish","format-standard","hentry","category-unkategorisiert","tag-produktion-und-dienstleistung"],"acf":[],"yoast_head":"<!-- This site is optimized with the Yoast SEO Premium plugin v26.4 (Yoast SEO v27.0) - https:\/\/yoast.com\/product\/yoast-seo-premium-wordpress\/ -->\n<title>Startschuss f\u00fcr 6G - Electrosuisse<\/title>\n<meta name=\"description\" content=\"Video-lastige Internetnutzung, Industrie 4.0 und Smart Cities ben\u00f6tigen immer h\u00f6here Datenraten, deswegen wird bereits jetzt an 6G geforscht.\" \/>\n<meta name=\"robots\" content=\"index, follow, max-snippet:-1, max-image-preview:large, max-video-preview:-1\" \/>\n<link rel=\"canonical\" href=\"https:\/\/www.electrosuisse.ch\/de\/startschuss-fuer-6g\/\" \/>\n<meta property=\"og:locale\" content=\"de_DE\" \/>\n<meta property=\"og:type\" content=\"article\" \/>\n<meta property=\"og:title\" content=\"Startschuss f\u00fcr 6G - Electrosuisse\" \/>\n<meta property=\"og:description\" content=\"Video-lastige Internetnutzung, Industrie 4.0 und Smart Cities ben\u00f6tigen immer h\u00f6here Datenraten, deswegen wird bereits jetzt an 6G geforscht.\" \/>\n<meta property=\"og:url\" content=\"https:\/\/www.electrosuisse.ch\/de\/startschuss-fuer-6g\/\" \/>\n<meta property=\"og:site_name\" content=\"Electrosuisse\" \/>\n<meta property=\"article:published_time\" content=\"2023-05-11T12:00:56+00:00\" \/>\n<meta property=\"article:modified_time\" content=\"2023-11-20T11:31:24+00:00\" \/>\n<meta property=\"og:image\" content=\"https:\/\/www.electrosuisse.ch\/wp-content\/uploads\/2023\/05\/6G_1660x470.jpg\" \/>\n\t<meta property=\"og:image:width\" content=\"1200\" \/>\n\t<meta property=\"og:image:height\" content=\"675\" \/>\n\t<meta property=\"og:image:type\" content=\"image\/png\" \/>\n<meta name=\"author\" content=\"Nalini Schempp\" \/>\n<script type=\"application\/ld+json\" class=\"yoast-schema-graph\">{\"@context\":\"https:\/\/schema.org\",\"@graph\":[{\"@type\":\"Article\",\"@id\":\"https:\/\/www.electrosuisse.ch\/de\/startschuss-fuer-6g\/#article\",\"isPartOf\":{\"@id\":\"https:\/\/www.electrosuisse.ch\/de\/startschuss-fuer-6g\/\"},\"author\":{\"name\":\"Nalini Schempp\",\"@id\":\"https:\/\/www.electrosuisse.ch\/de\/#\/schema\/person\/8770e16f2c82936b086c9d1c1c004c08\"},\"headline\":\"Startschuss f\u00fcr 6G\",\"datePublished\":\"2023-05-11T12:00:56+00:00\",\"dateModified\":\"2023-11-20T11:31:24+00:00\",\"mainEntityOfPage\":{\"@id\":\"https:\/\/www.electrosuisse.ch\/de\/startschuss-fuer-6g\/\"},\"wordCount\":460,\"publisher\":{\"@id\":\"https:\/\/www.electrosuisse.ch\/de\/#organization\"},\"keywords\":[\"Produktion und Dienstleistung\"],\"articleSection\":[\"Unkategorisiert\"],\"inLanguage\":\"de\"},{\"@type\":\"WebPage\",\"@id\":\"https:\/\/www.electrosuisse.ch\/de\/startschuss-fuer-6g\/\",\"url\":\"https:\/\/www.electrosuisse.ch\/de\/startschuss-fuer-6g\/\",\"name\":\"Startschuss f\u00fcr 6G - Electrosuisse\",\"isPartOf\":{\"@id\":\"https:\/\/www.electrosuisse.ch\/de\/#website\"},\"datePublished\":\"2023-05-11T12:00:56+00:00\",\"dateModified\":\"2023-11-20T11:31:24+00:00\",\"description\":\"Video-lastige Internetnutzung, Industrie 4.0 und Smart Cities ben\u00f6tigen immer h\u00f6here Datenraten, deswegen wird bereits jetzt an 6G geforscht.\",\"inLanguage\":\"de\",\"potentialAction\":[{\"@type\":\"ReadAction\",\"target\":[\"https:\/\/www.electrosuisse.ch\/de\/startschuss-fuer-6g\/\"]}]},{\"@type\":\"WebSite\",\"@id\":\"https:\/\/www.electrosuisse.ch\/de\/#website\",\"url\":\"https:\/\/www.electrosuisse.ch\/de\/\",\"name\":\"Electrosuisse\",\"description\":\"\",\"publisher\":{\"@id\":\"https:\/\/www.electrosuisse.ch\/de\/#organization\"},\"potentialAction\":[{\"@type\":\"SearchAction\",\"target\":{\"@type\":\"EntryPoint\",\"urlTemplate\":\"https:\/\/www.electrosuisse.ch\/de\/?s={search_term_string}\"},\"query-input\":{\"@type\":\"PropertyValueSpecification\",\"valueRequired\":true,\"valueName\":\"search_term_string\"}}],\"inLanguage\":\"de\"},{\"@type\":\"Organization\",\"@id\":\"https:\/\/www.electrosuisse.ch\/de\/#organization\",\"name\":\"Electrosuisse\",\"url\":\"https:\/\/www.electrosuisse.ch\/de\/\",\"logo\":{\"@type\":\"ImageObject\",\"inLanguage\":\"de\",\"@id\":\"https:\/\/www.electrosuisse.ch\/de\/#\/schema\/logo\/image\/\",\"url\":\"https:\/\/www.electrosuisse.ch\/wp-content\/uploads\/2025\/04\/Electrosuisse_Logo_696x696.png\",\"contentUrl\":\"https:\/\/www.electrosuisse.ch\/wp-content\/uploads\/2025\/04\/Electrosuisse_Logo_696x696.png\",\"width\":696,\"height\":696,\"caption\":\"Electrosuisse\"},\"image\":{\"@id\":\"https:\/\/www.electrosuisse.ch\/de\/#\/schema\/logo\/image\/\"},\"sameAs\":[\"https:\/\/www.linkedin.com\/company\/electrosuisse-ag\/posts\/?feedView=all\",\"https:\/\/www.instagram.com\/electrosuisse1889\/\",\"https:\/\/www.youtube.com\/channel\/UCoOxohMiVE0Gjcdis1L09zw\"],\"description\":\"Electrosuisse ist eine anerkannte und unabh\u00e4ngige Fachorganisation, die erstklassige Dienstleistungen und Produkte in den Bereichen Inspektion, Beratung, Pr\u00fcfung, Zertifizierung, Normung und Weiterbildung anbietet. Unsere Expertise umfasst Elektrotechnik, Elektromobilit\u00e4t, Energieberatung, Geb\u00e4udeautomation und Photovoltaik in der Schweiz. Durch die Veranstaltung etablierter Branchen-Events und Fachtagungen f\u00f6rdert Electrosuisse den Wissenstransfer und den fachlichen Austausch. Im Mittelpunkt unserer T\u00e4tigkeiten steht die F\u00f6rderung der sicheren, wirtschaftlichen und umweltgerechten Anwendung der Elektrotechnik.\"},{\"@type\":\"Person\",\"@id\":\"https:\/\/www.electrosuisse.ch\/de\/#\/schema\/person\/8770e16f2c82936b086c9d1c1c004c08\",\"name\":\"Nalini Schempp\",\"image\":{\"@type\":\"ImageObject\",\"inLanguage\":\"de\",\"@id\":\"https:\/\/www.electrosuisse.ch\/de\/#\/schema\/person\/image\/\",\"url\":\"https:\/\/secure.gravatar.com\/avatar\/f2e8b75d6e8fb1fd661220d625f7823d02404773b42d5decd9a0b3dd5a2a1fe6?s=96&d=mm&r=g\",\"contentUrl\":\"https:\/\/secure.gravatar.com\/avatar\/f2e8b75d6e8fb1fd661220d625f7823d02404773b42d5decd9a0b3dd5a2a1fe6?s=96&d=mm&r=g\",\"caption\":\"Nalini Schempp\"}}]}<\/script>\n<!-- \/ Yoast SEO Premium plugin. -->","yoast_head_json":{"title":"Startschuss f\u00fcr 6G - Electrosuisse","description":"Video-lastige Internetnutzung, Industrie 4.0 und Smart Cities ben\u00f6tigen immer h\u00f6here Datenraten, deswegen wird bereits jetzt an 6G geforscht.","robots":{"index":"index","follow":"follow","max-snippet":"max-snippet:-1","max-image-preview":"max-image-preview:large","max-video-preview":"max-video-preview:-1"},"canonical":"https:\/\/www.electrosuisse.ch\/de\/startschuss-fuer-6g\/","og_locale":"de_DE","og_type":"article","og_title":"Startschuss f\u00fcr 6G - Electrosuisse","og_description":"Video-lastige Internetnutzung, Industrie 4.0 und Smart Cities ben\u00f6tigen immer h\u00f6here Datenraten, deswegen wird bereits jetzt an 6G geforscht.","og_url":"https:\/\/www.electrosuisse.ch\/de\/startschuss-fuer-6g\/","og_site_name":"Electrosuisse","article_published_time":"2023-05-11T12:00:56+00:00","article_modified_time":"2023-11-20T11:31:24+00:00","og_image":[{"width":1200,"height":675,"url":"https:\/\/www.electrosuisse.ch\/wp-content\/uploads\/2023\/05\/6G_1660x470.jpg","type":"image\/png"}],"author":"Nalini Schempp","schema":{"@context":"https:\/\/schema.org","@graph":[{"@type":"Article","@id":"https:\/\/www.electrosuisse.ch\/de\/startschuss-fuer-6g\/#article","isPartOf":{"@id":"https:\/\/www.electrosuisse.ch\/de\/startschuss-fuer-6g\/"},"author":{"name":"Nalini Schempp","@id":"https:\/\/www.electrosuisse.ch\/de\/#\/schema\/person\/8770e16f2c82936b086c9d1c1c004c08"},"headline":"Startschuss f\u00fcr 6G","datePublished":"2023-05-11T12:00:56+00:00","dateModified":"2023-11-20T11:31:24+00:00","mainEntityOfPage":{"@id":"https:\/\/www.electrosuisse.ch\/de\/startschuss-fuer-6g\/"},"wordCount":460,"publisher":{"@id":"https:\/\/www.electrosuisse.ch\/de\/#organization"},"keywords":["Produktion und Dienstleistung"],"articleSection":["Unkategorisiert"],"inLanguage":"de"},{"@type":"WebPage","@id":"https:\/\/www.electrosuisse.ch\/de\/startschuss-fuer-6g\/","url":"https:\/\/www.electrosuisse.ch\/de\/startschuss-fuer-6g\/","name":"Startschuss f\u00fcr 6G - Electrosuisse","isPartOf":{"@id":"https:\/\/www.electrosuisse.ch\/de\/#website"},"datePublished":"2023-05-11T12:00:56+00:00","dateModified":"2023-11-20T11:31:24+00:00","description":"Video-lastige Internetnutzung, Industrie 4.0 und Smart Cities ben\u00f6tigen immer h\u00f6here Datenraten, deswegen wird bereits jetzt an 6G geforscht.","inLanguage":"de","potentialAction":[{"@type":"ReadAction","target":["https:\/\/www.electrosuisse.ch\/de\/startschuss-fuer-6g\/"]}]},{"@type":"WebSite","@id":"https:\/\/www.electrosuisse.ch\/de\/#website","url":"https:\/\/www.electrosuisse.ch\/de\/","name":"Electrosuisse","description":"","publisher":{"@id":"https:\/\/www.electrosuisse.ch\/de\/#organization"},"potentialAction":[{"@type":"SearchAction","target":{"@type":"EntryPoint","urlTemplate":"https:\/\/www.electrosuisse.ch\/de\/?s={search_term_string}"},"query-input":{"@type":"PropertyValueSpecification","valueRequired":true,"valueName":"search_term_string"}}],"inLanguage":"de"},{"@type":"Organization","@id":"https:\/\/www.electrosuisse.ch\/de\/#organization","name":"Electrosuisse","url":"https:\/\/www.electrosuisse.ch\/de\/","logo":{"@type":"ImageObject","inLanguage":"de","@id":"https:\/\/www.electrosuisse.ch\/de\/#\/schema\/logo\/image\/","url":"https:\/\/www.electrosuisse.ch\/wp-content\/uploads\/2025\/04\/Electrosuisse_Logo_696x696.png","contentUrl":"https:\/\/www.electrosuisse.ch\/wp-content\/uploads\/2025\/04\/Electrosuisse_Logo_696x696.png","width":696,"height":696,"caption":"Electrosuisse"},"image":{"@id":"https:\/\/www.electrosuisse.ch\/de\/#\/schema\/logo\/image\/"},"sameAs":["https:\/\/www.linkedin.com\/company\/electrosuisse-ag\/posts\/?feedView=all","https:\/\/www.instagram.com\/electrosuisse1889\/","https:\/\/www.youtube.com\/channel\/UCoOxohMiVE0Gjcdis1L09zw"],"description":"Electrosuisse ist eine anerkannte und unabh\u00e4ngige Fachorganisation, die erstklassige Dienstleistungen und Produkte in den Bereichen Inspektion, Beratung, Pr\u00fcfung, Zertifizierung, Normung und Weiterbildung anbietet. Unsere Expertise umfasst Elektrotechnik, Elektromobilit\u00e4t, Energieberatung, Geb\u00e4udeautomation und Photovoltaik in der Schweiz. Durch die Veranstaltung etablierter Branchen-Events und Fachtagungen f\u00f6rdert Electrosuisse den Wissenstransfer und den fachlichen Austausch. Im Mittelpunkt unserer T\u00e4tigkeiten steht die F\u00f6rderung der sicheren, wirtschaftlichen und umweltgerechten Anwendung der Elektrotechnik."},{"@type":"Person","@id":"https:\/\/www.electrosuisse.ch\/de\/#\/schema\/person\/8770e16f2c82936b086c9d1c1c004c08","name":"Nalini Schempp","image":{"@type":"ImageObject","inLanguage":"de","@id":"https:\/\/www.electrosuisse.ch\/de\/#\/schema\/person\/image\/","url":"https:\/\/secure.gravatar.com\/avatar\/f2e8b75d6e8fb1fd661220d625f7823d02404773b42d5decd9a0b3dd5a2a1fe6?s=96&d=mm&r=g","contentUrl":"https:\/\/secure.gravatar.com\/avatar\/f2e8b75d6e8fb1fd661220d625f7823d02404773b42d5decd9a0b3dd5a2a1fe6?s=96&d=mm&r=g","caption":"Nalini Schempp"}}]}},"amp_enabled":true,"_links":{"self":[{"href":"https:\/\/www.electrosuisse.ch\/de\/wp-json\/wp\/v2\/posts\/30775","targetHints":{"allow":["GET"]}}],"collection":[{"href":"https:\/\/www.electrosuisse.ch\/de\/wp-json\/wp\/v2\/posts"}],"about":[{"href":"https:\/\/www.electrosuisse.ch\/de\/wp-json\/wp\/v2\/types\/post"}],"author":[{"embeddable":true,"href":"https:\/\/www.electrosuisse.ch\/de\/wp-json\/wp\/v2\/users\/20"}],"replies":[{"embeddable":true,"href":"https:\/\/www.electrosuisse.ch\/de\/wp-json\/wp\/v2\/comments?post=30775"}],"version-history":[{"count":1,"href":"https:\/\/www.electrosuisse.ch\/de\/wp-json\/wp\/v2\/posts\/30775\/revisions"}],"predecessor-version":[{"id":30785,"href":"https:\/\/www.electrosuisse.ch\/de\/wp-json\/wp\/v2\/posts\/30775\/revisions\/30785"}],"wp:attachment":[{"href":"https:\/\/www.electrosuisse.ch\/de\/wp-json\/wp\/v2\/media?parent=30775"}],"wp:term":[{"taxonomy":"category","embeddable":true,"href":"https:\/\/www.electrosuisse.ch\/de\/wp-json\/wp\/v2\/categories?post=30775"},{"taxonomy":"post_tag","embeddable":true,"href":"https:\/\/www.electrosuisse.ch\/de\/wp-json\/wp\/v2\/tags?post=30775"}],"curies":[{"name":"wp","href":"https:\/\/api.w.org\/{rel}","templated":true}]}}