{"id":29494,"date":"2023-03-17T08:02:34","date_gmt":"2023-03-17T07:02:34","guid":{"rendered":"https:\/\/www.electrosuisse.ch\/?p=29494"},"modified":"2023-03-20T08:27:38","modified_gmt":"2023-03-20T07:27:38","slug":"e-mobile-ladeforum-zuerich","status":"publish","type":"post","link":"https:\/\/www.electrosuisse.ch\/de\/e-mobile-ladeforum-zuerich\/","title":{"rendered":"E-Mobile Ladeforum: Mit elektrischem Fortschritt in die Zukunft!"},"content":{"rendered":"<div class=\"wpb-content-wrapper\"><p>[vc_row][vc_column][vc_column_text]Die Fachgesellschaft E-Mobile von Electrosuisse hat k\u00fcrzlich eine Ladeinfrastruktur-Tagung abgehalten, in der sich Experten und Entscheidungstr\u00e4ger aus der Branche \u00fcber die neusten Trends informieren konnten.<\/p>\n<p>Unter den 360 Teilnehmenden waren H\u00e4ndler, Garagisten, Technische Leiter, Ladenetzbetreiber, Planer sowie Gemeinde- und Immobilienvertreter. Die Referate auf der Tagung umfassten ein breites Spektrum an Fragen und boten L\u00f6sungsans\u00e4tze f\u00fcr konkrete Umsetzungen.[\/vc_column_text][vc_column_text]Lesen Sie hier den R\u00fcckblick im <a href=\"https:\/\/www.bulletin.ch\/de\/news-detail\/die-vielen-nuetz-lichen-seiten-der-lade-infra-struktur.html\" target=\"_blank\" rel=\"noopener\">bulletin.ch<\/a>.[\/vc_column_text][\/vc_column][\/vc_row]<\/p>\n<\/div>","protected":false},"excerpt":{"rendered":"<p>[vc_row][vc_column][vc_column_text]Die Fachgesellschaft E-Mobile von Electrosuisse hat k\u00fcrzlich eine Ladeinfrastruktur-Tagung abgehalten, in der sich Experten und Entscheidungstr\u00e4ger aus der Branche \u00fcber die neusten Trends informieren konnten. Unter den 360 Teilnehmenden waren H\u00e4ndler, Garagisten, Technische Leiter, Ladenetzbetreiber, Planer sowie Gemeinde- und Immobilienvertreter. Die Referate auf der Tagung umfassten ein breites Spektrum an Fragen und boten L\u00f6sungsans\u00e4tze f\u00fcr [&hellip;]<\/p>\n","protected":false},"author":6,"featured_media":0,"comment_status":"closed","ping_status":"closed","sticky":false,"template":"","format":"standard","meta":{"_acf_changed":false,"_monsterinsights_skip_tracking":false,"_monsterinsights_sitenote_active":false,"_monsterinsights_sitenote_note":"","_monsterinsights_sitenote_category":0,"footnotes":""},"categories":[1],"tags":[],"class_list":["post-29494","post","type-post","status-publish","format-standard","hentry","category-unkategorisiert"],"acf":[],"yoast_head":"<!-- This site is optimized with the Yoast SEO Premium plugin v26.4 (Yoast SEO v27.0) - https:\/\/yoast.com\/product\/yoast-seo-premium-wordpress\/ -->\n<title>E-Mobile Ladeforum: Mit elektrischem Fortschritt in die Zukunft! - Electrosuisse<\/title>\n<meta name=\"robots\" content=\"index, follow, max-snippet:-1, max-image-preview:large, max-video-preview:-1\" \/>\n<link rel=\"canonical\" href=\"https:\/\/www.electrosuisse.ch\/de\/e-mobile-ladeforum-zuerich\/\" \/>\n<meta property=\"og:locale\" content=\"de_DE\" \/>\n<meta property=\"og:type\" content=\"article\" \/>\n<meta property=\"og:title\" content=\"E-Mobile Ladeforum: Mit elektrischem Fortschritt in die Zukunft! - Electrosuisse\" \/>\n<meta property=\"og:description\" content=\"[vc_row][vc_column][vc_column_text]Die Fachgesellschaft E-Mobile von Electrosuisse hat k\u00fcrzlich eine Ladeinfrastruktur-Tagung abgehalten, in der sich Experten und Entscheidungstr\u00e4ger aus der Branche \u00fcber die neusten Trends informieren konnten. Unter den 360 Teilnehmenden waren H\u00e4ndler, Garagisten, Technische Leiter, Ladenetzbetreiber, Planer sowie Gemeinde- und Immobilienvertreter. Die Referate auf der Tagung umfassten ein breites Spektrum an Fragen und boten L\u00f6sungsans\u00e4tze f\u00fcr [&hellip;]\" \/>\n<meta property=\"og:url\" content=\"https:\/\/www.electrosuisse.ch\/de\/e-mobile-ladeforum-zuerich\/\" \/>\n<meta property=\"og:site_name\" content=\"Electrosuisse\" \/>\n<meta property=\"article:published_time\" content=\"2023-03-17T07:02:34+00:00\" \/>\n<meta property=\"article:modified_time\" content=\"2023-03-20T07:27:38+00:00\" \/>\n<meta property=\"og:image\" content=\"https:\/\/www.electrosuisse.ch\/wp-content\/uploads\/2023\/03\/emobile_Ladeforum_2023_1660x470.jpg\" \/>\n\t<meta property=\"og:image:width\" content=\"1200\" \/>\n\t<meta property=\"og:image:height\" content=\"675\" \/>\n\t<meta property=\"og:image:type\" content=\"image\/png\" \/>\n<meta name=\"author\" content=\"Anita Serafini\" \/>\n<script type=\"application\/ld+json\" class=\"yoast-schema-graph\">{\"@context\":\"https:\/\/schema.org\",\"@graph\":[{\"@type\":\"Article\",\"@id\":\"https:\/\/www.electrosuisse.ch\/de\/e-mobile-ladeforum-zuerich\/#article\",\"isPartOf\":{\"@id\":\"https:\/\/www.electrosuisse.ch\/de\/e-mobile-ladeforum-zuerich\/\"},\"author\":{\"name\":\"Anita Serafini\",\"@id\":\"https:\/\/www.electrosuisse.ch\/de\/#\/schema\/person\/0ef69aac34185528f3a6d17888410caf\"},\"headline\":\"E-Mobile Ladeforum: Mit elektrischem Fortschritt in die Zukunft!\",\"datePublished\":\"2023-03-17T07:02:34+00:00\",\"dateModified\":\"2023-03-20T07:27:38+00:00\",\"mainEntityOfPage\":{\"@id\":\"https:\/\/www.electrosuisse.ch\/de\/e-mobile-ladeforum-zuerich\/\"},\"wordCount\":99,\"publisher\":{\"@id\":\"https:\/\/www.electrosuisse.ch\/de\/#organization\"},\"articleSection\":[\"Unkategorisiert\"],\"inLanguage\":\"de\"},{\"@type\":\"WebPage\",\"@id\":\"https:\/\/www.electrosuisse.ch\/de\/e-mobile-ladeforum-zuerich\/\",\"url\":\"https:\/\/www.electrosuisse.ch\/de\/e-mobile-ladeforum-zuerich\/\",\"name\":\"E-Mobile Ladeforum: Mit elektrischem Fortschritt in die Zukunft! - Electrosuisse\",\"isPartOf\":{\"@id\":\"https:\/\/www.electrosuisse.ch\/de\/#website\"},\"datePublished\":\"2023-03-17T07:02:34+00:00\",\"dateModified\":\"2023-03-20T07:27:38+00:00\",\"inLanguage\":\"de\",\"potentialAction\":[{\"@type\":\"ReadAction\",\"target\":[\"https:\/\/www.electrosuisse.ch\/de\/e-mobile-ladeforum-zuerich\/\"]}]},{\"@type\":\"WebSite\",\"@id\":\"https:\/\/www.electrosuisse.ch\/de\/#website\",\"url\":\"https:\/\/www.electrosuisse.ch\/de\/\",\"name\":\"Electrosuisse\",\"description\":\"\",\"publisher\":{\"@id\":\"https:\/\/www.electrosuisse.ch\/de\/#organization\"},\"potentialAction\":[{\"@type\":\"SearchAction\",\"target\":{\"@type\":\"EntryPoint\",\"urlTemplate\":\"https:\/\/www.electrosuisse.ch\/de\/?s={search_term_string}\"},\"query-input\":{\"@type\":\"PropertyValueSpecification\",\"valueRequired\":true,\"valueName\":\"search_term_string\"}}],\"inLanguage\":\"de\"},{\"@type\":\"Organization\",\"@id\":\"https:\/\/www.electrosuisse.ch\/de\/#organization\",\"name\":\"Electrosuisse\",\"url\":\"https:\/\/www.electrosuisse.ch\/de\/\",\"logo\":{\"@type\":\"ImageObject\",\"inLanguage\":\"de\",\"@id\":\"https:\/\/www.electrosuisse.ch\/de\/#\/schema\/logo\/image\/\",\"url\":\"https:\/\/www.electrosuisse.ch\/wp-content\/uploads\/2025\/04\/Electrosuisse_Logo_696x696.png\",\"contentUrl\":\"https:\/\/www.electrosuisse.ch\/wp-content\/uploads\/2025\/04\/Electrosuisse_Logo_696x696.png\",\"width\":696,\"height\":696,\"caption\":\"Electrosuisse\"},\"image\":{\"@id\":\"https:\/\/www.electrosuisse.ch\/de\/#\/schema\/logo\/image\/\"},\"sameAs\":[\"https:\/\/www.linkedin.com\/company\/electrosuisse-ag\/posts\/?feedView=all\",\"https:\/\/www.instagram.com\/electrosuisse1889\/\",\"https:\/\/www.youtube.com\/channel\/UCoOxohMiVE0Gjcdis1L09zw\"],\"description\":\"Electrosuisse ist eine anerkannte und unabh\u00e4ngige Fachorganisation, die erstklassige Dienstleistungen und Produkte in den Bereichen Inspektion, Beratung, Pr\u00fcfung, Zertifizierung, Normung und Weiterbildung anbietet. Unsere Expertise umfasst Elektrotechnik, Elektromobilit\u00e4t, Energieberatung, Geb\u00e4udeautomation und Photovoltaik in der Schweiz. Durch die Veranstaltung etablierter Branchen-Events und Fachtagungen f\u00f6rdert Electrosuisse den Wissenstransfer und den fachlichen Austausch. Im Mittelpunkt unserer T\u00e4tigkeiten steht die F\u00f6rderung der sicheren, wirtschaftlichen und umweltgerechten Anwendung der Elektrotechnik.\"},{\"@type\":\"Person\",\"@id\":\"https:\/\/www.electrosuisse.ch\/de\/#\/schema\/person\/0ef69aac34185528f3a6d17888410caf\",\"name\":\"Anita Serafini\",\"image\":{\"@type\":\"ImageObject\",\"inLanguage\":\"de\",\"@id\":\"https:\/\/www.electrosuisse.ch\/de\/#\/schema\/person\/image\/\",\"url\":\"https:\/\/secure.gravatar.com\/avatar\/1b7b417c5e262b4d5423cd3f96595e0b5e8bacff15771d8b388b51c84ed55a54?s=96&d=mm&r=g\",\"contentUrl\":\"https:\/\/secure.gravatar.com\/avatar\/1b7b417c5e262b4d5423cd3f96595e0b5e8bacff15771d8b388b51c84ed55a54?s=96&d=mm&r=g\",\"caption\":\"Anita Serafini\"}}]}<\/script>\n<!-- \/ Yoast SEO Premium plugin. -->","yoast_head_json":{"title":"E-Mobile Ladeforum: Mit elektrischem Fortschritt in die Zukunft! - Electrosuisse","robots":{"index":"index","follow":"follow","max-snippet":"max-snippet:-1","max-image-preview":"max-image-preview:large","max-video-preview":"max-video-preview:-1"},"canonical":"https:\/\/www.electrosuisse.ch\/de\/e-mobile-ladeforum-zuerich\/","og_locale":"de_DE","og_type":"article","og_title":"E-Mobile Ladeforum: Mit elektrischem Fortschritt in die Zukunft! - Electrosuisse","og_description":"[vc_row][vc_column][vc_column_text]Die Fachgesellschaft E-Mobile von Electrosuisse hat k\u00fcrzlich eine Ladeinfrastruktur-Tagung abgehalten, in der sich Experten und Entscheidungstr\u00e4ger aus der Branche \u00fcber die neusten Trends informieren konnten. Unter den 360 Teilnehmenden waren H\u00e4ndler, Garagisten, Technische Leiter, Ladenetzbetreiber, Planer sowie Gemeinde- und Immobilienvertreter. Die Referate auf der Tagung umfassten ein breites Spektrum an Fragen und boten L\u00f6sungsans\u00e4tze f\u00fcr [&hellip;]","og_url":"https:\/\/www.electrosuisse.ch\/de\/e-mobile-ladeforum-zuerich\/","og_site_name":"Electrosuisse","article_published_time":"2023-03-17T07:02:34+00:00","article_modified_time":"2023-03-20T07:27:38+00:00","og_image":[{"width":1200,"height":675,"url":"https:\/\/www.electrosuisse.ch\/wp-content\/uploads\/2023\/03\/emobile_Ladeforum_2023_1660x470.jpg","type":"image\/png"}],"author":"Anita Serafini","schema":{"@context":"https:\/\/schema.org","@graph":[{"@type":"Article","@id":"https:\/\/www.electrosuisse.ch\/de\/e-mobile-ladeforum-zuerich\/#article","isPartOf":{"@id":"https:\/\/www.electrosuisse.ch\/de\/e-mobile-ladeforum-zuerich\/"},"author":{"name":"Anita Serafini","@id":"https:\/\/www.electrosuisse.ch\/de\/#\/schema\/person\/0ef69aac34185528f3a6d17888410caf"},"headline":"E-Mobile Ladeforum: Mit elektrischem Fortschritt in die Zukunft!","datePublished":"2023-03-17T07:02:34+00:00","dateModified":"2023-03-20T07:27:38+00:00","mainEntityOfPage":{"@id":"https:\/\/www.electrosuisse.ch\/de\/e-mobile-ladeforum-zuerich\/"},"wordCount":99,"publisher":{"@id":"https:\/\/www.electrosuisse.ch\/de\/#organization"},"articleSection":["Unkategorisiert"],"inLanguage":"de"},{"@type":"WebPage","@id":"https:\/\/www.electrosuisse.ch\/de\/e-mobile-ladeforum-zuerich\/","url":"https:\/\/www.electrosuisse.ch\/de\/e-mobile-ladeforum-zuerich\/","name":"E-Mobile Ladeforum: Mit elektrischem Fortschritt in die Zukunft! - Electrosuisse","isPartOf":{"@id":"https:\/\/www.electrosuisse.ch\/de\/#website"},"datePublished":"2023-03-17T07:02:34+00:00","dateModified":"2023-03-20T07:27:38+00:00","inLanguage":"de","potentialAction":[{"@type":"ReadAction","target":["https:\/\/www.electrosuisse.ch\/de\/e-mobile-ladeforum-zuerich\/"]}]},{"@type":"WebSite","@id":"https:\/\/www.electrosuisse.ch\/de\/#website","url":"https:\/\/www.electrosuisse.ch\/de\/","name":"Electrosuisse","description":"","publisher":{"@id":"https:\/\/www.electrosuisse.ch\/de\/#organization"},"potentialAction":[{"@type":"SearchAction","target":{"@type":"EntryPoint","urlTemplate":"https:\/\/www.electrosuisse.ch\/de\/?s={search_term_string}"},"query-input":{"@type":"PropertyValueSpecification","valueRequired":true,"valueName":"search_term_string"}}],"inLanguage":"de"},{"@type":"Organization","@id":"https:\/\/www.electrosuisse.ch\/de\/#organization","name":"Electrosuisse","url":"https:\/\/www.electrosuisse.ch\/de\/","logo":{"@type":"ImageObject","inLanguage":"de","@id":"https:\/\/www.electrosuisse.ch\/de\/#\/schema\/logo\/image\/","url":"https:\/\/www.electrosuisse.ch\/wp-content\/uploads\/2025\/04\/Electrosuisse_Logo_696x696.png","contentUrl":"https:\/\/www.electrosuisse.ch\/wp-content\/uploads\/2025\/04\/Electrosuisse_Logo_696x696.png","width":696,"height":696,"caption":"Electrosuisse"},"image":{"@id":"https:\/\/www.electrosuisse.ch\/de\/#\/schema\/logo\/image\/"},"sameAs":["https:\/\/www.linkedin.com\/company\/electrosuisse-ag\/posts\/?feedView=all","https:\/\/www.instagram.com\/electrosuisse1889\/","https:\/\/www.youtube.com\/channel\/UCoOxohMiVE0Gjcdis1L09zw"],"description":"Electrosuisse ist eine anerkannte und unabh\u00e4ngige Fachorganisation, die erstklassige Dienstleistungen und Produkte in den Bereichen Inspektion, Beratung, Pr\u00fcfung, Zertifizierung, Normung und Weiterbildung anbietet. Unsere Expertise umfasst Elektrotechnik, Elektromobilit\u00e4t, Energieberatung, Geb\u00e4udeautomation und Photovoltaik in der Schweiz. Durch die Veranstaltung etablierter Branchen-Events und Fachtagungen f\u00f6rdert Electrosuisse den Wissenstransfer und den fachlichen Austausch. Im Mittelpunkt unserer T\u00e4tigkeiten steht die F\u00f6rderung der sicheren, wirtschaftlichen und umweltgerechten Anwendung der Elektrotechnik."},{"@type":"Person","@id":"https:\/\/www.electrosuisse.ch\/de\/#\/schema\/person\/0ef69aac34185528f3a6d17888410caf","name":"Anita Serafini","image":{"@type":"ImageObject","inLanguage":"de","@id":"https:\/\/www.electrosuisse.ch\/de\/#\/schema\/person\/image\/","url":"https:\/\/secure.gravatar.com\/avatar\/1b7b417c5e262b4d5423cd3f96595e0b5e8bacff15771d8b388b51c84ed55a54?s=96&d=mm&r=g","contentUrl":"https:\/\/secure.gravatar.com\/avatar\/1b7b417c5e262b4d5423cd3f96595e0b5e8bacff15771d8b388b51c84ed55a54?s=96&d=mm&r=g","caption":"Anita Serafini"}}]}},"amp_enabled":true,"_links":{"self":[{"href":"https:\/\/www.electrosuisse.ch\/de\/wp-json\/wp\/v2\/posts\/29494","targetHints":{"allow":["GET"]}}],"collection":[{"href":"https:\/\/www.electrosuisse.ch\/de\/wp-json\/wp\/v2\/posts"}],"about":[{"href":"https:\/\/www.electrosuisse.ch\/de\/wp-json\/wp\/v2\/types\/post"}],"author":[{"embeddable":true,"href":"https:\/\/www.electrosuisse.ch\/de\/wp-json\/wp\/v2\/users\/6"}],"replies":[{"embeddable":true,"href":"https:\/\/www.electrosuisse.ch\/de\/wp-json\/wp\/v2\/comments?post=29494"}],"version-history":[{"count":5,"href":"https:\/\/www.electrosuisse.ch\/de\/wp-json\/wp\/v2\/posts\/29494\/revisions"}],"predecessor-version":[{"id":29539,"href":"https:\/\/www.electrosuisse.ch\/de\/wp-json\/wp\/v2\/posts\/29494\/revisions\/29539"}],"wp:attachment":[{"href":"https:\/\/www.electrosuisse.ch\/de\/wp-json\/wp\/v2\/media?parent=29494"}],"wp:term":[{"taxonomy":"category","embeddable":true,"href":"https:\/\/www.electrosuisse.ch\/de\/wp-json\/wp\/v2\/categories?post=29494"},{"taxonomy":"post_tag","embeddable":true,"href":"https:\/\/www.electrosuisse.ch\/de\/wp-json\/wp\/v2\/tags?post=29494"}],"curies":[{"name":"wp","href":"https:\/\/api.w.org\/{rel}","templated":true}]}}