{"id":2922,"date":"2019-01-21T22:57:15","date_gmt":"2019-01-21T21:57:15","guid":{"rendered":"https:\/\/www.electrosuisse.ch\/?p=2922"},"modified":"2022-12-01T13:34:52","modified_gmt":"2022-12-01T12:34:52","slug":"energieeffiziente-mobilitaet-selbst-erfahren","status":"publish","type":"post","link":"https:\/\/www.electrosuisse.ch\/de\/energieeffiziente-mobilitaet-selbst-erfahren\/","title":{"rendered":"Energieeffiziente Mobilit\u00e4t selbst erfahren"},"content":{"rendered":"<div class=\"wpb-content-wrapper\"><p>[vc_row][vc_column][vc_column_text]Es macht nicht nur Sinn, sondern auch Spass. Das UVEK will bis 2022, dass 15% der neuzugelassenen Personenwagen Elektrofahrzeuge sind. Bei uns gibt es die M\u00f6glichkeit energieeffiziente Mobilit\u00e4t selbst zu erfahren. Machen Sie sich ein Bild w\u00e4hrend einer Driving Experience, was echter Elektrofahrspass bedeutet.[\/vc_column_text]<div class=\"wpb_button_column wpb_content_element wpb_content_element--left\"><div class=\"wpb_wrapper\"><div class=\"button button--normal\"><a href=\"https:\/\/e-mobile.ch\/de\/driving-experience\" target=\"_blank\" >Termine 2019<\/a><\/div><\/div><\/div><div class=\"wpb_video_column wpb_content_element\"><div class=\"wpb_wrapper\"><div class=\"video_container video_container--embed\"><iframe src=\"https:\/\/www.youtube-nocookie.com\/embed\/P4jqnqoqKjc?modestbranding=1&rel=0&showinfo=0&enablejsapi=1\" frameborder=\"0\" allow=\"accelerometer; autoplay; encrypted-media; gyroscope; picture-in-picture\" allowfullscreen><\/iframe><\/div><\/div><\/div>[\/vc_column][\/vc_row]<\/p>\n<\/div>","protected":false},"excerpt":{"rendered":"<p>[vc_row][vc_column][vc_column_text]Es macht nicht nur Sinn, sondern auch Spass. Das UVEK will bis 2022, dass 15% der neuzugelassenen Personenwagen Elektrofahrzeuge sind. Bei uns gibt es die M\u00f6glichkeit energieeffiziente Mobilit\u00e4t selbst zu erfahren. Machen Sie sich ein Bild w\u00e4hrend einer Driving Experience, was echter Elektrofahrspass bedeutet.[\/vc_column_text][\/vc_column][\/vc_row]<\/p>\n","protected":false},"author":2,"featured_media":0,"comment_status":"closed","ping_status":"closed","sticky":false,"template":"","format":"standard","meta":{"_acf_changed":false,"_monsterinsights_skip_tracking":false,"_monsterinsights_sitenote_active":false,"_monsterinsights_sitenote_note":"","_monsterinsights_sitenote_category":0,"footnotes":""},"categories":[1],"tags":[238],"class_list":["post-2922","post","type-post","status-publish","format-standard","hentry","category-unkategorisiert","tag-mobilitaet"],"acf":[],"yoast_head":"<!-- This site is optimized with the Yoast SEO Premium plugin v26.4 (Yoast SEO v27.0) - https:\/\/yoast.com\/product\/yoast-seo-premium-wordpress\/ -->\n<title>Energieeffiziente Mobilit\u00e4t selbst erfahren - Electrosuisse<\/title>\n<meta name=\"robots\" content=\"index, follow, max-snippet:-1, max-image-preview:large, max-video-preview:-1\" \/>\n<link rel=\"canonical\" href=\"https:\/\/www.electrosuisse.ch\/de\/energieeffiziente-mobilitaet-selbst-erfahren\/\" \/>\n<meta property=\"og:locale\" content=\"de_DE\" \/>\n<meta property=\"og:type\" content=\"article\" \/>\n<meta property=\"og:title\" content=\"Energieeffiziente Mobilit\u00e4t selbst erfahren - Electrosuisse\" \/>\n<meta property=\"og:description\" content=\"[vc_row][vc_column][vc_column_text]Es macht nicht nur Sinn, sondern auch Spass. Das UVEK will bis 2022, dass 15% der neuzugelassenen Personenwagen Elektrofahrzeuge sind. Bei uns gibt es die M\u00f6glichkeit energieeffiziente Mobilit\u00e4t selbst zu erfahren. Machen Sie sich ein Bild w\u00e4hrend einer Driving Experience, was echter Elektrofahrspass bedeutet.[\/vc_column_text][\/vc_column][\/vc_row]\" \/>\n<meta property=\"og:url\" content=\"https:\/\/www.electrosuisse.ch\/de\/energieeffiziente-mobilitaet-selbst-erfahren\/\" \/>\n<meta property=\"og:site_name\" content=\"Electrosuisse\" \/>\n<meta property=\"article:published_time\" content=\"2019-01-21T21:57:15+00:00\" \/>\n<meta property=\"article:modified_time\" content=\"2022-12-01T12:34:52+00:00\" \/>\n<meta property=\"og:image\" content=\"https:\/\/www.electrosuisse.ch\/wp-content\/uploads\/2025\/04\/electrosuisse-logo-1200x675-1.png\" \/>\n\t<meta property=\"og:image:width\" content=\"1200\" \/>\n\t<meta property=\"og:image:height\" content=\"675\" \/>\n\t<meta property=\"og:image:type\" content=\"image\/png\" \/>\n<meta name=\"author\" content=\"Martin Schmucki\" \/>\n<script type=\"application\/ld+json\" class=\"yoast-schema-graph\">{\"@context\":\"https:\/\/schema.org\",\"@graph\":[{\"@type\":\"Article\",\"@id\":\"https:\/\/www.electrosuisse.ch\/de\/energieeffiziente-mobilitaet-selbst-erfahren\/#article\",\"isPartOf\":{\"@id\":\"https:\/\/www.electrosuisse.ch\/de\/energieeffiziente-mobilitaet-selbst-erfahren\/\"},\"author\":{\"name\":\"Martin Schmucki\",\"@id\":\"https:\/\/www.electrosuisse.ch\/de\/#\/schema\/person\/b56e1f631fb194bf4cc9c36222a11b8a\"},\"headline\":\"Energieeffiziente Mobilit\u00e4t selbst erfahren\",\"datePublished\":\"2019-01-21T21:57:15+00:00\",\"dateModified\":\"2022-12-01T12:34:52+00:00\",\"mainEntityOfPage\":{\"@id\":\"https:\/\/www.electrosuisse.ch\/de\/energieeffiziente-mobilitaet-selbst-erfahren\/\"},\"wordCount\":86,\"publisher\":{\"@id\":\"https:\/\/www.electrosuisse.ch\/de\/#organization\"},\"keywords\":[\"Mobilit\u00e4t\"],\"articleSection\":[\"Unkategorisiert\"],\"inLanguage\":\"de\"},{\"@type\":\"WebPage\",\"@id\":\"https:\/\/www.electrosuisse.ch\/de\/energieeffiziente-mobilitaet-selbst-erfahren\/\",\"url\":\"https:\/\/www.electrosuisse.ch\/de\/energieeffiziente-mobilitaet-selbst-erfahren\/\",\"name\":\"Energieeffiziente Mobilit\u00e4t selbst erfahren - Electrosuisse\",\"isPartOf\":{\"@id\":\"https:\/\/www.electrosuisse.ch\/de\/#website\"},\"datePublished\":\"2019-01-21T21:57:15+00:00\",\"dateModified\":\"2022-12-01T12:34:52+00:00\",\"inLanguage\":\"de\",\"potentialAction\":[{\"@type\":\"ReadAction\",\"target\":[\"https:\/\/www.electrosuisse.ch\/de\/energieeffiziente-mobilitaet-selbst-erfahren\/\"]}]},{\"@type\":\"WebSite\",\"@id\":\"https:\/\/www.electrosuisse.ch\/de\/#website\",\"url\":\"https:\/\/www.electrosuisse.ch\/de\/\",\"name\":\"Electrosuisse\",\"description\":\"\",\"publisher\":{\"@id\":\"https:\/\/www.electrosuisse.ch\/de\/#organization\"},\"potentialAction\":[{\"@type\":\"SearchAction\",\"target\":{\"@type\":\"EntryPoint\",\"urlTemplate\":\"https:\/\/www.electrosuisse.ch\/de\/?s={search_term_string}\"},\"query-input\":{\"@type\":\"PropertyValueSpecification\",\"valueRequired\":true,\"valueName\":\"search_term_string\"}}],\"inLanguage\":\"de\"},{\"@type\":\"Organization\",\"@id\":\"https:\/\/www.electrosuisse.ch\/de\/#organization\",\"name\":\"Electrosuisse\",\"url\":\"https:\/\/www.electrosuisse.ch\/de\/\",\"logo\":{\"@type\":\"ImageObject\",\"inLanguage\":\"de\",\"@id\":\"https:\/\/www.electrosuisse.ch\/de\/#\/schema\/logo\/image\/\",\"url\":\"https:\/\/www.electrosuisse.ch\/wp-content\/uploads\/2025\/04\/Electrosuisse_Logo_696x696.png\",\"contentUrl\":\"https:\/\/www.electrosuisse.ch\/wp-content\/uploads\/2025\/04\/Electrosuisse_Logo_696x696.png\",\"width\":696,\"height\":696,\"caption\":\"Electrosuisse\"},\"image\":{\"@id\":\"https:\/\/www.electrosuisse.ch\/de\/#\/schema\/logo\/image\/\"},\"sameAs\":[\"https:\/\/www.linkedin.com\/company\/electrosuisse-ag\/posts\/?feedView=all\",\"https:\/\/www.instagram.com\/electrosuisse1889\/\",\"https:\/\/www.youtube.com\/channel\/UCoOxohMiVE0Gjcdis1L09zw\"],\"description\":\"Electrosuisse ist eine anerkannte und unabh\u00e4ngige Fachorganisation, die erstklassige Dienstleistungen und Produkte in den Bereichen Inspektion, Beratung, Pr\u00fcfung, Zertifizierung, Normung und Weiterbildung anbietet. Unsere Expertise umfasst Elektrotechnik, Elektromobilit\u00e4t, Energieberatung, Geb\u00e4udeautomation und Photovoltaik in der Schweiz. Durch die Veranstaltung etablierter Branchen-Events und Fachtagungen f\u00f6rdert Electrosuisse den Wissenstransfer und den fachlichen Austausch. Im Mittelpunkt unserer T\u00e4tigkeiten steht die F\u00f6rderung der sicheren, wirtschaftlichen und umweltgerechten Anwendung der Elektrotechnik.\"},{\"@type\":\"Person\",\"@id\":\"https:\/\/www.electrosuisse.ch\/de\/#\/schema\/person\/b56e1f631fb194bf4cc9c36222a11b8a\",\"name\":\"Martin Schmucki\",\"image\":{\"@type\":\"ImageObject\",\"inLanguage\":\"de\",\"@id\":\"https:\/\/www.electrosuisse.ch\/de\/#\/schema\/person\/image\/\",\"url\":\"https:\/\/secure.gravatar.com\/avatar\/29adf19ea16ef996d8edc1bd7817db2aea9fd7362af00ece97148a0b08dbc2b2?s=96&d=mm&r=g\",\"contentUrl\":\"https:\/\/secure.gravatar.com\/avatar\/29adf19ea16ef996d8edc1bd7817db2aea9fd7362af00ece97148a0b08dbc2b2?s=96&d=mm&r=g\",\"caption\":\"Martin Schmucki\"},\"sameAs\":[\"http:\/\/schmucki.swiss\"]}]}<\/script>\n<!-- \/ Yoast SEO Premium plugin. -->","yoast_head_json":{"title":"Energieeffiziente Mobilit\u00e4t selbst erfahren - Electrosuisse","robots":{"index":"index","follow":"follow","max-snippet":"max-snippet:-1","max-image-preview":"max-image-preview:large","max-video-preview":"max-video-preview:-1"},"canonical":"https:\/\/www.electrosuisse.ch\/de\/energieeffiziente-mobilitaet-selbst-erfahren\/","og_locale":"de_DE","og_type":"article","og_title":"Energieeffiziente Mobilit\u00e4t selbst erfahren - Electrosuisse","og_description":"[vc_row][vc_column][vc_column_text]Es macht nicht nur Sinn, sondern auch Spass. Das UVEK will bis 2022, dass 15% der neuzugelassenen Personenwagen Elektrofahrzeuge sind. Bei uns gibt es die M\u00f6glichkeit energieeffiziente Mobilit\u00e4t selbst zu erfahren. Machen Sie sich ein Bild w\u00e4hrend einer Driving Experience, was echter Elektrofahrspass bedeutet.[\/vc_column_text][\/vc_column][\/vc_row]","og_url":"https:\/\/www.electrosuisse.ch\/de\/energieeffiziente-mobilitaet-selbst-erfahren\/","og_site_name":"Electrosuisse","article_published_time":"2019-01-21T21:57:15+00:00","article_modified_time":"2022-12-01T12:34:52+00:00","og_image":[{"width":1200,"height":675,"url":"https:\/\/www.electrosuisse.ch\/wp-content\/uploads\/2025\/04\/electrosuisse-logo-1200x675-1.png","type":"image\/png"}],"author":"Martin Schmucki","schema":{"@context":"https:\/\/schema.org","@graph":[{"@type":"Article","@id":"https:\/\/www.electrosuisse.ch\/de\/energieeffiziente-mobilitaet-selbst-erfahren\/#article","isPartOf":{"@id":"https:\/\/www.electrosuisse.ch\/de\/energieeffiziente-mobilitaet-selbst-erfahren\/"},"author":{"name":"Martin Schmucki","@id":"https:\/\/www.electrosuisse.ch\/de\/#\/schema\/person\/b56e1f631fb194bf4cc9c36222a11b8a"},"headline":"Energieeffiziente Mobilit\u00e4t selbst erfahren","datePublished":"2019-01-21T21:57:15+00:00","dateModified":"2022-12-01T12:34:52+00:00","mainEntityOfPage":{"@id":"https:\/\/www.electrosuisse.ch\/de\/energieeffiziente-mobilitaet-selbst-erfahren\/"},"wordCount":86,"publisher":{"@id":"https:\/\/www.electrosuisse.ch\/de\/#organization"},"keywords":["Mobilit\u00e4t"],"articleSection":["Unkategorisiert"],"inLanguage":"de"},{"@type":"WebPage","@id":"https:\/\/www.electrosuisse.ch\/de\/energieeffiziente-mobilitaet-selbst-erfahren\/","url":"https:\/\/www.electrosuisse.ch\/de\/energieeffiziente-mobilitaet-selbst-erfahren\/","name":"Energieeffiziente Mobilit\u00e4t selbst erfahren - Electrosuisse","isPartOf":{"@id":"https:\/\/www.electrosuisse.ch\/de\/#website"},"datePublished":"2019-01-21T21:57:15+00:00","dateModified":"2022-12-01T12:34:52+00:00","inLanguage":"de","potentialAction":[{"@type":"ReadAction","target":["https:\/\/www.electrosuisse.ch\/de\/energieeffiziente-mobilitaet-selbst-erfahren\/"]}]},{"@type":"WebSite","@id":"https:\/\/www.electrosuisse.ch\/de\/#website","url":"https:\/\/www.electrosuisse.ch\/de\/","name":"Electrosuisse","description":"","publisher":{"@id":"https:\/\/www.electrosuisse.ch\/de\/#organization"},"potentialAction":[{"@type":"SearchAction","target":{"@type":"EntryPoint","urlTemplate":"https:\/\/www.electrosuisse.ch\/de\/?s={search_term_string}"},"query-input":{"@type":"PropertyValueSpecification","valueRequired":true,"valueName":"search_term_string"}}],"inLanguage":"de"},{"@type":"Organization","@id":"https:\/\/www.electrosuisse.ch\/de\/#organization","name":"Electrosuisse","url":"https:\/\/www.electrosuisse.ch\/de\/","logo":{"@type":"ImageObject","inLanguage":"de","@id":"https:\/\/www.electrosuisse.ch\/de\/#\/schema\/logo\/image\/","url":"https:\/\/www.electrosuisse.ch\/wp-content\/uploads\/2025\/04\/Electrosuisse_Logo_696x696.png","contentUrl":"https:\/\/www.electrosuisse.ch\/wp-content\/uploads\/2025\/04\/Electrosuisse_Logo_696x696.png","width":696,"height":696,"caption":"Electrosuisse"},"image":{"@id":"https:\/\/www.electrosuisse.ch\/de\/#\/schema\/logo\/image\/"},"sameAs":["https:\/\/www.linkedin.com\/company\/electrosuisse-ag\/posts\/?feedView=all","https:\/\/www.instagram.com\/electrosuisse1889\/","https:\/\/www.youtube.com\/channel\/UCoOxohMiVE0Gjcdis1L09zw"],"description":"Electrosuisse ist eine anerkannte und unabh\u00e4ngige Fachorganisation, die erstklassige Dienstleistungen und Produkte in den Bereichen Inspektion, Beratung, Pr\u00fcfung, Zertifizierung, Normung und Weiterbildung anbietet. Unsere Expertise umfasst Elektrotechnik, Elektromobilit\u00e4t, Energieberatung, Geb\u00e4udeautomation und Photovoltaik in der Schweiz. Durch die Veranstaltung etablierter Branchen-Events und Fachtagungen f\u00f6rdert Electrosuisse den Wissenstransfer und den fachlichen Austausch. Im Mittelpunkt unserer T\u00e4tigkeiten steht die F\u00f6rderung der sicheren, wirtschaftlichen und umweltgerechten Anwendung der Elektrotechnik."},{"@type":"Person","@id":"https:\/\/www.electrosuisse.ch\/de\/#\/schema\/person\/b56e1f631fb194bf4cc9c36222a11b8a","name":"Martin Schmucki","image":{"@type":"ImageObject","inLanguage":"de","@id":"https:\/\/www.electrosuisse.ch\/de\/#\/schema\/person\/image\/","url":"https:\/\/secure.gravatar.com\/avatar\/29adf19ea16ef996d8edc1bd7817db2aea9fd7362af00ece97148a0b08dbc2b2?s=96&d=mm&r=g","contentUrl":"https:\/\/secure.gravatar.com\/avatar\/29adf19ea16ef996d8edc1bd7817db2aea9fd7362af00ece97148a0b08dbc2b2?s=96&d=mm&r=g","caption":"Martin Schmucki"},"sameAs":["http:\/\/schmucki.swiss"]}]}},"amp_enabled":true,"_links":{"self":[{"href":"https:\/\/www.electrosuisse.ch\/de\/wp-json\/wp\/v2\/posts\/2922","targetHints":{"allow":["GET"]}}],"collection":[{"href":"https:\/\/www.electrosuisse.ch\/de\/wp-json\/wp\/v2\/posts"}],"about":[{"href":"https:\/\/www.electrosuisse.ch\/de\/wp-json\/wp\/v2\/types\/post"}],"author":[{"embeddable":true,"href":"https:\/\/www.electrosuisse.ch\/de\/wp-json\/wp\/v2\/users\/2"}],"replies":[{"embeddable":true,"href":"https:\/\/www.electrosuisse.ch\/de\/wp-json\/wp\/v2\/comments?post=2922"}],"version-history":[{"count":0,"href":"https:\/\/www.electrosuisse.ch\/de\/wp-json\/wp\/v2\/posts\/2922\/revisions"}],"wp:attachment":[{"href":"https:\/\/www.electrosuisse.ch\/de\/wp-json\/wp\/v2\/media?parent=2922"}],"wp:term":[{"taxonomy":"category","embeddable":true,"href":"https:\/\/www.electrosuisse.ch\/de\/wp-json\/wp\/v2\/categories?post=2922"},{"taxonomy":"post_tag","embeddable":true,"href":"https:\/\/www.electrosuisse.ch\/de\/wp-json\/wp\/v2\/tags?post=2922"}],"curies":[{"name":"wp","href":"https:\/\/api.w.org\/{rel}","templated":true}]}}