{"id":28812,"date":"2023-02-03T06:38:59","date_gmt":"2023-02-03T05:38:59","guid":{"rendered":"https:\/\/www.electrosuisse.ch\/world-engineering-day-2023\/"},"modified":"2023-02-06T09:37:24","modified_gmt":"2023-02-06T08:37:24","slug":"world-engineering-day-for-sustainable-development","status":"publish","type":"post","link":"https:\/\/www.electrosuisse.ch\/de\/world-engineering-day-for-sustainable-development\/","title":{"rendered":"World Engineering Day for Sustainable Development"},"content":{"rendered":"<div class=\"wpb-content-wrapper\"><p>[vc_row][vc_column][vc_column_text]Den Auftakt des Engineer\u2019s Day machte der Networking Event am ersten Februar im Kursaal Bern. Zwei Workshops zur Energieversorgung der Zukunft und zum Engineer\u2019s Day selbst dienten dem aktiven Aufw\u00e4rmen der Gedanken. Im Plenum stellten vier ausgew\u00e4hlte Startups anschliessend ihre L\u00f6sungen vor. Es folgte ein hochkar\u00e4tiges Panel \u00fcber die H\u00fcrden und Chancen der Energiewende in der Schweiz. Auch das Publikum war hierbei gefragt.[\/vc_column_text][vc_column_text]<\/p>\n<h4>Wissenstransfer beim Engineers Day<\/h4>\n<p>Bundesrat Guy Parmelin dr\u00fcckt es so aus: \u00abIn der Schweiz fehlen bis zu 50&#8217;000 Ingenieurinnen und Ingenieure. Darum der Engineer\u2019s Day. Ingenieure sind helle K\u00f6pfe mit Ideen!\u00bb<br \/>\nDie angereisten Ingenieurinnen und Ingenieure tauschten sich im Workshop zu verschiedenen Themen aus: PV, Wind, Speichern, Wasserstoffinfrastruktur, Flexibilit\u00e4t im Energiesystem und intelligenten automatisierten Geb\u00e4uden. Sie diskutierten rege \u00fcber Technologien und die einhergehenden gesellschaftlichen Aspekte. Wer wollte, profitierte vom geballten Wissen und reicherte seinen eigenen Wissensspeicher an.<\/p>\n<h4>Er\u00f6ffnung und Start-ups<\/h4>\n<p>Die beiden Ingenieure Daniel L\u00f6hr und Christian Vils initiierten den Engineer\u2019s Day in der Schweiz. Sie er\u00f6ffneten die grosse B\u00fchne zusammen mit den Firmenpartnern und dem Gastgeberkanton Bern, vertreten durch Regierungsrat Christoph Ammann. Anschliessend mischten vier Start-ups das Feld auf: Beyond Scroll stellte eine neue Kompressorl\u00f6sung vor, um das Effizienzproblem von Wasserstoffanlagen anzugehen. Sympheny entwickelte ein intelligentes Tool, um Energieprozesse in Arealen oder Stadtgebieten effizient zu analysieren und zu planen. TreaTech revolutioniert die Abfallwirtschaft mit einer neuartigen Prozesskette, die wertvolle Mineralien, sauberes Wasser und energiereiches Gas liefert. Und Cleveron vernetzt Geb\u00e4ude mit einem ausgekl\u00fcgelten Sensor-Aktor-System, um deren Energiebilanz massiv zu verbessern.[\/vc_column_text]<div class=\"wpb_image_column wpb_content_element\"><div class=\"wpb_wrapper\"><div class=\"picture_container\"><picture><source media=\"(min-width: 769px)\" srcset=\"https:\/\/www.electrosuisse.ch\/wp-content\/uploads\/2023\/02\/EngineeringDayPanel_web-570x428.jpg\"><source media=\"(min-width: 415px)\" srcset=\"https:\/\/www.electrosuisse.ch\/wp-content\/uploads\/2023\/02\/EngineeringDayPanel_web-768x576.jpg\"><source media=\"(max-width: 414px)\" srcset=\"https:\/\/www.electrosuisse.ch\/wp-content\/uploads\/2023\/02\/EngineeringDayPanel_web-414x311.jpg 1x, https:\/\/www.electrosuisse.ch\/wp-content\/uploads\/2023\/02\/EngineeringDayPanel_web-768x576.jpg 2x\"><img decoding=\"async\" src=\"https:\/\/www.electrosuisse.ch\/wp-content\/uploads\/2023\/02\/EngineeringDayPanel_web-570x428.jpg\" alt=\"Networking Event zum Engineer\u2019s Day am ersten Februar im Kursaal Bern\" \/><\/picture><\/div><\/div><\/div>[vc_column_text]Antje Kanngiesser (CEO Alpiq Holding), Robert Itschner (CEO BKW), Lisa Mazzone (St\u00e4nder\u00e4tin des Kantons Genf) und Christian Schaffner (Direktor ETH ESC) traten in den Dialog mit den anwesenden Ingenieuren.[\/vc_column_text][vc_column_text]<\/p>\n<h4>Panel zur Energiewende in der Schweiz<\/h4>\n<p>Zu einem hochkar\u00e4tigen Panel trafen sich auf der B\u00fchne: Antje Kanngiesser (CEO Alpiq Holding), Robert Itschner (CEO BKW), Lisa Mazzone (St\u00e4nder\u00e4tin des Kantons Genf) sowie Christian Schaffner (Direktor des Energy Science Center der ETH Z\u00fcrich).<br \/>\nDie wichtigsten Take Aways:<\/p>\n<ul>\n<li>Ein z\u00fcgiger Ausbau der erneuerbaren Energien ist unverzichtbar. Politik und Gesellschaft m\u00fcssen Kompromisse eingehen und stabile Anreize f\u00fcr Investoren setzen. Z\u00fcgige Genehmigungsverfahren statt einer Verschleppung dieser \u00fcber Jahre und Jahrzehnte.<\/li>\n<li>Energie ist kostbar und wertvoll. Die Gesellschaft muss dringend lernen, weniger verschwenderisch damit umzugehen. Das erfordert unter anderem grosse Anstrengungen beim Verbrauchsmanagement. Das Streben nach Energieeffizienz ist ein zentrales Thema.<\/li>\n<li>Vorantreiben von Forschung und Pilotprojekte \u00fcber alle Energietr\u00e4ger und Technologien hinweg. Das zeigt neue Wege auf. Forschen auf allen Gebieten, auch bei nuklearen Technologien. Es sei aber wenig zielf\u00fchrend, diese jetzt mit Dringlichkeit ins Spiel zu bringen: Bestehende Kraftwerke k\u00f6nnen noch einige Zeit mit der notwendigen Sicherheit weiterbetrieben werden. Neue Kernkraftwerke w\u00fcrden mindestens 15 Jahre Bauzeit ben\u00f6tigen, selbst wenn sie nicht &#8211; wie derzeit &#8211; ohnehin verboten w\u00fcrden. Kernkraftwerke sind also keine kurzfristige Antwort auf die aktuellen Probleme. Die Diskussion dar\u00fcber hat zwei bis drei Jahre Zeit. Sie lenkt derzeit nur unn\u00f6tig von den dr\u00e4ngenden Prim\u00e4rthemen ab. Diese sind ein rascher Ausbau der erneuerbaren Energien, Speicherung, Verbrauchsmanagement, Energieeffizienz und ein Stromabkommen mit der EU.<\/li>\n<li>Das ETH Energy Science Center stellte an der j\u00e4hrlichen Energy Week im Dezember 2022 interessante Szenarien vor. Hierbei ging es um die problemlose Finanzierung der Energiewende ohne Kernenergie und nur mit erneuerbaren Energien. Nicht m\u00f6glich ist aber eine autarke Energieinsel Schweiz ohne Austausch mit den Nachbarl\u00e4ndern. Das w\u00e4re extrem teuer und f\u00fcr beide Seiten sehr nachteilig.<\/li>\n<\/ul>\n<p>In den nachfolgenden Links finden Sie Zugang zu den verschiedenen geplanten Aktivit\u00e4ten am vierten M\u00e4rz. Ausserdem zu Energieeffizienz dank Engineering sowie zu verschiedenen Veranstaltungen. Diese k\u00f6nnen als Inspirationsquelle dienen, um die Energiewende aktiv mitzugestalten.[\/vc_column_text][vc_column_text]<strong>Weiterf\u00fchrende Links<\/strong><\/p>\n<p>World Engineering Day\u00a0\u00a0\u00a0\u00a0\u00a0\u00a0\u00a0\u00a0\u00a0\u00a0\u00a0\u00a0\u00a0\u00a0\u00a0\u00a0\u00a0\u00a0\u00a0\u00a0\u00a0\u00a0\u00a0\u00a0\u00a0\u00a0\u00a0\u00a0\u00a0\u00a0\u00a0\u00a0 <a href=\"https:\/\/worldengineeringday.net\">https:\/\/worldengineeringday.net<\/a><\/p>\n<p>Nationale Events\u00a0\u00a0\u00a0\u00a0\u00a0\u00a0\u00a0\u00a0\u00a0\u00a0\u00a0\u00a0\u00a0\u00a0\u00a0\u00a0\u00a0\u00a0\u00a0\u00a0\u00a0\u00a0\u00a0\u00a0\u00a0\u00a0\u00a0\u00a0\u00a0\u00a0\u00a0\u00a0\u00a0\u00a0\u00a0\u00a0\u00a0\u00a0\u00a0\u00a0\u00a0\u00a0\u00a0\u00a0 <a href=\"https:\/\/engineersday.ch\/en\/events\/\">https:\/\/engineersday.ch\/en\/events\/<\/a><\/p>\n<p><strong>Energieeffizienz dank Engineering (OSTRAL)<\/strong><\/p>\n<p>Energie-Engineering\u00a0\u00a0\u00a0\u00a0\u00a0\u00a0\u00a0\u00a0\u00a0\u00a0\u00a0\u00a0\u00a0\u00a0\u00a0\u00a0\u00a0\u00a0\u00a0\u00a0\u00a0\u00a0\u00a0\u00a0\u00a0\u00a0\u00a0\u00a0\u00a0\u00a0\u00a0\u00a0\u00a0\u00a0\u00a0\u00a0\u00a0 <a href=\"http:\/\/www.electrosuisse.ch\/engineering\">www.electrosuisse.ch\/engineering<\/a>[\/vc_column_text][\/vc_column][\/vc_row]<\/p>\n<\/div>","protected":false},"excerpt":{"rendered":"<p>[vc_row][vc_column][vc_column_text]Den Auftakt des Engineer\u2019s Day machte der Networking Event am ersten Februar im Kursaal Bern. Zwei Workshops zur Energieversorgung der Zukunft und zum Engineer\u2019s Day selbst dienten dem aktiven Aufw\u00e4rmen der Gedanken. Im Plenum stellten vier ausgew\u00e4hlte Startups anschliessend ihre L\u00f6sungen vor. Es folgte ein hochkar\u00e4tiges Panel \u00fcber die H\u00fcrden und Chancen der Energiewende in [&hellip;]<\/p>\n","protected":false},"author":6,"featured_media":0,"comment_status":"closed","ping_status":"closed","sticky":false,"template":"","format":"standard","meta":{"_acf_changed":false,"_monsterinsights_skip_tracking":false,"_monsterinsights_sitenote_active":false,"_monsterinsights_sitenote_note":"","_monsterinsights_sitenote_category":0,"footnotes":""},"categories":[1],"tags":[237,170,239],"class_list":["post-28812","post","type-post","status-publish","format-standard","hentry","category-unkategorisiert","tag-energieversorgung","tag-gebaeudetechnik","tag-produktion-und-dienstleistung"],"acf":[],"yoast_head":"<!-- This site is optimized with the Yoast SEO Premium plugin v26.4 (Yoast SEO v27.0) - https:\/\/yoast.com\/product\/yoast-seo-premium-wordpress\/ -->\n<title>World Engineering Day for Sustainable Development<\/title>\n<meta name=\"description\" content=\"Wissenstransfer beim Engineers Day.\" \/>\n<meta name=\"robots\" content=\"index, follow, max-snippet:-1, max-image-preview:large, max-video-preview:-1\" \/>\n<link rel=\"canonical\" href=\"https:\/\/www.electrosuisse.ch\/de\/world-engineering-day-for-sustainable-development\/\" \/>\n<meta property=\"og:locale\" content=\"de_DE\" \/>\n<meta property=\"og:type\" content=\"article\" \/>\n<meta property=\"og:title\" content=\"World Engineering Day for Sustainable Development\" \/>\n<meta property=\"og:description\" content=\"Wissenstransfer beim Engineers Day.\" \/>\n<meta property=\"og:url\" content=\"https:\/\/www.electrosuisse.ch\/de\/world-engineering-day-for-sustainable-development\/\" \/>\n<meta property=\"og:site_name\" content=\"Electrosuisse\" \/>\n<meta property=\"article:published_time\" content=\"2023-02-03T05:38:59+00:00\" \/>\n<meta property=\"article:modified_time\" content=\"2023-02-06T08:37:24+00:00\" \/>\n<meta property=\"og:image\" content=\"https:\/\/www.electrosuisse.ch\/wp-content\/uploads\/2023\/02\/engineeringDays2023_1660x585.jpg\" \/>\n\t<meta property=\"og:image:width\" content=\"1200\" \/>\n\t<meta property=\"og:image:height\" content=\"675\" \/>\n\t<meta property=\"og:image:type\" content=\"image\/png\" \/>\n<meta name=\"author\" content=\"Anita Serafini\" \/>\n<script type=\"application\/ld+json\" class=\"yoast-schema-graph\">{\"@context\":\"https:\/\/schema.org\",\"@graph\":[{\"@type\":\"Article\",\"@id\":\"https:\/\/www.electrosuisse.ch\/de\/world-engineering-day-for-sustainable-development\/#article\",\"isPartOf\":{\"@id\":\"https:\/\/www.electrosuisse.ch\/de\/world-engineering-day-for-sustainable-development\/\"},\"author\":{\"name\":\"Anita Serafini\",\"@id\":\"https:\/\/www.electrosuisse.ch\/de\/#\/schema\/person\/0ef69aac34185528f3a6d17888410caf\"},\"headline\":\"World Engineering Day for Sustainable Development\",\"datePublished\":\"2023-02-03T05:38:59+00:00\",\"dateModified\":\"2023-02-06T08:37:24+00:00\",\"mainEntityOfPage\":{\"@id\":\"https:\/\/www.electrosuisse.ch\/de\/world-engineering-day-for-sustainable-development\/\"},\"wordCount\":718,\"publisher\":{\"@id\":\"https:\/\/www.electrosuisse.ch\/de\/#organization\"},\"keywords\":[\"Energieversorgung\",\"Gebaeudetechnik\",\"Produktion und Dienstleistung\"],\"articleSection\":[\"Unkategorisiert\"],\"inLanguage\":\"de\"},{\"@type\":\"WebPage\",\"@id\":\"https:\/\/www.electrosuisse.ch\/de\/world-engineering-day-for-sustainable-development\/\",\"url\":\"https:\/\/www.electrosuisse.ch\/de\/world-engineering-day-for-sustainable-development\/\",\"name\":\"World Engineering Day for Sustainable Development\",\"isPartOf\":{\"@id\":\"https:\/\/www.electrosuisse.ch\/de\/#website\"},\"datePublished\":\"2023-02-03T05:38:59+00:00\",\"dateModified\":\"2023-02-06T08:37:24+00:00\",\"description\":\"Wissenstransfer beim Engineers Day.\",\"inLanguage\":\"de\",\"potentialAction\":[{\"@type\":\"ReadAction\",\"target\":[\"https:\/\/www.electrosuisse.ch\/de\/world-engineering-day-for-sustainable-development\/\"]}]},{\"@type\":\"WebSite\",\"@id\":\"https:\/\/www.electrosuisse.ch\/de\/#website\",\"url\":\"https:\/\/www.electrosuisse.ch\/de\/\",\"name\":\"Electrosuisse\",\"description\":\"\",\"publisher\":{\"@id\":\"https:\/\/www.electrosuisse.ch\/de\/#organization\"},\"potentialAction\":[{\"@type\":\"SearchAction\",\"target\":{\"@type\":\"EntryPoint\",\"urlTemplate\":\"https:\/\/www.electrosuisse.ch\/de\/?s={search_term_string}\"},\"query-input\":{\"@type\":\"PropertyValueSpecification\",\"valueRequired\":true,\"valueName\":\"search_term_string\"}}],\"inLanguage\":\"de\"},{\"@type\":\"Organization\",\"@id\":\"https:\/\/www.electrosuisse.ch\/de\/#organization\",\"name\":\"Electrosuisse\",\"url\":\"https:\/\/www.electrosuisse.ch\/de\/\",\"logo\":{\"@type\":\"ImageObject\",\"inLanguage\":\"de\",\"@id\":\"https:\/\/www.electrosuisse.ch\/de\/#\/schema\/logo\/image\/\",\"url\":\"https:\/\/www.electrosuisse.ch\/wp-content\/uploads\/2025\/04\/Electrosuisse_Logo_696x696.png\",\"contentUrl\":\"https:\/\/www.electrosuisse.ch\/wp-content\/uploads\/2025\/04\/Electrosuisse_Logo_696x696.png\",\"width\":696,\"height\":696,\"caption\":\"Electrosuisse\"},\"image\":{\"@id\":\"https:\/\/www.electrosuisse.ch\/de\/#\/schema\/logo\/image\/\"},\"sameAs\":[\"https:\/\/www.linkedin.com\/company\/electrosuisse-ag\/posts\/?feedView=all\",\"https:\/\/www.instagram.com\/electrosuisse1889\/\",\"https:\/\/www.youtube.com\/channel\/UCoOxohMiVE0Gjcdis1L09zw\"],\"description\":\"Electrosuisse ist eine anerkannte und unabh\u00e4ngige Fachorganisation, die erstklassige Dienstleistungen und Produkte in den Bereichen Inspektion, Beratung, Pr\u00fcfung, Zertifizierung, Normung und Weiterbildung anbietet. Unsere Expertise umfasst Elektrotechnik, Elektromobilit\u00e4t, Energieberatung, Geb\u00e4udeautomation und Photovoltaik in der Schweiz. Durch die Veranstaltung etablierter Branchen-Events und Fachtagungen f\u00f6rdert Electrosuisse den Wissenstransfer und den fachlichen Austausch. Im Mittelpunkt unserer T\u00e4tigkeiten steht die F\u00f6rderung der sicheren, wirtschaftlichen und umweltgerechten Anwendung der Elektrotechnik.\"},{\"@type\":\"Person\",\"@id\":\"https:\/\/www.electrosuisse.ch\/de\/#\/schema\/person\/0ef69aac34185528f3a6d17888410caf\",\"name\":\"Anita Serafini\",\"image\":{\"@type\":\"ImageObject\",\"inLanguage\":\"de\",\"@id\":\"https:\/\/www.electrosuisse.ch\/de\/#\/schema\/person\/image\/\",\"url\":\"https:\/\/secure.gravatar.com\/avatar\/1b7b417c5e262b4d5423cd3f96595e0b5e8bacff15771d8b388b51c84ed55a54?s=96&d=mm&r=g\",\"contentUrl\":\"https:\/\/secure.gravatar.com\/avatar\/1b7b417c5e262b4d5423cd3f96595e0b5e8bacff15771d8b388b51c84ed55a54?s=96&d=mm&r=g\",\"caption\":\"Anita Serafini\"}}]}<\/script>\n<!-- \/ Yoast SEO Premium plugin. -->","yoast_head_json":{"title":"World Engineering Day for Sustainable Development","description":"Wissenstransfer beim Engineers Day.","robots":{"index":"index","follow":"follow","max-snippet":"max-snippet:-1","max-image-preview":"max-image-preview:large","max-video-preview":"max-video-preview:-1"},"canonical":"https:\/\/www.electrosuisse.ch\/de\/world-engineering-day-for-sustainable-development\/","og_locale":"de_DE","og_type":"article","og_title":"World Engineering Day for Sustainable Development","og_description":"Wissenstransfer beim Engineers Day.","og_url":"https:\/\/www.electrosuisse.ch\/de\/world-engineering-day-for-sustainable-development\/","og_site_name":"Electrosuisse","article_published_time":"2023-02-03T05:38:59+00:00","article_modified_time":"2023-02-06T08:37:24+00:00","og_image":[{"width":1200,"height":675,"url":"https:\/\/www.electrosuisse.ch\/wp-content\/uploads\/2023\/02\/engineeringDays2023_1660x585.jpg","type":"image\/png"}],"author":"Anita Serafini","schema":{"@context":"https:\/\/schema.org","@graph":[{"@type":"Article","@id":"https:\/\/www.electrosuisse.ch\/de\/world-engineering-day-for-sustainable-development\/#article","isPartOf":{"@id":"https:\/\/www.electrosuisse.ch\/de\/world-engineering-day-for-sustainable-development\/"},"author":{"name":"Anita Serafini","@id":"https:\/\/www.electrosuisse.ch\/de\/#\/schema\/person\/0ef69aac34185528f3a6d17888410caf"},"headline":"World Engineering Day for Sustainable Development","datePublished":"2023-02-03T05:38:59+00:00","dateModified":"2023-02-06T08:37:24+00:00","mainEntityOfPage":{"@id":"https:\/\/www.electrosuisse.ch\/de\/world-engineering-day-for-sustainable-development\/"},"wordCount":718,"publisher":{"@id":"https:\/\/www.electrosuisse.ch\/de\/#organization"},"keywords":["Energieversorgung","Gebaeudetechnik","Produktion und Dienstleistung"],"articleSection":["Unkategorisiert"],"inLanguage":"de"},{"@type":"WebPage","@id":"https:\/\/www.electrosuisse.ch\/de\/world-engineering-day-for-sustainable-development\/","url":"https:\/\/www.electrosuisse.ch\/de\/world-engineering-day-for-sustainable-development\/","name":"World Engineering Day for Sustainable Development","isPartOf":{"@id":"https:\/\/www.electrosuisse.ch\/de\/#website"},"datePublished":"2023-02-03T05:38:59+00:00","dateModified":"2023-02-06T08:37:24+00:00","description":"Wissenstransfer beim Engineers Day.","inLanguage":"de","potentialAction":[{"@type":"ReadAction","target":["https:\/\/www.electrosuisse.ch\/de\/world-engineering-day-for-sustainable-development\/"]}]},{"@type":"WebSite","@id":"https:\/\/www.electrosuisse.ch\/de\/#website","url":"https:\/\/www.electrosuisse.ch\/de\/","name":"Electrosuisse","description":"","publisher":{"@id":"https:\/\/www.electrosuisse.ch\/de\/#organization"},"potentialAction":[{"@type":"SearchAction","target":{"@type":"EntryPoint","urlTemplate":"https:\/\/www.electrosuisse.ch\/de\/?s={search_term_string}"},"query-input":{"@type":"PropertyValueSpecification","valueRequired":true,"valueName":"search_term_string"}}],"inLanguage":"de"},{"@type":"Organization","@id":"https:\/\/www.electrosuisse.ch\/de\/#organization","name":"Electrosuisse","url":"https:\/\/www.electrosuisse.ch\/de\/","logo":{"@type":"ImageObject","inLanguage":"de","@id":"https:\/\/www.electrosuisse.ch\/de\/#\/schema\/logo\/image\/","url":"https:\/\/www.electrosuisse.ch\/wp-content\/uploads\/2025\/04\/Electrosuisse_Logo_696x696.png","contentUrl":"https:\/\/www.electrosuisse.ch\/wp-content\/uploads\/2025\/04\/Electrosuisse_Logo_696x696.png","width":696,"height":696,"caption":"Electrosuisse"},"image":{"@id":"https:\/\/www.electrosuisse.ch\/de\/#\/schema\/logo\/image\/"},"sameAs":["https:\/\/www.linkedin.com\/company\/electrosuisse-ag\/posts\/?feedView=all","https:\/\/www.instagram.com\/electrosuisse1889\/","https:\/\/www.youtube.com\/channel\/UCoOxohMiVE0Gjcdis1L09zw"],"description":"Electrosuisse ist eine anerkannte und unabh\u00e4ngige Fachorganisation, die erstklassige Dienstleistungen und Produkte in den Bereichen Inspektion, Beratung, Pr\u00fcfung, Zertifizierung, Normung und Weiterbildung anbietet. Unsere Expertise umfasst Elektrotechnik, Elektromobilit\u00e4t, Energieberatung, Geb\u00e4udeautomation und Photovoltaik in der Schweiz. Durch die Veranstaltung etablierter Branchen-Events und Fachtagungen f\u00f6rdert Electrosuisse den Wissenstransfer und den fachlichen Austausch. Im Mittelpunkt unserer T\u00e4tigkeiten steht die F\u00f6rderung der sicheren, wirtschaftlichen und umweltgerechten Anwendung der Elektrotechnik."},{"@type":"Person","@id":"https:\/\/www.electrosuisse.ch\/de\/#\/schema\/person\/0ef69aac34185528f3a6d17888410caf","name":"Anita Serafini","image":{"@type":"ImageObject","inLanguage":"de","@id":"https:\/\/www.electrosuisse.ch\/de\/#\/schema\/person\/image\/","url":"https:\/\/secure.gravatar.com\/avatar\/1b7b417c5e262b4d5423cd3f96595e0b5e8bacff15771d8b388b51c84ed55a54?s=96&d=mm&r=g","contentUrl":"https:\/\/secure.gravatar.com\/avatar\/1b7b417c5e262b4d5423cd3f96595e0b5e8bacff15771d8b388b51c84ed55a54?s=96&d=mm&r=g","caption":"Anita Serafini"}}]}},"amp_enabled":true,"_links":{"self":[{"href":"https:\/\/www.electrosuisse.ch\/de\/wp-json\/wp\/v2\/posts\/28812","targetHints":{"allow":["GET"]}}],"collection":[{"href":"https:\/\/www.electrosuisse.ch\/de\/wp-json\/wp\/v2\/posts"}],"about":[{"href":"https:\/\/www.electrosuisse.ch\/de\/wp-json\/wp\/v2\/types\/post"}],"author":[{"embeddable":true,"href":"https:\/\/www.electrosuisse.ch\/de\/wp-json\/wp\/v2\/users\/6"}],"replies":[{"embeddable":true,"href":"https:\/\/www.electrosuisse.ch\/de\/wp-json\/wp\/v2\/comments?post=28812"}],"version-history":[{"count":4,"href":"https:\/\/www.electrosuisse.ch\/de\/wp-json\/wp\/v2\/posts\/28812\/revisions"}],"predecessor-version":[{"id":28858,"href":"https:\/\/www.electrosuisse.ch\/de\/wp-json\/wp\/v2\/posts\/28812\/revisions\/28858"}],"wp:attachment":[{"href":"https:\/\/www.electrosuisse.ch\/de\/wp-json\/wp\/v2\/media?parent=28812"}],"wp:term":[{"taxonomy":"category","embeddable":true,"href":"https:\/\/www.electrosuisse.ch\/de\/wp-json\/wp\/v2\/categories?post=28812"},{"taxonomy":"post_tag","embeddable":true,"href":"https:\/\/www.electrosuisse.ch\/de\/wp-json\/wp\/v2\/tags?post=28812"}],"curies":[{"name":"wp","href":"https:\/\/api.w.org\/{rel}","templated":true}]}}