{"id":26600,"date":"2022-07-21T10:00:12","date_gmt":"2022-07-21T08:00:12","guid":{"rendered":"https:\/\/www.electrosuisse.ch\/?p=26600"},"modified":"2022-12-07T17:25:42","modified_gmt":"2022-12-07T16:25:42","slug":"podcast-faktencheck-energie","status":"publish","type":"post","link":"https:\/\/www.electrosuisse.ch\/de\/podcast-faktencheck-energie\/","title":{"rendered":"Podcast \u00abFaktencheck Energie\u00bb"},"content":{"rendered":"<div class=\"wpb-content-wrapper\"><p>[vc_row][vc_column][vc_column_text]<strong>Elektrofahrzeuge sind nicht umweltfreundlicher als andere Autos, die Energiewende ist zu teuer und die R\u00fcckkehr zur Atomkraft unabdingbar, wenn es Blackouts zu verhindern gilt. Und die Schweiz ist ohnehin zu klein, um etwas gegen den Klimawandel zu tun. Diese Aussagen tauchen im Schweizer Diskurs zu Energie und Klima immer wieder auf.<\/strong><\/p>\n<p>Der ETH-\u200bPodcast greift diese Behauptungen auf und pr\u00fcft sie auf ihren Gehalt in einer Sonder-\u200bSerie, ausnahmsweise auf Deutsch anstatt wie sonst \u00fcblich in Englisch. Dazu werden in vier Folgen ETH-\u200bExpertinnen und Experten zu verschiedenen Themen befragt \u2013 darunter Christian Schaffner, Leiter des Energy Science Center der ETH, Gabriela Hug, Professorin am Institut f\u00fcr Elektrische Energie\u00fcbertragung, Sonia Seneviratne, Professorin f\u00fcr Land-\u200bKlima Dynamik, und Marco Mazzotti, Professor am Institut f\u00fcr Verfahrenstechnik.<\/p>\n<p>Die erste Folge dreht sich um Blackouts und die vermeintliche L\u00f6sung AKW. Die zweite Folge untersucht die Frage, ob Elektroautos besser sind als Benzinautos. In Folge drei werden die Kosten der Energiewende genauer unter die Lupe genommen. In der letzten Folge ergr\u00fcndet der Podcast, ob die Schweiz zu klein ist, um die Klimakrise abzuwenden.<\/p>\n<p>Die Podcasts k\u00f6nnen Sie auf ethz.ch, Apple Podcasts, Spotify oder anderen Plattformen h\u00f6ren.<\/p>\n<p><a href=\"https:\/\/ethz.ch\/de\/news-und-veranstaltungen\/podcast\/faktencheck-energie.html\" target=\"_blank\" rel=\"noopener\">Zu den Podcast Episoden auf ethz.ch.<\/a>[\/vc_column_text][\/vc_column][\/vc_row]<\/p>\n<\/div>","protected":false},"excerpt":{"rendered":"<p>[vc_row][vc_column][vc_column_text]Elektrofahrzeuge sind nicht umweltfreundlicher als andere Autos, die Energiewende ist zu teuer und die R\u00fcckkehr zur Atomkraft unabdingbar, wenn es Blackouts zu verhindern gilt. Und die Schweiz ist ohnehin zu klein, um etwas gegen den Klimawandel zu tun. Diese Aussagen tauchen im Schweizer Diskurs zu Energie und Klima immer wieder auf. Der ETH-\u200bPodcast greift diese [&hellip;]<\/p>\n","protected":false},"author":20,"featured_media":0,"comment_status":"closed","ping_status":"closed","sticky":false,"template":"","format":"standard","meta":{"_acf_changed":false,"_monsterinsights_skip_tracking":false,"_monsterinsights_sitenote_active":false,"_monsterinsights_sitenote_note":"","_monsterinsights_sitenote_category":0,"footnotes":""},"categories":[1],"tags":[238],"class_list":["post-26600","post","type-post","status-publish","format-standard","hentry","category-unkategorisiert","tag-mobilitaet"],"acf":[],"yoast_head":"<!-- This site is optimized with the Yoast SEO Premium plugin v26.4 (Yoast SEO v27.0) - https:\/\/yoast.com\/product\/yoast-seo-premium-wordpress\/ -->\n<title>Podcast \u00abFaktencheck Energie\u00bb - Electrosuisse<\/title>\n<meta name=\"robots\" content=\"index, follow, max-snippet:-1, max-image-preview:large, max-video-preview:-1\" \/>\n<link rel=\"canonical\" href=\"https:\/\/www.electrosuisse.ch\/de\/podcast-faktencheck-energie\/\" \/>\n<meta property=\"og:locale\" content=\"de_DE\" \/>\n<meta property=\"og:type\" content=\"article\" \/>\n<meta property=\"og:title\" content=\"Podcast \u00abFaktencheck Energie\u00bb - Electrosuisse\" \/>\n<meta property=\"og:description\" content=\"[vc_row][vc_column][vc_column_text]Elektrofahrzeuge sind nicht umweltfreundlicher als andere Autos, die Energiewende ist zu teuer und die R\u00fcckkehr zur Atomkraft unabdingbar, wenn es Blackouts zu verhindern gilt. Und die Schweiz ist ohnehin zu klein, um etwas gegen den Klimawandel zu tun. Diese Aussagen tauchen im Schweizer Diskurs zu Energie und Klima immer wieder auf. Der ETH-\u200bPodcast greift diese [&hellip;]\" \/>\n<meta property=\"og:url\" content=\"https:\/\/www.electrosuisse.ch\/de\/podcast-faktencheck-energie\/\" \/>\n<meta property=\"og:site_name\" content=\"Electrosuisse\" \/>\n<meta property=\"article:published_time\" content=\"2022-07-21T08:00:12+00:00\" \/>\n<meta property=\"article:modified_time\" content=\"2022-12-07T16:25:42+00:00\" \/>\n<meta property=\"og:image\" content=\"https:\/\/www.electrosuisse.ch\/wp-content\/uploads\/2022\/12\/Podcast_1660x470.png\" \/>\n\t<meta property=\"og:image:width\" content=\"1200\" \/>\n\t<meta property=\"og:image:height\" content=\"675\" \/>\n\t<meta property=\"og:image:type\" content=\"image\/png\" \/>\n<meta name=\"author\" content=\"Nalini Schempp\" \/>\n<script type=\"application\/ld+json\" class=\"yoast-schema-graph\">{\"@context\":\"https:\/\/schema.org\",\"@graph\":[{\"@type\":\"Article\",\"@id\":\"https:\/\/www.electrosuisse.ch\/de\/podcast-faktencheck-energie\/#article\",\"isPartOf\":{\"@id\":\"https:\/\/www.electrosuisse.ch\/de\/podcast-faktencheck-energie\/\"},\"author\":{\"name\":\"Nalini Schempp\",\"@id\":\"https:\/\/www.electrosuisse.ch\/de\/#\/schema\/person\/8770e16f2c82936b086c9d1c1c004c08\"},\"headline\":\"Podcast \u00abFaktencheck Energie\u00bb\",\"datePublished\":\"2022-07-21T08:00:12+00:00\",\"dateModified\":\"2022-12-07T16:25:42+00:00\",\"mainEntityOfPage\":{\"@id\":\"https:\/\/www.electrosuisse.ch\/de\/podcast-faktencheck-energie\/\"},\"wordCount\":225,\"publisher\":{\"@id\":\"https:\/\/www.electrosuisse.ch\/de\/#organization\"},\"keywords\":[\"Mobilit\u00e4t\"],\"articleSection\":[\"Unkategorisiert\"],\"inLanguage\":\"de\"},{\"@type\":\"WebPage\",\"@id\":\"https:\/\/www.electrosuisse.ch\/de\/podcast-faktencheck-energie\/\",\"url\":\"https:\/\/www.electrosuisse.ch\/de\/podcast-faktencheck-energie\/\",\"name\":\"Podcast \u00abFaktencheck Energie\u00bb - Electrosuisse\",\"isPartOf\":{\"@id\":\"https:\/\/www.electrosuisse.ch\/de\/#website\"},\"datePublished\":\"2022-07-21T08:00:12+00:00\",\"dateModified\":\"2022-12-07T16:25:42+00:00\",\"inLanguage\":\"de\",\"potentialAction\":[{\"@type\":\"ReadAction\",\"target\":[\"https:\/\/www.electrosuisse.ch\/de\/podcast-faktencheck-energie\/\"]}]},{\"@type\":\"WebSite\",\"@id\":\"https:\/\/www.electrosuisse.ch\/de\/#website\",\"url\":\"https:\/\/www.electrosuisse.ch\/de\/\",\"name\":\"Electrosuisse\",\"description\":\"\",\"publisher\":{\"@id\":\"https:\/\/www.electrosuisse.ch\/de\/#organization\"},\"potentialAction\":[{\"@type\":\"SearchAction\",\"target\":{\"@type\":\"EntryPoint\",\"urlTemplate\":\"https:\/\/www.electrosuisse.ch\/de\/?s={search_term_string}\"},\"query-input\":{\"@type\":\"PropertyValueSpecification\",\"valueRequired\":true,\"valueName\":\"search_term_string\"}}],\"inLanguage\":\"de\"},{\"@type\":\"Organization\",\"@id\":\"https:\/\/www.electrosuisse.ch\/de\/#organization\",\"name\":\"Electrosuisse\",\"url\":\"https:\/\/www.electrosuisse.ch\/de\/\",\"logo\":{\"@type\":\"ImageObject\",\"inLanguage\":\"de\",\"@id\":\"https:\/\/www.electrosuisse.ch\/de\/#\/schema\/logo\/image\/\",\"url\":\"https:\/\/www.electrosuisse.ch\/wp-content\/uploads\/2025\/04\/Electrosuisse_Logo_696x696.png\",\"contentUrl\":\"https:\/\/www.electrosuisse.ch\/wp-content\/uploads\/2025\/04\/Electrosuisse_Logo_696x696.png\",\"width\":696,\"height\":696,\"caption\":\"Electrosuisse\"},\"image\":{\"@id\":\"https:\/\/www.electrosuisse.ch\/de\/#\/schema\/logo\/image\/\"},\"sameAs\":[\"https:\/\/www.linkedin.com\/company\/electrosuisse-ag\/posts\/?feedView=all\",\"https:\/\/www.instagram.com\/electrosuisse1889\/\",\"https:\/\/www.youtube.com\/channel\/UCoOxohMiVE0Gjcdis1L09zw\"],\"description\":\"Electrosuisse ist eine anerkannte und unabh\u00e4ngige Fachorganisation, die erstklassige Dienstleistungen und Produkte in den Bereichen Inspektion, Beratung, Pr\u00fcfung, Zertifizierung, Normung und Weiterbildung anbietet. Unsere Expertise umfasst Elektrotechnik, Elektromobilit\u00e4t, Energieberatung, Geb\u00e4udeautomation und Photovoltaik in der Schweiz. Durch die Veranstaltung etablierter Branchen-Events und Fachtagungen f\u00f6rdert Electrosuisse den Wissenstransfer und den fachlichen Austausch. Im Mittelpunkt unserer T\u00e4tigkeiten steht die F\u00f6rderung der sicheren, wirtschaftlichen und umweltgerechten Anwendung der Elektrotechnik.\"},{\"@type\":\"Person\",\"@id\":\"https:\/\/www.electrosuisse.ch\/de\/#\/schema\/person\/8770e16f2c82936b086c9d1c1c004c08\",\"name\":\"Nalini Schempp\",\"image\":{\"@type\":\"ImageObject\",\"inLanguage\":\"de\",\"@id\":\"https:\/\/www.electrosuisse.ch\/de\/#\/schema\/person\/image\/\",\"url\":\"https:\/\/secure.gravatar.com\/avatar\/f2e8b75d6e8fb1fd661220d625f7823d02404773b42d5decd9a0b3dd5a2a1fe6?s=96&d=mm&r=g\",\"contentUrl\":\"https:\/\/secure.gravatar.com\/avatar\/f2e8b75d6e8fb1fd661220d625f7823d02404773b42d5decd9a0b3dd5a2a1fe6?s=96&d=mm&r=g\",\"caption\":\"Nalini Schempp\"}}]}<\/script>\n<!-- \/ Yoast SEO Premium plugin. -->","yoast_head_json":{"title":"Podcast \u00abFaktencheck Energie\u00bb - Electrosuisse","robots":{"index":"index","follow":"follow","max-snippet":"max-snippet:-1","max-image-preview":"max-image-preview:large","max-video-preview":"max-video-preview:-1"},"canonical":"https:\/\/www.electrosuisse.ch\/de\/podcast-faktencheck-energie\/","og_locale":"de_DE","og_type":"article","og_title":"Podcast \u00abFaktencheck Energie\u00bb - Electrosuisse","og_description":"[vc_row][vc_column][vc_column_text]Elektrofahrzeuge sind nicht umweltfreundlicher als andere Autos, die Energiewende ist zu teuer und die R\u00fcckkehr zur Atomkraft unabdingbar, wenn es Blackouts zu verhindern gilt. Und die Schweiz ist ohnehin zu klein, um etwas gegen den Klimawandel zu tun. Diese Aussagen tauchen im Schweizer Diskurs zu Energie und Klima immer wieder auf. Der ETH-\u200bPodcast greift diese [&hellip;]","og_url":"https:\/\/www.electrosuisse.ch\/de\/podcast-faktencheck-energie\/","og_site_name":"Electrosuisse","article_published_time":"2022-07-21T08:00:12+00:00","article_modified_time":"2022-12-07T16:25:42+00:00","og_image":[{"width":1200,"height":675,"url":"https:\/\/www.electrosuisse.ch\/wp-content\/uploads\/2022\/12\/Podcast_1660x470.png","type":"image\/png"}],"author":"Nalini Schempp","schema":{"@context":"https:\/\/schema.org","@graph":[{"@type":"Article","@id":"https:\/\/www.electrosuisse.ch\/de\/podcast-faktencheck-energie\/#article","isPartOf":{"@id":"https:\/\/www.electrosuisse.ch\/de\/podcast-faktencheck-energie\/"},"author":{"name":"Nalini Schempp","@id":"https:\/\/www.electrosuisse.ch\/de\/#\/schema\/person\/8770e16f2c82936b086c9d1c1c004c08"},"headline":"Podcast \u00abFaktencheck Energie\u00bb","datePublished":"2022-07-21T08:00:12+00:00","dateModified":"2022-12-07T16:25:42+00:00","mainEntityOfPage":{"@id":"https:\/\/www.electrosuisse.ch\/de\/podcast-faktencheck-energie\/"},"wordCount":225,"publisher":{"@id":"https:\/\/www.electrosuisse.ch\/de\/#organization"},"keywords":["Mobilit\u00e4t"],"articleSection":["Unkategorisiert"],"inLanguage":"de"},{"@type":"WebPage","@id":"https:\/\/www.electrosuisse.ch\/de\/podcast-faktencheck-energie\/","url":"https:\/\/www.electrosuisse.ch\/de\/podcast-faktencheck-energie\/","name":"Podcast \u00abFaktencheck Energie\u00bb - Electrosuisse","isPartOf":{"@id":"https:\/\/www.electrosuisse.ch\/de\/#website"},"datePublished":"2022-07-21T08:00:12+00:00","dateModified":"2022-12-07T16:25:42+00:00","inLanguage":"de","potentialAction":[{"@type":"ReadAction","target":["https:\/\/www.electrosuisse.ch\/de\/podcast-faktencheck-energie\/"]}]},{"@type":"WebSite","@id":"https:\/\/www.electrosuisse.ch\/de\/#website","url":"https:\/\/www.electrosuisse.ch\/de\/","name":"Electrosuisse","description":"","publisher":{"@id":"https:\/\/www.electrosuisse.ch\/de\/#organization"},"potentialAction":[{"@type":"SearchAction","target":{"@type":"EntryPoint","urlTemplate":"https:\/\/www.electrosuisse.ch\/de\/?s={search_term_string}"},"query-input":{"@type":"PropertyValueSpecification","valueRequired":true,"valueName":"search_term_string"}}],"inLanguage":"de"},{"@type":"Organization","@id":"https:\/\/www.electrosuisse.ch\/de\/#organization","name":"Electrosuisse","url":"https:\/\/www.electrosuisse.ch\/de\/","logo":{"@type":"ImageObject","inLanguage":"de","@id":"https:\/\/www.electrosuisse.ch\/de\/#\/schema\/logo\/image\/","url":"https:\/\/www.electrosuisse.ch\/wp-content\/uploads\/2025\/04\/Electrosuisse_Logo_696x696.png","contentUrl":"https:\/\/www.electrosuisse.ch\/wp-content\/uploads\/2025\/04\/Electrosuisse_Logo_696x696.png","width":696,"height":696,"caption":"Electrosuisse"},"image":{"@id":"https:\/\/www.electrosuisse.ch\/de\/#\/schema\/logo\/image\/"},"sameAs":["https:\/\/www.linkedin.com\/company\/electrosuisse-ag\/posts\/?feedView=all","https:\/\/www.instagram.com\/electrosuisse1889\/","https:\/\/www.youtube.com\/channel\/UCoOxohMiVE0Gjcdis1L09zw"],"description":"Electrosuisse ist eine anerkannte und unabh\u00e4ngige Fachorganisation, die erstklassige Dienstleistungen und Produkte in den Bereichen Inspektion, Beratung, Pr\u00fcfung, Zertifizierung, Normung und Weiterbildung anbietet. Unsere Expertise umfasst Elektrotechnik, Elektromobilit\u00e4t, Energieberatung, Geb\u00e4udeautomation und Photovoltaik in der Schweiz. Durch die Veranstaltung etablierter Branchen-Events und Fachtagungen f\u00f6rdert Electrosuisse den Wissenstransfer und den fachlichen Austausch. Im Mittelpunkt unserer T\u00e4tigkeiten steht die F\u00f6rderung der sicheren, wirtschaftlichen und umweltgerechten Anwendung der Elektrotechnik."},{"@type":"Person","@id":"https:\/\/www.electrosuisse.ch\/de\/#\/schema\/person\/8770e16f2c82936b086c9d1c1c004c08","name":"Nalini Schempp","image":{"@type":"ImageObject","inLanguage":"de","@id":"https:\/\/www.electrosuisse.ch\/de\/#\/schema\/person\/image\/","url":"https:\/\/secure.gravatar.com\/avatar\/f2e8b75d6e8fb1fd661220d625f7823d02404773b42d5decd9a0b3dd5a2a1fe6?s=96&d=mm&r=g","contentUrl":"https:\/\/secure.gravatar.com\/avatar\/f2e8b75d6e8fb1fd661220d625f7823d02404773b42d5decd9a0b3dd5a2a1fe6?s=96&d=mm&r=g","caption":"Nalini Schempp"}}]}},"amp_enabled":true,"_links":{"self":[{"href":"https:\/\/www.electrosuisse.ch\/de\/wp-json\/wp\/v2\/posts\/26600","targetHints":{"allow":["GET"]}}],"collection":[{"href":"https:\/\/www.electrosuisse.ch\/de\/wp-json\/wp\/v2\/posts"}],"about":[{"href":"https:\/\/www.electrosuisse.ch\/de\/wp-json\/wp\/v2\/types\/post"}],"author":[{"embeddable":true,"href":"https:\/\/www.electrosuisse.ch\/de\/wp-json\/wp\/v2\/users\/20"}],"replies":[{"embeddable":true,"href":"https:\/\/www.electrosuisse.ch\/de\/wp-json\/wp\/v2\/comments?post=26600"}],"version-history":[{"count":0,"href":"https:\/\/www.electrosuisse.ch\/de\/wp-json\/wp\/v2\/posts\/26600\/revisions"}],"wp:attachment":[{"href":"https:\/\/www.electrosuisse.ch\/de\/wp-json\/wp\/v2\/media?parent=26600"}],"wp:term":[{"taxonomy":"category","embeddable":true,"href":"https:\/\/www.electrosuisse.ch\/de\/wp-json\/wp\/v2\/categories?post=26600"},{"taxonomy":"post_tag","embeddable":true,"href":"https:\/\/www.electrosuisse.ch\/de\/wp-json\/wp\/v2\/tags?post=26600"}],"curies":[{"name":"wp","href":"https:\/\/api.w.org\/{rel}","templated":true}]}}