{"id":26162,"date":"2022-10-11T10:00:29","date_gmt":"2022-10-11T08:00:29","guid":{"rendered":"https:\/\/www.electrosuisse.ch\/?p=26162"},"modified":"2022-12-01T14:53:07","modified_gmt":"2022-12-01T13:53:07","slug":"duennschicht-technologien-fuer-die-energiewende","status":"publish","type":"post","link":"https:\/\/www.electrosuisse.ch\/de\/duennschicht-technologien-fuer-die-energiewende\/","title":{"rendered":"D\u00fcnnschicht-technologien f\u00fcr die Energiewende"},"content":{"rendered":"<div class=\"wpb-content-wrapper\"><p>[vc_row][vc_column][vc_column_text]<strong>Am Fraunhofer FEP gelang es, die weltweit erste thermochrome Schicht auf D\u00fcnnstglas in einem Rolle-zu-Rolle Verfahren zu fertigen. Ergebnisse, die k\u00fcnftig mechanische Jalousien \u00fcberfl\u00fcssig machen und gleichzeitig den K\u00fchl- und Heizenergiebedarf eines Geb\u00e4udes reduzieren k\u00f6nnen.<\/strong><\/p>\n<p>B\u00fcrokomplexe, \u00f6ffentliche Geb\u00e4ude und Neubauten sind zumeist architektonisch gepr\u00e4gt durch grosse, nach S\u00fcden ausgerichtete Fenster und Glasfassaden. W\u00e4hrend im Winter die Sonneneinstrahlung zur Unterst\u00fctzung der Heizung dient, heizt sich im Sommer das Geb\u00e4udeinnere auf und erfordert eine aktive K\u00fchlung. Verschattungen durch z.\u2009B. Jalousien senken den Komfort und tragen im Winter nicht zur Nutzung des W\u00e4rmeeintrages im Geb\u00e4ude bei. Besonders mit Blick auf die kommende Herbst- und Winterperiode, verbunden mit den aktuellen staatlichen Vorgaben zur Energieeinsparung und der Energiekrise, bieten smarte Fenster hier eine zukunftsweisende L\u00f6sung. Solche Fenster k\u00f6nnen den W\u00e4rmeeintrag der Sonnenstrahlung entsprechend der Wettersituation regulieren.<\/p>\n<p>Das Fraunhofer FEP forscht daher an Oberfl\u00e4chenbeschichtungen, die hier einen grossen Beitrag leisten k\u00f6nnen und eine Verringerung der W\u00e4rmestrahlung durch Fensterglas ins Geb\u00e4ude erm\u00f6glichen. Gemeinsam mit Projektpartnern arbeiten die Forschenden an aktiven, smarten Schichtsystemen, die die Effekte der Elektrochromie (Schaltung des Energiedurchlasses durch Anlegen einer Spannung) und Thermochromie (Schaltung des Energiedurchlasses durch \u00dcber-\u2009\/\u2009Unterschreitung einer Temperatur) nutzen.\u00a0Diese elektrochromen Folien k\u00f6nnen in Isolierverglasungen eingesetzt werden und kommen nicht nur bei Neubauten zum Einsatz. Auch eine Nachr\u00fcstung von Bestandsgeb\u00e4uden ist m\u00f6glich.<\/p>\n<p>Aktuell sind einige passive Technologien bereits kommerziell am Markt erh\u00e4ltlich. Diese d\u00fcnnen, auf Folie oder Glas hergestellten Schichten f\u00fchren aber nur zu einer permanenten Anpassung des Energiedurchlassgrades. Sie funktionieren also nur in einer Einstellung, z.\u2009B. zur Verhinderung der W\u00e4rmeeinstrahlung im Sommer. Im Winter wird diese allerdings ebenso abgehalten. Zudem greifen sie im Herstellprozess unter anderem auch auf wertvolle Ressourcen wie Silber zur\u00fcck. Der Fokus der Forschenden liegt daher auf der Optimierung der Eigenschaften und dem Ersatz solcher knappen Materialien.<\/p>\n<p>Bei allen Technologien \u2013 ob passiv oder aktiv \u2013 besteht die Herausforderung darin, den Spagat zwischen den verschiedenen Eigenschaften zu meistern, die gleichzeitig wirksam sein sollen: Spielen der optische Eindruck und die optische Wirksamkeit in unterschiedlichen Wellenl\u00e4ngenbereichen die gr\u00f6ssere Rolle oder ist dies vernachl\u00e4ssigbar gegen\u00fcber einem grossen Energiedurchlassgrad. Ebenso sind die Spanne der Schalttemperaturen bei thermochromen Schichten und nat\u00fcrlich auch die Herstellkosten zu ber\u00fccksichtigen.<\/p>\n<p>Um vielseitige und neue L\u00f6sungen hierf\u00fcr zu finden, entwickeln die Forschenden\u00a0aktuell Beschichtungstechnologien f\u00fcr thermochrome Elemente auf D\u00fcnnstglas. Das Substratmaterial mit einer Dicke von ca. 100\u00b5m stellt hohe Anforderungen an das Handling und die Skalierung auf gr\u00f6ssere Fl\u00e4chen gestaltete sich bislang als sehr schwierig. Gleichzeitig ist aber der Einsatz einer Polymerfolie als alternatives Substrat, die das Handling erleichtern k\u00f6nnte, nicht ohne weiteres einsetzbar. Grund hierf\u00fcr sind die hohen Temperaturen von einigen 100\u00b0C im Herstellungsprozess.<\/p>\n<p>Anfang 2022 ist es den Forschenden am Fraunhofer FEP gelungen, die weltweit erste thermochrome Schicht basierend auf Vanadiumdioxid auf D\u00fcnnstglas mit der effizienten Rolle-zu-Rolle-Technologie zu fertigen. Die thermochromen Schichten ver\u00e4ndern ihre Transmission im Infrarotbereich bei \u00dcberschreiten einer bestimmten Temperatur. Die Transmission im sichtbaren Bereich bleibt unver\u00e4ndert. Der Nutzer bemerkt so keine optische Ver\u00e4nderung am Fenster und hat keine Einschr\u00e4nkungen im Lichtkomfort oder der Sicht. Damit wird im Sommer W\u00e4rmeeinstrahlung effektiv blockiert, was die Notwendigkeit von Klimaanlagen senkt. Im Winter wird die W\u00e4rmeeinstrahlung der Sonne durchgelassen, was zu Einsparungen im Heizenergieverbrauch f\u00fchrt.<\/p>\n<p>Die Schalttemperatur liegt bei ca. 20\u00b0C, was bedeutet, dass das thermochrome D\u00fcnnstglas angebracht an Geb\u00e4uden zwischen transmittiven und reflektiven Zustand umschaltet, wenn es \u00fcber 20\u00b0C warm wird. Diese Schalttemperatur l\u00e4sst sich entsprechend der klimatischen Anforderungen einstellen durch die Zusammensetzung, die Prozessf\u00fchrung und den Aufbau des Schichtsystems.<\/p>\n<p>Im n\u00e4chsten Schritt soll die Technologie skaliert und zur Marktreife gef\u00fchrt werden. Forschungsgegenstand sind insbesondere die Optimierung des Substrathandlings, die Langzeitstabilit\u00e4t und die Einstellung der erforderlichen Schalttemperatur.<\/p>\n<p>Die Kombination der hier vorgestellten Technologien macht so k\u00fcnftig mechanische Jalousien \u00fcberfl\u00fcssig und kann den K\u00fchl- und Heizenergiebedarf eines Geb\u00e4udes zwischen 10% und in Extremf\u00e4llen bis zu 60%\u00a0reduzieren.[\/vc_column_text][\/vc_column][\/vc_row]<\/p>\n<\/div>","protected":false},"excerpt":{"rendered":"<p>[vc_row][vc_column][vc_column_text]Am Fraunhofer FEP gelang es, die weltweit erste thermochrome Schicht auf D\u00fcnnstglas in einem Rolle-zu-Rolle Verfahren zu fertigen. Ergebnisse, die k\u00fcnftig mechanische Jalousien \u00fcberfl\u00fcssig machen und gleichzeitig den K\u00fchl- und Heizenergiebedarf eines Geb\u00e4udes reduzieren k\u00f6nnen. B\u00fcrokomplexe, \u00f6ffentliche Geb\u00e4ude und Neubauten sind zumeist architektonisch gepr\u00e4gt durch grosse, nach S\u00fcden ausgerichtete Fenster und Glasfassaden. W\u00e4hrend im Winter [&hellip;]<\/p>\n","protected":false},"author":20,"featured_media":0,"comment_status":"closed","ping_status":"closed","sticky":false,"template":"","format":"standard","meta":{"_acf_changed":false,"_monsterinsights_skip_tracking":false,"_monsterinsights_sitenote_active":false,"_monsterinsights_sitenote_note":"","_monsterinsights_sitenote_category":0,"footnotes":""},"categories":[1],"tags":[170],"class_list":["post-26162","post","type-post","status-publish","format-standard","hentry","category-unkategorisiert","tag-gebaeudetechnik"],"acf":[],"yoast_head":"<!-- This site is optimized with the Yoast SEO Premium plugin v26.4 (Yoast SEO v27.0) - https:\/\/yoast.com\/product\/yoast-seo-premium-wordpress\/ -->\n<title>D\u00fcnnschicht-technologien f\u00fcr die Energiewende - Electrosuisse<\/title>\n<meta name=\"robots\" content=\"index, follow, max-snippet:-1, max-image-preview:large, max-video-preview:-1\" \/>\n<link rel=\"canonical\" href=\"https:\/\/www.electrosuisse.ch\/de\/duennschicht-technologien-fuer-die-energiewende\/\" \/>\n<meta property=\"og:locale\" content=\"de_DE\" \/>\n<meta property=\"og:type\" content=\"article\" \/>\n<meta property=\"og:title\" content=\"D\u00fcnnschicht-technologien f\u00fcr die Energiewende - Electrosuisse\" \/>\n<meta property=\"og:description\" content=\"[vc_row][vc_column][vc_column_text]Am Fraunhofer FEP gelang es, die weltweit erste thermochrome Schicht auf D\u00fcnnstglas in einem Rolle-zu-Rolle Verfahren zu fertigen. Ergebnisse, die k\u00fcnftig mechanische Jalousien \u00fcberfl\u00fcssig machen und gleichzeitig den K\u00fchl- und Heizenergiebedarf eines Geb\u00e4udes reduzieren k\u00f6nnen. B\u00fcrokomplexe, \u00f6ffentliche Geb\u00e4ude und Neubauten sind zumeist architektonisch gepr\u00e4gt durch grosse, nach S\u00fcden ausgerichtete Fenster und Glasfassaden. W\u00e4hrend im Winter [&hellip;]\" \/>\n<meta property=\"og:url\" content=\"https:\/\/www.electrosuisse.ch\/de\/duennschicht-technologien-fuer-die-energiewende\/\" \/>\n<meta property=\"og:site_name\" content=\"Electrosuisse\" \/>\n<meta property=\"article:published_time\" content=\"2022-10-11T08:00:29+00:00\" \/>\n<meta property=\"article:modified_time\" content=\"2022-12-01T13:53:07+00:00\" \/>\n<meta property=\"og:image\" content=\"https:\/\/www.electrosuisse.ch\/wp-content\/uploads\/2022\/12\/Duennschicht-Fenster_1660x470.jpg\" \/>\n\t<meta property=\"og:image:width\" content=\"1200\" \/>\n\t<meta property=\"og:image:height\" content=\"675\" \/>\n\t<meta property=\"og:image:type\" content=\"image\/png\" \/>\n<meta name=\"author\" content=\"Nalini Schempp\" \/>\n<script type=\"application\/ld+json\" class=\"yoast-schema-graph\">{\"@context\":\"https:\/\/schema.org\",\"@graph\":[{\"@type\":\"Article\",\"@id\":\"https:\/\/www.electrosuisse.ch\/de\/duennschicht-technologien-fuer-die-energiewende\/#article\",\"isPartOf\":{\"@id\":\"https:\/\/www.electrosuisse.ch\/de\/duennschicht-technologien-fuer-die-energiewende\/\"},\"author\":{\"name\":\"Nalini Schempp\",\"@id\":\"https:\/\/www.electrosuisse.ch\/de\/#\/schema\/person\/8770e16f2c82936b086c9d1c1c004c08\"},\"headline\":\"D\u00fcnnschicht-technologien f\u00fcr die Energiewende\",\"datePublished\":\"2022-10-11T08:00:29+00:00\",\"dateModified\":\"2022-12-01T13:53:07+00:00\",\"mainEntityOfPage\":{\"@id\":\"https:\/\/www.electrosuisse.ch\/de\/duennschicht-technologien-fuer-die-energiewende\/\"},\"wordCount\":705,\"publisher\":{\"@id\":\"https:\/\/www.electrosuisse.ch\/de\/#organization\"},\"keywords\":[\"Gebaeudetechnik\"],\"articleSection\":[\"Unkategorisiert\"],\"inLanguage\":\"de\"},{\"@type\":\"WebPage\",\"@id\":\"https:\/\/www.electrosuisse.ch\/de\/duennschicht-technologien-fuer-die-energiewende\/\",\"url\":\"https:\/\/www.electrosuisse.ch\/de\/duennschicht-technologien-fuer-die-energiewende\/\",\"name\":\"D\u00fcnnschicht-technologien f\u00fcr die Energiewende - Electrosuisse\",\"isPartOf\":{\"@id\":\"https:\/\/www.electrosuisse.ch\/de\/#website\"},\"datePublished\":\"2022-10-11T08:00:29+00:00\",\"dateModified\":\"2022-12-01T13:53:07+00:00\",\"inLanguage\":\"de\",\"potentialAction\":[{\"@type\":\"ReadAction\",\"target\":[\"https:\/\/www.electrosuisse.ch\/de\/duennschicht-technologien-fuer-die-energiewende\/\"]}]},{\"@type\":\"WebSite\",\"@id\":\"https:\/\/www.electrosuisse.ch\/de\/#website\",\"url\":\"https:\/\/www.electrosuisse.ch\/de\/\",\"name\":\"Electrosuisse\",\"description\":\"\",\"publisher\":{\"@id\":\"https:\/\/www.electrosuisse.ch\/de\/#organization\"},\"potentialAction\":[{\"@type\":\"SearchAction\",\"target\":{\"@type\":\"EntryPoint\",\"urlTemplate\":\"https:\/\/www.electrosuisse.ch\/de\/?s={search_term_string}\"},\"query-input\":{\"@type\":\"PropertyValueSpecification\",\"valueRequired\":true,\"valueName\":\"search_term_string\"}}],\"inLanguage\":\"de\"},{\"@type\":\"Organization\",\"@id\":\"https:\/\/www.electrosuisse.ch\/de\/#organization\",\"name\":\"Electrosuisse\",\"url\":\"https:\/\/www.electrosuisse.ch\/de\/\",\"logo\":{\"@type\":\"ImageObject\",\"inLanguage\":\"de\",\"@id\":\"https:\/\/www.electrosuisse.ch\/de\/#\/schema\/logo\/image\/\",\"url\":\"https:\/\/www.electrosuisse.ch\/wp-content\/uploads\/2025\/04\/Electrosuisse_Logo_696x696.png\",\"contentUrl\":\"https:\/\/www.electrosuisse.ch\/wp-content\/uploads\/2025\/04\/Electrosuisse_Logo_696x696.png\",\"width\":696,\"height\":696,\"caption\":\"Electrosuisse\"},\"image\":{\"@id\":\"https:\/\/www.electrosuisse.ch\/de\/#\/schema\/logo\/image\/\"},\"sameAs\":[\"https:\/\/www.linkedin.com\/company\/electrosuisse-ag\/posts\/?feedView=all\",\"https:\/\/www.instagram.com\/electrosuisse1889\/\",\"https:\/\/www.youtube.com\/channel\/UCoOxohMiVE0Gjcdis1L09zw\"],\"description\":\"Electrosuisse ist eine anerkannte und unabh\u00e4ngige Fachorganisation, die erstklassige Dienstleistungen und Produkte in den Bereichen Inspektion, Beratung, Pr\u00fcfung, Zertifizierung, Normung und Weiterbildung anbietet. Unsere Expertise umfasst Elektrotechnik, Elektromobilit\u00e4t, Energieberatung, Geb\u00e4udeautomation und Photovoltaik in der Schweiz. Durch die Veranstaltung etablierter Branchen-Events und Fachtagungen f\u00f6rdert Electrosuisse den Wissenstransfer und den fachlichen Austausch. Im Mittelpunkt unserer T\u00e4tigkeiten steht die F\u00f6rderung der sicheren, wirtschaftlichen und umweltgerechten Anwendung der Elektrotechnik.\"},{\"@type\":\"Person\",\"@id\":\"https:\/\/www.electrosuisse.ch\/de\/#\/schema\/person\/8770e16f2c82936b086c9d1c1c004c08\",\"name\":\"Nalini Schempp\",\"image\":{\"@type\":\"ImageObject\",\"inLanguage\":\"de\",\"@id\":\"https:\/\/www.electrosuisse.ch\/de\/#\/schema\/person\/image\/\",\"url\":\"https:\/\/secure.gravatar.com\/avatar\/f2e8b75d6e8fb1fd661220d625f7823d02404773b42d5decd9a0b3dd5a2a1fe6?s=96&d=mm&r=g\",\"contentUrl\":\"https:\/\/secure.gravatar.com\/avatar\/f2e8b75d6e8fb1fd661220d625f7823d02404773b42d5decd9a0b3dd5a2a1fe6?s=96&d=mm&r=g\",\"caption\":\"Nalini Schempp\"}}]}<\/script>\n<!-- \/ Yoast SEO Premium plugin. -->","yoast_head_json":{"title":"D\u00fcnnschicht-technologien f\u00fcr die Energiewende - Electrosuisse","robots":{"index":"index","follow":"follow","max-snippet":"max-snippet:-1","max-image-preview":"max-image-preview:large","max-video-preview":"max-video-preview:-1"},"canonical":"https:\/\/www.electrosuisse.ch\/de\/duennschicht-technologien-fuer-die-energiewende\/","og_locale":"de_DE","og_type":"article","og_title":"D\u00fcnnschicht-technologien f\u00fcr die Energiewende - Electrosuisse","og_description":"[vc_row][vc_column][vc_column_text]Am Fraunhofer FEP gelang es, die weltweit erste thermochrome Schicht auf D\u00fcnnstglas in einem Rolle-zu-Rolle Verfahren zu fertigen. Ergebnisse, die k\u00fcnftig mechanische Jalousien \u00fcberfl\u00fcssig machen und gleichzeitig den K\u00fchl- und Heizenergiebedarf eines Geb\u00e4udes reduzieren k\u00f6nnen. B\u00fcrokomplexe, \u00f6ffentliche Geb\u00e4ude und Neubauten sind zumeist architektonisch gepr\u00e4gt durch grosse, nach S\u00fcden ausgerichtete Fenster und Glasfassaden. W\u00e4hrend im Winter [&hellip;]","og_url":"https:\/\/www.electrosuisse.ch\/de\/duennschicht-technologien-fuer-die-energiewende\/","og_site_name":"Electrosuisse","article_published_time":"2022-10-11T08:00:29+00:00","article_modified_time":"2022-12-01T13:53:07+00:00","og_image":[{"width":1200,"height":675,"url":"https:\/\/www.electrosuisse.ch\/wp-content\/uploads\/2022\/12\/Duennschicht-Fenster_1660x470.jpg","type":"image\/png"}],"author":"Nalini Schempp","schema":{"@context":"https:\/\/schema.org","@graph":[{"@type":"Article","@id":"https:\/\/www.electrosuisse.ch\/de\/duennschicht-technologien-fuer-die-energiewende\/#article","isPartOf":{"@id":"https:\/\/www.electrosuisse.ch\/de\/duennschicht-technologien-fuer-die-energiewende\/"},"author":{"name":"Nalini Schempp","@id":"https:\/\/www.electrosuisse.ch\/de\/#\/schema\/person\/8770e16f2c82936b086c9d1c1c004c08"},"headline":"D\u00fcnnschicht-technologien f\u00fcr die Energiewende","datePublished":"2022-10-11T08:00:29+00:00","dateModified":"2022-12-01T13:53:07+00:00","mainEntityOfPage":{"@id":"https:\/\/www.electrosuisse.ch\/de\/duennschicht-technologien-fuer-die-energiewende\/"},"wordCount":705,"publisher":{"@id":"https:\/\/www.electrosuisse.ch\/de\/#organization"},"keywords":["Gebaeudetechnik"],"articleSection":["Unkategorisiert"],"inLanguage":"de"},{"@type":"WebPage","@id":"https:\/\/www.electrosuisse.ch\/de\/duennschicht-technologien-fuer-die-energiewende\/","url":"https:\/\/www.electrosuisse.ch\/de\/duennschicht-technologien-fuer-die-energiewende\/","name":"D\u00fcnnschicht-technologien f\u00fcr die Energiewende - Electrosuisse","isPartOf":{"@id":"https:\/\/www.electrosuisse.ch\/de\/#website"},"datePublished":"2022-10-11T08:00:29+00:00","dateModified":"2022-12-01T13:53:07+00:00","inLanguage":"de","potentialAction":[{"@type":"ReadAction","target":["https:\/\/www.electrosuisse.ch\/de\/duennschicht-technologien-fuer-die-energiewende\/"]}]},{"@type":"WebSite","@id":"https:\/\/www.electrosuisse.ch\/de\/#website","url":"https:\/\/www.electrosuisse.ch\/de\/","name":"Electrosuisse","description":"","publisher":{"@id":"https:\/\/www.electrosuisse.ch\/de\/#organization"},"potentialAction":[{"@type":"SearchAction","target":{"@type":"EntryPoint","urlTemplate":"https:\/\/www.electrosuisse.ch\/de\/?s={search_term_string}"},"query-input":{"@type":"PropertyValueSpecification","valueRequired":true,"valueName":"search_term_string"}}],"inLanguage":"de"},{"@type":"Organization","@id":"https:\/\/www.electrosuisse.ch\/de\/#organization","name":"Electrosuisse","url":"https:\/\/www.electrosuisse.ch\/de\/","logo":{"@type":"ImageObject","inLanguage":"de","@id":"https:\/\/www.electrosuisse.ch\/de\/#\/schema\/logo\/image\/","url":"https:\/\/www.electrosuisse.ch\/wp-content\/uploads\/2025\/04\/Electrosuisse_Logo_696x696.png","contentUrl":"https:\/\/www.electrosuisse.ch\/wp-content\/uploads\/2025\/04\/Electrosuisse_Logo_696x696.png","width":696,"height":696,"caption":"Electrosuisse"},"image":{"@id":"https:\/\/www.electrosuisse.ch\/de\/#\/schema\/logo\/image\/"},"sameAs":["https:\/\/www.linkedin.com\/company\/electrosuisse-ag\/posts\/?feedView=all","https:\/\/www.instagram.com\/electrosuisse1889\/","https:\/\/www.youtube.com\/channel\/UCoOxohMiVE0Gjcdis1L09zw"],"description":"Electrosuisse ist eine anerkannte und unabh\u00e4ngige Fachorganisation, die erstklassige Dienstleistungen und Produkte in den Bereichen Inspektion, Beratung, Pr\u00fcfung, Zertifizierung, Normung und Weiterbildung anbietet. Unsere Expertise umfasst Elektrotechnik, Elektromobilit\u00e4t, Energieberatung, Geb\u00e4udeautomation und Photovoltaik in der Schweiz. Durch die Veranstaltung etablierter Branchen-Events und Fachtagungen f\u00f6rdert Electrosuisse den Wissenstransfer und den fachlichen Austausch. Im Mittelpunkt unserer T\u00e4tigkeiten steht die F\u00f6rderung der sicheren, wirtschaftlichen und umweltgerechten Anwendung der Elektrotechnik."},{"@type":"Person","@id":"https:\/\/www.electrosuisse.ch\/de\/#\/schema\/person\/8770e16f2c82936b086c9d1c1c004c08","name":"Nalini Schempp","image":{"@type":"ImageObject","inLanguage":"de","@id":"https:\/\/www.electrosuisse.ch\/de\/#\/schema\/person\/image\/","url":"https:\/\/secure.gravatar.com\/avatar\/f2e8b75d6e8fb1fd661220d625f7823d02404773b42d5decd9a0b3dd5a2a1fe6?s=96&d=mm&r=g","contentUrl":"https:\/\/secure.gravatar.com\/avatar\/f2e8b75d6e8fb1fd661220d625f7823d02404773b42d5decd9a0b3dd5a2a1fe6?s=96&d=mm&r=g","caption":"Nalini Schempp"}}]}},"amp_enabled":true,"_links":{"self":[{"href":"https:\/\/www.electrosuisse.ch\/de\/wp-json\/wp\/v2\/posts\/26162","targetHints":{"allow":["GET"]}}],"collection":[{"href":"https:\/\/www.electrosuisse.ch\/de\/wp-json\/wp\/v2\/posts"}],"about":[{"href":"https:\/\/www.electrosuisse.ch\/de\/wp-json\/wp\/v2\/types\/post"}],"author":[{"embeddable":true,"href":"https:\/\/www.electrosuisse.ch\/de\/wp-json\/wp\/v2\/users\/20"}],"replies":[{"embeddable":true,"href":"https:\/\/www.electrosuisse.ch\/de\/wp-json\/wp\/v2\/comments?post=26162"}],"version-history":[{"count":0,"href":"https:\/\/www.electrosuisse.ch\/de\/wp-json\/wp\/v2\/posts\/26162\/revisions"}],"wp:attachment":[{"href":"https:\/\/www.electrosuisse.ch\/de\/wp-json\/wp\/v2\/media?parent=26162"}],"wp:term":[{"taxonomy":"category","embeddable":true,"href":"https:\/\/www.electrosuisse.ch\/de\/wp-json\/wp\/v2\/categories?post=26162"},{"taxonomy":"post_tag","embeddable":true,"href":"https:\/\/www.electrosuisse.ch\/de\/wp-json\/wp\/v2\/tags?post=26162"}],"curies":[{"name":"wp","href":"https:\/\/api.w.org\/{rel}","templated":true}]}}