{"id":25265,"date":"2021-05-25T10:00:01","date_gmt":"2021-05-25T08:00:01","guid":{"rendered":"https:\/\/www.electrosuisse.ch\/?p=25265"},"modified":"2022-12-01T14:03:41","modified_gmt":"2022-12-01T13:03:41","slug":"schutz-von-personen-anlagen-und-gebaeuden","status":"publish","type":"post","link":"https:\/\/www.electrosuisse.ch\/de\/schutz-von-personen-anlagen-und-gebaeuden\/","title":{"rendered":"Schutz von Personen, Anlagen und Geb\u00e4uden"},"content":{"rendered":"<div class=\"wpb-content-wrapper\"><p>[vc_row][vc_column][vc_column_text]<strong>Regelm\u00e4ssige Elektrokontrollen sch\u00fctzen Eigent\u00fcmer und Betreiber vor folgenschweren Personen- oder Sachsch\u00e4den, die unter anderem durch einen Stromschlag, Kurzschluss oder Brand verursacht werden. Mit den Elektrokontrollen und den daraus resultierenden Massnahmen werden zudem unn\u00f6tige Stillst\u00e4nde und Produktionsausf\u00e4lle vermieden.<\/strong><\/p>\n<h3>Pr\u00fcfintervall ist vorgegeben<\/h3>\n<p>In der <a href=\"https:\/\/www.fedlex.admin.ch\/eli\/cc\/2002\/22\/de\" target=\"_blank\" rel=\"noopener\">Verordnung \u00fcber elektrische Niederspannungsinstallationen<\/a>\u00a0(NIV) ist festgehalten, in welchem Intervall die periodischen Kontrollen durchgef\u00fchrt werden m\u00fcssen.<\/p>\n<p>Die Verantwortung zur Einhaltung dieser Fristen liegt beim Eigent\u00fcmer. Dieser ist aber nicht auf sich selbst gestellt. Mindestens sechs Monate vor Ablauf der Frist muss der Netzbetreiber ihn zur Kontrolle auffordern. So hat der Eigent\u00fcmer ausreichend Zeit, um eine unabh\u00e4ngige Kontrollstelle aufzubieten und um die vorgeschriebenen Unterlagen, wie Sicherheitsnachweis sowie Mess- und Pr\u00fcfprotokoll, einzureichen. Bei der Wahl eines unabh\u00e4ngigen Kontrollorgans oder einer akkreditierten Inspektionsstelle ist der Eigent\u00fcmer frei. Bedingung ist einzig, dass eine nach ESTI bewilligungspflichtige Fachperson die Kontrolle nach den neusten NIN-Normen, Regeln und Weisungen durchf\u00fchrt. Die bewilligungspflichtigen Personen sind in der NIV in Artikel\u2009\u200927 \u00abKontrollbewilligung\u00bb geregelt. Stellt die Kontrolleurin oder der Kontrolleur bei der Elek\u00adtrokontrolle M\u00e4ngel fest, ist der Eigent\u00fcmer verpflichtet, diese M\u00e4ngel unverz\u00fcglich beheben zu lassen.<\/p>\n<h3>\u00dcber 70\u00a0% aller Kontrollen f\u00f6rdern M\u00e4ngel zutage<\/h3>\n<p>Jede Kontrolleurin und jeder Kontrolleur erfasst die festgestellten M\u00e4ngel der Elektroinstallation. J\u00e4hrlich werden diese geb\u00fcndelt vom Berufsverband f\u00fcr Elektro-Sicherheitsberater und Sicherheitsberaterinnen in der Schweiz (VSEK) erfasst und publiziert. Die beanstandeten M\u00e4ngel sind meist auf Unwissenheit oder fahrl\u00e4ssiges Verhalten zur\u00fcckzuf\u00fchren. Dem muss entgegengewirkt werden \u2013 und daf\u00fcr sorgen unabh\u00e4ngige Elektrokontrollen.<\/p>\n<p>Bei den statistisch erfassten Inspektionen waren im ersten Quartal 2021 \u00fcber 70\u00a0% der elektrischen Hausinstallationen mangelhaft und mit einem Gefahrenpotenzial behaftet. Bei den periodischen Kontrollen liegt der prozentuale Anteil bei knapp 80\u00a0%. Daraus l\u00e4sst sich schliessen, dass nahezu jede zweite Kontrolle M\u00e4ngel aufweist. Das ist fatal, denn Unf\u00e4lle mit elektrischen Gegenst\u00e4nden enden meist tragisch.<\/p>\n<h3>Vom h\u00e4ufigsten Mangel sind oft Kinder betroffen<\/h3>\n<p>In der Theorie klar beschrieben, in der Praxis oft anders umgesetzt: Die Arbeit an elektrischen Installationen muss immer durch Profis ausgef\u00fchrt werden. Denn das oberste Ziel muss sein, Personen vor Sch\u00e4den zu sch\u00fctzen. Bei dem am h\u00e4ufigsten dokumentierten Mangel \u00abBer\u00fchrungsschutz, Besch\u00e4digungen\u00bb sind Personen direkt betroffen \u2013 prim\u00e4r Kinder. Besch\u00e4digte Steckdosenabdeckungen, bei denen Kinder direkt zu stromf\u00fchrenden Apparateteilen greifen k\u00f6nnen, kommen sehr h\u00e4ufig vor. Weiter sind auch defekte Kabelanschl\u00fcsse, bei denen keine Isolation mehr vorhanden ist, ein h\u00e4ufig festgestellter Mangel. W\u00fcrde diese Elek\u00adtroinstallation durch ein unabh\u00e4ngiges Kontrollorgan oder eine akkreditierte Inspektionsstelle gepr\u00fcft, k\u00f6nnten solche M\u00e4ngel aufgedeckt und viele Unf\u00e4lle vermieden werden.<\/p>\n<h3>Regelm\u00e4ssige Weiterbildungen sind eine Grundvoraussetzung<\/h3>\n<p>Die unabh\u00e4ngigen Kontrollorgane und die akkreditierten Inspektionsstellen ben\u00f6tigen zur Aus\u00fcbung der Kontrolle eine Bewilligung des Eidgen\u00f6ssischen Starkstrominspektorats (ESTI). Die Bedingungen zur Kontrollbewilligung sind in der Verordnung Art. 27 Kontrollbewilligung geregelt. Zugelassene Elektroinstallateure, welche f\u00fcr die M\u00e4ngelbehebung zust\u00e4ndig sind, werden seitens ESTI als unabh\u00e4ngige Pr\u00fcfstelle regelm\u00e4ssig \u00fcberwacht. Die Erbringung eines Weiterbildungsnachweises ist daf\u00fcr unerl\u00e4sslich. Denn nur mit dem Know-how der neusten Normen k\u00f6nnen Kontrollen dem Stand der Technik entsprechend vorgenommen werden.<\/p>\n<p>Deshalb werden Kontrolleure und Kontrolleurinnen j\u00e4hrlich dazu aufgerufen, eine eint\u00e4gige theorie- und praxisbezogene Weiterbildung zu absolvieren. An diesen Weiterbildungen profitieren die Teilnehmerinnen und Teilnehmer einerseits vom Wissen der Dozenten und Dozentinnen und andererseits vom offenen Austausch mit den anderen Kursteilnehmerinnen und -teilnehmern. Aktuelle Praxisbeispiele werden diskutiert und mit dem gemeinsamen Wissen werden die sichersten L\u00f6sungen f\u00fcr die Kunden gefunden.[\/vc_column_text]<div class=\"wpb_image_column wpb_content_element\"><div class=\"wpb_wrapper\"><div class=\"picture_container\"><picture><source media=\"(min-width: 769px)\" srcset=\"https:\/\/www.electrosuisse.ch\/wp-content\/uploads\/2022\/11\/B_2106_schlegel_tabelle-570x246.png\"><source media=\"(min-width: 415px)\" srcset=\"https:\/\/www.electrosuisse.ch\/wp-content\/uploads\/2022\/11\/B_2106_schlegel_tabelle-768x331.png\"><source media=\"(max-width: 414px)\" srcset=\"https:\/\/www.electrosuisse.ch\/wp-content\/uploads\/2022\/11\/B_2106_schlegel_tabelle-414x178.png 1x, https:\/\/www.electrosuisse.ch\/wp-content\/uploads\/2022\/11\/B_2106_schlegel_tabelle-768x331.png 2x\"><img decoding=\"async\" src=\"https:\/\/www.electrosuisse.ch\/wp-content\/uploads\/2022\/11\/B_2106_schlegel_tabelle-570x246.png\" alt=\"Laufzeiten der periodischen Installationskontrollen\" \/><\/picture><\/div><\/div><\/div>[\/vc_column][\/vc_row]<\/p>\n<\/div>","protected":false},"excerpt":{"rendered":"<p>[vc_row][vc_column][vc_column_text]Regelm\u00e4ssige Elektrokontrollen sch\u00fctzen Eigent\u00fcmer und Betreiber vor folgenschweren Personen- oder Sachsch\u00e4den, die unter anderem durch einen Stromschlag, Kurzschluss oder Brand verursacht werden. Mit den Elektrokontrollen und den daraus resultierenden Massnahmen werden zudem unn\u00f6tige Stillst\u00e4nde und Produktionsausf\u00e4lle vermieden. Pr\u00fcfintervall ist vorgegeben In der Verordnung \u00fcber elektrische Niederspannungsinstallationen\u00a0(NIV) ist festgehalten, in welchem Intervall die periodischen Kontrollen durchgef\u00fchrt [&hellip;]<\/p>\n","protected":false},"author":20,"featured_media":0,"comment_status":"closed","ping_status":"closed","sticky":false,"template":"","format":"standard","meta":{"_acf_changed":false,"_monsterinsights_skip_tracking":false,"_monsterinsights_sitenote_active":false,"_monsterinsights_sitenote_note":"","_monsterinsights_sitenote_category":0,"footnotes":""},"categories":[1],"tags":[204],"class_list":["post-25265","post","type-post","status-publish","format-standard","hentry","category-unkategorisiert","tag-elektroinstallation"],"acf":[],"yoast_head":"<!-- This site is optimized with the Yoast SEO Premium plugin v26.4 (Yoast SEO v27.0) - https:\/\/yoast.com\/product\/yoast-seo-premium-wordpress\/ -->\n<title>Schutz von Personen, Anlagen und Geb\u00e4uden - Electrosuisse<\/title>\n<meta name=\"robots\" content=\"index, follow, max-snippet:-1, max-image-preview:large, max-video-preview:-1\" \/>\n<link rel=\"canonical\" href=\"https:\/\/www.electrosuisse.ch\/de\/schutz-von-personen-anlagen-und-gebaeuden\/\" \/>\n<meta property=\"og:locale\" content=\"de_DE\" \/>\n<meta property=\"og:type\" content=\"article\" \/>\n<meta property=\"og:title\" content=\"Schutz von Personen, Anlagen und Geb\u00e4uden - Electrosuisse\" \/>\n<meta property=\"og:description\" content=\"[vc_row][vc_column][vc_column_text]Regelm\u00e4ssige Elektrokontrollen sch\u00fctzen Eigent\u00fcmer und Betreiber vor folgenschweren Personen- oder Sachsch\u00e4den, die unter anderem durch einen Stromschlag, Kurzschluss oder Brand verursacht werden. Mit den Elektrokontrollen und den daraus resultierenden Massnahmen werden zudem unn\u00f6tige Stillst\u00e4nde und Produktionsausf\u00e4lle vermieden. Pr\u00fcfintervall ist vorgegeben In der Verordnung \u00fcber elektrische Niederspannungsinstallationen\u00a0(NIV) ist festgehalten, in welchem Intervall die periodischen Kontrollen durchgef\u00fchrt [&hellip;]\" \/>\n<meta property=\"og:url\" content=\"https:\/\/www.electrosuisse.ch\/de\/schutz-von-personen-anlagen-und-gebaeuden\/\" \/>\n<meta property=\"og:site_name\" content=\"Electrosuisse\" \/>\n<meta property=\"article:published_time\" content=\"2021-05-25T08:00:01+00:00\" \/>\n<meta property=\"article:modified_time\" content=\"2022-12-01T13:03:41+00:00\" \/>\n<meta property=\"og:image\" content=\"https:\/\/www.electrosuisse.ch\/wp-content\/uploads\/2022\/11\/Elektrokontrollen_1660x470.jpg\" \/>\n\t<meta property=\"og:image:width\" content=\"1200\" \/>\n\t<meta property=\"og:image:height\" content=\"675\" \/>\n\t<meta property=\"og:image:type\" content=\"image\/png\" \/>\n<meta name=\"author\" content=\"Nalini Schempp\" \/>\n<script type=\"application\/ld+json\" class=\"yoast-schema-graph\">{\"@context\":\"https:\/\/schema.org\",\"@graph\":[{\"@type\":\"Article\",\"@id\":\"https:\/\/www.electrosuisse.ch\/de\/schutz-von-personen-anlagen-und-gebaeuden\/#article\",\"isPartOf\":{\"@id\":\"https:\/\/www.electrosuisse.ch\/de\/schutz-von-personen-anlagen-und-gebaeuden\/\"},\"author\":{\"name\":\"Nalini Schempp\",\"@id\":\"https:\/\/www.electrosuisse.ch\/de\/#\/schema\/person\/8770e16f2c82936b086c9d1c1c004c08\"},\"headline\":\"Schutz von Personen, Anlagen und Geb\u00e4uden\",\"datePublished\":\"2021-05-25T08:00:01+00:00\",\"dateModified\":\"2022-12-01T13:03:41+00:00\",\"mainEntityOfPage\":{\"@id\":\"https:\/\/www.electrosuisse.ch\/de\/schutz-von-personen-anlagen-und-gebaeuden\/\"},\"wordCount\":632,\"publisher\":{\"@id\":\"https:\/\/www.electrosuisse.ch\/de\/#organization\"},\"keywords\":[\"Elektroinstallation\"],\"articleSection\":[\"Unkategorisiert\"],\"inLanguage\":\"de\"},{\"@type\":\"WebPage\",\"@id\":\"https:\/\/www.electrosuisse.ch\/de\/schutz-von-personen-anlagen-und-gebaeuden\/\",\"url\":\"https:\/\/www.electrosuisse.ch\/de\/schutz-von-personen-anlagen-und-gebaeuden\/\",\"name\":\"Schutz von Personen, Anlagen und Geb\u00e4uden - Electrosuisse\",\"isPartOf\":{\"@id\":\"https:\/\/www.electrosuisse.ch\/de\/#website\"},\"datePublished\":\"2021-05-25T08:00:01+00:00\",\"dateModified\":\"2022-12-01T13:03:41+00:00\",\"inLanguage\":\"de\",\"potentialAction\":[{\"@type\":\"ReadAction\",\"target\":[\"https:\/\/www.electrosuisse.ch\/de\/schutz-von-personen-anlagen-und-gebaeuden\/\"]}]},{\"@type\":\"WebSite\",\"@id\":\"https:\/\/www.electrosuisse.ch\/de\/#website\",\"url\":\"https:\/\/www.electrosuisse.ch\/de\/\",\"name\":\"Electrosuisse\",\"description\":\"\",\"publisher\":{\"@id\":\"https:\/\/www.electrosuisse.ch\/de\/#organization\"},\"potentialAction\":[{\"@type\":\"SearchAction\",\"target\":{\"@type\":\"EntryPoint\",\"urlTemplate\":\"https:\/\/www.electrosuisse.ch\/de\/?s={search_term_string}\"},\"query-input\":{\"@type\":\"PropertyValueSpecification\",\"valueRequired\":true,\"valueName\":\"search_term_string\"}}],\"inLanguage\":\"de\"},{\"@type\":\"Organization\",\"@id\":\"https:\/\/www.electrosuisse.ch\/de\/#organization\",\"name\":\"Electrosuisse\",\"url\":\"https:\/\/www.electrosuisse.ch\/de\/\",\"logo\":{\"@type\":\"ImageObject\",\"inLanguage\":\"de\",\"@id\":\"https:\/\/www.electrosuisse.ch\/de\/#\/schema\/logo\/image\/\",\"url\":\"https:\/\/www.electrosuisse.ch\/wp-content\/uploads\/2025\/04\/Electrosuisse_Logo_696x696.png\",\"contentUrl\":\"https:\/\/www.electrosuisse.ch\/wp-content\/uploads\/2025\/04\/Electrosuisse_Logo_696x696.png\",\"width\":696,\"height\":696,\"caption\":\"Electrosuisse\"},\"image\":{\"@id\":\"https:\/\/www.electrosuisse.ch\/de\/#\/schema\/logo\/image\/\"},\"sameAs\":[\"https:\/\/www.linkedin.com\/company\/electrosuisse-ag\/posts\/?feedView=all\",\"https:\/\/www.instagram.com\/electrosuisse1889\/\",\"https:\/\/www.youtube.com\/channel\/UCoOxohMiVE0Gjcdis1L09zw\"],\"description\":\"Electrosuisse ist eine anerkannte und unabh\u00e4ngige Fachorganisation, die erstklassige Dienstleistungen und Produkte in den Bereichen Inspektion, Beratung, Pr\u00fcfung, Zertifizierung, Normung und Weiterbildung anbietet. Unsere Expertise umfasst Elektrotechnik, Elektromobilit\u00e4t, Energieberatung, Geb\u00e4udeautomation und Photovoltaik in der Schweiz. Durch die Veranstaltung etablierter Branchen-Events und Fachtagungen f\u00f6rdert Electrosuisse den Wissenstransfer und den fachlichen Austausch. Im Mittelpunkt unserer T\u00e4tigkeiten steht die F\u00f6rderung der sicheren, wirtschaftlichen und umweltgerechten Anwendung der Elektrotechnik.\"},{\"@type\":\"Person\",\"@id\":\"https:\/\/www.electrosuisse.ch\/de\/#\/schema\/person\/8770e16f2c82936b086c9d1c1c004c08\",\"name\":\"Nalini Schempp\",\"image\":{\"@type\":\"ImageObject\",\"inLanguage\":\"de\",\"@id\":\"https:\/\/www.electrosuisse.ch\/de\/#\/schema\/person\/image\/\",\"url\":\"https:\/\/secure.gravatar.com\/avatar\/f2e8b75d6e8fb1fd661220d625f7823d02404773b42d5decd9a0b3dd5a2a1fe6?s=96&d=mm&r=g\",\"contentUrl\":\"https:\/\/secure.gravatar.com\/avatar\/f2e8b75d6e8fb1fd661220d625f7823d02404773b42d5decd9a0b3dd5a2a1fe6?s=96&d=mm&r=g\",\"caption\":\"Nalini Schempp\"}}]}<\/script>\n<!-- \/ Yoast SEO Premium plugin. -->","yoast_head_json":{"title":"Schutz von Personen, Anlagen und Geb\u00e4uden - Electrosuisse","robots":{"index":"index","follow":"follow","max-snippet":"max-snippet:-1","max-image-preview":"max-image-preview:large","max-video-preview":"max-video-preview:-1"},"canonical":"https:\/\/www.electrosuisse.ch\/de\/schutz-von-personen-anlagen-und-gebaeuden\/","og_locale":"de_DE","og_type":"article","og_title":"Schutz von Personen, Anlagen und Geb\u00e4uden - Electrosuisse","og_description":"[vc_row][vc_column][vc_column_text]Regelm\u00e4ssige Elektrokontrollen sch\u00fctzen Eigent\u00fcmer und Betreiber vor folgenschweren Personen- oder Sachsch\u00e4den, die unter anderem durch einen Stromschlag, Kurzschluss oder Brand verursacht werden. Mit den Elektrokontrollen und den daraus resultierenden Massnahmen werden zudem unn\u00f6tige Stillst\u00e4nde und Produktionsausf\u00e4lle vermieden. Pr\u00fcfintervall ist vorgegeben In der Verordnung \u00fcber elektrische Niederspannungsinstallationen\u00a0(NIV) ist festgehalten, in welchem Intervall die periodischen Kontrollen durchgef\u00fchrt [&hellip;]","og_url":"https:\/\/www.electrosuisse.ch\/de\/schutz-von-personen-anlagen-und-gebaeuden\/","og_site_name":"Electrosuisse","article_published_time":"2021-05-25T08:00:01+00:00","article_modified_time":"2022-12-01T13:03:41+00:00","og_image":[{"width":1200,"height":675,"url":"https:\/\/www.electrosuisse.ch\/wp-content\/uploads\/2022\/11\/Elektrokontrollen_1660x470.jpg","type":"image\/png"}],"author":"Nalini Schempp","schema":{"@context":"https:\/\/schema.org","@graph":[{"@type":"Article","@id":"https:\/\/www.electrosuisse.ch\/de\/schutz-von-personen-anlagen-und-gebaeuden\/#article","isPartOf":{"@id":"https:\/\/www.electrosuisse.ch\/de\/schutz-von-personen-anlagen-und-gebaeuden\/"},"author":{"name":"Nalini Schempp","@id":"https:\/\/www.electrosuisse.ch\/de\/#\/schema\/person\/8770e16f2c82936b086c9d1c1c004c08"},"headline":"Schutz von Personen, Anlagen und Geb\u00e4uden","datePublished":"2021-05-25T08:00:01+00:00","dateModified":"2022-12-01T13:03:41+00:00","mainEntityOfPage":{"@id":"https:\/\/www.electrosuisse.ch\/de\/schutz-von-personen-anlagen-und-gebaeuden\/"},"wordCount":632,"publisher":{"@id":"https:\/\/www.electrosuisse.ch\/de\/#organization"},"keywords":["Elektroinstallation"],"articleSection":["Unkategorisiert"],"inLanguage":"de"},{"@type":"WebPage","@id":"https:\/\/www.electrosuisse.ch\/de\/schutz-von-personen-anlagen-und-gebaeuden\/","url":"https:\/\/www.electrosuisse.ch\/de\/schutz-von-personen-anlagen-und-gebaeuden\/","name":"Schutz von Personen, Anlagen und Geb\u00e4uden - Electrosuisse","isPartOf":{"@id":"https:\/\/www.electrosuisse.ch\/de\/#website"},"datePublished":"2021-05-25T08:00:01+00:00","dateModified":"2022-12-01T13:03:41+00:00","inLanguage":"de","potentialAction":[{"@type":"ReadAction","target":["https:\/\/www.electrosuisse.ch\/de\/schutz-von-personen-anlagen-und-gebaeuden\/"]}]},{"@type":"WebSite","@id":"https:\/\/www.electrosuisse.ch\/de\/#website","url":"https:\/\/www.electrosuisse.ch\/de\/","name":"Electrosuisse","description":"","publisher":{"@id":"https:\/\/www.electrosuisse.ch\/de\/#organization"},"potentialAction":[{"@type":"SearchAction","target":{"@type":"EntryPoint","urlTemplate":"https:\/\/www.electrosuisse.ch\/de\/?s={search_term_string}"},"query-input":{"@type":"PropertyValueSpecification","valueRequired":true,"valueName":"search_term_string"}}],"inLanguage":"de"},{"@type":"Organization","@id":"https:\/\/www.electrosuisse.ch\/de\/#organization","name":"Electrosuisse","url":"https:\/\/www.electrosuisse.ch\/de\/","logo":{"@type":"ImageObject","inLanguage":"de","@id":"https:\/\/www.electrosuisse.ch\/de\/#\/schema\/logo\/image\/","url":"https:\/\/www.electrosuisse.ch\/wp-content\/uploads\/2025\/04\/Electrosuisse_Logo_696x696.png","contentUrl":"https:\/\/www.electrosuisse.ch\/wp-content\/uploads\/2025\/04\/Electrosuisse_Logo_696x696.png","width":696,"height":696,"caption":"Electrosuisse"},"image":{"@id":"https:\/\/www.electrosuisse.ch\/de\/#\/schema\/logo\/image\/"},"sameAs":["https:\/\/www.linkedin.com\/company\/electrosuisse-ag\/posts\/?feedView=all","https:\/\/www.instagram.com\/electrosuisse1889\/","https:\/\/www.youtube.com\/channel\/UCoOxohMiVE0Gjcdis1L09zw"],"description":"Electrosuisse ist eine anerkannte und unabh\u00e4ngige Fachorganisation, die erstklassige Dienstleistungen und Produkte in den Bereichen Inspektion, Beratung, Pr\u00fcfung, Zertifizierung, Normung und Weiterbildung anbietet. Unsere Expertise umfasst Elektrotechnik, Elektromobilit\u00e4t, Energieberatung, Geb\u00e4udeautomation und Photovoltaik in der Schweiz. Durch die Veranstaltung etablierter Branchen-Events und Fachtagungen f\u00f6rdert Electrosuisse den Wissenstransfer und den fachlichen Austausch. Im Mittelpunkt unserer T\u00e4tigkeiten steht die F\u00f6rderung der sicheren, wirtschaftlichen und umweltgerechten Anwendung der Elektrotechnik."},{"@type":"Person","@id":"https:\/\/www.electrosuisse.ch\/de\/#\/schema\/person\/8770e16f2c82936b086c9d1c1c004c08","name":"Nalini Schempp","image":{"@type":"ImageObject","inLanguage":"de","@id":"https:\/\/www.electrosuisse.ch\/de\/#\/schema\/person\/image\/","url":"https:\/\/secure.gravatar.com\/avatar\/f2e8b75d6e8fb1fd661220d625f7823d02404773b42d5decd9a0b3dd5a2a1fe6?s=96&d=mm&r=g","contentUrl":"https:\/\/secure.gravatar.com\/avatar\/f2e8b75d6e8fb1fd661220d625f7823d02404773b42d5decd9a0b3dd5a2a1fe6?s=96&d=mm&r=g","caption":"Nalini Schempp"}}]}},"amp_enabled":true,"_links":{"self":[{"href":"https:\/\/www.electrosuisse.ch\/de\/wp-json\/wp\/v2\/posts\/25265","targetHints":{"allow":["GET"]}}],"collection":[{"href":"https:\/\/www.electrosuisse.ch\/de\/wp-json\/wp\/v2\/posts"}],"about":[{"href":"https:\/\/www.electrosuisse.ch\/de\/wp-json\/wp\/v2\/types\/post"}],"author":[{"embeddable":true,"href":"https:\/\/www.electrosuisse.ch\/de\/wp-json\/wp\/v2\/users\/20"}],"replies":[{"embeddable":true,"href":"https:\/\/www.electrosuisse.ch\/de\/wp-json\/wp\/v2\/comments?post=25265"}],"version-history":[{"count":0,"href":"https:\/\/www.electrosuisse.ch\/de\/wp-json\/wp\/v2\/posts\/25265\/revisions"}],"wp:attachment":[{"href":"https:\/\/www.electrosuisse.ch\/de\/wp-json\/wp\/v2\/media?parent=25265"}],"wp:term":[{"taxonomy":"category","embeddable":true,"href":"https:\/\/www.electrosuisse.ch\/de\/wp-json\/wp\/v2\/categories?post=25265"},{"taxonomy":"post_tag","embeddable":true,"href":"https:\/\/www.electrosuisse.ch\/de\/wp-json\/wp\/v2\/tags?post=25265"}],"curies":[{"name":"wp","href":"https:\/\/api.w.org\/{rel}","templated":true}]}}