{"id":24486,"date":"2022-10-27T11:29:07","date_gmt":"2022-10-27T09:29:07","guid":{"rendered":"https:\/\/www.electrosuisse.ch\/?p=24486"},"modified":"2022-11-25T12:54:54","modified_gmt":"2022-11-25T11:54:54","slug":"energietechnik-in-graz-speicher-und-mobilitaet","status":"publish","type":"post","link":"https:\/\/www.electrosuisse.ch\/de\/energietechnik-in-graz-speicher-und-mobilitaet\/","title":{"rendered":"Energietechnik in Graz: Speicher und Mobilit\u00e4t"},"content":{"rendered":"<div class=\"wpb-content-wrapper\"><p>[vc_row][vc_column][vc_column_text]Die Sorge um eine m\u00f6gliche Strom-Mangellage im kommenden Winter ist in Europa allgegenw\u00e4rtig. Aber deswegen den Kopf in den Sand stecken ist sp\u00fcrbar nicht im Trend: Auch in unserem \u00f6stlichen Nachbarland wird f\u00fcr verschiedene m\u00f6gliche Szenarien fleissig gerechnet und quantifiziert. Ab und zu erh\u00e4lt die Schweiz dabei einen anerkennenden Seitenblick auf unsere OSTRAL, die vom Bund orchestrierte Organisation f\u00fcr Stromversorgung in Ausserordentlichen Lagen. Beim \u00f6stlichen Nachbarn sind daf\u00fcr vorerst noch die einzelnen Bundesl\u00e4nder zust\u00e4ndig.[\/vc_column_text][vc_column_text]<img decoding=\"async\" class=\"alignnone wp-image-24262\" src=\"https:\/\/www.electrosuisse.ch\/wp-content\/uploads\/2022\/10\/IMG_6966__KariKAPSCH-OVEpresident-576x768.jpg\" alt=\"\" width=\"365\" height=\"487\" \/> <img decoding=\"async\" class=\"wp-image-24265\" src=\"https:\/\/www.electrosuisse.ch\/wp-content\/uploads\/2022\/10\/IMG_6969__HerbertPOPELKA-OVE-ETGvorstandsvorsitzender-576x768.jpg\" alt=\"\" width=\"365\" height=\"487\" \/><\/p>\n<p>OVE Pr\u00e4sident Kari KAPSCH und OVE Vorstandsvorsitzender Energietechnik Heinrich POPELKA begr\u00fcssen die rund 200 Teilnehmenden an der Energietechnik-Tagung 2022 in der Seifenfabrik Graz.[\/vc_column_text][vc_column_text]Im Grundsatz ist die Ausgangslage bei unserem Nachbarland vergleichbar zur Schweiz: Es braucht den geschickten Einsatz verschiedener Technologien sowie daf\u00fcr f\u00f6rderliche Rahmenbedingungen, um die gesetzten Klima- und Energieziele gerade auch in der angespannten Situation der aktuellen Energiekrise zu erreichen. Dabei spielen nebst nachhaltiger Erzeugung und intelligenter Verbrauchssteuerung die Speichertechnologien zunehmend eine Schl\u00fcsselrolle. Also wurde in Szenarien eifrig gerechnet entlang der Potentiale ausgebauter Pumpspeicher wie auch den Chancen durch zunehmende Elektromobilit\u00e4t, und selbst ein Seitenblick auf einen Eisspeicher durfte nicht fehlen.<\/p>\n<p>Auch die Netze m\u00fcssen der zunehmenden Dynamik durch Erneuerbare folgen k\u00f6nnen. Daher rechnen die Energieversorger \u00d6stereichs jetzt mit verdreifachten Investitionen f\u00fcr die Verteilnetze auf j\u00e4hrlich 1.5 Milliarden Euro f\u00fcr den Umbau in regional neu zu konzipierende Netze der Zukunft. Regul\u00e4re Netzkunden werden zu aktiven Netzkunden, Elektroautos zu verteilten Speicherschw\u00e4rmen, es braucht offene und genormte Schnittstellen, um dieses System ganzheitlich zu beherrschen &#8211; f\u00fcr eine unabh\u00e4ngigere und klimafreundliche Energieversorgung.<\/p>\n<p>Ein starkes Votum kam aus der Ecke der Photovoltaik (PV), die offenbar auch im Nachbarland lange Zeit untersch\u00e4tzt wurde. Jetzt w\u00e4chst sie weit \u00fcber die Erwartungen hinaus, wohl im Bewusstsein, dass sich der Stromverbrauch des Landes bis 2040 verdoppeln wird, weil er auch fossile Tr\u00e4ger im grossen Stil ersetzen muss. Das bedeutet, dass die 2020 installierte PV Basis von 2 GW j\u00e4hrlich um +1.7GW ausgebaut werden muss. Windkraftwerke steuerten Ende 2021 mit 1&#8217;305 Kraftwerken rund 3.3 GW bzw. 7.6 TWh\/Jahr bei, was zu diesem Zeitpunkt 11% des nationalen Stromverbrauchs entspricht. Nicht zu vergessen die Wiener Netze, welche auf der Gegenseite die Dimensionen eines unumkehrbaren Ausstiegs aus dem Gas quantifizierten \u2013 es wurde klar, dass derartig umfassende Umbauvorhaben einen \u00fcbergeordnet orchestrierten Masterplan brauchen werden.[\/vc_column_text][vc_column_text]<\/p>\n<div id=\"attachment_24274\" style=\"width: 810px\" class=\"wp-caption alignleft\"><img decoding=\"async\" aria-describedby=\"caption-attachment-24274\" class=\"wp-image-24274\" src=\"https:\/\/www.electrosuisse.ch\/wp-content\/uploads\/2022\/10\/IMG_7105__KeynotePANEL-768x768.jpg\" alt=\"\" width=\"800\" height=\"800\" \/><p id=\"caption-attachment-24274\" class=\"wp-caption-text\">F\u00fcnf Keynote Vortr\u00e4ge m\u00fcndeten in eine spannende Diskussion im Panel: Vera IMMITZER (Photovoltaic Austria, oben links),Gerhard FIDA (Wiener Netze GmbH, oben rechts), Martin GRAF (Energie Steiermark, unten links), Stefan MOIDL (IG Windkraft, unten mitte), Alfons HABER (E-Control, unten rechts)<\/p><\/div>\n<p>[\/vc_column_text][vc_column_text]Nach der Auslegeordnung mit f\u00fcnf Keynote Vortr\u00e4gen folgte eine Vertiefung \u00fcber zahlreiche Vortr\u00e4ge: TIWAG zeigte ihre Pl\u00e4ne zum Ausbau der Wasserkraft-Speicher, die TU Graz f\u00fchrte mit Szenarien durch den Winter und veranschaulichte mit Giesskannen den Effekt einer Dunkelflaute, Andritz erh\u00f6hte die Lebensdauer von Wasserkraftwerken durch gezielte Minderung der Dynamik auf den mechanischen Teil mittels Batteriespeicher, die TU Wien befasste sich mit Sektorkopplungen, und ein Tutorial der TU Graz f\u00fchrte uns die Chancen von Mathematischen Modellen zu unseren Energiesystemen vor Augen: Vor dem Handeln Denken (und simulieren) war hier die Devise.[\/vc_column_text][vc_column_text]<\/p>\n<div id=\"attachment_24290\" style=\"width: 810px\" class=\"wp-caption alignnone\"><img decoding=\"async\" aria-describedby=\"caption-attachment-24290\" class=\"wp-image-24290\" src=\"https:\/\/www.electrosuisse.ch\/wp-content\/uploads\/2022\/10\/IMG_7168__KarinaLEMAHL-TUgrazLaufwasser-768x576.jpg\" alt=\"\" width=\"800\" height=\"600\" \/><p id=\"caption-attachment-24290\" class=\"wp-caption-text\">Die Technische Universit\u00e4t Graz (im Bild Karina LEMAHL mit der Giesskanne f\u00fcr die Laufwasserkraftskapazit\u00e4t) demonstrierte eindr\u00fccklich die quantifizierten Reserven w\u00e4hrend einer Dunkelflaute im Winterhalbjahr.<\/p><\/div>\n<p>[\/vc_column_text][vc_column_text]Den zweiten Tag er\u00f6ffneten die vier Nachwuchspreis-Tr\u00e4gerInnen, gefolgt von einer Vertiefung zu Ladeinfrastrukturen, Systemstrategien und der Optimierung von Industriebetrieben bis hin zu einem Stahlwerk.[\/vc_column_text][vc_column_text]<\/p>\n<div id=\"attachment_24297\" style=\"width: 810px\" class=\"wp-caption alignnone\"><img decoding=\"async\" aria-describedby=\"caption-attachment-24297\" class=\"wp-image-24297\" src=\"https:\/\/www.electrosuisse.ch\/wp-content\/uploads\/2022\/10\/IMG_7540__OVEenergietechnikpreis2022-768x768.jpg\" alt=\"\" width=\"800\" height=\"800\" \/><p id=\"caption-attachment-24297\" class=\"wp-caption-text\">Ihnen wurde der OVE Energietechnikpreis 2022 verliehen (von oben links nach unten rechts): Sebasti\u00e1n G\u00d3MEZ TREVINO (Electric Vehicle Fuses: DC High Current Circuit for Low Voltage DC Fuse Testing), Doris JURI (Eisspeicher), Carina LEMAHL (Validierung der Stabilit\u00e4t von PV-Integrationen in Mittelspannungsnetze), Christian AL\u00c1CS (Schnelle Regelleistungen im kontinentaleurop\u00e4ischen Verbundnetz)<\/p><\/div>\n<p>[\/vc_column_text][vc_column_text]Die n\u00e4chste OVE Energietechnik-Tagung findet am 18.\/19. Oktober 2023 in Klagenfurt statt.[\/vc_column_text]<div class=\"wpb_gap_column wpb_content_element\"><div class=\"wpb_wrapper\"><div class=\"gap gap--small\"><\/div><\/div><\/div>[vc_column_text]<strong>Weiterf\u00fchrende Links:<br \/>\n<\/strong><a href=\"http:\/\/www.energietechnik-tagung.at\" target=\"_blank\" rel=\"noopener\"><strong>OVE Tagungsprogramm 2022<\/strong><\/a><br \/>\n<strong><a href=\"http:\/\/www.ostral.ch\" target=\"_blank\" rel=\"noopener\">OSTRAL (Schweiz)<\/a>\u00a0<\/strong><br \/>\n<a href=\"http:\/\/www.electrosuisse.ch\/ostral\" target=\"_blank\" rel=\"noopener\"><strong>OSTRAL bei Electrosuisse<\/strong> \u2013 helfen Sie sich selbst!<\/a>[\/vc_column_text][vc_column_text]<strong>Veranstaltungen<\/strong> zum Thema Energietechnik in der Schweiz:<br \/>\n<a href=\"http:\/\/www.electrosuisse.ch\/energiezukunft\" target=\"_blank\" rel=\"noopener\">08.11.2022 <strong>Energiezukunft<\/strong><\/a><br \/>\n<a href=\"https:\/\/www.e-mobile.ch\/de\/veranstaltung\/e-mobile-online-forum-energiesysteme\/\" target=\"_blank\" rel=\"noopener\">16.11.2022 <strong>e-mobile online Forum:<\/strong> Energiesysteme<\/a><br \/>\n<a href=\"http:\/\/www.electrosuisse.ch\/electrosuisse-expert-talk\" target=\"_blank\" rel=\"noopener\">29.11.2022 <strong>Expert Talk<\/strong>: Versorgungssicherheit<\/a><br \/>\n<a href=\"https:\/\/www.e-mobile.ch\/de\/veranstaltung\/e-mobile-online-forum-zev\/\" target=\"_blank\" rel=\"noopener\">21.12.2022 <strong>e-mobile online Forum:<\/strong> ZEV<\/a><br \/>\n<a href=\"http:\/\/www.electrosuisse.ch\/netzimpuls\" target=\"_blank\" rel=\"noopener\">22.03.2022 <strong>NetzImpuls<\/strong> mit Vorabend-Dinner <\/a><br \/>\n<a href=\"http:\/\/www.cired2023.org\" target=\"_blank\" rel=\"noopener\">12.-15.06.2023 <strong>CIRED Rome<\/strong> <\/a><br \/>\n<a href=\"http:\/\/www.cigre-b4-vienna2023.at\" target=\"_blank\" rel=\"noopener\">11.-15.09.2023 <strong>CIGRE B4 Colloquium Vienna<\/strong>\u00a0<\/a>[\/vc_column_text][\/vc_column][\/vc_row]<\/p>\n<\/div>","protected":false},"excerpt":{"rendered":"<p>[vc_row][vc_column][vc_column_text]Die Sorge um eine m\u00f6gliche Strom-Mangellage im kommenden Winter ist in Europa allgegenw\u00e4rtig. Aber deswegen den Kopf in den Sand stecken ist sp\u00fcrbar nicht im Trend: Auch in unserem \u00f6stlichen Nachbarland wird f\u00fcr verschiedene m\u00f6gliche Szenarien fleissig gerechnet und quantifiziert. Ab und zu erh\u00e4lt die Schweiz dabei einen anerkennenden Seitenblick auf unsere OSTRAL, die vom [&hellip;]<\/p>\n","protected":false},"author":20,"featured_media":0,"comment_status":"closed","ping_status":"closed","sticky":false,"template":"","format":"standard","meta":{"_acf_changed":false,"_monsterinsights_skip_tracking":false,"_monsterinsights_sitenote_active":false,"_monsterinsights_sitenote_note":"","_monsterinsights_sitenote_category":0,"footnotes":""},"categories":[1],"tags":[237],"class_list":["post-24486","post","type-post","status-publish","format-standard","hentry","category-unkategorisiert","tag-energieversorgung"],"acf":[],"yoast_head":"<!-- This site is optimized with the Yoast SEO Premium plugin v26.4 (Yoast SEO v27.0) - https:\/\/yoast.com\/product\/yoast-seo-premium-wordpress\/ -->\n<title>Energietechnik in Graz: Speicher und Mobilit\u00e4t - Electrosuisse<\/title>\n<meta name=\"robots\" content=\"index, follow, max-snippet:-1, max-image-preview:large, max-video-preview:-1\" \/>\n<link rel=\"canonical\" href=\"https:\/\/www.electrosuisse.ch\/de\/energietechnik-in-graz-speicher-und-mobilitaet\/\" \/>\n<meta property=\"og:locale\" content=\"de_DE\" \/>\n<meta property=\"og:type\" content=\"article\" \/>\n<meta property=\"og:title\" content=\"Energietechnik in Graz: Speicher und Mobilit\u00e4t - Electrosuisse\" \/>\n<meta property=\"og:description\" content=\"[vc_row][vc_column][vc_column_text]Die Sorge um eine m\u00f6gliche Strom-Mangellage im kommenden Winter ist in Europa allgegenw\u00e4rtig. Aber deswegen den Kopf in den Sand stecken ist sp\u00fcrbar nicht im Trend: Auch in unserem \u00f6stlichen Nachbarland wird f\u00fcr verschiedene m\u00f6gliche Szenarien fleissig gerechnet und quantifiziert. Ab und zu erh\u00e4lt die Schweiz dabei einen anerkennenden Seitenblick auf unsere OSTRAL, die vom [&hellip;]\" \/>\n<meta property=\"og:url\" content=\"https:\/\/www.electrosuisse.ch\/de\/energietechnik-in-graz-speicher-und-mobilitaet\/\" \/>\n<meta property=\"og:site_name\" content=\"Electrosuisse\" \/>\n<meta property=\"article:published_time\" content=\"2022-10-27T09:29:07+00:00\" \/>\n<meta property=\"article:modified_time\" content=\"2022-11-25T11:54:54+00:00\" \/>\n<meta property=\"og:image\" content=\"https:\/\/www.electrosuisse.ch\/wp-content\/uploads\/2022\/10\/OVE-Tagung_1660x470.jpg\" \/>\n<meta name=\"author\" content=\"Nalini Schempp\" \/>\n<script type=\"application\/ld+json\" class=\"yoast-schema-graph\">{\"@context\":\"https:\/\/schema.org\",\"@graph\":[{\"@type\":\"Article\",\"@id\":\"https:\/\/www.electrosuisse.ch\/de\/energietechnik-in-graz-speicher-und-mobilitaet\/#article\",\"isPartOf\":{\"@id\":\"https:\/\/www.electrosuisse.ch\/de\/energietechnik-in-graz-speicher-und-mobilitaet\/\"},\"author\":{\"name\":\"Nalini Schempp\",\"@id\":\"https:\/\/www.electrosuisse.ch\/de\/#\/schema\/person\/8770e16f2c82936b086c9d1c1c004c08\"},\"headline\":\"Energietechnik in Graz: Speicher und Mobilit\u00e4t\",\"datePublished\":\"2022-10-27T09:29:07+00:00\",\"dateModified\":\"2022-11-25T11:54:54+00:00\",\"mainEntityOfPage\":{\"@id\":\"https:\/\/www.electrosuisse.ch\/de\/energietechnik-in-graz-speicher-und-mobilitaet\/\"},\"wordCount\":794,\"publisher\":{\"@id\":\"https:\/\/www.electrosuisse.ch\/de\/#organization\"},\"image\":{\"@id\":\"https:\/\/www.electrosuisse.ch\/de\/energietechnik-in-graz-speicher-und-mobilitaet\/#primaryimage\"},\"thumbnailUrl\":\"https:\/\/www.electrosuisse.ch\/wp-content\/uploads\/2022\/10\/IMG_6966__KariKAPSCH-OVEpresident-576x768.jpg\",\"keywords\":[\"Energieversorgung\"],\"articleSection\":[\"Unkategorisiert\"],\"inLanguage\":\"de\"},{\"@type\":\"WebPage\",\"@id\":\"https:\/\/www.electrosuisse.ch\/de\/energietechnik-in-graz-speicher-und-mobilitaet\/\",\"url\":\"https:\/\/www.electrosuisse.ch\/de\/energietechnik-in-graz-speicher-und-mobilitaet\/\",\"name\":\"Energietechnik in Graz: Speicher und Mobilit\u00e4t - Electrosuisse\",\"isPartOf\":{\"@id\":\"https:\/\/www.electrosuisse.ch\/de\/#website\"},\"primaryImageOfPage\":{\"@id\":\"https:\/\/www.electrosuisse.ch\/de\/energietechnik-in-graz-speicher-und-mobilitaet\/#primaryimage\"},\"image\":{\"@id\":\"https:\/\/www.electrosuisse.ch\/de\/energietechnik-in-graz-speicher-und-mobilitaet\/#primaryimage\"},\"thumbnailUrl\":\"https:\/\/www.electrosuisse.ch\/wp-content\/uploads\/2022\/10\/IMG_6966__KariKAPSCH-OVEpresident-576x768.jpg\",\"datePublished\":\"2022-10-27T09:29:07+00:00\",\"dateModified\":\"2022-11-25T11:54:54+00:00\",\"inLanguage\":\"de\",\"potentialAction\":[{\"@type\":\"ReadAction\",\"target\":[\"https:\/\/www.electrosuisse.ch\/de\/energietechnik-in-graz-speicher-und-mobilitaet\/\"]}]},{\"@type\":\"ImageObject\",\"inLanguage\":\"de\",\"@id\":\"https:\/\/www.electrosuisse.ch\/de\/energietechnik-in-graz-speicher-und-mobilitaet\/#primaryimage\",\"url\":\"https:\/\/www.electrosuisse.ch\/wp-content\/uploads\/2022\/10\/IMG_6966__KariKAPSCH-OVEpresident-576x768.jpg\",\"contentUrl\":\"https:\/\/www.electrosuisse.ch\/wp-content\/uploads\/2022\/10\/IMG_6966__KariKAPSCH-OVEpresident-576x768.jpg\"},{\"@type\":\"WebSite\",\"@id\":\"https:\/\/www.electrosuisse.ch\/de\/#website\",\"url\":\"https:\/\/www.electrosuisse.ch\/de\/\",\"name\":\"Electrosuisse\",\"description\":\"\",\"publisher\":{\"@id\":\"https:\/\/www.electrosuisse.ch\/de\/#organization\"},\"potentialAction\":[{\"@type\":\"SearchAction\",\"target\":{\"@type\":\"EntryPoint\",\"urlTemplate\":\"https:\/\/www.electrosuisse.ch\/de\/?s={search_term_string}\"},\"query-input\":{\"@type\":\"PropertyValueSpecification\",\"valueRequired\":true,\"valueName\":\"search_term_string\"}}],\"inLanguage\":\"de\"},{\"@type\":\"Organization\",\"@id\":\"https:\/\/www.electrosuisse.ch\/de\/#organization\",\"name\":\"Electrosuisse\",\"url\":\"https:\/\/www.electrosuisse.ch\/de\/\",\"logo\":{\"@type\":\"ImageObject\",\"inLanguage\":\"de\",\"@id\":\"https:\/\/www.electrosuisse.ch\/de\/#\/schema\/logo\/image\/\",\"url\":\"https:\/\/www.electrosuisse.ch\/wp-content\/uploads\/2025\/04\/Electrosuisse_Logo_696x696.png\",\"contentUrl\":\"https:\/\/www.electrosuisse.ch\/wp-content\/uploads\/2025\/04\/Electrosuisse_Logo_696x696.png\",\"width\":696,\"height\":696,\"caption\":\"Electrosuisse\"},\"image\":{\"@id\":\"https:\/\/www.electrosuisse.ch\/de\/#\/schema\/logo\/image\/\"},\"sameAs\":[\"https:\/\/www.linkedin.com\/company\/electrosuisse-ag\/posts\/?feedView=all\",\"https:\/\/www.instagram.com\/electrosuisse1889\/\",\"https:\/\/www.youtube.com\/channel\/UCoOxohMiVE0Gjcdis1L09zw\"],\"description\":\"Electrosuisse ist eine anerkannte und unabh\u00e4ngige Fachorganisation, die erstklassige Dienstleistungen und Produkte in den Bereichen Inspektion, Beratung, Pr\u00fcfung, Zertifizierung, Normung und Weiterbildung anbietet. Unsere Expertise umfasst Elektrotechnik, Elektromobilit\u00e4t, Energieberatung, Geb\u00e4udeautomation und Photovoltaik in der Schweiz. Durch die Veranstaltung etablierter Branchen-Events und Fachtagungen f\u00f6rdert Electrosuisse den Wissenstransfer und den fachlichen Austausch. Im Mittelpunkt unserer T\u00e4tigkeiten steht die F\u00f6rderung der sicheren, wirtschaftlichen und umweltgerechten Anwendung der Elektrotechnik.\"},{\"@type\":\"Person\",\"@id\":\"https:\/\/www.electrosuisse.ch\/de\/#\/schema\/person\/8770e16f2c82936b086c9d1c1c004c08\",\"name\":\"Nalini Schempp\",\"image\":{\"@type\":\"ImageObject\",\"inLanguage\":\"de\",\"@id\":\"https:\/\/www.electrosuisse.ch\/de\/#\/schema\/person\/image\/\",\"url\":\"https:\/\/secure.gravatar.com\/avatar\/f2e8b75d6e8fb1fd661220d625f7823d02404773b42d5decd9a0b3dd5a2a1fe6?s=96&d=mm&r=g\",\"contentUrl\":\"https:\/\/secure.gravatar.com\/avatar\/f2e8b75d6e8fb1fd661220d625f7823d02404773b42d5decd9a0b3dd5a2a1fe6?s=96&d=mm&r=g\",\"caption\":\"Nalini Schempp\"}}]}<\/script>\n<!-- \/ Yoast SEO Premium plugin. -->","yoast_head_json":{"title":"Energietechnik in Graz: Speicher und Mobilit\u00e4t - Electrosuisse","robots":{"index":"index","follow":"follow","max-snippet":"max-snippet:-1","max-image-preview":"max-image-preview:large","max-video-preview":"max-video-preview:-1"},"canonical":"https:\/\/www.electrosuisse.ch\/de\/energietechnik-in-graz-speicher-und-mobilitaet\/","og_locale":"de_DE","og_type":"article","og_title":"Energietechnik in Graz: Speicher und Mobilit\u00e4t - Electrosuisse","og_description":"[vc_row][vc_column][vc_column_text]Die Sorge um eine m\u00f6gliche Strom-Mangellage im kommenden Winter ist in Europa allgegenw\u00e4rtig. Aber deswegen den Kopf in den Sand stecken ist sp\u00fcrbar nicht im Trend: Auch in unserem \u00f6stlichen Nachbarland wird f\u00fcr verschiedene m\u00f6gliche Szenarien fleissig gerechnet und quantifiziert. Ab und zu erh\u00e4lt die Schweiz dabei einen anerkennenden Seitenblick auf unsere OSTRAL, die vom [&hellip;]","og_url":"https:\/\/www.electrosuisse.ch\/de\/energietechnik-in-graz-speicher-und-mobilitaet\/","og_site_name":"Electrosuisse","article_published_time":"2022-10-27T09:29:07+00:00","article_modified_time":"2022-11-25T11:54:54+00:00","og_image":[{"url":"https:\/\/www.electrosuisse.ch\/wp-content\/uploads\/2022\/10\/OVE-Tagung_1660x470.jpg","type":"","width":"","height":""}],"author":"Nalini Schempp","schema":{"@context":"https:\/\/schema.org","@graph":[{"@type":"Article","@id":"https:\/\/www.electrosuisse.ch\/de\/energietechnik-in-graz-speicher-und-mobilitaet\/#article","isPartOf":{"@id":"https:\/\/www.electrosuisse.ch\/de\/energietechnik-in-graz-speicher-und-mobilitaet\/"},"author":{"name":"Nalini Schempp","@id":"https:\/\/www.electrosuisse.ch\/de\/#\/schema\/person\/8770e16f2c82936b086c9d1c1c004c08"},"headline":"Energietechnik in Graz: Speicher und Mobilit\u00e4t","datePublished":"2022-10-27T09:29:07+00:00","dateModified":"2022-11-25T11:54:54+00:00","mainEntityOfPage":{"@id":"https:\/\/www.electrosuisse.ch\/de\/energietechnik-in-graz-speicher-und-mobilitaet\/"},"wordCount":794,"publisher":{"@id":"https:\/\/www.electrosuisse.ch\/de\/#organization"},"image":{"@id":"https:\/\/www.electrosuisse.ch\/de\/energietechnik-in-graz-speicher-und-mobilitaet\/#primaryimage"},"thumbnailUrl":"https:\/\/www.electrosuisse.ch\/wp-content\/uploads\/2022\/10\/IMG_6966__KariKAPSCH-OVEpresident-576x768.jpg","keywords":["Energieversorgung"],"articleSection":["Unkategorisiert"],"inLanguage":"de"},{"@type":"WebPage","@id":"https:\/\/www.electrosuisse.ch\/de\/energietechnik-in-graz-speicher-und-mobilitaet\/","url":"https:\/\/www.electrosuisse.ch\/de\/energietechnik-in-graz-speicher-und-mobilitaet\/","name":"Energietechnik in Graz: Speicher und Mobilit\u00e4t - Electrosuisse","isPartOf":{"@id":"https:\/\/www.electrosuisse.ch\/de\/#website"},"primaryImageOfPage":{"@id":"https:\/\/www.electrosuisse.ch\/de\/energietechnik-in-graz-speicher-und-mobilitaet\/#primaryimage"},"image":{"@id":"https:\/\/www.electrosuisse.ch\/de\/energietechnik-in-graz-speicher-und-mobilitaet\/#primaryimage"},"thumbnailUrl":"https:\/\/www.electrosuisse.ch\/wp-content\/uploads\/2022\/10\/IMG_6966__KariKAPSCH-OVEpresident-576x768.jpg","datePublished":"2022-10-27T09:29:07+00:00","dateModified":"2022-11-25T11:54:54+00:00","inLanguage":"de","potentialAction":[{"@type":"ReadAction","target":["https:\/\/www.electrosuisse.ch\/de\/energietechnik-in-graz-speicher-und-mobilitaet\/"]}]},{"@type":"ImageObject","inLanguage":"de","@id":"https:\/\/www.electrosuisse.ch\/de\/energietechnik-in-graz-speicher-und-mobilitaet\/#primaryimage","url":"https:\/\/www.electrosuisse.ch\/wp-content\/uploads\/2022\/10\/IMG_6966__KariKAPSCH-OVEpresident-576x768.jpg","contentUrl":"https:\/\/www.electrosuisse.ch\/wp-content\/uploads\/2022\/10\/IMG_6966__KariKAPSCH-OVEpresident-576x768.jpg"},{"@type":"WebSite","@id":"https:\/\/www.electrosuisse.ch\/de\/#website","url":"https:\/\/www.electrosuisse.ch\/de\/","name":"Electrosuisse","description":"","publisher":{"@id":"https:\/\/www.electrosuisse.ch\/de\/#organization"},"potentialAction":[{"@type":"SearchAction","target":{"@type":"EntryPoint","urlTemplate":"https:\/\/www.electrosuisse.ch\/de\/?s={search_term_string}"},"query-input":{"@type":"PropertyValueSpecification","valueRequired":true,"valueName":"search_term_string"}}],"inLanguage":"de"},{"@type":"Organization","@id":"https:\/\/www.electrosuisse.ch\/de\/#organization","name":"Electrosuisse","url":"https:\/\/www.electrosuisse.ch\/de\/","logo":{"@type":"ImageObject","inLanguage":"de","@id":"https:\/\/www.electrosuisse.ch\/de\/#\/schema\/logo\/image\/","url":"https:\/\/www.electrosuisse.ch\/wp-content\/uploads\/2025\/04\/Electrosuisse_Logo_696x696.png","contentUrl":"https:\/\/www.electrosuisse.ch\/wp-content\/uploads\/2025\/04\/Electrosuisse_Logo_696x696.png","width":696,"height":696,"caption":"Electrosuisse"},"image":{"@id":"https:\/\/www.electrosuisse.ch\/de\/#\/schema\/logo\/image\/"},"sameAs":["https:\/\/www.linkedin.com\/company\/electrosuisse-ag\/posts\/?feedView=all","https:\/\/www.instagram.com\/electrosuisse1889\/","https:\/\/www.youtube.com\/channel\/UCoOxohMiVE0Gjcdis1L09zw"],"description":"Electrosuisse ist eine anerkannte und unabh\u00e4ngige Fachorganisation, die erstklassige Dienstleistungen und Produkte in den Bereichen Inspektion, Beratung, Pr\u00fcfung, Zertifizierung, Normung und Weiterbildung anbietet. Unsere Expertise umfasst Elektrotechnik, Elektromobilit\u00e4t, Energieberatung, Geb\u00e4udeautomation und Photovoltaik in der Schweiz. Durch die Veranstaltung etablierter Branchen-Events und Fachtagungen f\u00f6rdert Electrosuisse den Wissenstransfer und den fachlichen Austausch. Im Mittelpunkt unserer T\u00e4tigkeiten steht die F\u00f6rderung der sicheren, wirtschaftlichen und umweltgerechten Anwendung der Elektrotechnik."},{"@type":"Person","@id":"https:\/\/www.electrosuisse.ch\/de\/#\/schema\/person\/8770e16f2c82936b086c9d1c1c004c08","name":"Nalini Schempp","image":{"@type":"ImageObject","inLanguage":"de","@id":"https:\/\/www.electrosuisse.ch\/de\/#\/schema\/person\/image\/","url":"https:\/\/secure.gravatar.com\/avatar\/f2e8b75d6e8fb1fd661220d625f7823d02404773b42d5decd9a0b3dd5a2a1fe6?s=96&d=mm&r=g","contentUrl":"https:\/\/secure.gravatar.com\/avatar\/f2e8b75d6e8fb1fd661220d625f7823d02404773b42d5decd9a0b3dd5a2a1fe6?s=96&d=mm&r=g","caption":"Nalini Schempp"}}]}},"amp_enabled":true,"_links":{"self":[{"href":"https:\/\/www.electrosuisse.ch\/de\/wp-json\/wp\/v2\/posts\/24486","targetHints":{"allow":["GET"]}}],"collection":[{"href":"https:\/\/www.electrosuisse.ch\/de\/wp-json\/wp\/v2\/posts"}],"about":[{"href":"https:\/\/www.electrosuisse.ch\/de\/wp-json\/wp\/v2\/types\/post"}],"author":[{"embeddable":true,"href":"https:\/\/www.electrosuisse.ch\/de\/wp-json\/wp\/v2\/users\/20"}],"replies":[{"embeddable":true,"href":"https:\/\/www.electrosuisse.ch\/de\/wp-json\/wp\/v2\/comments?post=24486"}],"version-history":[{"count":0,"href":"https:\/\/www.electrosuisse.ch\/de\/wp-json\/wp\/v2\/posts\/24486\/revisions"}],"wp:attachment":[{"href":"https:\/\/www.electrosuisse.ch\/de\/wp-json\/wp\/v2\/media?parent=24486"}],"wp:term":[{"taxonomy":"category","embeddable":true,"href":"https:\/\/www.electrosuisse.ch\/de\/wp-json\/wp\/v2\/categories?post=24486"},{"taxonomy":"post_tag","embeddable":true,"href":"https:\/\/www.electrosuisse.ch\/de\/wp-json\/wp\/v2\/tags?post=24486"}],"curies":[{"name":"wp","href":"https:\/\/api.w.org\/{rel}","templated":true}]}}