{"id":23978,"date":"2022-09-20T16:56:35","date_gmt":"2022-09-20T14:56:35","guid":{"rendered":"https:\/\/www.electrosuisse.ch\/?p=23978"},"modified":"2022-11-25T12:57:22","modified_gmt":"2022-11-25T11:57:22","slug":"vielseitigster-ladepark-der-schweiz-eingeweiht","status":"publish","type":"post","link":"https:\/\/www.electrosuisse.ch\/de\/vielseitigster-ladepark-der-schweiz-eingeweiht\/","title":{"rendered":"Vielseitigster Ladepark der Schweiz eingeweiht"},"content":{"rendered":"<div class=\"wpb-content-wrapper\"><p>[vc_row][vc_column][vc_column_text]Gesch\u00e4ftsf\u00fchrer Markus Burger begr\u00fcsste die Vertreter der Beh\u00f6rden, Pressevertreter und G\u00e4ste zur Einweihung des neuen e-mobile Ladeparks. Er stellte Electrosuisse sowie seine Fachgesellschaft e-mobile vor und dankte den Partnern f\u00fcr ihre Unterst\u00fctzung. Anschliessend \u00fcbergab er das Wort dem Projektleiter des Ladeparks und Leiter von e-mobile, Claudio Pfister.<\/p>\n<p>Claudio Pfister berichtete von der Entstehung des Ladeparks und erw\u00e4hnte zur allgemeinen Belustigung die \u00fcberraschenden ersten Besucher: Flederm\u00e4use, angezogen durch die Beleuchtung mit zu empfindlich eingestellten Sensoren, hatten das Dach des Ladeparks besiedelt. Das sei ein gutes Beispiel daf\u00fcr, dass man beim Machen lerne, so Pfister. Das sei auch das Konzept des Ladeparks. Dieser sei eine Lernplattform, zum einen f\u00fcr die Electrosuisse, aber auch f\u00fcr die Benutzer und Partner.<\/p>\n<p>Der Ladepark vereint unter einem Solarcarport 22 Wallboxen verschiedener Hersteller sowie eine bidirek\u00adtionale DC-Ladestation. Die Solaranlage, der Netzanschluss und die Ladestationen werden von nicht weniger als zehn\u00a0verschiedenen Lastmanagementsystemen orchestriert. Diese Auslegeordnung der Ladeinfra\u00adstruktur entstand in Zusammenarbeit mit \u00fcber zwanzig Partnerunternehmen aus der Branche. Electrosuisse realisierte den Ladepark unter einem Solarcarport, da das Laden von Elektrofahrzeugen mit lokal produzierter Elektrizit\u00e4t aus \u00f6konomischer und aus \u00f6kologischer Sicht eine ausgesprochen nachhaltige und versorgungstechnisch kluge L\u00f6sung ist.<\/p>\n<p>Nach der technischen Einf\u00fchrung durchschnitten Markus Burger und Claudio Pfister feierlich das Band, um den Ladepark offiziell zu er\u00f6ffnen. Im Vorf\u00fchrungssaal hielt Christian Ochsenbein anschliessend ein Impulsreferat \u00fcber seine Erdumsegelung mit einem Katamaran, der ebenfalls mit Solarenergie gespeist wurde. Ochsenbein wies eindringlich auf die Notwendigkeit der Dekarbonisierung und Reduktion hin.<\/p>\n<p>Nach dem Referat hatten die G\u00e4ste die Gelegenheit, sich bei einem Aperitif zu vernetzen und den Nachmittag ausklingen zu lassen.<\/p>\n<p>Sie m\u00f6chten den vielseitigsten Ladepark der Schweiz genauer kennenlernen, eine F\u00fchrung erhalten oder einen Kurs besuchen? <strong><a href=\"https:\/\/www.e-mobile.ch\/de\/ladepark\/einweihung\" target=\"_blank\" rel=\"noopener\">Kontaktieren Sie uns<\/a>!<\/strong><\/p>\n<p>Lesen Sie auch das <strong><a href=\"https:\/\/www.bulletin.ch\/de\/news-detail\/der-vielseitigste-ladepark-der-schweiz.html\" target=\"_blank\" rel=\"noopener\">Interview mit Claudio Pfister<\/a><\/strong>, unserem Leiter der Fachgesellschaft e-mobile.[\/vc_column_text][\/vc_column][\/vc_row]<\/p>\n<\/div>","protected":false},"excerpt":{"rendered":"<p>[vc_row][vc_column][vc_column_text]Gesch\u00e4ftsf\u00fchrer Markus Burger begr\u00fcsste die Vertreter der Beh\u00f6rden, Pressevertreter und G\u00e4ste zur Einweihung des neuen e-mobile Ladeparks. Er stellte Electrosuisse sowie seine Fachgesellschaft e-mobile vor und dankte den Partnern f\u00fcr ihre Unterst\u00fctzung. Anschliessend \u00fcbergab er das Wort dem Projektleiter des Ladeparks und Leiter von e-mobile, Claudio Pfister. Claudio Pfister berichtete von der Entstehung des Ladeparks [&hellip;]<\/p>\n","protected":false},"author":6,"featured_media":0,"comment_status":"closed","ping_status":"closed","sticky":false,"template":"","format":"standard","meta":{"_acf_changed":false,"_monsterinsights_skip_tracking":false,"_monsterinsights_sitenote_active":false,"_monsterinsights_sitenote_note":"","_monsterinsights_sitenote_category":0,"footnotes":""},"categories":[1],"tags":[238],"class_list":["post-23978","post","type-post","status-publish","format-standard","hentry","category-unkategorisiert","tag-mobilitaet"],"acf":[],"yoast_head":"<!-- This site is optimized with the Yoast SEO Premium plugin v26.4 (Yoast SEO v27.0) - https:\/\/yoast.com\/product\/yoast-seo-premium-wordpress\/ -->\n<title>Vielseitigster Ladepark der Schweiz eingeweiht - Electrosuisse<\/title>\n<meta name=\"description\" content=\"Electrosuisse weihte am Donnerstag, 15. September 2022 in Fehraltorf an seinem Hauptsitz den e-mobile Ladepark ein.\" \/>\n<meta name=\"robots\" content=\"index, follow, max-snippet:-1, max-image-preview:large, max-video-preview:-1\" \/>\n<link rel=\"canonical\" href=\"https:\/\/www.electrosuisse.ch\/de\/vielseitigster-ladepark-der-schweiz-eingeweiht\/\" \/>\n<meta property=\"og:locale\" content=\"de_DE\" \/>\n<meta property=\"og:type\" content=\"article\" \/>\n<meta property=\"og:title\" content=\"Vielseitigster Ladepark der Schweiz eingeweiht - Electrosuisse\" \/>\n<meta property=\"og:description\" content=\"Electrosuisse weihte am Donnerstag, 15. September 2022 in Fehraltorf an seinem Hauptsitz den e-mobile Ladepark ein.\" \/>\n<meta property=\"og:url\" content=\"https:\/\/www.electrosuisse.ch\/de\/vielseitigster-ladepark-der-schweiz-eingeweiht\/\" \/>\n<meta property=\"og:site_name\" content=\"Electrosuisse\" \/>\n<meta property=\"article:published_time\" content=\"2022-09-20T14:56:35+00:00\" \/>\n<meta property=\"article:modified_time\" content=\"2022-11-25T11:57:22+00:00\" \/>\n<meta property=\"og:image\" content=\"https:\/\/www.electrosuisse.ch\/wp-content\/uploads\/2022\/09\/ES-Ladepark-Eroeffnung_DSC6103_1660x470px.jpg\" \/>\n\t<meta property=\"og:image:width\" content=\"1200\" \/>\n\t<meta property=\"og:image:height\" content=\"675\" \/>\n\t<meta property=\"og:image:type\" content=\"image\/png\" \/>\n<meta name=\"author\" content=\"Anita Serafini\" \/>\n<script type=\"application\/ld+json\" class=\"yoast-schema-graph\">{\"@context\":\"https:\/\/schema.org\",\"@graph\":[{\"@type\":\"Article\",\"@id\":\"https:\/\/www.electrosuisse.ch\/de\/vielseitigster-ladepark-der-schweiz-eingeweiht\/#article\",\"isPartOf\":{\"@id\":\"https:\/\/www.electrosuisse.ch\/de\/vielseitigster-ladepark-der-schweiz-eingeweiht\/\"},\"author\":{\"name\":\"Anita Serafini\",\"@id\":\"https:\/\/www.electrosuisse.ch\/de\/#\/schema\/person\/0ef69aac34185528f3a6d17888410caf\"},\"headline\":\"Vielseitigster Ladepark der Schweiz eingeweiht\",\"datePublished\":\"2022-09-20T14:56:35+00:00\",\"dateModified\":\"2022-11-25T11:57:22+00:00\",\"mainEntityOfPage\":{\"@id\":\"https:\/\/www.electrosuisse.ch\/de\/vielseitigster-ladepark-der-schweiz-eingeweiht\/\"},\"wordCount\":332,\"publisher\":{\"@id\":\"https:\/\/www.electrosuisse.ch\/de\/#organization\"},\"keywords\":[\"Mobilit\u00e4t\"],\"articleSection\":[\"Unkategorisiert\"],\"inLanguage\":\"de\"},{\"@type\":\"WebPage\",\"@id\":\"https:\/\/www.electrosuisse.ch\/de\/vielseitigster-ladepark-der-schweiz-eingeweiht\/\",\"url\":\"https:\/\/www.electrosuisse.ch\/de\/vielseitigster-ladepark-der-schweiz-eingeweiht\/\",\"name\":\"Vielseitigster Ladepark der Schweiz eingeweiht - Electrosuisse\",\"isPartOf\":{\"@id\":\"https:\/\/www.electrosuisse.ch\/de\/#website\"},\"datePublished\":\"2022-09-20T14:56:35+00:00\",\"dateModified\":\"2022-11-25T11:57:22+00:00\",\"description\":\"Electrosuisse weihte am Donnerstag, 15. September 2022 in Fehraltorf an seinem Hauptsitz den e-mobile Ladepark ein.\",\"inLanguage\":\"de\",\"potentialAction\":[{\"@type\":\"ReadAction\",\"target\":[\"https:\/\/www.electrosuisse.ch\/de\/vielseitigster-ladepark-der-schweiz-eingeweiht\/\"]}]},{\"@type\":\"WebSite\",\"@id\":\"https:\/\/www.electrosuisse.ch\/de\/#website\",\"url\":\"https:\/\/www.electrosuisse.ch\/de\/\",\"name\":\"Electrosuisse\",\"description\":\"\",\"publisher\":{\"@id\":\"https:\/\/www.electrosuisse.ch\/de\/#organization\"},\"potentialAction\":[{\"@type\":\"SearchAction\",\"target\":{\"@type\":\"EntryPoint\",\"urlTemplate\":\"https:\/\/www.electrosuisse.ch\/de\/?s={search_term_string}\"},\"query-input\":{\"@type\":\"PropertyValueSpecification\",\"valueRequired\":true,\"valueName\":\"search_term_string\"}}],\"inLanguage\":\"de\"},{\"@type\":\"Organization\",\"@id\":\"https:\/\/www.electrosuisse.ch\/de\/#organization\",\"name\":\"Electrosuisse\",\"url\":\"https:\/\/www.electrosuisse.ch\/de\/\",\"logo\":{\"@type\":\"ImageObject\",\"inLanguage\":\"de\",\"@id\":\"https:\/\/www.electrosuisse.ch\/de\/#\/schema\/logo\/image\/\",\"url\":\"https:\/\/www.electrosuisse.ch\/wp-content\/uploads\/2025\/04\/Electrosuisse_Logo_696x696.png\",\"contentUrl\":\"https:\/\/www.electrosuisse.ch\/wp-content\/uploads\/2025\/04\/Electrosuisse_Logo_696x696.png\",\"width\":696,\"height\":696,\"caption\":\"Electrosuisse\"},\"image\":{\"@id\":\"https:\/\/www.electrosuisse.ch\/de\/#\/schema\/logo\/image\/\"},\"sameAs\":[\"https:\/\/www.linkedin.com\/company\/electrosuisse-ag\/posts\/?feedView=all\",\"https:\/\/www.instagram.com\/electrosuisse1889\/\",\"https:\/\/www.youtube.com\/channel\/UCoOxohMiVE0Gjcdis1L09zw\"],\"description\":\"Electrosuisse ist eine anerkannte und unabh\u00e4ngige Fachorganisation, die erstklassige Dienstleistungen und Produkte in den Bereichen Inspektion, Beratung, Pr\u00fcfung, Zertifizierung, Normung und Weiterbildung anbietet. Unsere Expertise umfasst Elektrotechnik, Elektromobilit\u00e4t, Energieberatung, Geb\u00e4udeautomation und Photovoltaik in der Schweiz. Durch die Veranstaltung etablierter Branchen-Events und Fachtagungen f\u00f6rdert Electrosuisse den Wissenstransfer und den fachlichen Austausch. Im Mittelpunkt unserer T\u00e4tigkeiten steht die F\u00f6rderung der sicheren, wirtschaftlichen und umweltgerechten Anwendung der Elektrotechnik.\"},{\"@type\":\"Person\",\"@id\":\"https:\/\/www.electrosuisse.ch\/de\/#\/schema\/person\/0ef69aac34185528f3a6d17888410caf\",\"name\":\"Anita Serafini\",\"image\":{\"@type\":\"ImageObject\",\"inLanguage\":\"de\",\"@id\":\"https:\/\/www.electrosuisse.ch\/de\/#\/schema\/person\/image\/\",\"url\":\"https:\/\/secure.gravatar.com\/avatar\/1b7b417c5e262b4d5423cd3f96595e0b5e8bacff15771d8b388b51c84ed55a54?s=96&d=mm&r=g\",\"contentUrl\":\"https:\/\/secure.gravatar.com\/avatar\/1b7b417c5e262b4d5423cd3f96595e0b5e8bacff15771d8b388b51c84ed55a54?s=96&d=mm&r=g\",\"caption\":\"Anita Serafini\"}}]}<\/script>\n<!-- \/ Yoast SEO Premium plugin. -->","yoast_head_json":{"title":"Vielseitigster Ladepark der Schweiz eingeweiht - Electrosuisse","description":"Electrosuisse weihte am Donnerstag, 15. September 2022 in Fehraltorf an seinem Hauptsitz den e-mobile Ladepark ein.","robots":{"index":"index","follow":"follow","max-snippet":"max-snippet:-1","max-image-preview":"max-image-preview:large","max-video-preview":"max-video-preview:-1"},"canonical":"https:\/\/www.electrosuisse.ch\/de\/vielseitigster-ladepark-der-schweiz-eingeweiht\/","og_locale":"de_DE","og_type":"article","og_title":"Vielseitigster Ladepark der Schweiz eingeweiht - Electrosuisse","og_description":"Electrosuisse weihte am Donnerstag, 15. September 2022 in Fehraltorf an seinem Hauptsitz den e-mobile Ladepark ein.","og_url":"https:\/\/www.electrosuisse.ch\/de\/vielseitigster-ladepark-der-schweiz-eingeweiht\/","og_site_name":"Electrosuisse","article_published_time":"2022-09-20T14:56:35+00:00","article_modified_time":"2022-11-25T11:57:22+00:00","og_image":[{"width":1200,"height":675,"url":"https:\/\/www.electrosuisse.ch\/wp-content\/uploads\/2022\/09\/ES-Ladepark-Eroeffnung_DSC6103_1660x470px.jpg","type":"image\/png"}],"author":"Anita Serafini","schema":{"@context":"https:\/\/schema.org","@graph":[{"@type":"Article","@id":"https:\/\/www.electrosuisse.ch\/de\/vielseitigster-ladepark-der-schweiz-eingeweiht\/#article","isPartOf":{"@id":"https:\/\/www.electrosuisse.ch\/de\/vielseitigster-ladepark-der-schweiz-eingeweiht\/"},"author":{"name":"Anita Serafini","@id":"https:\/\/www.electrosuisse.ch\/de\/#\/schema\/person\/0ef69aac34185528f3a6d17888410caf"},"headline":"Vielseitigster Ladepark der Schweiz eingeweiht","datePublished":"2022-09-20T14:56:35+00:00","dateModified":"2022-11-25T11:57:22+00:00","mainEntityOfPage":{"@id":"https:\/\/www.electrosuisse.ch\/de\/vielseitigster-ladepark-der-schweiz-eingeweiht\/"},"wordCount":332,"publisher":{"@id":"https:\/\/www.electrosuisse.ch\/de\/#organization"},"keywords":["Mobilit\u00e4t"],"articleSection":["Unkategorisiert"],"inLanguage":"de"},{"@type":"WebPage","@id":"https:\/\/www.electrosuisse.ch\/de\/vielseitigster-ladepark-der-schweiz-eingeweiht\/","url":"https:\/\/www.electrosuisse.ch\/de\/vielseitigster-ladepark-der-schweiz-eingeweiht\/","name":"Vielseitigster Ladepark der Schweiz eingeweiht - Electrosuisse","isPartOf":{"@id":"https:\/\/www.electrosuisse.ch\/de\/#website"},"datePublished":"2022-09-20T14:56:35+00:00","dateModified":"2022-11-25T11:57:22+00:00","description":"Electrosuisse weihte am Donnerstag, 15. September 2022 in Fehraltorf an seinem Hauptsitz den e-mobile Ladepark ein.","inLanguage":"de","potentialAction":[{"@type":"ReadAction","target":["https:\/\/www.electrosuisse.ch\/de\/vielseitigster-ladepark-der-schweiz-eingeweiht\/"]}]},{"@type":"WebSite","@id":"https:\/\/www.electrosuisse.ch\/de\/#website","url":"https:\/\/www.electrosuisse.ch\/de\/","name":"Electrosuisse","description":"","publisher":{"@id":"https:\/\/www.electrosuisse.ch\/de\/#organization"},"potentialAction":[{"@type":"SearchAction","target":{"@type":"EntryPoint","urlTemplate":"https:\/\/www.electrosuisse.ch\/de\/?s={search_term_string}"},"query-input":{"@type":"PropertyValueSpecification","valueRequired":true,"valueName":"search_term_string"}}],"inLanguage":"de"},{"@type":"Organization","@id":"https:\/\/www.electrosuisse.ch\/de\/#organization","name":"Electrosuisse","url":"https:\/\/www.electrosuisse.ch\/de\/","logo":{"@type":"ImageObject","inLanguage":"de","@id":"https:\/\/www.electrosuisse.ch\/de\/#\/schema\/logo\/image\/","url":"https:\/\/www.electrosuisse.ch\/wp-content\/uploads\/2025\/04\/Electrosuisse_Logo_696x696.png","contentUrl":"https:\/\/www.electrosuisse.ch\/wp-content\/uploads\/2025\/04\/Electrosuisse_Logo_696x696.png","width":696,"height":696,"caption":"Electrosuisse"},"image":{"@id":"https:\/\/www.electrosuisse.ch\/de\/#\/schema\/logo\/image\/"},"sameAs":["https:\/\/www.linkedin.com\/company\/electrosuisse-ag\/posts\/?feedView=all","https:\/\/www.instagram.com\/electrosuisse1889\/","https:\/\/www.youtube.com\/channel\/UCoOxohMiVE0Gjcdis1L09zw"],"description":"Electrosuisse ist eine anerkannte und unabh\u00e4ngige Fachorganisation, die erstklassige Dienstleistungen und Produkte in den Bereichen Inspektion, Beratung, Pr\u00fcfung, Zertifizierung, Normung und Weiterbildung anbietet. Unsere Expertise umfasst Elektrotechnik, Elektromobilit\u00e4t, Energieberatung, Geb\u00e4udeautomation und Photovoltaik in der Schweiz. Durch die Veranstaltung etablierter Branchen-Events und Fachtagungen f\u00f6rdert Electrosuisse den Wissenstransfer und den fachlichen Austausch. Im Mittelpunkt unserer T\u00e4tigkeiten steht die F\u00f6rderung der sicheren, wirtschaftlichen und umweltgerechten Anwendung der Elektrotechnik."},{"@type":"Person","@id":"https:\/\/www.electrosuisse.ch\/de\/#\/schema\/person\/0ef69aac34185528f3a6d17888410caf","name":"Anita Serafini","image":{"@type":"ImageObject","inLanguage":"de","@id":"https:\/\/www.electrosuisse.ch\/de\/#\/schema\/person\/image\/","url":"https:\/\/secure.gravatar.com\/avatar\/1b7b417c5e262b4d5423cd3f96595e0b5e8bacff15771d8b388b51c84ed55a54?s=96&d=mm&r=g","contentUrl":"https:\/\/secure.gravatar.com\/avatar\/1b7b417c5e262b4d5423cd3f96595e0b5e8bacff15771d8b388b51c84ed55a54?s=96&d=mm&r=g","caption":"Anita Serafini"}}]}},"amp_enabled":true,"_links":{"self":[{"href":"https:\/\/www.electrosuisse.ch\/de\/wp-json\/wp\/v2\/posts\/23978","targetHints":{"allow":["GET"]}}],"collection":[{"href":"https:\/\/www.electrosuisse.ch\/de\/wp-json\/wp\/v2\/posts"}],"about":[{"href":"https:\/\/www.electrosuisse.ch\/de\/wp-json\/wp\/v2\/types\/post"}],"author":[{"embeddable":true,"href":"https:\/\/www.electrosuisse.ch\/de\/wp-json\/wp\/v2\/users\/6"}],"replies":[{"embeddable":true,"href":"https:\/\/www.electrosuisse.ch\/de\/wp-json\/wp\/v2\/comments?post=23978"}],"version-history":[{"count":0,"href":"https:\/\/www.electrosuisse.ch\/de\/wp-json\/wp\/v2\/posts\/23978\/revisions"}],"wp:attachment":[{"href":"https:\/\/www.electrosuisse.ch\/de\/wp-json\/wp\/v2\/media?parent=23978"}],"wp:term":[{"taxonomy":"category","embeddable":true,"href":"https:\/\/www.electrosuisse.ch\/de\/wp-json\/wp\/v2\/categories?post=23978"},{"taxonomy":"post_tag","embeddable":true,"href":"https:\/\/www.electrosuisse.ch\/de\/wp-json\/wp\/v2\/tags?post=23978"}],"curies":[{"name":"wp","href":"https:\/\/api.w.org\/{rel}","templated":true}]}}