{"id":23119,"date":"2022-06-02T10:44:55","date_gmt":"2022-06-02T08:44:55","guid":{"rendered":"https:\/\/www.electrosuisse.ch\/?p=23119"},"modified":"2022-12-01T16:04:35","modified_gmt":"2022-12-01T15:04:35","slug":"fred-dem-klimaziel-naeherkommen","status":"publish","type":"post","link":"https:\/\/www.electrosuisse.ch\/de\/fred-dem-klimaziel-naeherkommen\/","title":{"rendered":"FRED: Dem Klimaziel n\u00e4herkommen"},"content":{"rendered":"<div class=\"wpb-content-wrapper\"><p>[vc_row][vc_column][vc_column_text]Neben den \u00fcbergreifenden Aspekten wie der Energiestrategie 2050 und den Normen waren die Lichtverschmutzung und das Energiesparen die Schl\u00fcsselthemen dieser Konferenz, die sich vor allem an Ingenieure, Planer und Elektroinstallateure richtete. An 23 St\u00e4nden konnten sich die Interessenten zudem ein Bild von aktuellen und zuk\u00fcnftigen Systemen und Produkten machen.<\/p>\n<p>Wie schon im letzten Jahr begr\u00fcsste Gr\u00e9gory Bartholdi, SLG, die G\u00e4ste und stellte die Referenten vor.<\/p>\n<p>Florian Stuker vom Eidgen\u00f6ssischen Institut f\u00fcr Metrologie Metas gab den Startschuss und betonte in seinem Vortrag die Wichtigkeit der Einhaltung der Energiestrategie 2050, die auf das Stromsparen und die Abkehr von der Kernenergie abzielt.<\/p>\n<p>Dann wurde die Konferenz in die beiden Sessions Beleuchtung und Haustechnik unterteilt: In der Session Beleuchtung stellten die Referenten innovative Technologien vor, die den Energieverbrauch senken k\u00f6nnen. Anschliessend wurden den Zuh\u00f6rern angewandte Beispiele aufgezeigt. In der Session Domotik wurde das Bewusstsein f\u00fcr die Bedeutung von Datenanalysen und die Entwicklung hin zu intelligenten Geb\u00e4uden gesch\u00e4rft.<\/p>\n<p>Zum Abschluss der Konferenz versammelten sich die Teilnehmer erneut f\u00fcr den Abschlussvortrag von Lo\u00efc Furci von der Universit\u00e4t Lausanne (UNIL), der dem Thema \u00abWie kann die Hausautomation helfen, die Ziele der 2000-Watt-Gesellschaft zu erreichen\u00bb gewidmet war. Die UNIL, die 2019 die Zertifizierung \u00ab2000-Watt-Areal in Transformation\u00bb erhalten hat, will die Ziele der Energiestrategie 2050 schon ab 2037 erreichen. Die geplanten Massnahmen reichen von der Projektsteuerung bis zur Sensibilisierung der Nutzer und umfassen verschiedene Projekte zur Energieoptimierung, wie etwa die Umstellung auf Low-Tech.<\/p>\n<p>Eine Konferenz, die wieder einmal eine gute Gelegenheit bot, sich unter Experten \u00fcber innovative Projekte auszutauschen. Der n\u00e4chste <a href=\"https:\/\/www.electrosuisse.ch\/\/de\/tagung\/fred\/\">FRED<\/a> wird am 7. Juni 2023 im Palais de Beaulieu in Lausanne stattfinden.<\/p>\n<p>Wer schon fr\u00fcher in die Thematik eintauchen m\u00f6chte, sei zum einen auf den Artikel im <a href=\"https:\/\/www.bulletin.ch\/fr\/news-detail\/se-rapprocher-de-lobjectif-climatique.html\" target=\"_blank\" rel=\"noopener\">Bulletin.ch<\/a> verwiesen, der einen \u00dcberblick \u00fcber alle Vortr\u00e4ge gibt. Zum anderen <strong>findet am 15. Juni 2022 in Basel das Forum <a href=\"https:\/\/www.smarthome-swisslighting.ch\/\" target=\"_blank\" rel=\"noopener\">\u00abSmart Home \/ Swiss Lighting \/ Tageslicht-Symposium\u00bb<\/a> statt,<\/strong> die drei Veranstaltungen und drei Sektoren unter einem Dach abdeckt. Besuchen Sie am 15. Juni 2022 das Congress Center in Basel, um an der gr\u00f6ssten Veranstaltung der Schweiz im Bereich Smart Home und Beleuchtung teilzunehmen!<\/p>\n<p><strong>Um die Zukunft geht es auch am 22. Juni in Aarau bei der Fachveranstaltung <a href=\"https:\/\/www.electrosuisse.ch\/de\/tagung\/energiezukunft\/\">\u00abEnergiezukunft\u00bb<\/a><\/strong>, die sich mit dem Wandel der Energiesysteme und der Fachkr\u00e4fte befasst. Die Veranstaltung richtet sich an Energieversorger, Energiedienstleister, Planer, Betriebselektriker, Architekten, Vertreter von Gemeinden und alle, die sich f\u00fcr die Zukunft unseres Planeten interessieren.[\/vc_column_text][\/vc_column][\/vc_row]<\/p>\n<\/div>","protected":false},"excerpt":{"rendered":"<p>[vc_row][vc_column][vc_column_text]Neben den \u00fcbergreifenden Aspekten wie der Energiestrategie 2050 und den Normen waren die Lichtverschmutzung und das Energiesparen die Schl\u00fcsselthemen dieser Konferenz, die sich vor allem an Ingenieure, Planer und Elektroinstallateure richtete. An 23 St\u00e4nden konnten sich die Interessenten zudem ein Bild von aktuellen und zuk\u00fcnftigen Systemen und Produkten machen. Wie schon im letzten Jahr begr\u00fcsste [&hellip;]<\/p>\n","protected":false},"author":6,"featured_media":0,"comment_status":"closed","ping_status":"closed","sticky":false,"template":"","format":"standard","meta":{"_acf_changed":false,"_monsterinsights_skip_tracking":false,"_monsterinsights_sitenote_active":false,"_monsterinsights_sitenote_note":"","_monsterinsights_sitenote_category":0,"footnotes":""},"categories":[1],"tags":[170],"class_list":["post-23119","post","type-post","status-publish","format-standard","hentry","category-unkategorisiert","tag-gebaeudetechnik"],"acf":[],"yoast_head":"<!-- This site is optimized with the Yoast SEO Premium plugin v26.4 (Yoast SEO v27.0) - https:\/\/yoast.com\/product\/yoast-seo-premium-wordpress\/ -->\n<title>FRED: Dem Klimaziel n\u00e4herkommen - Electrosuisse<\/title>\n<meta name=\"robots\" content=\"index, follow, max-snippet:-1, max-image-preview:large, max-video-preview:-1\" \/>\n<link rel=\"canonical\" href=\"https:\/\/www.electrosuisse.ch\/de\/fred-dem-klimaziel-naeherkommen\/\" \/>\n<meta property=\"og:locale\" content=\"de_DE\" \/>\n<meta property=\"og:type\" content=\"article\" \/>\n<meta property=\"og:title\" content=\"FRED: Dem Klimaziel n\u00e4herkommen - Electrosuisse\" \/>\n<meta property=\"og:description\" content=\"[vc_row][vc_column][vc_column_text]Neben den \u00fcbergreifenden Aspekten wie der Energiestrategie 2050 und den Normen waren die Lichtverschmutzung und das Energiesparen die Schl\u00fcsselthemen dieser Konferenz, die sich vor allem an Ingenieure, Planer und Elektroinstallateure richtete. An 23 St\u00e4nden konnten sich die Interessenten zudem ein Bild von aktuellen und zuk\u00fcnftigen Systemen und Produkten machen. Wie schon im letzten Jahr begr\u00fcsste [&hellip;]\" \/>\n<meta property=\"og:url\" content=\"https:\/\/www.electrosuisse.ch\/de\/fred-dem-klimaziel-naeherkommen\/\" \/>\n<meta property=\"og:site_name\" content=\"Electrosuisse\" \/>\n<meta property=\"article:published_time\" content=\"2022-06-02T08:44:55+00:00\" \/>\n<meta property=\"article:modified_time\" content=\"2022-12-01T15:04:35+00:00\" \/>\n<meta property=\"og:image\" content=\"https:\/\/www.electrosuisse.ch\/wp-content\/uploads\/2022\/06\/FRED_1660x470.jpg\" \/>\n\t<meta property=\"og:image:width\" content=\"1200\" \/>\n\t<meta property=\"og:image:height\" content=\"675\" \/>\n\t<meta property=\"og:image:type\" content=\"image\/png\" \/>\n<meta name=\"author\" content=\"Anita Serafini\" \/>\n<script type=\"application\/ld+json\" class=\"yoast-schema-graph\">{\"@context\":\"https:\/\/schema.org\",\"@graph\":[{\"@type\":\"Article\",\"@id\":\"https:\/\/www.electrosuisse.ch\/de\/fred-dem-klimaziel-naeherkommen\/#article\",\"isPartOf\":{\"@id\":\"https:\/\/www.electrosuisse.ch\/de\/fred-dem-klimaziel-naeherkommen\/\"},\"author\":{\"name\":\"Anita Serafini\",\"@id\":\"https:\/\/www.electrosuisse.ch\/de\/#\/schema\/person\/0ef69aac34185528f3a6d17888410caf\"},\"headline\":\"FRED: Dem Klimaziel n\u00e4herkommen\",\"datePublished\":\"2022-06-02T08:44:55+00:00\",\"dateModified\":\"2022-12-01T15:04:35+00:00\",\"mainEntityOfPage\":{\"@id\":\"https:\/\/www.electrosuisse.ch\/de\/fred-dem-klimaziel-naeherkommen\/\"},\"wordCount\":420,\"publisher\":{\"@id\":\"https:\/\/www.electrosuisse.ch\/de\/#organization\"},\"keywords\":[\"Gebaeudetechnik\"],\"articleSection\":[\"Unkategorisiert\"],\"inLanguage\":\"de\"},{\"@type\":\"WebPage\",\"@id\":\"https:\/\/www.electrosuisse.ch\/de\/fred-dem-klimaziel-naeherkommen\/\",\"url\":\"https:\/\/www.electrosuisse.ch\/de\/fred-dem-klimaziel-naeherkommen\/\",\"name\":\"FRED: Dem Klimaziel n\u00e4herkommen - Electrosuisse\",\"isPartOf\":{\"@id\":\"https:\/\/www.electrosuisse.ch\/de\/#website\"},\"datePublished\":\"2022-06-02T08:44:55+00:00\",\"dateModified\":\"2022-12-01T15:04:35+00:00\",\"inLanguage\":\"de\",\"potentialAction\":[{\"@type\":\"ReadAction\",\"target\":[\"https:\/\/www.electrosuisse.ch\/de\/fred-dem-klimaziel-naeherkommen\/\"]}]},{\"@type\":\"WebSite\",\"@id\":\"https:\/\/www.electrosuisse.ch\/de\/#website\",\"url\":\"https:\/\/www.electrosuisse.ch\/de\/\",\"name\":\"Electrosuisse\",\"description\":\"\",\"publisher\":{\"@id\":\"https:\/\/www.electrosuisse.ch\/de\/#organization\"},\"potentialAction\":[{\"@type\":\"SearchAction\",\"target\":{\"@type\":\"EntryPoint\",\"urlTemplate\":\"https:\/\/www.electrosuisse.ch\/de\/?s={search_term_string}\"},\"query-input\":{\"@type\":\"PropertyValueSpecification\",\"valueRequired\":true,\"valueName\":\"search_term_string\"}}],\"inLanguage\":\"de\"},{\"@type\":\"Organization\",\"@id\":\"https:\/\/www.electrosuisse.ch\/de\/#organization\",\"name\":\"Electrosuisse\",\"url\":\"https:\/\/www.electrosuisse.ch\/de\/\",\"logo\":{\"@type\":\"ImageObject\",\"inLanguage\":\"de\",\"@id\":\"https:\/\/www.electrosuisse.ch\/de\/#\/schema\/logo\/image\/\",\"url\":\"https:\/\/www.electrosuisse.ch\/wp-content\/uploads\/2025\/04\/Electrosuisse_Logo_696x696.png\",\"contentUrl\":\"https:\/\/www.electrosuisse.ch\/wp-content\/uploads\/2025\/04\/Electrosuisse_Logo_696x696.png\",\"width\":696,\"height\":696,\"caption\":\"Electrosuisse\"},\"image\":{\"@id\":\"https:\/\/www.electrosuisse.ch\/de\/#\/schema\/logo\/image\/\"},\"sameAs\":[\"https:\/\/www.linkedin.com\/company\/electrosuisse-ag\/posts\/?feedView=all\",\"https:\/\/www.instagram.com\/electrosuisse1889\/\",\"https:\/\/www.youtube.com\/channel\/UCoOxohMiVE0Gjcdis1L09zw\"],\"description\":\"Electrosuisse ist eine anerkannte und unabh\u00e4ngige Fachorganisation, die erstklassige Dienstleistungen und Produkte in den Bereichen Inspektion, Beratung, Pr\u00fcfung, Zertifizierung, Normung und Weiterbildung anbietet. Unsere Expertise umfasst Elektrotechnik, Elektromobilit\u00e4t, Energieberatung, Geb\u00e4udeautomation und Photovoltaik in der Schweiz. Durch die Veranstaltung etablierter Branchen-Events und Fachtagungen f\u00f6rdert Electrosuisse den Wissenstransfer und den fachlichen Austausch. Im Mittelpunkt unserer T\u00e4tigkeiten steht die F\u00f6rderung der sicheren, wirtschaftlichen und umweltgerechten Anwendung der Elektrotechnik.\"},{\"@type\":\"Person\",\"@id\":\"https:\/\/www.electrosuisse.ch\/de\/#\/schema\/person\/0ef69aac34185528f3a6d17888410caf\",\"name\":\"Anita Serafini\",\"image\":{\"@type\":\"ImageObject\",\"inLanguage\":\"de\",\"@id\":\"https:\/\/www.electrosuisse.ch\/de\/#\/schema\/person\/image\/\",\"url\":\"https:\/\/secure.gravatar.com\/avatar\/1b7b417c5e262b4d5423cd3f96595e0b5e8bacff15771d8b388b51c84ed55a54?s=96&d=mm&r=g\",\"contentUrl\":\"https:\/\/secure.gravatar.com\/avatar\/1b7b417c5e262b4d5423cd3f96595e0b5e8bacff15771d8b388b51c84ed55a54?s=96&d=mm&r=g\",\"caption\":\"Anita Serafini\"}}]}<\/script>\n<!-- \/ Yoast SEO Premium plugin. -->","yoast_head_json":{"title":"FRED: Dem Klimaziel n\u00e4herkommen - Electrosuisse","robots":{"index":"index","follow":"follow","max-snippet":"max-snippet:-1","max-image-preview":"max-image-preview:large","max-video-preview":"max-video-preview:-1"},"canonical":"https:\/\/www.electrosuisse.ch\/de\/fred-dem-klimaziel-naeherkommen\/","og_locale":"de_DE","og_type":"article","og_title":"FRED: Dem Klimaziel n\u00e4herkommen - Electrosuisse","og_description":"[vc_row][vc_column][vc_column_text]Neben den \u00fcbergreifenden Aspekten wie der Energiestrategie 2050 und den Normen waren die Lichtverschmutzung und das Energiesparen die Schl\u00fcsselthemen dieser Konferenz, die sich vor allem an Ingenieure, Planer und Elektroinstallateure richtete. An 23 St\u00e4nden konnten sich die Interessenten zudem ein Bild von aktuellen und zuk\u00fcnftigen Systemen und Produkten machen. Wie schon im letzten Jahr begr\u00fcsste [&hellip;]","og_url":"https:\/\/www.electrosuisse.ch\/de\/fred-dem-klimaziel-naeherkommen\/","og_site_name":"Electrosuisse","article_published_time":"2022-06-02T08:44:55+00:00","article_modified_time":"2022-12-01T15:04:35+00:00","og_image":[{"width":1200,"height":675,"url":"https:\/\/www.electrosuisse.ch\/wp-content\/uploads\/2022\/06\/FRED_1660x470.jpg","type":"image\/png"}],"author":"Anita Serafini","schema":{"@context":"https:\/\/schema.org","@graph":[{"@type":"Article","@id":"https:\/\/www.electrosuisse.ch\/de\/fred-dem-klimaziel-naeherkommen\/#article","isPartOf":{"@id":"https:\/\/www.electrosuisse.ch\/de\/fred-dem-klimaziel-naeherkommen\/"},"author":{"name":"Anita Serafini","@id":"https:\/\/www.electrosuisse.ch\/de\/#\/schema\/person\/0ef69aac34185528f3a6d17888410caf"},"headline":"FRED: Dem Klimaziel n\u00e4herkommen","datePublished":"2022-06-02T08:44:55+00:00","dateModified":"2022-12-01T15:04:35+00:00","mainEntityOfPage":{"@id":"https:\/\/www.electrosuisse.ch\/de\/fred-dem-klimaziel-naeherkommen\/"},"wordCount":420,"publisher":{"@id":"https:\/\/www.electrosuisse.ch\/de\/#organization"},"keywords":["Gebaeudetechnik"],"articleSection":["Unkategorisiert"],"inLanguage":"de"},{"@type":"WebPage","@id":"https:\/\/www.electrosuisse.ch\/de\/fred-dem-klimaziel-naeherkommen\/","url":"https:\/\/www.electrosuisse.ch\/de\/fred-dem-klimaziel-naeherkommen\/","name":"FRED: Dem Klimaziel n\u00e4herkommen - Electrosuisse","isPartOf":{"@id":"https:\/\/www.electrosuisse.ch\/de\/#website"},"datePublished":"2022-06-02T08:44:55+00:00","dateModified":"2022-12-01T15:04:35+00:00","inLanguage":"de","potentialAction":[{"@type":"ReadAction","target":["https:\/\/www.electrosuisse.ch\/de\/fred-dem-klimaziel-naeherkommen\/"]}]},{"@type":"WebSite","@id":"https:\/\/www.electrosuisse.ch\/de\/#website","url":"https:\/\/www.electrosuisse.ch\/de\/","name":"Electrosuisse","description":"","publisher":{"@id":"https:\/\/www.electrosuisse.ch\/de\/#organization"},"potentialAction":[{"@type":"SearchAction","target":{"@type":"EntryPoint","urlTemplate":"https:\/\/www.electrosuisse.ch\/de\/?s={search_term_string}"},"query-input":{"@type":"PropertyValueSpecification","valueRequired":true,"valueName":"search_term_string"}}],"inLanguage":"de"},{"@type":"Organization","@id":"https:\/\/www.electrosuisse.ch\/de\/#organization","name":"Electrosuisse","url":"https:\/\/www.electrosuisse.ch\/de\/","logo":{"@type":"ImageObject","inLanguage":"de","@id":"https:\/\/www.electrosuisse.ch\/de\/#\/schema\/logo\/image\/","url":"https:\/\/www.electrosuisse.ch\/wp-content\/uploads\/2025\/04\/Electrosuisse_Logo_696x696.png","contentUrl":"https:\/\/www.electrosuisse.ch\/wp-content\/uploads\/2025\/04\/Electrosuisse_Logo_696x696.png","width":696,"height":696,"caption":"Electrosuisse"},"image":{"@id":"https:\/\/www.electrosuisse.ch\/de\/#\/schema\/logo\/image\/"},"sameAs":["https:\/\/www.linkedin.com\/company\/electrosuisse-ag\/posts\/?feedView=all","https:\/\/www.instagram.com\/electrosuisse1889\/","https:\/\/www.youtube.com\/channel\/UCoOxohMiVE0Gjcdis1L09zw"],"description":"Electrosuisse ist eine anerkannte und unabh\u00e4ngige Fachorganisation, die erstklassige Dienstleistungen und Produkte in den Bereichen Inspektion, Beratung, Pr\u00fcfung, Zertifizierung, Normung und Weiterbildung anbietet. Unsere Expertise umfasst Elektrotechnik, Elektromobilit\u00e4t, Energieberatung, Geb\u00e4udeautomation und Photovoltaik in der Schweiz. Durch die Veranstaltung etablierter Branchen-Events und Fachtagungen f\u00f6rdert Electrosuisse den Wissenstransfer und den fachlichen Austausch. Im Mittelpunkt unserer T\u00e4tigkeiten steht die F\u00f6rderung der sicheren, wirtschaftlichen und umweltgerechten Anwendung der Elektrotechnik."},{"@type":"Person","@id":"https:\/\/www.electrosuisse.ch\/de\/#\/schema\/person\/0ef69aac34185528f3a6d17888410caf","name":"Anita Serafini","image":{"@type":"ImageObject","inLanguage":"de","@id":"https:\/\/www.electrosuisse.ch\/de\/#\/schema\/person\/image\/","url":"https:\/\/secure.gravatar.com\/avatar\/1b7b417c5e262b4d5423cd3f96595e0b5e8bacff15771d8b388b51c84ed55a54?s=96&d=mm&r=g","contentUrl":"https:\/\/secure.gravatar.com\/avatar\/1b7b417c5e262b4d5423cd3f96595e0b5e8bacff15771d8b388b51c84ed55a54?s=96&d=mm&r=g","caption":"Anita Serafini"}}]}},"amp_enabled":true,"_links":{"self":[{"href":"https:\/\/www.electrosuisse.ch\/de\/wp-json\/wp\/v2\/posts\/23119","targetHints":{"allow":["GET"]}}],"collection":[{"href":"https:\/\/www.electrosuisse.ch\/de\/wp-json\/wp\/v2\/posts"}],"about":[{"href":"https:\/\/www.electrosuisse.ch\/de\/wp-json\/wp\/v2\/types\/post"}],"author":[{"embeddable":true,"href":"https:\/\/www.electrosuisse.ch\/de\/wp-json\/wp\/v2\/users\/6"}],"replies":[{"embeddable":true,"href":"https:\/\/www.electrosuisse.ch\/de\/wp-json\/wp\/v2\/comments?post=23119"}],"version-history":[{"count":0,"href":"https:\/\/www.electrosuisse.ch\/de\/wp-json\/wp\/v2\/posts\/23119\/revisions"}],"wp:attachment":[{"href":"https:\/\/www.electrosuisse.ch\/de\/wp-json\/wp\/v2\/media?parent=23119"}],"wp:term":[{"taxonomy":"category","embeddable":true,"href":"https:\/\/www.electrosuisse.ch\/de\/wp-json\/wp\/v2\/categories?post=23119"},{"taxonomy":"post_tag","embeddable":true,"href":"https:\/\/www.electrosuisse.ch\/de\/wp-json\/wp\/v2\/tags?post=23119"}],"curies":[{"name":"wp","href":"https:\/\/api.w.org\/{rel}","templated":true}]}}