{"id":22503,"date":"2022-03-28T09:01:39","date_gmt":"2022-03-28T07:01:39","guid":{"rendered":"https:\/\/www.electrosuisse.ch\/?p=22503"},"modified":"2022-12-01T12:55:36","modified_gmt":"2022-12-01T11:55:36","slug":"netzimpuls-flexibilitaets-update-im-tagungsmodul-hslu","status":"publish","type":"post","link":"https:\/\/www.electrosuisse.ch\/de\/netzimpuls-flexibilitaets-update-im-tagungsmodul-hslu\/","title":{"rendered":"NetzImpuls: Flexibilit\u00e4ts-Update im Tagungsmodul HSLU"},"content":{"rendered":"<div class=\"wpb-content-wrapper\"><p>[vc_row][vc_column][vc_column_text]Am 23. M\u00e4rz 2022 fanden die NetzImpuls 2022 und das beliebte Networking Dinner am Vorabend endlich wieder im gewohnten Rahmen statt.<\/p>\n<p>Wie gewohnt f\u00fchrten Lukas K\u00fcng, Primeo Energie, und Christoph Imboden, HSLU, durch das hochkar\u00e4tige Programm.<\/p>\n<p>Christian Winzer, seit 2018 Dozent f\u00fcr Wirtschaft an der FHNW, kennt sich bestens aus mit dem Marktdesign f\u00fcr Stromm\u00e4rkte. Er stellte seine Resultate aus einer Simulation von Tarifmodellen f\u00fcr 300 Haushalte vor. Untersucht wurden verschiedene Lastkurven und Tarifszenarien mit dem Ziel, auf Effizienz, Effektivit\u00e4t, Profitabilit\u00e4t und Equalit\u00e4t zu achten. Letzteres bedeutet, dass alle Einkommensklassen oder Verbrauchergruppen profitieren k\u00f6nnen sollen. Je nach Tarifgestaltung wurden f\u00fcr tariflich inzentivierte Lastverschiebungen unerw\u00fcnschte neue Lastspitzen erzeugt oder eben die erw\u00fcnschte Gl\u00e4ttung. Die Tarife m\u00fcssen also proportional zur Netzlast gestaltet werden, um Rebound Effekte zu vermeiden. Daraus entstand eine interessante Diskussion zum eher tr\u00e4gen thermischen Lastverhalten von Kabelleitungen, welche in einigen Netzteilen vielleicht eher grossz\u00fcgig dimensioniert sind und st\u00e4rker ausgelastet werden k\u00f6nnten. Dabei ist aber auch zu beachten, dass genau diese Kabel bei Leitungsausf\u00e4llen Redundanzkapazit\u00e4t \u00fcbernehmen k\u00f6nnen m\u00fcssen, ohne die thermischen Limiten zu \u00fcberschreiten. Ein Dialog zwischen Netztechnologie und Marktmodellen bleibt also weiterhin sehr zentral, um Potentiale gekonnt auszureizen.<\/p>\n<p>Stefan Schori von der BFH tauchte anschliessend in die M\u00f6glichkeit der Spannungs- und Blindleistungsregelung ein und zeigte diese an einem Quartier-Beispiel, wo Anschlusspannungen reduziert werden k\u00f6nnen, aber gleichzeitig die Stromlast und damit auch die Verluste ansteigen. Auch hier muss der Spielraum optimal innerhalb sinnvoller Grenzen ausgereizt werden, um dem Ausbaubedarf von Infrastruktur entgegenzuwirken, wenn neue Quellen und Verbraucher angeschlossen werden und so das Lastbild ver\u00e4ndern.<\/p>\n<p>Turhan Demiray von der ETH Z\u00fcrich schliesslich zeigte uns umfassende Systemmodellierungen f\u00fcr digitalisierte und mit Flexibilit\u00e4t in der Dynamik kontrollierte Netze f\u00fcr die Energieversorgung 2050. Durch die Nutzung von Flexibilit\u00e4t auch im Verteilnetz k\u00f6nnen nicht nur dessen eigene Engp\u00e4sse gel\u00f6st werden, es gibt auch positive Effekte zur\u00fcck in das speisende \u00dcbertragungsnetz. Wenn sich also Verteil- und \u00dcbertragungsnetzbetreiber optimal abstimmen, braucht es insgesamt zum Vorteil beider weniger Redispatch. Wenn man diese qualitativen Effekte verstanden hat, wird auch schnell klar, warum unser nationaler \u00dcbertragungsnetzbetreiber Swissgrid stetig den Kontakt zu den Verteilnetzbetreibern sucht und die Zusammenarbeit \u00fcber digitale Interfaces intensivieren will: Verteilnetze k\u00f6nnen dem \u00dcbertragungsnetz wichtige Flexibilit\u00e4t bereitstellen. Diese zu kennen und zu nutzen lohnt sich f\u00fcr beide Partner.<\/p>\n<p>Die drei Beispiele zeigen, warum der Dialog zwischen Netztechnologie und Energiehandel so wichtig ist: Die zunehmende Lastdynamik kann nur \u00fcber eine moderne digitalisierte Kopplung der beiden wellten optimal abgefedert und tariflich zielf\u00fchrend inzentiviert werden. Dazu m\u00fcssen sich die beiden Welten gegenseitig verstehen und sich ihre Spielr\u00e4ume zur Verf\u00fcgung stellen k\u00f6nnen. Zun\u00e4chst konzeptionell und dann auch digital realtime im Alltag der Lastkurven. Die NetzImpuls hat sich diesem dualen Dialog verschrieben und wird am 22. M\u00e4rz 2023 erneut Erkenntnisse und Trends f\u00fcr und zwischen den Netz- und Energie-Experten aufzeigen.<\/p>\n<p>Ab 8. April, dem Erscheinungsdatum des Fachmagazins Bulletin f\u00fcr unsere Mitglieder, finden Sie in der <a href=\"https:\/\/www.bulletin.ch\/de\/news-detail\/netzimpuls-2022.html\" target=\"_blank\" rel=\"noopener\">R\u00fcckschau<\/a> auch Einblicke zum technischen Teil der Fachtagung 2022.[\/vc_column_text][\/vc_column][\/vc_row]<\/p>\n<\/div>","protected":false},"excerpt":{"rendered":"<p>[vc_row][vc_column][vc_column_text]Am 23. M\u00e4rz 2022 fanden die NetzImpuls 2022 und das beliebte Networking Dinner am Vorabend endlich wieder im gewohnten Rahmen statt. Wie gewohnt f\u00fchrten Lukas K\u00fcng, Primeo Energie, und Christoph Imboden, HSLU, durch das hochkar\u00e4tige Programm. Christian Winzer, seit 2018 Dozent f\u00fcr Wirtschaft an der FHNW, kennt sich bestens aus mit dem Marktdesign f\u00fcr Stromm\u00e4rkte. [&hellip;]<\/p>\n","protected":false},"author":6,"featured_media":0,"comment_status":"closed","ping_status":"closed","sticky":false,"template":"","format":"standard","meta":{"_acf_changed":false,"_monsterinsights_skip_tracking":false,"_monsterinsights_sitenote_active":false,"_monsterinsights_sitenote_note":"","_monsterinsights_sitenote_category":0,"footnotes":""},"categories":[1],"tags":[237],"class_list":["post-22503","post","type-post","status-publish","format-standard","hentry","category-unkategorisiert","tag-energieversorgung"],"acf":[],"yoast_head":"<!-- This site is optimized with the Yoast SEO Premium plugin v26.4 (Yoast SEO v27.0) - https:\/\/yoast.com\/product\/yoast-seo-premium-wordpress\/ -->\n<title>NetzImpuls: Flexibilit\u00e4ts-Update im Tagungsmodul HSLU - Electrosuisse<\/title>\n<meta name=\"robots\" content=\"index, follow, max-snippet:-1, max-image-preview:large, max-video-preview:-1\" \/>\n<link rel=\"canonical\" href=\"https:\/\/www.electrosuisse.ch\/de\/netzimpuls-flexibilitaets-update-im-tagungsmodul-hslu\/\" \/>\n<meta property=\"og:locale\" content=\"de_DE\" \/>\n<meta property=\"og:type\" content=\"article\" \/>\n<meta property=\"og:title\" content=\"NetzImpuls: Flexibilit\u00e4ts-Update im Tagungsmodul HSLU - Electrosuisse\" \/>\n<meta property=\"og:description\" content=\"[vc_row][vc_column][vc_column_text]Am 23. M\u00e4rz 2022 fanden die NetzImpuls 2022 und das beliebte Networking Dinner am Vorabend endlich wieder im gewohnten Rahmen statt. Wie gewohnt f\u00fchrten Lukas K\u00fcng, Primeo Energie, und Christoph Imboden, HSLU, durch das hochkar\u00e4tige Programm. Christian Winzer, seit 2018 Dozent f\u00fcr Wirtschaft an der FHNW, kennt sich bestens aus mit dem Marktdesign f\u00fcr Stromm\u00e4rkte. [&hellip;]\" \/>\n<meta property=\"og:url\" content=\"https:\/\/www.electrosuisse.ch\/de\/netzimpuls-flexibilitaets-update-im-tagungsmodul-hslu\/\" \/>\n<meta property=\"og:site_name\" content=\"Electrosuisse\" \/>\n<meta property=\"article:published_time\" content=\"2022-03-28T07:01:39+00:00\" \/>\n<meta property=\"article:modified_time\" content=\"2022-12-01T11:55:36+00:00\" \/>\n<meta property=\"og:image\" content=\"https:\/\/www.electrosuisse.ch\/wp-content\/uploads\/2022\/04\/NetzImpuls-News-1660x470-1.jpg\" \/>\n\t<meta property=\"og:image:width\" content=\"1200\" \/>\n\t<meta property=\"og:image:height\" content=\"675\" \/>\n\t<meta property=\"og:image:type\" content=\"image\/png\" \/>\n<meta name=\"author\" content=\"Anita Serafini\" \/>\n<script type=\"application\/ld+json\" class=\"yoast-schema-graph\">{\"@context\":\"https:\/\/schema.org\",\"@graph\":[{\"@type\":\"Article\",\"@id\":\"https:\/\/www.electrosuisse.ch\/de\/netzimpuls-flexibilitaets-update-im-tagungsmodul-hslu\/#article\",\"isPartOf\":{\"@id\":\"https:\/\/www.electrosuisse.ch\/de\/netzimpuls-flexibilitaets-update-im-tagungsmodul-hslu\/\"},\"author\":{\"name\":\"Anita Serafini\",\"@id\":\"https:\/\/www.electrosuisse.ch\/de\/#\/schema\/person\/0ef69aac34185528f3a6d17888410caf\"},\"headline\":\"NetzImpuls: Flexibilit\u00e4ts-Update im Tagungsmodul HSLU\",\"datePublished\":\"2022-03-28T07:01:39+00:00\",\"dateModified\":\"2022-12-01T11:55:36+00:00\",\"mainEntityOfPage\":{\"@id\":\"https:\/\/www.electrosuisse.ch\/de\/netzimpuls-flexibilitaets-update-im-tagungsmodul-hslu\/\"},\"wordCount\":541,\"publisher\":{\"@id\":\"https:\/\/www.electrosuisse.ch\/de\/#organization\"},\"keywords\":[\"Energieversorgung\"],\"articleSection\":[\"Unkategorisiert\"],\"inLanguage\":\"de\"},{\"@type\":\"WebPage\",\"@id\":\"https:\/\/www.electrosuisse.ch\/de\/netzimpuls-flexibilitaets-update-im-tagungsmodul-hslu\/\",\"url\":\"https:\/\/www.electrosuisse.ch\/de\/netzimpuls-flexibilitaets-update-im-tagungsmodul-hslu\/\",\"name\":\"NetzImpuls: Flexibilit\u00e4ts-Update im Tagungsmodul HSLU - Electrosuisse\",\"isPartOf\":{\"@id\":\"https:\/\/www.electrosuisse.ch\/de\/#website\"},\"datePublished\":\"2022-03-28T07:01:39+00:00\",\"dateModified\":\"2022-12-01T11:55:36+00:00\",\"inLanguage\":\"de\",\"potentialAction\":[{\"@type\":\"ReadAction\",\"target\":[\"https:\/\/www.electrosuisse.ch\/de\/netzimpuls-flexibilitaets-update-im-tagungsmodul-hslu\/\"]}]},{\"@type\":\"WebSite\",\"@id\":\"https:\/\/www.electrosuisse.ch\/de\/#website\",\"url\":\"https:\/\/www.electrosuisse.ch\/de\/\",\"name\":\"Electrosuisse\",\"description\":\"\",\"publisher\":{\"@id\":\"https:\/\/www.electrosuisse.ch\/de\/#organization\"},\"potentialAction\":[{\"@type\":\"SearchAction\",\"target\":{\"@type\":\"EntryPoint\",\"urlTemplate\":\"https:\/\/www.electrosuisse.ch\/de\/?s={search_term_string}\"},\"query-input\":{\"@type\":\"PropertyValueSpecification\",\"valueRequired\":true,\"valueName\":\"search_term_string\"}}],\"inLanguage\":\"de\"},{\"@type\":\"Organization\",\"@id\":\"https:\/\/www.electrosuisse.ch\/de\/#organization\",\"name\":\"Electrosuisse\",\"url\":\"https:\/\/www.electrosuisse.ch\/de\/\",\"logo\":{\"@type\":\"ImageObject\",\"inLanguage\":\"de\",\"@id\":\"https:\/\/www.electrosuisse.ch\/de\/#\/schema\/logo\/image\/\",\"url\":\"https:\/\/www.electrosuisse.ch\/wp-content\/uploads\/2025\/04\/Electrosuisse_Logo_696x696.png\",\"contentUrl\":\"https:\/\/www.electrosuisse.ch\/wp-content\/uploads\/2025\/04\/Electrosuisse_Logo_696x696.png\",\"width\":696,\"height\":696,\"caption\":\"Electrosuisse\"},\"image\":{\"@id\":\"https:\/\/www.electrosuisse.ch\/de\/#\/schema\/logo\/image\/\"},\"sameAs\":[\"https:\/\/www.linkedin.com\/company\/electrosuisse-ag\/posts\/?feedView=all\",\"https:\/\/www.instagram.com\/electrosuisse1889\/\",\"https:\/\/www.youtube.com\/channel\/UCoOxohMiVE0Gjcdis1L09zw\"],\"description\":\"Electrosuisse ist eine anerkannte und unabh\u00e4ngige Fachorganisation, die erstklassige Dienstleistungen und Produkte in den Bereichen Inspektion, Beratung, Pr\u00fcfung, Zertifizierung, Normung und Weiterbildung anbietet. Unsere Expertise umfasst Elektrotechnik, Elektromobilit\u00e4t, Energieberatung, Geb\u00e4udeautomation und Photovoltaik in der Schweiz. Durch die Veranstaltung etablierter Branchen-Events und Fachtagungen f\u00f6rdert Electrosuisse den Wissenstransfer und den fachlichen Austausch. Im Mittelpunkt unserer T\u00e4tigkeiten steht die F\u00f6rderung der sicheren, wirtschaftlichen und umweltgerechten Anwendung der Elektrotechnik.\"},{\"@type\":\"Person\",\"@id\":\"https:\/\/www.electrosuisse.ch\/de\/#\/schema\/person\/0ef69aac34185528f3a6d17888410caf\",\"name\":\"Anita Serafini\",\"image\":{\"@type\":\"ImageObject\",\"inLanguage\":\"de\",\"@id\":\"https:\/\/www.electrosuisse.ch\/de\/#\/schema\/person\/image\/\",\"url\":\"https:\/\/secure.gravatar.com\/avatar\/1b7b417c5e262b4d5423cd3f96595e0b5e8bacff15771d8b388b51c84ed55a54?s=96&d=mm&r=g\",\"contentUrl\":\"https:\/\/secure.gravatar.com\/avatar\/1b7b417c5e262b4d5423cd3f96595e0b5e8bacff15771d8b388b51c84ed55a54?s=96&d=mm&r=g\",\"caption\":\"Anita Serafini\"}}]}<\/script>\n<!-- \/ Yoast SEO Premium plugin. -->","yoast_head_json":{"title":"NetzImpuls: Flexibilit\u00e4ts-Update im Tagungsmodul HSLU - Electrosuisse","robots":{"index":"index","follow":"follow","max-snippet":"max-snippet:-1","max-image-preview":"max-image-preview:large","max-video-preview":"max-video-preview:-1"},"canonical":"https:\/\/www.electrosuisse.ch\/de\/netzimpuls-flexibilitaets-update-im-tagungsmodul-hslu\/","og_locale":"de_DE","og_type":"article","og_title":"NetzImpuls: Flexibilit\u00e4ts-Update im Tagungsmodul HSLU - Electrosuisse","og_description":"[vc_row][vc_column][vc_column_text]Am 23. M\u00e4rz 2022 fanden die NetzImpuls 2022 und das beliebte Networking Dinner am Vorabend endlich wieder im gewohnten Rahmen statt. Wie gewohnt f\u00fchrten Lukas K\u00fcng, Primeo Energie, und Christoph Imboden, HSLU, durch das hochkar\u00e4tige Programm. Christian Winzer, seit 2018 Dozent f\u00fcr Wirtschaft an der FHNW, kennt sich bestens aus mit dem Marktdesign f\u00fcr Stromm\u00e4rkte. [&hellip;]","og_url":"https:\/\/www.electrosuisse.ch\/de\/netzimpuls-flexibilitaets-update-im-tagungsmodul-hslu\/","og_site_name":"Electrosuisse","article_published_time":"2022-03-28T07:01:39+00:00","article_modified_time":"2022-12-01T11:55:36+00:00","og_image":[{"width":1200,"height":675,"url":"https:\/\/www.electrosuisse.ch\/wp-content\/uploads\/2022\/04\/NetzImpuls-News-1660x470-1.jpg","type":"image\/png"}],"author":"Anita Serafini","schema":{"@context":"https:\/\/schema.org","@graph":[{"@type":"Article","@id":"https:\/\/www.electrosuisse.ch\/de\/netzimpuls-flexibilitaets-update-im-tagungsmodul-hslu\/#article","isPartOf":{"@id":"https:\/\/www.electrosuisse.ch\/de\/netzimpuls-flexibilitaets-update-im-tagungsmodul-hslu\/"},"author":{"name":"Anita Serafini","@id":"https:\/\/www.electrosuisse.ch\/de\/#\/schema\/person\/0ef69aac34185528f3a6d17888410caf"},"headline":"NetzImpuls: Flexibilit\u00e4ts-Update im Tagungsmodul HSLU","datePublished":"2022-03-28T07:01:39+00:00","dateModified":"2022-12-01T11:55:36+00:00","mainEntityOfPage":{"@id":"https:\/\/www.electrosuisse.ch\/de\/netzimpuls-flexibilitaets-update-im-tagungsmodul-hslu\/"},"wordCount":541,"publisher":{"@id":"https:\/\/www.electrosuisse.ch\/de\/#organization"},"keywords":["Energieversorgung"],"articleSection":["Unkategorisiert"],"inLanguage":"de"},{"@type":"WebPage","@id":"https:\/\/www.electrosuisse.ch\/de\/netzimpuls-flexibilitaets-update-im-tagungsmodul-hslu\/","url":"https:\/\/www.electrosuisse.ch\/de\/netzimpuls-flexibilitaets-update-im-tagungsmodul-hslu\/","name":"NetzImpuls: Flexibilit\u00e4ts-Update im Tagungsmodul HSLU - Electrosuisse","isPartOf":{"@id":"https:\/\/www.electrosuisse.ch\/de\/#website"},"datePublished":"2022-03-28T07:01:39+00:00","dateModified":"2022-12-01T11:55:36+00:00","inLanguage":"de","potentialAction":[{"@type":"ReadAction","target":["https:\/\/www.electrosuisse.ch\/de\/netzimpuls-flexibilitaets-update-im-tagungsmodul-hslu\/"]}]},{"@type":"WebSite","@id":"https:\/\/www.electrosuisse.ch\/de\/#website","url":"https:\/\/www.electrosuisse.ch\/de\/","name":"Electrosuisse","description":"","publisher":{"@id":"https:\/\/www.electrosuisse.ch\/de\/#organization"},"potentialAction":[{"@type":"SearchAction","target":{"@type":"EntryPoint","urlTemplate":"https:\/\/www.electrosuisse.ch\/de\/?s={search_term_string}"},"query-input":{"@type":"PropertyValueSpecification","valueRequired":true,"valueName":"search_term_string"}}],"inLanguage":"de"},{"@type":"Organization","@id":"https:\/\/www.electrosuisse.ch\/de\/#organization","name":"Electrosuisse","url":"https:\/\/www.electrosuisse.ch\/de\/","logo":{"@type":"ImageObject","inLanguage":"de","@id":"https:\/\/www.electrosuisse.ch\/de\/#\/schema\/logo\/image\/","url":"https:\/\/www.electrosuisse.ch\/wp-content\/uploads\/2025\/04\/Electrosuisse_Logo_696x696.png","contentUrl":"https:\/\/www.electrosuisse.ch\/wp-content\/uploads\/2025\/04\/Electrosuisse_Logo_696x696.png","width":696,"height":696,"caption":"Electrosuisse"},"image":{"@id":"https:\/\/www.electrosuisse.ch\/de\/#\/schema\/logo\/image\/"},"sameAs":["https:\/\/www.linkedin.com\/company\/electrosuisse-ag\/posts\/?feedView=all","https:\/\/www.instagram.com\/electrosuisse1889\/","https:\/\/www.youtube.com\/channel\/UCoOxohMiVE0Gjcdis1L09zw"],"description":"Electrosuisse ist eine anerkannte und unabh\u00e4ngige Fachorganisation, die erstklassige Dienstleistungen und Produkte in den Bereichen Inspektion, Beratung, Pr\u00fcfung, Zertifizierung, Normung und Weiterbildung anbietet. Unsere Expertise umfasst Elektrotechnik, Elektromobilit\u00e4t, Energieberatung, Geb\u00e4udeautomation und Photovoltaik in der Schweiz. Durch die Veranstaltung etablierter Branchen-Events und Fachtagungen f\u00f6rdert Electrosuisse den Wissenstransfer und den fachlichen Austausch. Im Mittelpunkt unserer T\u00e4tigkeiten steht die F\u00f6rderung der sicheren, wirtschaftlichen und umweltgerechten Anwendung der Elektrotechnik."},{"@type":"Person","@id":"https:\/\/www.electrosuisse.ch\/de\/#\/schema\/person\/0ef69aac34185528f3a6d17888410caf","name":"Anita Serafini","image":{"@type":"ImageObject","inLanguage":"de","@id":"https:\/\/www.electrosuisse.ch\/de\/#\/schema\/person\/image\/","url":"https:\/\/secure.gravatar.com\/avatar\/1b7b417c5e262b4d5423cd3f96595e0b5e8bacff15771d8b388b51c84ed55a54?s=96&d=mm&r=g","contentUrl":"https:\/\/secure.gravatar.com\/avatar\/1b7b417c5e262b4d5423cd3f96595e0b5e8bacff15771d8b388b51c84ed55a54?s=96&d=mm&r=g","caption":"Anita Serafini"}}]}},"amp_enabled":true,"_links":{"self":[{"href":"https:\/\/www.electrosuisse.ch\/de\/wp-json\/wp\/v2\/posts\/22503","targetHints":{"allow":["GET"]}}],"collection":[{"href":"https:\/\/www.electrosuisse.ch\/de\/wp-json\/wp\/v2\/posts"}],"about":[{"href":"https:\/\/www.electrosuisse.ch\/de\/wp-json\/wp\/v2\/types\/post"}],"author":[{"embeddable":true,"href":"https:\/\/www.electrosuisse.ch\/de\/wp-json\/wp\/v2\/users\/6"}],"replies":[{"embeddable":true,"href":"https:\/\/www.electrosuisse.ch\/de\/wp-json\/wp\/v2\/comments?post=22503"}],"version-history":[{"count":0,"href":"https:\/\/www.electrosuisse.ch\/de\/wp-json\/wp\/v2\/posts\/22503\/revisions"}],"wp:attachment":[{"href":"https:\/\/www.electrosuisse.ch\/de\/wp-json\/wp\/v2\/media?parent=22503"}],"wp:term":[{"taxonomy":"category","embeddable":true,"href":"https:\/\/www.electrosuisse.ch\/de\/wp-json\/wp\/v2\/categories?post=22503"},{"taxonomy":"post_tag","embeddable":true,"href":"https:\/\/www.electrosuisse.ch\/de\/wp-json\/wp\/v2\/tags?post=22503"}],"curies":[{"name":"wp","href":"https:\/\/api.w.org\/{rel}","templated":true}]}}