{"id":20868,"date":"2022-02-15T09:03:24","date_gmt":"2022-02-15T08:03:24","guid":{"rendered":"https:\/\/www.electrosuisse.ch\/?p=20868"},"modified":"2022-12-01T12:56:45","modified_gmt":"2022-12-01T11:56:45","slug":"powertage-2022-fachforum-was-bewegt-die-branche","status":"publish","type":"post","link":"https:\/\/www.electrosuisse.ch\/de\/powertage-2022-fachforum-was-bewegt-die-branche\/","title":{"rendered":"Powertage 2022 Fachforum &#8211; was bewegt die Branche?"},"content":{"rendered":"<div class=\"wpb-content-wrapper\"><p>[vc_row][vc_column][vc_column_text]Endlich ist es wieder soweit: Der Powertage Beirat, orchestriert von der Messe Schweiz, hat den Themenraum f\u00fcr die Ausgabe des Fachforums 2022 definiert. Den Auftakt am ersten Messetag initialisiert der VSE mit einer Sch\u00e4rfung der politisch-regulatorischen Rahmenbedingungen und m\u00f6glichen Antworten auf die Herausforderungen. Electrosuisse kn\u00fcpft am zweiten Forums-Vormittag an mit technisch-\u00f6konomischen L\u00f6sungsans\u00e4tzen zur Bew\u00e4ltigung der aktuell notwendigen Systemtransformation. Wir sind \u00fcbrigens zuversichtlich, dass der nachfolgende energieintensive Ausstellungsbesuch am zweiten Abend seine Ausgleichsenergie in der Electrosuisse Powerparty finden darf.<\/p>\n<p>Doch was interessiert 2022 die Branche inhaltlich? Strom als zentraler und sehr flexibler Energietr\u00e4ger bleibt klar im Fokus. Die zunehmende Dynamik durch erneuerbare Einspeisung und flexible Verbrauchslandschaften sucht nach systemst\u00fctzend inzentivierenden Marktmodellen, dem Ausgleich mit anderen Energietr\u00e4gern (Sektorkopplung, Wasserstoff usw.), der Bew\u00e4ltigung der Elektrifizierung unserer Mobilit\u00e4t und stetig wachsenden Chancen und Risiken durch die fortschreitende Digitalisierung. Die Ausstellung wird sich umfassend mit L\u00f6sungen und Ideen in diesem Bereich pr\u00e4sentieren und ein rasches dazulernen erlauben. Unter anderem auch mit auf die Energiebranche spezialisierten Experten aus dem Bereich Cyber Security. Wer sich dazu bereits im Vorfeld aufw\u00e4rmen m\u00f6chte, kann sich im online Kurzformat <a href=\"https:\/\/www.electrosuisse.ch\/electrosuisse-expert-talk\" target=\"_blank\" rel=\"noopener\">Electrosuisse Expert Talk<\/a> vom 17.03.2022 ab 16:30 bereits schlau machen.<\/p>\n<p>Was aber besch\u00e4ftigt die Branche gerade besonders stark? Richtig &#8211; Versorgungssicherheit bewegt nicht nur die ausgleichenden Pumpspeicher-Turbinen immer schneller, sondern sie beschleunigt auch zunehmend die Agenda der Branche. Nicht mehr fokussiert auf 2030 bis 2050. Es wird zunehmend sichtbar, dass wir uns bereits in der nahen Zukunft damit besch\u00e4ftigen m\u00fcssen. Was unternehmen wir bei einer Strommangellage? Braucht es eine st\u00e4rkere Reservehaltung bei der Wasserkraft? Lastabwurf bei Grossverbrauchern? Welche Technologien m\u00fcssen verst\u00e4rkt eingesetzt oder im Ausbau beschleunigt werden? Sollen Gaskraftwerke als Zwischenl\u00f6sung kritische Versorgungsabschnitte ausgleichen helfen, bis PV, Wind, Wasserstoff, Wasserkraft, intelligentes Lastmanagement und Netzverst\u00e4rkungen in gen\u00fcgender Quantit\u00e4t diese Aufgabe \u00fcbernehmen?<\/p>\n<p>Fragen \u00fcber Fragen &#8211; Antworten werden Sie an den Powertagen finden, sowohl in den Fachforen von Electrosuisse und dem VSE im Dialog mit hervorragenden Branchenvertretern als auch in der vielseitigen Ausstellungsfl\u00e4che.<\/p>\n<p>Wir halten Sie <a href=\"http:\/\/www.powertage.ch\" target=\"_blank\" rel=\"noopener\">hier<\/a> auf dem laufenden.[\/vc_column_text]<div class=\"wpb_video_column wpb_content_element\"><div class=\"wpb_wrapper\"><div class=\"video_container video_container--embed\"><iframe src=\"https:\/\/www.youtube-nocookie.com\/embed\/AIKs6-zcl0c?modestbranding=1&rel=0&showinfo=0&enablejsapi=1\" frameborder=\"0\" allow=\"accelerometer; autoplay; encrypted-media; gyroscope; picture-in-picture\" allowfullscreen><\/iframe><\/div><\/div><\/div>[vc_column_text]<\/p>\n<h3>Weitere spannende Events<\/h3>\n<p>Electrosuisse Veranstaltungen zu Energie und Mobilit\u00e4t: Jetzt vormerken!<br \/>\nSie finden alle Veranstaltungen direkt auf unserer Startseite nach Datum sortiert.<\/p>\n<p>Kontaktieren Sie uns, wenn Sie mit Referaten oder als Ausstellungspartner mitwirken m\u00f6chten, direkt gem\u00e4ss Angaben auf der jeweiligen Veranstaltungsseite.<\/p>\n<p>16.02.2022 und 16.03.2022 <a href=\"https:\/\/www.electrosuisse.ch\/de\/tagung\/e-mobile-online-forum\/\" target=\"_blank\" rel=\"noopener\">Solaroptimiertes Laden im EFH\/MFH<\/a> (e-mobile online Forum)<\/p>\n<p>22.02.2022 <a href=\"https:\/\/www.electrosuisse.ch\/de\/tagung\/webinar-serie-on-air\/\" target=\"_blank\" rel=\"noopener\">Elektromobilit\u00e4t in der Installationspraxis<\/a> (Electrosuisse on Air Webinar)<\/p>\n<p>23.03.2022 <a href=\"https:\/\/www.electrosuisse.ch\/netzimpuls\" target=\"_blank\" rel=\"noopener\">NetzImpuls Aarau<\/a>: Intelligente Netze und moderne Energie-Marktmodelle<\/p>\n<p>03.05.2022 <a href=\"https:\/\/www.electrosuisse.ch\/faktorenergie\" target=\"_blank\" rel=\"noopener\">FaktorEnergie Bern:<\/a> Energie-Engineering f\u00fcr Industrie und Dienstleistungsbetriebe<\/p>\n<p>10.05.2022 <a href=\"https:\/\/www.electrosuisse.ch\/bahntagung\" target=\"_blank\" rel=\"noopener\">Bahntagung Luzern<\/a>: Energie, Traktion und Digitalisierung bis hin zum Fahrgast<\/p>\n<p>18.05.2022 Electrosuisse Powerparty 2022 Z\u00fcrich-Oerlikon<\/p>\n<p>24.05.2022 <a href=\"https:\/\/www.electrosuisse.ch\/fred\" target=\"_blank\" rel=\"noopener\">FRED Lausanne<\/a> &#8211; Forum Romand de l&#8217;Eclairage et de la Domotique<\/p>\n<p>22.06.2022 <a href=\"https:\/\/www.electrosuisse.ch\/energiezukunft\" target=\"_blank\" rel=\"noopener\">Energiezukunft Aarau<\/a> &#8211; Erneuerbare Energien und steuerbare Lasten<\/p>\n<p>Electrosuisse <a href=\"https:\/\/www.electrosuisse.ch\/de\/persoenliche-mitgliedschaft\/\" target=\"_blank\" rel=\"noopener\">Mitgliedschaft<\/a> (erlaubt verg\u00fcnstigte und teilweise sogar kostenfreie Teilnahmen)[\/vc_column_text][\/vc_column][\/vc_row]<\/p>\n<\/div>","protected":false},"excerpt":{"rendered":"<p>[vc_row][vc_column][vc_column_text]Endlich ist es wieder soweit: Der Powertage Beirat, orchestriert von der Messe Schweiz, hat den Themenraum f\u00fcr die Ausgabe des Fachforums 2022 definiert. Den Auftakt am ersten Messetag initialisiert der VSE mit einer Sch\u00e4rfung der politisch-regulatorischen Rahmenbedingungen und m\u00f6glichen Antworten auf die Herausforderungen. Electrosuisse kn\u00fcpft am zweiten Forums-Vormittag an mit technisch-\u00f6konomischen L\u00f6sungsans\u00e4tzen zur Bew\u00e4ltigung der [&hellip;]<\/p>\n","protected":false},"author":6,"featured_media":0,"comment_status":"closed","ping_status":"closed","sticky":false,"template":"","format":"standard","meta":{"_acf_changed":false,"_monsterinsights_skip_tracking":false,"_monsterinsights_sitenote_active":false,"_monsterinsights_sitenote_note":"","_monsterinsights_sitenote_category":0,"footnotes":""},"categories":[1],"tags":[237],"class_list":["post-20868","post","type-post","status-publish","format-standard","hentry","category-unkategorisiert","tag-energieversorgung"],"acf":[],"yoast_head":"<!-- This site is optimized with the Yoast SEO Premium plugin v26.4 (Yoast SEO v27.0) - https:\/\/yoast.com\/product\/yoast-seo-premium-wordpress\/ -->\n<title>Powertage 2022 Fachforum - was bewegt die Branche? - Electrosuisse<\/title>\n<meta name=\"robots\" content=\"index, follow, max-snippet:-1, max-image-preview:large, max-video-preview:-1\" \/>\n<link rel=\"canonical\" href=\"https:\/\/www.electrosuisse.ch\/de\/powertage-2022-fachforum-was-bewegt-die-branche\/\" \/>\n<meta property=\"og:locale\" content=\"de_DE\" \/>\n<meta property=\"og:type\" content=\"article\" \/>\n<meta property=\"og:title\" content=\"Powertage 2022 Fachforum - was bewegt die Branche? - Electrosuisse\" \/>\n<meta property=\"og:description\" content=\"[vc_row][vc_column][vc_column_text]Endlich ist es wieder soweit: Der Powertage Beirat, orchestriert von der Messe Schweiz, hat den Themenraum f\u00fcr die Ausgabe des Fachforums 2022 definiert. Den Auftakt am ersten Messetag initialisiert der VSE mit einer Sch\u00e4rfung der politisch-regulatorischen Rahmenbedingungen und m\u00f6glichen Antworten auf die Herausforderungen. Electrosuisse kn\u00fcpft am zweiten Forums-Vormittag an mit technisch-\u00f6konomischen L\u00f6sungsans\u00e4tzen zur Bew\u00e4ltigung der [&hellip;]\" \/>\n<meta property=\"og:url\" content=\"https:\/\/www.electrosuisse.ch\/de\/powertage-2022-fachforum-was-bewegt-die-branche\/\" \/>\n<meta property=\"og:site_name\" content=\"Electrosuisse\" \/>\n<meta property=\"article:published_time\" content=\"2022-02-15T08:03:24+00:00\" \/>\n<meta property=\"article:modified_time\" content=\"2022-12-01T11:56:45+00:00\" \/>\n<meta property=\"og:image\" content=\"https:\/\/www.electrosuisse.ch\/wp-content\/uploads\/2022\/02\/Powertage1660x470.jpg\" \/>\n\t<meta property=\"og:image:width\" content=\"1200\" \/>\n\t<meta property=\"og:image:height\" content=\"675\" \/>\n\t<meta property=\"og:image:type\" content=\"image\/png\" \/>\n<meta name=\"author\" content=\"Anita Serafini\" \/>\n<script type=\"application\/ld+json\" class=\"yoast-schema-graph\">{\"@context\":\"https:\/\/schema.org\",\"@graph\":[{\"@type\":\"Article\",\"@id\":\"https:\/\/www.electrosuisse.ch\/de\/powertage-2022-fachforum-was-bewegt-die-branche\/#article\",\"isPartOf\":{\"@id\":\"https:\/\/www.electrosuisse.ch\/de\/powertage-2022-fachforum-was-bewegt-die-branche\/\"},\"author\":{\"name\":\"Anita Serafini\",\"@id\":\"https:\/\/www.electrosuisse.ch\/de\/#\/schema\/person\/0ef69aac34185528f3a6d17888410caf\"},\"headline\":\"Powertage 2022 Fachforum &#8211; was bewegt die Branche?\",\"datePublished\":\"2022-02-15T08:03:24+00:00\",\"dateModified\":\"2022-12-01T11:56:45+00:00\",\"mainEntityOfPage\":{\"@id\":\"https:\/\/www.electrosuisse.ch\/de\/powertage-2022-fachforum-was-bewegt-die-branche\/\"},\"wordCount\":503,\"publisher\":{\"@id\":\"https:\/\/www.electrosuisse.ch\/de\/#organization\"},\"keywords\":[\"Energieversorgung\"],\"articleSection\":[\"Unkategorisiert\"],\"inLanguage\":\"de\"},{\"@type\":\"WebPage\",\"@id\":\"https:\/\/www.electrosuisse.ch\/de\/powertage-2022-fachforum-was-bewegt-die-branche\/\",\"url\":\"https:\/\/www.electrosuisse.ch\/de\/powertage-2022-fachforum-was-bewegt-die-branche\/\",\"name\":\"Powertage 2022 Fachforum - was bewegt die Branche? - Electrosuisse\",\"isPartOf\":{\"@id\":\"https:\/\/www.electrosuisse.ch\/de\/#website\"},\"datePublished\":\"2022-02-15T08:03:24+00:00\",\"dateModified\":\"2022-12-01T11:56:45+00:00\",\"inLanguage\":\"de\",\"potentialAction\":[{\"@type\":\"ReadAction\",\"target\":[\"https:\/\/www.electrosuisse.ch\/de\/powertage-2022-fachforum-was-bewegt-die-branche\/\"]}]},{\"@type\":\"WebSite\",\"@id\":\"https:\/\/www.electrosuisse.ch\/de\/#website\",\"url\":\"https:\/\/www.electrosuisse.ch\/de\/\",\"name\":\"Electrosuisse\",\"description\":\"\",\"publisher\":{\"@id\":\"https:\/\/www.electrosuisse.ch\/de\/#organization\"},\"potentialAction\":[{\"@type\":\"SearchAction\",\"target\":{\"@type\":\"EntryPoint\",\"urlTemplate\":\"https:\/\/www.electrosuisse.ch\/de\/?s={search_term_string}\"},\"query-input\":{\"@type\":\"PropertyValueSpecification\",\"valueRequired\":true,\"valueName\":\"search_term_string\"}}],\"inLanguage\":\"de\"},{\"@type\":\"Organization\",\"@id\":\"https:\/\/www.electrosuisse.ch\/de\/#organization\",\"name\":\"Electrosuisse\",\"url\":\"https:\/\/www.electrosuisse.ch\/de\/\",\"logo\":{\"@type\":\"ImageObject\",\"inLanguage\":\"de\",\"@id\":\"https:\/\/www.electrosuisse.ch\/de\/#\/schema\/logo\/image\/\",\"url\":\"https:\/\/www.electrosuisse.ch\/wp-content\/uploads\/2025\/04\/Electrosuisse_Logo_696x696.png\",\"contentUrl\":\"https:\/\/www.electrosuisse.ch\/wp-content\/uploads\/2025\/04\/Electrosuisse_Logo_696x696.png\",\"width\":696,\"height\":696,\"caption\":\"Electrosuisse\"},\"image\":{\"@id\":\"https:\/\/www.electrosuisse.ch\/de\/#\/schema\/logo\/image\/\"},\"sameAs\":[\"https:\/\/www.linkedin.com\/company\/electrosuisse-ag\/posts\/?feedView=all\",\"https:\/\/www.instagram.com\/electrosuisse1889\/\",\"https:\/\/www.youtube.com\/channel\/UCoOxohMiVE0Gjcdis1L09zw\"],\"description\":\"Electrosuisse ist eine anerkannte und unabh\u00e4ngige Fachorganisation, die erstklassige Dienstleistungen und Produkte in den Bereichen Inspektion, Beratung, Pr\u00fcfung, Zertifizierung, Normung und Weiterbildung anbietet. Unsere Expertise umfasst Elektrotechnik, Elektromobilit\u00e4t, Energieberatung, Geb\u00e4udeautomation und Photovoltaik in der Schweiz. Durch die Veranstaltung etablierter Branchen-Events und Fachtagungen f\u00f6rdert Electrosuisse den Wissenstransfer und den fachlichen Austausch. Im Mittelpunkt unserer T\u00e4tigkeiten steht die F\u00f6rderung der sicheren, wirtschaftlichen und umweltgerechten Anwendung der Elektrotechnik.\"},{\"@type\":\"Person\",\"@id\":\"https:\/\/www.electrosuisse.ch\/de\/#\/schema\/person\/0ef69aac34185528f3a6d17888410caf\",\"name\":\"Anita Serafini\",\"image\":{\"@type\":\"ImageObject\",\"inLanguage\":\"de\",\"@id\":\"https:\/\/www.electrosuisse.ch\/de\/#\/schema\/person\/image\/\",\"url\":\"https:\/\/secure.gravatar.com\/avatar\/1b7b417c5e262b4d5423cd3f96595e0b5e8bacff15771d8b388b51c84ed55a54?s=96&d=mm&r=g\",\"contentUrl\":\"https:\/\/secure.gravatar.com\/avatar\/1b7b417c5e262b4d5423cd3f96595e0b5e8bacff15771d8b388b51c84ed55a54?s=96&d=mm&r=g\",\"caption\":\"Anita Serafini\"}}]}<\/script>\n<!-- \/ Yoast SEO Premium plugin. -->","yoast_head_json":{"title":"Powertage 2022 Fachforum - was bewegt die Branche? - Electrosuisse","robots":{"index":"index","follow":"follow","max-snippet":"max-snippet:-1","max-image-preview":"max-image-preview:large","max-video-preview":"max-video-preview:-1"},"canonical":"https:\/\/www.electrosuisse.ch\/de\/powertage-2022-fachforum-was-bewegt-die-branche\/","og_locale":"de_DE","og_type":"article","og_title":"Powertage 2022 Fachforum - was bewegt die Branche? - Electrosuisse","og_description":"[vc_row][vc_column][vc_column_text]Endlich ist es wieder soweit: Der Powertage Beirat, orchestriert von der Messe Schweiz, hat den Themenraum f\u00fcr die Ausgabe des Fachforums 2022 definiert. Den Auftakt am ersten Messetag initialisiert der VSE mit einer Sch\u00e4rfung der politisch-regulatorischen Rahmenbedingungen und m\u00f6glichen Antworten auf die Herausforderungen. Electrosuisse kn\u00fcpft am zweiten Forums-Vormittag an mit technisch-\u00f6konomischen L\u00f6sungsans\u00e4tzen zur Bew\u00e4ltigung der [&hellip;]","og_url":"https:\/\/www.electrosuisse.ch\/de\/powertage-2022-fachforum-was-bewegt-die-branche\/","og_site_name":"Electrosuisse","article_published_time":"2022-02-15T08:03:24+00:00","article_modified_time":"2022-12-01T11:56:45+00:00","og_image":[{"width":1200,"height":675,"url":"https:\/\/www.electrosuisse.ch\/wp-content\/uploads\/2022\/02\/Powertage1660x470.jpg","type":"image\/png"}],"author":"Anita Serafini","schema":{"@context":"https:\/\/schema.org","@graph":[{"@type":"Article","@id":"https:\/\/www.electrosuisse.ch\/de\/powertage-2022-fachforum-was-bewegt-die-branche\/#article","isPartOf":{"@id":"https:\/\/www.electrosuisse.ch\/de\/powertage-2022-fachforum-was-bewegt-die-branche\/"},"author":{"name":"Anita Serafini","@id":"https:\/\/www.electrosuisse.ch\/de\/#\/schema\/person\/0ef69aac34185528f3a6d17888410caf"},"headline":"Powertage 2022 Fachforum &#8211; was bewegt die Branche?","datePublished":"2022-02-15T08:03:24+00:00","dateModified":"2022-12-01T11:56:45+00:00","mainEntityOfPage":{"@id":"https:\/\/www.electrosuisse.ch\/de\/powertage-2022-fachforum-was-bewegt-die-branche\/"},"wordCount":503,"publisher":{"@id":"https:\/\/www.electrosuisse.ch\/de\/#organization"},"keywords":["Energieversorgung"],"articleSection":["Unkategorisiert"],"inLanguage":"de"},{"@type":"WebPage","@id":"https:\/\/www.electrosuisse.ch\/de\/powertage-2022-fachforum-was-bewegt-die-branche\/","url":"https:\/\/www.electrosuisse.ch\/de\/powertage-2022-fachforum-was-bewegt-die-branche\/","name":"Powertage 2022 Fachforum - was bewegt die Branche? - Electrosuisse","isPartOf":{"@id":"https:\/\/www.electrosuisse.ch\/de\/#website"},"datePublished":"2022-02-15T08:03:24+00:00","dateModified":"2022-12-01T11:56:45+00:00","inLanguage":"de","potentialAction":[{"@type":"ReadAction","target":["https:\/\/www.electrosuisse.ch\/de\/powertage-2022-fachforum-was-bewegt-die-branche\/"]}]},{"@type":"WebSite","@id":"https:\/\/www.electrosuisse.ch\/de\/#website","url":"https:\/\/www.electrosuisse.ch\/de\/","name":"Electrosuisse","description":"","publisher":{"@id":"https:\/\/www.electrosuisse.ch\/de\/#organization"},"potentialAction":[{"@type":"SearchAction","target":{"@type":"EntryPoint","urlTemplate":"https:\/\/www.electrosuisse.ch\/de\/?s={search_term_string}"},"query-input":{"@type":"PropertyValueSpecification","valueRequired":true,"valueName":"search_term_string"}}],"inLanguage":"de"},{"@type":"Organization","@id":"https:\/\/www.electrosuisse.ch\/de\/#organization","name":"Electrosuisse","url":"https:\/\/www.electrosuisse.ch\/de\/","logo":{"@type":"ImageObject","inLanguage":"de","@id":"https:\/\/www.electrosuisse.ch\/de\/#\/schema\/logo\/image\/","url":"https:\/\/www.electrosuisse.ch\/wp-content\/uploads\/2025\/04\/Electrosuisse_Logo_696x696.png","contentUrl":"https:\/\/www.electrosuisse.ch\/wp-content\/uploads\/2025\/04\/Electrosuisse_Logo_696x696.png","width":696,"height":696,"caption":"Electrosuisse"},"image":{"@id":"https:\/\/www.electrosuisse.ch\/de\/#\/schema\/logo\/image\/"},"sameAs":["https:\/\/www.linkedin.com\/company\/electrosuisse-ag\/posts\/?feedView=all","https:\/\/www.instagram.com\/electrosuisse1889\/","https:\/\/www.youtube.com\/channel\/UCoOxohMiVE0Gjcdis1L09zw"],"description":"Electrosuisse ist eine anerkannte und unabh\u00e4ngige Fachorganisation, die erstklassige Dienstleistungen und Produkte in den Bereichen Inspektion, Beratung, Pr\u00fcfung, Zertifizierung, Normung und Weiterbildung anbietet. Unsere Expertise umfasst Elektrotechnik, Elektromobilit\u00e4t, Energieberatung, Geb\u00e4udeautomation und Photovoltaik in der Schweiz. Durch die Veranstaltung etablierter Branchen-Events und Fachtagungen f\u00f6rdert Electrosuisse den Wissenstransfer und den fachlichen Austausch. Im Mittelpunkt unserer T\u00e4tigkeiten steht die F\u00f6rderung der sicheren, wirtschaftlichen und umweltgerechten Anwendung der Elektrotechnik."},{"@type":"Person","@id":"https:\/\/www.electrosuisse.ch\/de\/#\/schema\/person\/0ef69aac34185528f3a6d17888410caf","name":"Anita Serafini","image":{"@type":"ImageObject","inLanguage":"de","@id":"https:\/\/www.electrosuisse.ch\/de\/#\/schema\/person\/image\/","url":"https:\/\/secure.gravatar.com\/avatar\/1b7b417c5e262b4d5423cd3f96595e0b5e8bacff15771d8b388b51c84ed55a54?s=96&d=mm&r=g","contentUrl":"https:\/\/secure.gravatar.com\/avatar\/1b7b417c5e262b4d5423cd3f96595e0b5e8bacff15771d8b388b51c84ed55a54?s=96&d=mm&r=g","caption":"Anita Serafini"}}]}},"amp_enabled":true,"_links":{"self":[{"href":"https:\/\/www.electrosuisse.ch\/de\/wp-json\/wp\/v2\/posts\/20868","targetHints":{"allow":["GET"]}}],"collection":[{"href":"https:\/\/www.electrosuisse.ch\/de\/wp-json\/wp\/v2\/posts"}],"about":[{"href":"https:\/\/www.electrosuisse.ch\/de\/wp-json\/wp\/v2\/types\/post"}],"author":[{"embeddable":true,"href":"https:\/\/www.electrosuisse.ch\/de\/wp-json\/wp\/v2\/users\/6"}],"replies":[{"embeddable":true,"href":"https:\/\/www.electrosuisse.ch\/de\/wp-json\/wp\/v2\/comments?post=20868"}],"version-history":[{"count":0,"href":"https:\/\/www.electrosuisse.ch\/de\/wp-json\/wp\/v2\/posts\/20868\/revisions"}],"wp:attachment":[{"href":"https:\/\/www.electrosuisse.ch\/de\/wp-json\/wp\/v2\/media?parent=20868"}],"wp:term":[{"taxonomy":"category","embeddable":true,"href":"https:\/\/www.electrosuisse.ch\/de\/wp-json\/wp\/v2\/categories?post=20868"},{"taxonomy":"post_tag","embeddable":true,"href":"https:\/\/www.electrosuisse.ch\/de\/wp-json\/wp\/v2\/tags?post=20868"}],"curies":[{"name":"wp","href":"https:\/\/api.w.org\/{rel}","templated":true}]}}