{"id":20094,"date":"2021-12-14T14:20:28","date_gmt":"2021-12-14T13:20:28","guid":{"rendered":"https:\/\/www.electrosuisse.ch\/?p=20094"},"modified":"2022-12-01T12:57:51","modified_gmt":"2022-12-01T11:57:51","slug":"technologische-souveraenitaet-vde-studie-zeigt-neue-wege","status":"publish","type":"post","link":"https:\/\/www.electrosuisse.ch\/de\/technologische-souveraenitaet-vde-studie-zeigt-neue-wege\/","title":{"rendered":"Technologische Souver\u00e4nit\u00e4t &#8211; vde Studie zeigt neue Wege"},"content":{"rendered":"<div class=\"wpb-content-wrapper\"><p>[vc_row][vc_column][vc_column_text]Technologische Souver\u00e4nit\u00e4t ist ein wichtiges Kernziel der EU, so deklariert von der EU-Kommissionspr\u00e4sidentin von der Leyen 2019.<\/p>\n<p>Mit Eintritt der Pandemie geriet das globale Wirtschaftssystem \u00fcber Lieferkettenprobleme weltweit unter massiven Druck, Europ\u00e4ische Staaten realisierten ihre grosse Abh\u00e4ngigkeit von L\u00e4ndern ausserhalb der EU. Es zeigte uns auf, wie entscheidend es ist, in einigen spezifischen Technologie-Bereichen die strategische Autonomie auf dem Kontinent deutlich zu erh\u00f6hen. Neben allgemeinen Faktoren h\u00e4ngt u.a. auch das Erreichen von Umwelt- und Klimaschutzzielen von der Verf\u00fcgbarkeit und sicheren Anwendung geeigneter Technologien ab, gerade auch die Kompetenz zur Digitalisierung bei gleichzeitig gew\u00e4hrleistetem Datenschutz.<\/p>\n<p>EUREL, ein unabh\u00e4ngiges Fachnetzwerk einiger Europ\u00e4ischer Staaten und deren Fachverb\u00e4nden, hat 2021 eine vom VDE geleitete Informationstechnikstudie ver\u00f6ffentlicht. Diese analysiert die Voraussetzungen f\u00fcr technologische Souver\u00e4nit\u00e4t und definiert spezifische Empfehlungen, insbesondere f\u00fcr das wesentliche Technologiefeld \u00abInformations- und Kommunikationstechnologie\u00bb (IKT).<\/p>\n<p>Am 27. Januar 2022 ab 14 Uhr werden die Ergebnisse der Studie vorgestellt im ONLINE Format \u00abEUREL eMeetup\u00bb. Nach dem Impulsvortrag von Prof. Dr. Ing. Hans Dieter SCHOTTEN, German Research Center for Artificial Intelligence (DFKI), wird die Thematik in einer Podiumsdiskussion weiter vertieft. Die Formatssprache ist aufgrund des internationalen Publikums Englisch.<\/p>\n<p>Hans Schotten ist wissenschaftlicher Leiter des Forschungsbereichs Intelligente Netze am Deutschen Forschungszentrum f\u00fcr K\u00fcnstliche Intelligenz (DFKI) und Inhaber des Lehrstuhls f\u00fcr Funkkommunikation und Navigation an der Technischen Universit\u00e4t Kaiserslautern (TUK). Er ist Vorsitzender der VDE Informationstechnischen Gesellschaft (VDE ITG) und Mitglied im Vorstand des Verbandes der Elektrotechnik (VDE). Im Rahmen seiner Forschung besch\u00e4ftigt sich Professor Schotten mit Mobilfunktechnologien und Funkkommunikation und entwickelt neue Sicherheitstechnologien und Kommunikationsinfrastrukturen f\u00fcr die Industrie.<\/p>\n<p>Wir werden den Anmeldelink des vde hier erg\u00e4nzen, sobald er verf\u00fcgbar ist.[\/vc_column_text]<div class=\"wpb_button_column wpb_content_element wpb_content_element--left\"><div class=\"wpb_wrapper\"><div class=\"button button--normal\"><a href=\"https:\/\/www.vde.com\/resource\/blob\/2013656\/66f71138ba34b7b3ad0e2aa248b71abd\/vde-position-paper-technological-sovereignty-data.pdf\" target=\"_blank\" >Zur Studie<\/a><\/div><\/div><\/div><div class=\"wpb_button_column wpb_content_element wpb_content_element--left\"><div class=\"wpb_wrapper\"><div class=\"button button--normal\"><a href=\"https:\/\/zoom.us\/webinar\/register\/WN_9dEyf0KaTO2kbgb6ffAWIQ\" target=\"_blank\" >Zur Registrierung<\/a><\/div><\/div><\/div>[\/vc_column][\/vc_row]<\/p>\n<\/div>","protected":false},"excerpt":{"rendered":"<p>[vc_row][vc_column][vc_column_text]Technologische Souver\u00e4nit\u00e4t ist ein wichtiges Kernziel der EU, so deklariert von der EU-Kommissionspr\u00e4sidentin von der Leyen 2019. Mit Eintritt der Pandemie geriet das globale Wirtschaftssystem \u00fcber Lieferkettenprobleme weltweit unter massiven Druck, Europ\u00e4ische Staaten realisierten ihre grosse Abh\u00e4ngigkeit von L\u00e4ndern ausserhalb der EU. Es zeigte uns auf, wie entscheidend es ist, in einigen spezifischen Technologie-Bereichen die [&hellip;]<\/p>\n","protected":false},"author":6,"featured_media":0,"comment_status":"closed","ping_status":"closed","sticky":false,"template":"","format":"standard","meta":{"_acf_changed":false,"_monsterinsights_skip_tracking":false,"_monsterinsights_sitenote_active":false,"_monsterinsights_sitenote_note":"","_monsterinsights_sitenote_category":0,"footnotes":""},"categories":[1],"tags":[239],"class_list":["post-20094","post","type-post","status-publish","format-standard","hentry","category-unkategorisiert","tag-produktion-und-dienstleistung"],"acf":[],"yoast_head":"<!-- This site is optimized with the Yoast SEO Premium plugin v26.4 (Yoast SEO v27.0) - https:\/\/yoast.com\/product\/yoast-seo-premium-wordpress\/ -->\n<title>Technologische Souver\u00e4nit\u00e4t - vde Studie zeigt neue Wege - Electrosuisse<\/title>\n<meta name=\"robots\" content=\"index, follow, max-snippet:-1, max-image-preview:large, max-video-preview:-1\" \/>\n<link rel=\"canonical\" href=\"https:\/\/www.electrosuisse.ch\/de\/technologische-souveraenitaet-vde-studie-zeigt-neue-wege\/\" \/>\n<meta property=\"og:locale\" content=\"de_DE\" \/>\n<meta property=\"og:type\" content=\"article\" \/>\n<meta property=\"og:title\" content=\"Technologische Souver\u00e4nit\u00e4t - vde Studie zeigt neue Wege - Electrosuisse\" \/>\n<meta property=\"og:description\" content=\"[vc_row][vc_column][vc_column_text]Technologische Souver\u00e4nit\u00e4t ist ein wichtiges Kernziel der EU, so deklariert von der EU-Kommissionspr\u00e4sidentin von der Leyen 2019. Mit Eintritt der Pandemie geriet das globale Wirtschaftssystem \u00fcber Lieferkettenprobleme weltweit unter massiven Druck, Europ\u00e4ische Staaten realisierten ihre grosse Abh\u00e4ngigkeit von L\u00e4ndern ausserhalb der EU. Es zeigte uns auf, wie entscheidend es ist, in einigen spezifischen Technologie-Bereichen die [&hellip;]\" \/>\n<meta property=\"og:url\" content=\"https:\/\/www.electrosuisse.ch\/de\/technologische-souveraenitaet-vde-studie-zeigt-neue-wege\/\" \/>\n<meta property=\"og:site_name\" content=\"Electrosuisse\" \/>\n<meta property=\"article:published_time\" content=\"2021-12-14T13:20:28+00:00\" \/>\n<meta property=\"article:modified_time\" content=\"2022-12-01T11:57:51+00:00\" \/>\n<meta property=\"og:image\" content=\"https:\/\/www.electrosuisse.ch\/wp-content\/uploads\/2022\/04\/Eurel_emeetup21.png\" \/>\n\t<meta property=\"og:image:width\" content=\"1200\" \/>\n\t<meta property=\"og:image:height\" content=\"675\" \/>\n\t<meta property=\"og:image:type\" content=\"image\/png\" \/>\n<meta name=\"author\" content=\"Anita Serafini\" \/>\n<script type=\"application\/ld+json\" class=\"yoast-schema-graph\">{\"@context\":\"https:\/\/schema.org\",\"@graph\":[{\"@type\":\"Article\",\"@id\":\"https:\/\/www.electrosuisse.ch\/de\/technologische-souveraenitaet-vde-studie-zeigt-neue-wege\/#article\",\"isPartOf\":{\"@id\":\"https:\/\/www.electrosuisse.ch\/de\/technologische-souveraenitaet-vde-studie-zeigt-neue-wege\/\"},\"author\":{\"name\":\"Anita Serafini\",\"@id\":\"https:\/\/www.electrosuisse.ch\/de\/#\/schema\/person\/0ef69aac34185528f3a6d17888410caf\"},\"headline\":\"Technologische Souver\u00e4nit\u00e4t &#8211; vde Studie zeigt neue Wege\",\"datePublished\":\"2021-12-14T13:20:28+00:00\",\"dateModified\":\"2022-12-01T11:57:51+00:00\",\"mainEntityOfPage\":{\"@id\":\"https:\/\/www.electrosuisse.ch\/de\/technologische-souveraenitaet-vde-studie-zeigt-neue-wege\/\"},\"wordCount\":365,\"publisher\":{\"@id\":\"https:\/\/www.electrosuisse.ch\/de\/#organization\"},\"keywords\":[\"Produktion und Dienstleistung\"],\"articleSection\":[\"Unkategorisiert\"],\"inLanguage\":\"de\"},{\"@type\":\"WebPage\",\"@id\":\"https:\/\/www.electrosuisse.ch\/de\/technologische-souveraenitaet-vde-studie-zeigt-neue-wege\/\",\"url\":\"https:\/\/www.electrosuisse.ch\/de\/technologische-souveraenitaet-vde-studie-zeigt-neue-wege\/\",\"name\":\"Technologische Souver\u00e4nit\u00e4t - vde Studie zeigt neue Wege - Electrosuisse\",\"isPartOf\":{\"@id\":\"https:\/\/www.electrosuisse.ch\/de\/#website\"},\"datePublished\":\"2021-12-14T13:20:28+00:00\",\"dateModified\":\"2022-12-01T11:57:51+00:00\",\"inLanguage\":\"de\",\"potentialAction\":[{\"@type\":\"ReadAction\",\"target\":[\"https:\/\/www.electrosuisse.ch\/de\/technologische-souveraenitaet-vde-studie-zeigt-neue-wege\/\"]}]},{\"@type\":\"WebSite\",\"@id\":\"https:\/\/www.electrosuisse.ch\/de\/#website\",\"url\":\"https:\/\/www.electrosuisse.ch\/de\/\",\"name\":\"Electrosuisse\",\"description\":\"\",\"publisher\":{\"@id\":\"https:\/\/www.electrosuisse.ch\/de\/#organization\"},\"potentialAction\":[{\"@type\":\"SearchAction\",\"target\":{\"@type\":\"EntryPoint\",\"urlTemplate\":\"https:\/\/www.electrosuisse.ch\/de\/?s={search_term_string}\"},\"query-input\":{\"@type\":\"PropertyValueSpecification\",\"valueRequired\":true,\"valueName\":\"search_term_string\"}}],\"inLanguage\":\"de\"},{\"@type\":\"Organization\",\"@id\":\"https:\/\/www.electrosuisse.ch\/de\/#organization\",\"name\":\"Electrosuisse\",\"url\":\"https:\/\/www.electrosuisse.ch\/de\/\",\"logo\":{\"@type\":\"ImageObject\",\"inLanguage\":\"de\",\"@id\":\"https:\/\/www.electrosuisse.ch\/de\/#\/schema\/logo\/image\/\",\"url\":\"https:\/\/www.electrosuisse.ch\/wp-content\/uploads\/2025\/04\/Electrosuisse_Logo_696x696.png\",\"contentUrl\":\"https:\/\/www.electrosuisse.ch\/wp-content\/uploads\/2025\/04\/Electrosuisse_Logo_696x696.png\",\"width\":696,\"height\":696,\"caption\":\"Electrosuisse\"},\"image\":{\"@id\":\"https:\/\/www.electrosuisse.ch\/de\/#\/schema\/logo\/image\/\"},\"sameAs\":[\"https:\/\/www.linkedin.com\/company\/electrosuisse-ag\/posts\/?feedView=all\",\"https:\/\/www.instagram.com\/electrosuisse1889\/\",\"https:\/\/www.youtube.com\/channel\/UCoOxohMiVE0Gjcdis1L09zw\"],\"description\":\"Electrosuisse ist eine anerkannte und unabh\u00e4ngige Fachorganisation, die erstklassige Dienstleistungen und Produkte in den Bereichen Inspektion, Beratung, Pr\u00fcfung, Zertifizierung, Normung und Weiterbildung anbietet. Unsere Expertise umfasst Elektrotechnik, Elektromobilit\u00e4t, Energieberatung, Geb\u00e4udeautomation und Photovoltaik in der Schweiz. Durch die Veranstaltung etablierter Branchen-Events und Fachtagungen f\u00f6rdert Electrosuisse den Wissenstransfer und den fachlichen Austausch. Im Mittelpunkt unserer T\u00e4tigkeiten steht die F\u00f6rderung der sicheren, wirtschaftlichen und umweltgerechten Anwendung der Elektrotechnik.\"},{\"@type\":\"Person\",\"@id\":\"https:\/\/www.electrosuisse.ch\/de\/#\/schema\/person\/0ef69aac34185528f3a6d17888410caf\",\"name\":\"Anita Serafini\",\"image\":{\"@type\":\"ImageObject\",\"inLanguage\":\"de\",\"@id\":\"https:\/\/www.electrosuisse.ch\/de\/#\/schema\/person\/image\/\",\"url\":\"https:\/\/secure.gravatar.com\/avatar\/1b7b417c5e262b4d5423cd3f96595e0b5e8bacff15771d8b388b51c84ed55a54?s=96&d=mm&r=g\",\"contentUrl\":\"https:\/\/secure.gravatar.com\/avatar\/1b7b417c5e262b4d5423cd3f96595e0b5e8bacff15771d8b388b51c84ed55a54?s=96&d=mm&r=g\",\"caption\":\"Anita Serafini\"}}]}<\/script>\n<!-- \/ Yoast SEO Premium plugin. -->","yoast_head_json":{"title":"Technologische Souver\u00e4nit\u00e4t - vde Studie zeigt neue Wege - Electrosuisse","robots":{"index":"index","follow":"follow","max-snippet":"max-snippet:-1","max-image-preview":"max-image-preview:large","max-video-preview":"max-video-preview:-1"},"canonical":"https:\/\/www.electrosuisse.ch\/de\/technologische-souveraenitaet-vde-studie-zeigt-neue-wege\/","og_locale":"de_DE","og_type":"article","og_title":"Technologische Souver\u00e4nit\u00e4t - vde Studie zeigt neue Wege - Electrosuisse","og_description":"[vc_row][vc_column][vc_column_text]Technologische Souver\u00e4nit\u00e4t ist ein wichtiges Kernziel der EU, so deklariert von der EU-Kommissionspr\u00e4sidentin von der Leyen 2019. Mit Eintritt der Pandemie geriet das globale Wirtschaftssystem \u00fcber Lieferkettenprobleme weltweit unter massiven Druck, Europ\u00e4ische Staaten realisierten ihre grosse Abh\u00e4ngigkeit von L\u00e4ndern ausserhalb der EU. Es zeigte uns auf, wie entscheidend es ist, in einigen spezifischen Technologie-Bereichen die [&hellip;]","og_url":"https:\/\/www.electrosuisse.ch\/de\/technologische-souveraenitaet-vde-studie-zeigt-neue-wege\/","og_site_name":"Electrosuisse","article_published_time":"2021-12-14T13:20:28+00:00","article_modified_time":"2022-12-01T11:57:51+00:00","og_image":[{"width":1200,"height":675,"url":"https:\/\/www.electrosuisse.ch\/wp-content\/uploads\/2022\/04\/Eurel_emeetup21.png","type":"image\/png"}],"author":"Anita Serafini","schema":{"@context":"https:\/\/schema.org","@graph":[{"@type":"Article","@id":"https:\/\/www.electrosuisse.ch\/de\/technologische-souveraenitaet-vde-studie-zeigt-neue-wege\/#article","isPartOf":{"@id":"https:\/\/www.electrosuisse.ch\/de\/technologische-souveraenitaet-vde-studie-zeigt-neue-wege\/"},"author":{"name":"Anita Serafini","@id":"https:\/\/www.electrosuisse.ch\/de\/#\/schema\/person\/0ef69aac34185528f3a6d17888410caf"},"headline":"Technologische Souver\u00e4nit\u00e4t &#8211; vde Studie zeigt neue Wege","datePublished":"2021-12-14T13:20:28+00:00","dateModified":"2022-12-01T11:57:51+00:00","mainEntityOfPage":{"@id":"https:\/\/www.electrosuisse.ch\/de\/technologische-souveraenitaet-vde-studie-zeigt-neue-wege\/"},"wordCount":365,"publisher":{"@id":"https:\/\/www.electrosuisse.ch\/de\/#organization"},"keywords":["Produktion und Dienstleistung"],"articleSection":["Unkategorisiert"],"inLanguage":"de"},{"@type":"WebPage","@id":"https:\/\/www.electrosuisse.ch\/de\/technologische-souveraenitaet-vde-studie-zeigt-neue-wege\/","url":"https:\/\/www.electrosuisse.ch\/de\/technologische-souveraenitaet-vde-studie-zeigt-neue-wege\/","name":"Technologische Souver\u00e4nit\u00e4t - vde Studie zeigt neue Wege - Electrosuisse","isPartOf":{"@id":"https:\/\/www.electrosuisse.ch\/de\/#website"},"datePublished":"2021-12-14T13:20:28+00:00","dateModified":"2022-12-01T11:57:51+00:00","inLanguage":"de","potentialAction":[{"@type":"ReadAction","target":["https:\/\/www.electrosuisse.ch\/de\/technologische-souveraenitaet-vde-studie-zeigt-neue-wege\/"]}]},{"@type":"WebSite","@id":"https:\/\/www.electrosuisse.ch\/de\/#website","url":"https:\/\/www.electrosuisse.ch\/de\/","name":"Electrosuisse","description":"","publisher":{"@id":"https:\/\/www.electrosuisse.ch\/de\/#organization"},"potentialAction":[{"@type":"SearchAction","target":{"@type":"EntryPoint","urlTemplate":"https:\/\/www.electrosuisse.ch\/de\/?s={search_term_string}"},"query-input":{"@type":"PropertyValueSpecification","valueRequired":true,"valueName":"search_term_string"}}],"inLanguage":"de"},{"@type":"Organization","@id":"https:\/\/www.electrosuisse.ch\/de\/#organization","name":"Electrosuisse","url":"https:\/\/www.electrosuisse.ch\/de\/","logo":{"@type":"ImageObject","inLanguage":"de","@id":"https:\/\/www.electrosuisse.ch\/de\/#\/schema\/logo\/image\/","url":"https:\/\/www.electrosuisse.ch\/wp-content\/uploads\/2025\/04\/Electrosuisse_Logo_696x696.png","contentUrl":"https:\/\/www.electrosuisse.ch\/wp-content\/uploads\/2025\/04\/Electrosuisse_Logo_696x696.png","width":696,"height":696,"caption":"Electrosuisse"},"image":{"@id":"https:\/\/www.electrosuisse.ch\/de\/#\/schema\/logo\/image\/"},"sameAs":["https:\/\/www.linkedin.com\/company\/electrosuisse-ag\/posts\/?feedView=all","https:\/\/www.instagram.com\/electrosuisse1889\/","https:\/\/www.youtube.com\/channel\/UCoOxohMiVE0Gjcdis1L09zw"],"description":"Electrosuisse ist eine anerkannte und unabh\u00e4ngige Fachorganisation, die erstklassige Dienstleistungen und Produkte in den Bereichen Inspektion, Beratung, Pr\u00fcfung, Zertifizierung, Normung und Weiterbildung anbietet. Unsere Expertise umfasst Elektrotechnik, Elektromobilit\u00e4t, Energieberatung, Geb\u00e4udeautomation und Photovoltaik in der Schweiz. Durch die Veranstaltung etablierter Branchen-Events und Fachtagungen f\u00f6rdert Electrosuisse den Wissenstransfer und den fachlichen Austausch. Im Mittelpunkt unserer T\u00e4tigkeiten steht die F\u00f6rderung der sicheren, wirtschaftlichen und umweltgerechten Anwendung der Elektrotechnik."},{"@type":"Person","@id":"https:\/\/www.electrosuisse.ch\/de\/#\/schema\/person\/0ef69aac34185528f3a6d17888410caf","name":"Anita Serafini","image":{"@type":"ImageObject","inLanguage":"de","@id":"https:\/\/www.electrosuisse.ch\/de\/#\/schema\/person\/image\/","url":"https:\/\/secure.gravatar.com\/avatar\/1b7b417c5e262b4d5423cd3f96595e0b5e8bacff15771d8b388b51c84ed55a54?s=96&d=mm&r=g","contentUrl":"https:\/\/secure.gravatar.com\/avatar\/1b7b417c5e262b4d5423cd3f96595e0b5e8bacff15771d8b388b51c84ed55a54?s=96&d=mm&r=g","caption":"Anita Serafini"}}]}},"amp_enabled":true,"_links":{"self":[{"href":"https:\/\/www.electrosuisse.ch\/de\/wp-json\/wp\/v2\/posts\/20094","targetHints":{"allow":["GET"]}}],"collection":[{"href":"https:\/\/www.electrosuisse.ch\/de\/wp-json\/wp\/v2\/posts"}],"about":[{"href":"https:\/\/www.electrosuisse.ch\/de\/wp-json\/wp\/v2\/types\/post"}],"author":[{"embeddable":true,"href":"https:\/\/www.electrosuisse.ch\/de\/wp-json\/wp\/v2\/users\/6"}],"replies":[{"embeddable":true,"href":"https:\/\/www.electrosuisse.ch\/de\/wp-json\/wp\/v2\/comments?post=20094"}],"version-history":[{"count":0,"href":"https:\/\/www.electrosuisse.ch\/de\/wp-json\/wp\/v2\/posts\/20094\/revisions"}],"wp:attachment":[{"href":"https:\/\/www.electrosuisse.ch\/de\/wp-json\/wp\/v2\/media?parent=20094"}],"wp:term":[{"taxonomy":"category","embeddable":true,"href":"https:\/\/www.electrosuisse.ch\/de\/wp-json\/wp\/v2\/categories?post=20094"},{"taxonomy":"post_tag","embeddable":true,"href":"https:\/\/www.electrosuisse.ch\/de\/wp-json\/wp\/v2\/tags?post=20094"}],"curies":[{"name":"wp","href":"https:\/\/api.w.org\/{rel}","templated":true}]}}