{"id":19975,"date":"2021-12-03T18:12:01","date_gmt":"2021-12-03T17:12:01","guid":{"rendered":"https:\/\/www.electrosuisse.ch\/?p=19975"},"modified":"2022-12-01T12:59:17","modified_gmt":"2022-12-01T11:59:17","slug":"onlineformate","status":"publish","type":"post","link":"https:\/\/www.electrosuisse.ch\/de\/onlineformate\/","title":{"rendered":"Drei neue Online-Formate f\u00fcr Electrosuisse-Mitglieder"},"content":{"rendered":"<div class=\"wpb-content-wrapper\"><p>[vc_row][vc_column][vc_column_text]Insgesamt drei online Formate hat Electrosuisse in den vergangenen zwei Jahren ins Leben gerufen. Die Vorteile liegen auf der Hand: Kein Anfahrtsweg, kompakt gestaltet, damit ein Arbeitsalltag mit minimalem Aufwand erg\u00e4nzt werden kann, pandemieresistent und sicher planbar, Inspiration und Austausch in der Diskussion inklusive.<\/p>\n<p>Hier stellen wir Ihnen die drei Formate und die bevorstehenden Durchf\u00fchrungstermine vor. Als Mitglied der Electrosuisse erhalten Sie stets Preisvorteile und teilweise sogar Exklusivzugang &#8211; f\u00fcr sich pers\u00f6nlich oder auch f\u00fcr alle Mitarbeitenden ihrer Firma.[\/vc_column_text][vc_column_text]<\/p>\n<h3>Electrosuisse on Air<\/h3>\n<p>Das Format aus der Praxis f\u00fcr die Praxis: In nur zwei Stunden erhalten Sie im interaktiven Webinar \u00abElectrosuisse on Air\u00bb Tipps und Tricks f\u00fcr den Arbeitsalltag \u2013 kurz, pr\u00e4gnant und konkret. Mit Beispielen aus der Praxis und erfahrenen Referenten erwartet Sie rund 6x j\u00e4hrlich ein lehrreiches Programm.<br \/>\nDie n\u00e4chste Veranstaltung behandelt alles Relevante zum Thema Sicherheitsbeleuchtung: Eine kurze Repetition des Basiswissens, Sensibilisierung auf relevante Normen und einige Beispiele aus spezifischen Spezialsituationen. Abgerundet wird das Ganze mit einem interaktiven Dialog, in dem Sie auch Ihre konkreten Fragen stellen k\u00f6nnen.<\/p>\n<p>Das n\u00e4chste Webinar findet statt am Dienstag 22. Februar 2022 zum Thema Elektromobilit\u00e4t.[\/vc_column_text]<div class=\"wpb_gap_column wpb_content_element\"><div class=\"wpb_wrapper\"><div class=\"gap gap--small\"><\/div><\/div><\/div>[vc_column_text]<\/p>\n<h3>e-mobile Online Forum<\/h3>\n<p>Hier geht es um Elektromobilit\u00e4t in all ihren Facetten &#8211; Brandbek\u00e4mpfung, Ladeinfrastruktur, Photovoltaik, neue Technologien und vieles mehr. Von Profis f\u00fcr Profis, aber auch f\u00fcr Gemeinden mit Klimazielen, L\u00f6sungsanbieter, Liegenschaftsverwalter, Flottenmanager und Garagisten, jeden dritten Mittwoch des Monats jeweils \u00fcber Mittag.<br \/>\nReservieren Sie ihren Platz an den n\u00e4chsten <a href=\"https:\/\/www.electrosuisse.ch\/de\/tagung\/e-mobile-online-forum\/\" target=\"_blank\" rel=\"noopener\">Veranstaltungen<\/a>:<\/p>\n<p><a href=\"https:\/\/www.e-mobile.ch\/de\/veranstaltung\/e-mobile-online-forum-bidirektionale-ladeinfrastruktur\/\" target=\"_blank\" rel=\"noopener\">Bidirektionales Laden &#8211; Mittwoch 19. Januar 2022, 12:30 &#8211; 13:30<\/a>[\/vc_column_text]<div class=\"wpb_gap_column wpb_content_element\"><div class=\"wpb_wrapper\"><div class=\"gap gap--small\"><\/div><\/div><\/div>[vc_column_text]<\/p>\n<h3>Electrosuisse Expert Talk<\/h3>\n<p>Hier treffen sich Fachexperten zu Energienetzen, Energieeffizienz, Sektorkopplung, Geb\u00e4udetechnik, Wasserstoff, Cyber Security und weiteren relevanten Themen f\u00fcr die Zukunft. Zwei bis drei Vortr\u00e4ge oder Panels auf der digitalen B\u00fchne werden erg\u00e4nzt mit einem Diskussionstisch direkt mit den Vortragenden in kleinen interaktiven Video-Sessions. Zus\u00e4tzlich k\u00f6nnen Sie \u00fcber Chat, Video-Direktgespr\u00e4che und Random Speed Dating Bekannte treffen und neue Gesichter kennenlernen. Zudem erhalten Sie \u00fcbersichtlich Informationen zu den wichtigsten nationalen Tagesveranstaltungen f\u00fcr die kommenden Monate.<\/p>\n<p>Die n\u00e4chste Veranstaltung dreht sich um das enorme Potential von Wasserstoff, neuste Forschung aus der ETH und EMPA inklusive. Als Stromnetzbetreiber, Energieh\u00e4ndler, Dienstleister oder sogar Fahrzeugflottenmanager sollten Sie sich diese Inspiration f\u00fcr neue Gesch\u00e4ftsm\u00f6glichkeiten nicht entgehen lassen!<\/p>\n<p><a href=\"https:\/\/www.electrosuisse.ch\/de\/tagung\/electrosuisse-expert-talk\/\" target=\"_blank\" rel=\"noopener\">H2 f\u00fcr Stromnetze, Mobilit\u00e4t, Energiehandel? &#8211; Donnerstag 20. Januar 2022, 16:30 &#8211; 18:00<\/a>[\/vc_column_text]<div class=\"wpb_gap_column wpb_content_element\"><div class=\"wpb_wrapper\"><div class=\"gap gap--small\"><\/div><\/div><\/div>[vc_column_text]Sie sind bereits begeistert? Dann sichern Sie sich pers\u00f6nlich oder auch Ihren Mitarbeitenden den regelm\u00e4ssigen Zugang zu neusten Branchentrends und stetiger Weiterbildung:[\/vc_column_text]<div class=\"wpb_buttons_column wpb_content_element\"><div class=\"wpb_wrapper\"><div class=\"button button--normal\"><a href=\"https:\/\/www.electrosuisse.ch\/de\/persoenliche-mitgliedschaft\/\" target=\"_blank\" >Pers\u00f6nliche Mitgliedschaft<\/a><\/div><div class=\"button button--normal\"><a href=\"https:\/\/www.electrosuisse.ch\/de\/firmen-mitgliedschaft\/\" target=\"_blank\" >Firmenmitgliedschaft<\/a><\/div><\/div><\/div>[\/vc_column][\/vc_row]<\/p>\n<\/div>","protected":false},"excerpt":{"rendered":"<p>[vc_row][vc_column][vc_column_text]Insgesamt drei online Formate hat Electrosuisse in den vergangenen zwei Jahren ins Leben gerufen. Die Vorteile liegen auf der Hand: Kein Anfahrtsweg, kompakt gestaltet, damit ein Arbeitsalltag mit minimalem Aufwand erg\u00e4nzt werden kann, pandemieresistent und sicher planbar, Inspiration und Austausch in der Diskussion inklusive. Hier stellen wir Ihnen die drei Formate und die bevorstehenden Durchf\u00fchrungstermine [&hellip;]<\/p>\n","protected":false},"author":20,"featured_media":0,"comment_status":"closed","ping_status":"closed","sticky":false,"template":"","format":"standard","meta":{"_acf_changed":false,"_monsterinsights_skip_tracking":false,"_monsterinsights_sitenote_active":false,"_monsterinsights_sitenote_note":"","_monsterinsights_sitenote_category":0,"footnotes":""},"categories":[1],"tags":[204,237,170,238,239],"class_list":["post-19975","post","type-post","status-publish","format-standard","hentry","category-unkategorisiert","tag-elektroinstallation","tag-energieversorgung","tag-gebaeudetechnik","tag-mobilitaet","tag-produktion-und-dienstleistung"],"acf":[],"yoast_head":"<!-- This site is optimized with the Yoast SEO Premium plugin v26.4 (Yoast SEO v27.0) - https:\/\/yoast.com\/product\/yoast-seo-premium-wordpress\/ -->\n<title>Drei neue Online-Formate f\u00fcr Electrosuisse-Mitglieder - Electrosuisse<\/title>\n<meta name=\"robots\" content=\"index, follow, max-snippet:-1, max-image-preview:large, max-video-preview:-1\" \/>\n<link rel=\"canonical\" href=\"https:\/\/www.electrosuisse.ch\/de\/onlineformate\/\" \/>\n<meta property=\"og:locale\" content=\"de_DE\" \/>\n<meta property=\"og:type\" content=\"article\" \/>\n<meta property=\"og:title\" content=\"Drei neue Online-Formate f\u00fcr Electrosuisse-Mitglieder - Electrosuisse\" \/>\n<meta property=\"og:description\" content=\"[vc_row][vc_column][vc_column_text]Insgesamt drei online Formate hat Electrosuisse in den vergangenen zwei Jahren ins Leben gerufen. Die Vorteile liegen auf der Hand: Kein Anfahrtsweg, kompakt gestaltet, damit ein Arbeitsalltag mit minimalem Aufwand erg\u00e4nzt werden kann, pandemieresistent und sicher planbar, Inspiration und Austausch in der Diskussion inklusive. Hier stellen wir Ihnen die drei Formate und die bevorstehenden Durchf\u00fchrungstermine [&hellip;]\" \/>\n<meta property=\"og:url\" content=\"https:\/\/www.electrosuisse.ch\/de\/onlineformate\/\" \/>\n<meta property=\"og:site_name\" content=\"Electrosuisse\" \/>\n<meta property=\"article:published_time\" content=\"2021-12-03T17:12:01+00:00\" \/>\n<meta property=\"article:modified_time\" content=\"2022-12-01T11:59:17+00:00\" \/>\n<meta property=\"og:image\" content=\"https:\/\/www.electrosuisse.ch\/wp-content\/uploads\/2021\/12\/Online_1660x470.jpg\" \/>\n\t<meta property=\"og:image:width\" content=\"1200\" \/>\n\t<meta property=\"og:image:height\" content=\"675\" \/>\n\t<meta property=\"og:image:type\" content=\"image\/png\" \/>\n<meta name=\"author\" content=\"Nalini Schempp\" \/>\n<script type=\"application\/ld+json\" class=\"yoast-schema-graph\">{\"@context\":\"https:\/\/schema.org\",\"@graph\":[{\"@type\":\"Article\",\"@id\":\"https:\/\/www.electrosuisse.ch\/de\/onlineformate\/#article\",\"isPartOf\":{\"@id\":\"https:\/\/www.electrosuisse.ch\/de\/onlineformate\/\"},\"author\":{\"name\":\"Nalini Schempp\",\"@id\":\"https:\/\/www.electrosuisse.ch\/de\/#\/schema\/person\/8770e16f2c82936b086c9d1c1c004c08\"},\"headline\":\"Drei neue Online-Formate f\u00fcr Electrosuisse-Mitglieder\",\"datePublished\":\"2021-12-03T17:12:01+00:00\",\"dateModified\":\"2022-12-01T11:59:17+00:00\",\"mainEntityOfPage\":{\"@id\":\"https:\/\/www.electrosuisse.ch\/de\/onlineformate\/\"},\"wordCount\":522,\"publisher\":{\"@id\":\"https:\/\/www.electrosuisse.ch\/de\/#organization\"},\"keywords\":[\"Elektroinstallation\",\"Energieversorgung\",\"Gebaeudetechnik\",\"Mobilit\u00e4t\",\"Produktion und Dienstleistung\"],\"articleSection\":[\"Unkategorisiert\"],\"inLanguage\":\"de\"},{\"@type\":\"WebPage\",\"@id\":\"https:\/\/www.electrosuisse.ch\/de\/onlineformate\/\",\"url\":\"https:\/\/www.electrosuisse.ch\/de\/onlineformate\/\",\"name\":\"Drei neue Online-Formate f\u00fcr Electrosuisse-Mitglieder - Electrosuisse\",\"isPartOf\":{\"@id\":\"https:\/\/www.electrosuisse.ch\/de\/#website\"},\"datePublished\":\"2021-12-03T17:12:01+00:00\",\"dateModified\":\"2022-12-01T11:59:17+00:00\",\"inLanguage\":\"de\",\"potentialAction\":[{\"@type\":\"ReadAction\",\"target\":[\"https:\/\/www.electrosuisse.ch\/de\/onlineformate\/\"]}]},{\"@type\":\"WebSite\",\"@id\":\"https:\/\/www.electrosuisse.ch\/de\/#website\",\"url\":\"https:\/\/www.electrosuisse.ch\/de\/\",\"name\":\"Electrosuisse\",\"description\":\"\",\"publisher\":{\"@id\":\"https:\/\/www.electrosuisse.ch\/de\/#organization\"},\"potentialAction\":[{\"@type\":\"SearchAction\",\"target\":{\"@type\":\"EntryPoint\",\"urlTemplate\":\"https:\/\/www.electrosuisse.ch\/de\/?s={search_term_string}\"},\"query-input\":{\"@type\":\"PropertyValueSpecification\",\"valueRequired\":true,\"valueName\":\"search_term_string\"}}],\"inLanguage\":\"de\"},{\"@type\":\"Organization\",\"@id\":\"https:\/\/www.electrosuisse.ch\/de\/#organization\",\"name\":\"Electrosuisse\",\"url\":\"https:\/\/www.electrosuisse.ch\/de\/\",\"logo\":{\"@type\":\"ImageObject\",\"inLanguage\":\"de\",\"@id\":\"https:\/\/www.electrosuisse.ch\/de\/#\/schema\/logo\/image\/\",\"url\":\"https:\/\/www.electrosuisse.ch\/wp-content\/uploads\/2025\/04\/Electrosuisse_Logo_696x696.png\",\"contentUrl\":\"https:\/\/www.electrosuisse.ch\/wp-content\/uploads\/2025\/04\/Electrosuisse_Logo_696x696.png\",\"width\":696,\"height\":696,\"caption\":\"Electrosuisse\"},\"image\":{\"@id\":\"https:\/\/www.electrosuisse.ch\/de\/#\/schema\/logo\/image\/\"},\"sameAs\":[\"https:\/\/www.linkedin.com\/company\/electrosuisse-ag\/posts\/?feedView=all\",\"https:\/\/www.instagram.com\/electrosuisse1889\/\",\"https:\/\/www.youtube.com\/channel\/UCoOxohMiVE0Gjcdis1L09zw\"],\"description\":\"Electrosuisse ist eine anerkannte und unabh\u00e4ngige Fachorganisation, die erstklassige Dienstleistungen und Produkte in den Bereichen Inspektion, Beratung, Pr\u00fcfung, Zertifizierung, Normung und Weiterbildung anbietet. Unsere Expertise umfasst Elektrotechnik, Elektromobilit\u00e4t, Energieberatung, Geb\u00e4udeautomation und Photovoltaik in der Schweiz. Durch die Veranstaltung etablierter Branchen-Events und Fachtagungen f\u00f6rdert Electrosuisse den Wissenstransfer und den fachlichen Austausch. Im Mittelpunkt unserer T\u00e4tigkeiten steht die F\u00f6rderung der sicheren, wirtschaftlichen und umweltgerechten Anwendung der Elektrotechnik.\"},{\"@type\":\"Person\",\"@id\":\"https:\/\/www.electrosuisse.ch\/de\/#\/schema\/person\/8770e16f2c82936b086c9d1c1c004c08\",\"name\":\"Nalini Schempp\",\"image\":{\"@type\":\"ImageObject\",\"inLanguage\":\"de\",\"@id\":\"https:\/\/www.electrosuisse.ch\/de\/#\/schema\/person\/image\/\",\"url\":\"https:\/\/secure.gravatar.com\/avatar\/f2e8b75d6e8fb1fd661220d625f7823d02404773b42d5decd9a0b3dd5a2a1fe6?s=96&d=mm&r=g\",\"contentUrl\":\"https:\/\/secure.gravatar.com\/avatar\/f2e8b75d6e8fb1fd661220d625f7823d02404773b42d5decd9a0b3dd5a2a1fe6?s=96&d=mm&r=g\",\"caption\":\"Nalini Schempp\"}}]}<\/script>\n<!-- \/ Yoast SEO Premium plugin. -->","yoast_head_json":{"title":"Drei neue Online-Formate f\u00fcr Electrosuisse-Mitglieder - Electrosuisse","robots":{"index":"index","follow":"follow","max-snippet":"max-snippet:-1","max-image-preview":"max-image-preview:large","max-video-preview":"max-video-preview:-1"},"canonical":"https:\/\/www.electrosuisse.ch\/de\/onlineformate\/","og_locale":"de_DE","og_type":"article","og_title":"Drei neue Online-Formate f\u00fcr Electrosuisse-Mitglieder - Electrosuisse","og_description":"[vc_row][vc_column][vc_column_text]Insgesamt drei online Formate hat Electrosuisse in den vergangenen zwei Jahren ins Leben gerufen. Die Vorteile liegen auf der Hand: Kein Anfahrtsweg, kompakt gestaltet, damit ein Arbeitsalltag mit minimalem Aufwand erg\u00e4nzt werden kann, pandemieresistent und sicher planbar, Inspiration und Austausch in der Diskussion inklusive. Hier stellen wir Ihnen die drei Formate und die bevorstehenden Durchf\u00fchrungstermine [&hellip;]","og_url":"https:\/\/www.electrosuisse.ch\/de\/onlineformate\/","og_site_name":"Electrosuisse","article_published_time":"2021-12-03T17:12:01+00:00","article_modified_time":"2022-12-01T11:59:17+00:00","og_image":[{"width":1200,"height":675,"url":"https:\/\/www.electrosuisse.ch\/wp-content\/uploads\/2021\/12\/Online_1660x470.jpg","type":"image\/png"}],"author":"Nalini Schempp","schema":{"@context":"https:\/\/schema.org","@graph":[{"@type":"Article","@id":"https:\/\/www.electrosuisse.ch\/de\/onlineformate\/#article","isPartOf":{"@id":"https:\/\/www.electrosuisse.ch\/de\/onlineformate\/"},"author":{"name":"Nalini Schempp","@id":"https:\/\/www.electrosuisse.ch\/de\/#\/schema\/person\/8770e16f2c82936b086c9d1c1c004c08"},"headline":"Drei neue Online-Formate f\u00fcr Electrosuisse-Mitglieder","datePublished":"2021-12-03T17:12:01+00:00","dateModified":"2022-12-01T11:59:17+00:00","mainEntityOfPage":{"@id":"https:\/\/www.electrosuisse.ch\/de\/onlineformate\/"},"wordCount":522,"publisher":{"@id":"https:\/\/www.electrosuisse.ch\/de\/#organization"},"keywords":["Elektroinstallation","Energieversorgung","Gebaeudetechnik","Mobilit\u00e4t","Produktion und Dienstleistung"],"articleSection":["Unkategorisiert"],"inLanguage":"de"},{"@type":"WebPage","@id":"https:\/\/www.electrosuisse.ch\/de\/onlineformate\/","url":"https:\/\/www.electrosuisse.ch\/de\/onlineformate\/","name":"Drei neue Online-Formate f\u00fcr Electrosuisse-Mitglieder - Electrosuisse","isPartOf":{"@id":"https:\/\/www.electrosuisse.ch\/de\/#website"},"datePublished":"2021-12-03T17:12:01+00:00","dateModified":"2022-12-01T11:59:17+00:00","inLanguage":"de","potentialAction":[{"@type":"ReadAction","target":["https:\/\/www.electrosuisse.ch\/de\/onlineformate\/"]}]},{"@type":"WebSite","@id":"https:\/\/www.electrosuisse.ch\/de\/#website","url":"https:\/\/www.electrosuisse.ch\/de\/","name":"Electrosuisse","description":"","publisher":{"@id":"https:\/\/www.electrosuisse.ch\/de\/#organization"},"potentialAction":[{"@type":"SearchAction","target":{"@type":"EntryPoint","urlTemplate":"https:\/\/www.electrosuisse.ch\/de\/?s={search_term_string}"},"query-input":{"@type":"PropertyValueSpecification","valueRequired":true,"valueName":"search_term_string"}}],"inLanguage":"de"},{"@type":"Organization","@id":"https:\/\/www.electrosuisse.ch\/de\/#organization","name":"Electrosuisse","url":"https:\/\/www.electrosuisse.ch\/de\/","logo":{"@type":"ImageObject","inLanguage":"de","@id":"https:\/\/www.electrosuisse.ch\/de\/#\/schema\/logo\/image\/","url":"https:\/\/www.electrosuisse.ch\/wp-content\/uploads\/2025\/04\/Electrosuisse_Logo_696x696.png","contentUrl":"https:\/\/www.electrosuisse.ch\/wp-content\/uploads\/2025\/04\/Electrosuisse_Logo_696x696.png","width":696,"height":696,"caption":"Electrosuisse"},"image":{"@id":"https:\/\/www.electrosuisse.ch\/de\/#\/schema\/logo\/image\/"},"sameAs":["https:\/\/www.linkedin.com\/company\/electrosuisse-ag\/posts\/?feedView=all","https:\/\/www.instagram.com\/electrosuisse1889\/","https:\/\/www.youtube.com\/channel\/UCoOxohMiVE0Gjcdis1L09zw"],"description":"Electrosuisse ist eine anerkannte und unabh\u00e4ngige Fachorganisation, die erstklassige Dienstleistungen und Produkte in den Bereichen Inspektion, Beratung, Pr\u00fcfung, Zertifizierung, Normung und Weiterbildung anbietet. Unsere Expertise umfasst Elektrotechnik, Elektromobilit\u00e4t, Energieberatung, Geb\u00e4udeautomation und Photovoltaik in der Schweiz. Durch die Veranstaltung etablierter Branchen-Events und Fachtagungen f\u00f6rdert Electrosuisse den Wissenstransfer und den fachlichen Austausch. Im Mittelpunkt unserer T\u00e4tigkeiten steht die F\u00f6rderung der sicheren, wirtschaftlichen und umweltgerechten Anwendung der Elektrotechnik."},{"@type":"Person","@id":"https:\/\/www.electrosuisse.ch\/de\/#\/schema\/person\/8770e16f2c82936b086c9d1c1c004c08","name":"Nalini Schempp","image":{"@type":"ImageObject","inLanguage":"de","@id":"https:\/\/www.electrosuisse.ch\/de\/#\/schema\/person\/image\/","url":"https:\/\/secure.gravatar.com\/avatar\/f2e8b75d6e8fb1fd661220d625f7823d02404773b42d5decd9a0b3dd5a2a1fe6?s=96&d=mm&r=g","contentUrl":"https:\/\/secure.gravatar.com\/avatar\/f2e8b75d6e8fb1fd661220d625f7823d02404773b42d5decd9a0b3dd5a2a1fe6?s=96&d=mm&r=g","caption":"Nalini Schempp"}}]}},"amp_enabled":true,"_links":{"self":[{"href":"https:\/\/www.electrosuisse.ch\/de\/wp-json\/wp\/v2\/posts\/19975","targetHints":{"allow":["GET"]}}],"collection":[{"href":"https:\/\/www.electrosuisse.ch\/de\/wp-json\/wp\/v2\/posts"}],"about":[{"href":"https:\/\/www.electrosuisse.ch\/de\/wp-json\/wp\/v2\/types\/post"}],"author":[{"embeddable":true,"href":"https:\/\/www.electrosuisse.ch\/de\/wp-json\/wp\/v2\/users\/20"}],"replies":[{"embeddable":true,"href":"https:\/\/www.electrosuisse.ch\/de\/wp-json\/wp\/v2\/comments?post=19975"}],"version-history":[{"count":0,"href":"https:\/\/www.electrosuisse.ch\/de\/wp-json\/wp\/v2\/posts\/19975\/revisions"}],"wp:attachment":[{"href":"https:\/\/www.electrosuisse.ch\/de\/wp-json\/wp\/v2\/media?parent=19975"}],"wp:term":[{"taxonomy":"category","embeddable":true,"href":"https:\/\/www.electrosuisse.ch\/de\/wp-json\/wp\/v2\/categories?post=19975"},{"taxonomy":"post_tag","embeddable":true,"href":"https:\/\/www.electrosuisse.ch\/de\/wp-json\/wp\/v2\/tags?post=19975"}],"curies":[{"name":"wp","href":"https:\/\/api.w.org\/{rel}","templated":true}]}}