{"id":19213,"date":"2021-10-08T10:00:44","date_gmt":"2021-10-08T08:00:44","guid":{"rendered":"https:\/\/www.electrosuisse.ch\/?p=19213"},"modified":"2022-10-06T12:08:45","modified_gmt":"2022-10-06T10:08:45","slug":"eurel-goldmedaille-fuer-schweizer-studierende","status":"publish","type":"post","link":"https:\/\/www.electrosuisse.ch\/de\/eurel-goldmedaille-fuer-schweizer-studierende\/","title":{"rendered":"EUREL Goldmedaille f\u00fcr Schweizer Studierende"},"content":{"rendered":"<div class=\"wpb-content-wrapper\"><p>[vc_row][vc_column][vc_column_text]EUREL ist eine Interessensgemeinschaft von Europ\u00e4ischen Fachverb\u00e4nden der Elektrotechnik, welche 1972 in der Schweiz gegr\u00fcndet wurde. Vertreten sind nebst dem Deutschsprachigen Raum (vde, OVE) auch die Verb\u00e4nde aus Bulgarien, Israel, Polen, Portugal, Rum\u00e4nien, Schweden und Slovenien. Ein Hauptelement ist das Young Engineer\u2019s Panel (YEP), welches Studierende und junge Berufsleute in ihrer internationalen Vernetzung unterst\u00fctzt und ihr technisches Fachwissen in einem j\u00e4hrlich stattfindenden Unternehmens-Planspiel erg\u00e4nzt.<\/p>\n<p>Dieser EUREL International Management Cup kulminiert jeweils in einem Finale unter den besten Teams. 2021 durfte eines der sechs teilnehmenden Schweizer Teams die Goldmedaille in Empfang nehmen, mit auf dem Podest waren je ein Team aus Deutschland und Polen. Das Erfolgsrezept der Gewinner: Die Mitbewerber in ihren Schachz\u00fcgen aufmerksam verfolgen und ihre n\u00e4chsten Z\u00fcge antizipieren. Aber auch Teamwork: Zwei der Teammitglieder konnten in der Schlussrunde nicht direkt teilnehmen, aber sie versorgten dank modernen Kommunikationsmitteln ihre zwei Schlussk\u00e4mpfer mit Coaching und Reflexion teils aus dem Milit\u00e4rdienst von irgendwo im Trainings-Gefechtsstand.[\/vc_column_text][vc_column_text]<img decoding=\"async\" class=\"alignnone wp-image-19243 size-medium\" src=\"https:\/\/www.electrosuisse.ch\/wp-content\/uploads\/2021\/10\/01-10-_2021_12-03-03-1-768x212.png\" alt=\"\" width=\"768\" height=\"212\" srcset=\"https:\/\/www.electrosuisse.ch\/wp-content\/uploads\/2021\/10\/01-10-_2021_12-03-03-1-768x212.png 768w, https:\/\/www.electrosuisse.ch\/wp-content\/uploads\/2021\/10\/01-10-_2021_12-03-03-1-1024x283.png 1024w, https:\/\/www.electrosuisse.ch\/wp-content\/uploads\/2021\/10\/01-10-_2021_12-03-03-1-300x83.png 300w, https:\/\/www.electrosuisse.ch\/wp-content\/uploads\/2021\/10\/01-10-_2021_12-03-03-1-414x114.png 414w, https:\/\/www.electrosuisse.ch\/wp-content\/uploads\/2021\/10\/01-10-_2021_12-03-03-1-570x157.png 570w, https:\/\/www.electrosuisse.ch\/wp-content\/uploads\/2021\/10\/01-10-_2021_12-03-03-1-360x99.png 360w, https:\/\/www.electrosuisse.ch\/wp-content\/uploads\/2021\/10\/01-10-_2021_12-03-03-1.png 1050w\" sizes=\"(max-width: 768px) 100vw, 768px\" \/><\/p>\n<p>Andrino Meli und J\u00e9r\u00f4me Kuner leisteten die Frontarbeit im Finale und wurden von den zwei weiteren Teamkollegen Stefan Erismann und Yannick Huber virtuell unterst\u00fctzt. Bild: Electrosuisse[\/vc_column_text][vc_column_text]Normalerweise ist das Finale mit einem physischen Besuch im Gastland verbunden. 2021 war dies bei Electrosuisse in Z\u00fcrich vorgesehen, pandemiebedingt musste die Ehrung durch die General Assembly jedoch dieses Jahr online durchgef\u00fchrt werden. Trotzdem gibt es wie immer ein Preisgeld, und die Electrosuisse wird als Kompensation das Goldmedaillenteam 2022 zus\u00e4tzlich an eine Fachtagung vor Ort einladen.[\/vc_column_text][vc_column_text]<img decoding=\"async\" class=\"alignleft wp-image-19238 size-medium\" src=\"https:\/\/www.electrosuisse.ch\/wp-content\/uploads\/2021\/10\/IMG_0319-768x576.jpg\" alt=\"\" width=\"768\" height=\"576\" srcset=\"https:\/\/www.electrosuisse.ch\/wp-content\/uploads\/2021\/10\/IMG_0319-768x576.jpg 768w, https:\/\/www.electrosuisse.ch\/wp-content\/uploads\/2021\/10\/IMG_0319-1024x768.jpg 1024w, https:\/\/www.electrosuisse.ch\/wp-content\/uploads\/2021\/10\/IMG_0319-300x225.jpg 300w, https:\/\/www.electrosuisse.ch\/wp-content\/uploads\/2021\/10\/IMG_0319-1536x1152.jpg 1536w, https:\/\/www.electrosuisse.ch\/wp-content\/uploads\/2021\/10\/IMG_0319-2048x1536.jpg 2048w, https:\/\/www.electrosuisse.ch\/wp-content\/uploads\/2021\/10\/IMG_0319-1660x1245.jpg 1660w, https:\/\/www.electrosuisse.ch\/wp-content\/uploads\/2021\/10\/IMG_0319-867x650.jpg 867w, https:\/\/www.electrosuisse.ch\/wp-content\/uploads\/2021\/10\/IMG_0319-1400x1050.jpg 1400w, https:\/\/www.electrosuisse.ch\/wp-content\/uploads\/2021\/10\/IMG_0319-414x311.jpg 414w, https:\/\/www.electrosuisse.ch\/wp-content\/uploads\/2021\/10\/IMG_0319-1170x878.jpg 1170w, https:\/\/www.electrosuisse.ch\/wp-content\/uploads\/2021\/10\/IMG_0319-570x428.jpg 570w, https:\/\/www.electrosuisse.ch\/wp-content\/uploads\/2021\/10\/IMG_0319-360x270.jpg 360w\" sizes=\"(max-width: 768px) 100vw, 768px\" \/><\/p>\n<p>Die EUREL General Assembly tagte 2021 im Technopark Z\u00fcrich und empfing die drei Finalisten-Teams nach ausgetragenem Endspiel online zur Ehrung der Podestpl\u00e4tze. Bild: Electrosuisse[\/vc_column_text][vc_column_text]<\/p>\n<p style=\"background: white\">Wir gratulieren Stefan Erismann, Yannick Huber, J\u00e9r\u00f4me Kuner und Andrino Meli f\u00fcr ihre grossartige Leistung an die Europ\u00e4ische Spitze und freuen uns darauf, die fantastischen vier pers\u00f6nlich an einem unserer Anl\u00e4sse vor Ort gemeinsam mit einigen unserer Fachmitglieder begr\u00fcssen zu d\u00fcrfen. Herzlichen Gl\u00fcckwunsch!<\/p>\n<p><strong><a href=\"https:\/\/www.electrosuisse.ch\/de\/nachwuchsfoerderung\/\" target=\"_blank\" rel=\"noopener\">\u00abElectrosuisse TechTalents \u2013 Pioniere von morgen\u00bb<\/a><\/strong><\/p>\n<p><strong><a href=\"https:\/\/www.eurel.org\/en\/events\/international-management-cup\" target=\"_blank\" rel=\"noopener\">\u00abInformationen zum Spielablauf EUREL IMC 2021\u00bb<\/a><\/strong><\/p>\n<p>Neu finden regelm\u00e4ssig die EUREL eMeetups statt. Zur Anmeldung f\u00fcr die 90-min\u00fctigen Meetups auf Englisch gehts <a href=\"https:\/\/us02web.zoom.us\/webinar\/register\/WN_JXkQ7SpxRlKMOfWbCXvyHg\" target=\"_blank\" rel=\"noopener\">hier<\/a>.<\/p>\n<p><img decoding=\"async\" class=\"alignnone size-medium wp-image-19265\" src=\"https:\/\/www.electrosuisse.ch\/wp-content\/uploads\/2021\/10\/Eurel-Twitter-post-ed-2-768x384.png\" alt=\"\" width=\"768\" height=\"384\" srcset=\"https:\/\/www.electrosuisse.ch\/wp-content\/uploads\/2021\/10\/Eurel-Twitter-post-ed-2-768x384.png 768w, https:\/\/www.electrosuisse.ch\/wp-content\/uploads\/2021\/10\/Eurel-Twitter-post-ed-2-300x150.png 300w, https:\/\/www.electrosuisse.ch\/wp-content\/uploads\/2021\/10\/Eurel-Twitter-post-ed-2-414x207.png 414w, https:\/\/www.electrosuisse.ch\/wp-content\/uploads\/2021\/10\/Eurel-Twitter-post-ed-2-570x285.png 570w, https:\/\/www.electrosuisse.ch\/wp-content\/uploads\/2021\/10\/Eurel-Twitter-post-ed-2-360x180.png 360w, https:\/\/www.electrosuisse.ch\/wp-content\/uploads\/2021\/10\/Eurel-Twitter-post-ed-2.png 1024w\" sizes=\"(max-width: 768px) 100vw, 768px\" \/>[\/vc_column_text][\/vc_column][\/vc_row][vc_row][vc_column][\/vc_column][\/vc_row][vc_row][vc_column][\/vc_column][\/vc_row]<\/p>\n<\/div>","protected":false},"excerpt":{"rendered":"<p>[vc_row][vc_column][vc_column_text]EUREL ist eine Interessensgemeinschaft von Europ\u00e4ischen Fachverb\u00e4nden der Elektrotechnik, welche 1972 in der Schweiz gegr\u00fcndet wurde. Vertreten sind nebst dem Deutschsprachigen Raum (vde, OVE) auch die Verb\u00e4nde aus Bulgarien, Israel, Polen, Portugal, Rum\u00e4nien, Schweden und Slovenien. Ein Hauptelement ist das Young Engineer\u2019s Panel (YEP), welches Studierende und junge Berufsleute in ihrer internationalen Vernetzung unterst\u00fctzt und [&hellip;]<\/p>\n","protected":false},"author":20,"featured_media":0,"comment_status":"closed","ping_status":"closed","sticky":false,"template":"","format":"standard","meta":{"_acf_changed":false,"_monsterinsights_skip_tracking":false,"_monsterinsights_sitenote_active":false,"_monsterinsights_sitenote_note":"","_monsterinsights_sitenote_category":0,"footnotes":""},"categories":[1],"tags":[170],"class_list":["post-19213","post","type-post","status-publish","format-standard","hentry","category-unkategorisiert","tag-gebaeudetechnik"],"acf":[],"yoast_head":"<!-- This site is optimized with the Yoast SEO Premium plugin v26.4 (Yoast SEO v27.0) - https:\/\/yoast.com\/product\/yoast-seo-premium-wordpress\/ -->\n<title>EUREL Goldmedaille f\u00fcr Schweizer Studierende - Electrosuisse<\/title>\n<meta name=\"robots\" content=\"index, follow, max-snippet:-1, max-image-preview:large, max-video-preview:-1\" \/>\n<link rel=\"canonical\" href=\"https:\/\/www.electrosuisse.ch\/de\/eurel-goldmedaille-fuer-schweizer-studierende\/\" \/>\n<meta property=\"og:locale\" content=\"de_DE\" \/>\n<meta property=\"og:type\" content=\"article\" \/>\n<meta property=\"og:title\" content=\"EUREL Goldmedaille f\u00fcr Schweizer Studierende - Electrosuisse\" \/>\n<meta property=\"og:description\" content=\"[vc_row][vc_column][vc_column_text]EUREL ist eine Interessensgemeinschaft von Europ\u00e4ischen Fachverb\u00e4nden der Elektrotechnik, welche 1972 in der Schweiz gegr\u00fcndet wurde. Vertreten sind nebst dem Deutschsprachigen Raum (vde, OVE) auch die Verb\u00e4nde aus Bulgarien, Israel, Polen, Portugal, Rum\u00e4nien, Schweden und Slovenien. Ein Hauptelement ist das Young Engineer\u2019s Panel (YEP), welches Studierende und junge Berufsleute in ihrer internationalen Vernetzung unterst\u00fctzt und [&hellip;]\" \/>\n<meta property=\"og:url\" content=\"https:\/\/www.electrosuisse.ch\/de\/eurel-goldmedaille-fuer-schweizer-studierende\/\" \/>\n<meta property=\"og:site_name\" content=\"Electrosuisse\" \/>\n<meta property=\"article:published_time\" content=\"2021-10-08T08:00:44+00:00\" \/>\n<meta property=\"article:modified_time\" content=\"2022-10-06T10:08:45+00:00\" \/>\n<meta property=\"og:image\" content=\"https:\/\/www.electrosuisse.ch\/wp-content\/uploads\/2021\/10\/Glitter_1660x470.jpg\" \/>\n<meta name=\"author\" content=\"Nalini Schempp\" \/>\n<script type=\"application\/ld+json\" class=\"yoast-schema-graph\">{\"@context\":\"https:\/\/schema.org\",\"@graph\":[{\"@type\":\"Article\",\"@id\":\"https:\/\/www.electrosuisse.ch\/de\/eurel-goldmedaille-fuer-schweizer-studierende\/#article\",\"isPartOf\":{\"@id\":\"https:\/\/www.electrosuisse.ch\/de\/eurel-goldmedaille-fuer-schweizer-studierende\/\"},\"author\":{\"name\":\"Nalini Schempp\",\"@id\":\"https:\/\/www.electrosuisse.ch\/de\/#\/schema\/person\/8770e16f2c82936b086c9d1c1c004c08\"},\"headline\":\"EUREL Goldmedaille f\u00fcr Schweizer Studierende\",\"datePublished\":\"2021-10-08T08:00:44+00:00\",\"dateModified\":\"2022-10-06T10:08:45+00:00\",\"mainEntityOfPage\":{\"@id\":\"https:\/\/www.electrosuisse.ch\/de\/eurel-goldmedaille-fuer-schweizer-studierende\/\"},\"wordCount\":418,\"publisher\":{\"@id\":\"https:\/\/www.electrosuisse.ch\/de\/#organization\"},\"image\":{\"@id\":\"https:\/\/www.electrosuisse.ch\/de\/eurel-goldmedaille-fuer-schweizer-studierende\/#primaryimage\"},\"thumbnailUrl\":\"https:\/\/www.electrosuisse.ch\/wp-content\/uploads\/2021\/10\/01-10-_2021_12-03-03-1-768x212.png\",\"keywords\":[\"Gebaeudetechnik\"],\"articleSection\":[\"Unkategorisiert\"],\"inLanguage\":\"de\"},{\"@type\":\"WebPage\",\"@id\":\"https:\/\/www.electrosuisse.ch\/de\/eurel-goldmedaille-fuer-schweizer-studierende\/\",\"url\":\"https:\/\/www.electrosuisse.ch\/de\/eurel-goldmedaille-fuer-schweizer-studierende\/\",\"name\":\"EUREL Goldmedaille f\u00fcr Schweizer Studierende - Electrosuisse\",\"isPartOf\":{\"@id\":\"https:\/\/www.electrosuisse.ch\/de\/#website\"},\"primaryImageOfPage\":{\"@id\":\"https:\/\/www.electrosuisse.ch\/de\/eurel-goldmedaille-fuer-schweizer-studierende\/#primaryimage\"},\"image\":{\"@id\":\"https:\/\/www.electrosuisse.ch\/de\/eurel-goldmedaille-fuer-schweizer-studierende\/#primaryimage\"},\"thumbnailUrl\":\"https:\/\/www.electrosuisse.ch\/wp-content\/uploads\/2021\/10\/01-10-_2021_12-03-03-1-768x212.png\",\"datePublished\":\"2021-10-08T08:00:44+00:00\",\"dateModified\":\"2022-10-06T10:08:45+00:00\",\"inLanguage\":\"de\",\"potentialAction\":[{\"@type\":\"ReadAction\",\"target\":[\"https:\/\/www.electrosuisse.ch\/de\/eurel-goldmedaille-fuer-schweizer-studierende\/\"]}]},{\"@type\":\"ImageObject\",\"inLanguage\":\"de\",\"@id\":\"https:\/\/www.electrosuisse.ch\/de\/eurel-goldmedaille-fuer-schweizer-studierende\/#primaryimage\",\"url\":\"https:\/\/www.electrosuisse.ch\/wp-content\/uploads\/2021\/10\/01-10-_2021_12-03-03-1-768x212.png\",\"contentUrl\":\"https:\/\/www.electrosuisse.ch\/wp-content\/uploads\/2021\/10\/01-10-_2021_12-03-03-1-768x212.png\"},{\"@type\":\"WebSite\",\"@id\":\"https:\/\/www.electrosuisse.ch\/de\/#website\",\"url\":\"https:\/\/www.electrosuisse.ch\/de\/\",\"name\":\"Electrosuisse\",\"description\":\"\",\"publisher\":{\"@id\":\"https:\/\/www.electrosuisse.ch\/de\/#organization\"},\"potentialAction\":[{\"@type\":\"SearchAction\",\"target\":{\"@type\":\"EntryPoint\",\"urlTemplate\":\"https:\/\/www.electrosuisse.ch\/de\/?s={search_term_string}\"},\"query-input\":{\"@type\":\"PropertyValueSpecification\",\"valueRequired\":true,\"valueName\":\"search_term_string\"}}],\"inLanguage\":\"de\"},{\"@type\":\"Organization\",\"@id\":\"https:\/\/www.electrosuisse.ch\/de\/#organization\",\"name\":\"Electrosuisse\",\"url\":\"https:\/\/www.electrosuisse.ch\/de\/\",\"logo\":{\"@type\":\"ImageObject\",\"inLanguage\":\"de\",\"@id\":\"https:\/\/www.electrosuisse.ch\/de\/#\/schema\/logo\/image\/\",\"url\":\"https:\/\/www.electrosuisse.ch\/wp-content\/uploads\/2025\/04\/Electrosuisse_Logo_696x696.png\",\"contentUrl\":\"https:\/\/www.electrosuisse.ch\/wp-content\/uploads\/2025\/04\/Electrosuisse_Logo_696x696.png\",\"width\":696,\"height\":696,\"caption\":\"Electrosuisse\"},\"image\":{\"@id\":\"https:\/\/www.electrosuisse.ch\/de\/#\/schema\/logo\/image\/\"},\"sameAs\":[\"https:\/\/www.linkedin.com\/company\/electrosuisse-ag\/posts\/?feedView=all\",\"https:\/\/www.instagram.com\/electrosuisse1889\/\",\"https:\/\/www.youtube.com\/channel\/UCoOxohMiVE0Gjcdis1L09zw\"],\"description\":\"Electrosuisse ist eine anerkannte und unabh\u00e4ngige Fachorganisation, die erstklassige Dienstleistungen und Produkte in den Bereichen Inspektion, Beratung, Pr\u00fcfung, Zertifizierung, Normung und Weiterbildung anbietet. Unsere Expertise umfasst Elektrotechnik, Elektromobilit\u00e4t, Energieberatung, Geb\u00e4udeautomation und Photovoltaik in der Schweiz. Durch die Veranstaltung etablierter Branchen-Events und Fachtagungen f\u00f6rdert Electrosuisse den Wissenstransfer und den fachlichen Austausch. Im Mittelpunkt unserer T\u00e4tigkeiten steht die F\u00f6rderung der sicheren, wirtschaftlichen und umweltgerechten Anwendung der Elektrotechnik.\"},{\"@type\":\"Person\",\"@id\":\"https:\/\/www.electrosuisse.ch\/de\/#\/schema\/person\/8770e16f2c82936b086c9d1c1c004c08\",\"name\":\"Nalini Schempp\",\"image\":{\"@type\":\"ImageObject\",\"inLanguage\":\"de\",\"@id\":\"https:\/\/www.electrosuisse.ch\/de\/#\/schema\/person\/image\/\",\"url\":\"https:\/\/secure.gravatar.com\/avatar\/f2e8b75d6e8fb1fd661220d625f7823d02404773b42d5decd9a0b3dd5a2a1fe6?s=96&d=mm&r=g\",\"contentUrl\":\"https:\/\/secure.gravatar.com\/avatar\/f2e8b75d6e8fb1fd661220d625f7823d02404773b42d5decd9a0b3dd5a2a1fe6?s=96&d=mm&r=g\",\"caption\":\"Nalini Schempp\"}}]}<\/script>\n<!-- \/ Yoast SEO Premium plugin. -->","yoast_head_json":{"title":"EUREL Goldmedaille f\u00fcr Schweizer Studierende - Electrosuisse","robots":{"index":"index","follow":"follow","max-snippet":"max-snippet:-1","max-image-preview":"max-image-preview:large","max-video-preview":"max-video-preview:-1"},"canonical":"https:\/\/www.electrosuisse.ch\/de\/eurel-goldmedaille-fuer-schweizer-studierende\/","og_locale":"de_DE","og_type":"article","og_title":"EUREL Goldmedaille f\u00fcr Schweizer Studierende - Electrosuisse","og_description":"[vc_row][vc_column][vc_column_text]EUREL ist eine Interessensgemeinschaft von Europ\u00e4ischen Fachverb\u00e4nden der Elektrotechnik, welche 1972 in der Schweiz gegr\u00fcndet wurde. Vertreten sind nebst dem Deutschsprachigen Raum (vde, OVE) auch die Verb\u00e4nde aus Bulgarien, Israel, Polen, Portugal, Rum\u00e4nien, Schweden und Slovenien. Ein Hauptelement ist das Young Engineer\u2019s Panel (YEP), welches Studierende und junge Berufsleute in ihrer internationalen Vernetzung unterst\u00fctzt und [&hellip;]","og_url":"https:\/\/www.electrosuisse.ch\/de\/eurel-goldmedaille-fuer-schweizer-studierende\/","og_site_name":"Electrosuisse","article_published_time":"2021-10-08T08:00:44+00:00","article_modified_time":"2022-10-06T10:08:45+00:00","og_image":[{"url":"https:\/\/www.electrosuisse.ch\/wp-content\/uploads\/2021\/10\/Glitter_1660x470.jpg","type":"","width":"","height":""}],"author":"Nalini Schempp","schema":{"@context":"https:\/\/schema.org","@graph":[{"@type":"Article","@id":"https:\/\/www.electrosuisse.ch\/de\/eurel-goldmedaille-fuer-schweizer-studierende\/#article","isPartOf":{"@id":"https:\/\/www.electrosuisse.ch\/de\/eurel-goldmedaille-fuer-schweizer-studierende\/"},"author":{"name":"Nalini Schempp","@id":"https:\/\/www.electrosuisse.ch\/de\/#\/schema\/person\/8770e16f2c82936b086c9d1c1c004c08"},"headline":"EUREL Goldmedaille f\u00fcr Schweizer Studierende","datePublished":"2021-10-08T08:00:44+00:00","dateModified":"2022-10-06T10:08:45+00:00","mainEntityOfPage":{"@id":"https:\/\/www.electrosuisse.ch\/de\/eurel-goldmedaille-fuer-schweizer-studierende\/"},"wordCount":418,"publisher":{"@id":"https:\/\/www.electrosuisse.ch\/de\/#organization"},"image":{"@id":"https:\/\/www.electrosuisse.ch\/de\/eurel-goldmedaille-fuer-schweizer-studierende\/#primaryimage"},"thumbnailUrl":"https:\/\/www.electrosuisse.ch\/wp-content\/uploads\/2021\/10\/01-10-_2021_12-03-03-1-768x212.png","keywords":["Gebaeudetechnik"],"articleSection":["Unkategorisiert"],"inLanguage":"de"},{"@type":"WebPage","@id":"https:\/\/www.electrosuisse.ch\/de\/eurel-goldmedaille-fuer-schweizer-studierende\/","url":"https:\/\/www.electrosuisse.ch\/de\/eurel-goldmedaille-fuer-schweizer-studierende\/","name":"EUREL Goldmedaille f\u00fcr Schweizer Studierende - Electrosuisse","isPartOf":{"@id":"https:\/\/www.electrosuisse.ch\/de\/#website"},"primaryImageOfPage":{"@id":"https:\/\/www.electrosuisse.ch\/de\/eurel-goldmedaille-fuer-schweizer-studierende\/#primaryimage"},"image":{"@id":"https:\/\/www.electrosuisse.ch\/de\/eurel-goldmedaille-fuer-schweizer-studierende\/#primaryimage"},"thumbnailUrl":"https:\/\/www.electrosuisse.ch\/wp-content\/uploads\/2021\/10\/01-10-_2021_12-03-03-1-768x212.png","datePublished":"2021-10-08T08:00:44+00:00","dateModified":"2022-10-06T10:08:45+00:00","inLanguage":"de","potentialAction":[{"@type":"ReadAction","target":["https:\/\/www.electrosuisse.ch\/de\/eurel-goldmedaille-fuer-schweizer-studierende\/"]}]},{"@type":"ImageObject","inLanguage":"de","@id":"https:\/\/www.electrosuisse.ch\/de\/eurel-goldmedaille-fuer-schweizer-studierende\/#primaryimage","url":"https:\/\/www.electrosuisse.ch\/wp-content\/uploads\/2021\/10\/01-10-_2021_12-03-03-1-768x212.png","contentUrl":"https:\/\/www.electrosuisse.ch\/wp-content\/uploads\/2021\/10\/01-10-_2021_12-03-03-1-768x212.png"},{"@type":"WebSite","@id":"https:\/\/www.electrosuisse.ch\/de\/#website","url":"https:\/\/www.electrosuisse.ch\/de\/","name":"Electrosuisse","description":"","publisher":{"@id":"https:\/\/www.electrosuisse.ch\/de\/#organization"},"potentialAction":[{"@type":"SearchAction","target":{"@type":"EntryPoint","urlTemplate":"https:\/\/www.electrosuisse.ch\/de\/?s={search_term_string}"},"query-input":{"@type":"PropertyValueSpecification","valueRequired":true,"valueName":"search_term_string"}}],"inLanguage":"de"},{"@type":"Organization","@id":"https:\/\/www.electrosuisse.ch\/de\/#organization","name":"Electrosuisse","url":"https:\/\/www.electrosuisse.ch\/de\/","logo":{"@type":"ImageObject","inLanguage":"de","@id":"https:\/\/www.electrosuisse.ch\/de\/#\/schema\/logo\/image\/","url":"https:\/\/www.electrosuisse.ch\/wp-content\/uploads\/2025\/04\/Electrosuisse_Logo_696x696.png","contentUrl":"https:\/\/www.electrosuisse.ch\/wp-content\/uploads\/2025\/04\/Electrosuisse_Logo_696x696.png","width":696,"height":696,"caption":"Electrosuisse"},"image":{"@id":"https:\/\/www.electrosuisse.ch\/de\/#\/schema\/logo\/image\/"},"sameAs":["https:\/\/www.linkedin.com\/company\/electrosuisse-ag\/posts\/?feedView=all","https:\/\/www.instagram.com\/electrosuisse1889\/","https:\/\/www.youtube.com\/channel\/UCoOxohMiVE0Gjcdis1L09zw"],"description":"Electrosuisse ist eine anerkannte und unabh\u00e4ngige Fachorganisation, die erstklassige Dienstleistungen und Produkte in den Bereichen Inspektion, Beratung, Pr\u00fcfung, Zertifizierung, Normung und Weiterbildung anbietet. Unsere Expertise umfasst Elektrotechnik, Elektromobilit\u00e4t, Energieberatung, Geb\u00e4udeautomation und Photovoltaik in der Schweiz. Durch die Veranstaltung etablierter Branchen-Events und Fachtagungen f\u00f6rdert Electrosuisse den Wissenstransfer und den fachlichen Austausch. Im Mittelpunkt unserer T\u00e4tigkeiten steht die F\u00f6rderung der sicheren, wirtschaftlichen und umweltgerechten Anwendung der Elektrotechnik."},{"@type":"Person","@id":"https:\/\/www.electrosuisse.ch\/de\/#\/schema\/person\/8770e16f2c82936b086c9d1c1c004c08","name":"Nalini Schempp","image":{"@type":"ImageObject","inLanguage":"de","@id":"https:\/\/www.electrosuisse.ch\/de\/#\/schema\/person\/image\/","url":"https:\/\/secure.gravatar.com\/avatar\/f2e8b75d6e8fb1fd661220d625f7823d02404773b42d5decd9a0b3dd5a2a1fe6?s=96&d=mm&r=g","contentUrl":"https:\/\/secure.gravatar.com\/avatar\/f2e8b75d6e8fb1fd661220d625f7823d02404773b42d5decd9a0b3dd5a2a1fe6?s=96&d=mm&r=g","caption":"Nalini Schempp"}}]}},"amp_enabled":true,"_links":{"self":[{"href":"https:\/\/www.electrosuisse.ch\/de\/wp-json\/wp\/v2\/posts\/19213","targetHints":{"allow":["GET"]}}],"collection":[{"href":"https:\/\/www.electrosuisse.ch\/de\/wp-json\/wp\/v2\/posts"}],"about":[{"href":"https:\/\/www.electrosuisse.ch\/de\/wp-json\/wp\/v2\/types\/post"}],"author":[{"embeddable":true,"href":"https:\/\/www.electrosuisse.ch\/de\/wp-json\/wp\/v2\/users\/20"}],"replies":[{"embeddable":true,"href":"https:\/\/www.electrosuisse.ch\/de\/wp-json\/wp\/v2\/comments?post=19213"}],"version-history":[{"count":0,"href":"https:\/\/www.electrosuisse.ch\/de\/wp-json\/wp\/v2\/posts\/19213\/revisions"}],"wp:attachment":[{"href":"https:\/\/www.electrosuisse.ch\/de\/wp-json\/wp\/v2\/media?parent=19213"}],"wp:term":[{"taxonomy":"category","embeddable":true,"href":"https:\/\/www.electrosuisse.ch\/de\/wp-json\/wp\/v2\/categories?post=19213"},{"taxonomy":"post_tag","embeddable":true,"href":"https:\/\/www.electrosuisse.ch\/de\/wp-json\/wp\/v2\/tags?post=19213"}],"curies":[{"name":"wp","href":"https:\/\/api.w.org\/{rel}","templated":true}]}}